{"id":1568,"date":"2016-07-27T12:50:13","date_gmt":"2016-07-27T09:50:13","guid":{"rendered":"http:\/\/valokuvakeskusnykyaika.fi\/?p=1568"},"modified":"2016-07-27T12:52:59","modified_gmt":"2016-07-27T09:52:59","slug":"elokuu_book","status":"publish","type":"post","link":"http:\/\/valokuvakeskusnykyaika.fi\/en\/elokuu_book\/","title":{"rendered":"ELOKUU: Laura B\u00f6\u00f6k"},"content":{"rendered":"<p><strong>Laura B\u00f6\u00f6k: Walking on Rivers<\/strong><\/p>\n<p><strong>6.\u201330.8.2016 Nykyajan katutasossa<\/strong><em><strong><br \/>\n<\/strong><\/em><\/p>\n<p><em>Nykyaika avoinna ma-pe 12-18, la-su 12-16 \/ Galleriaan ja k\u00e4sikirjastoon on vapaa sis\u00e4\u00e4np\u00e4\u00e4sy<\/em><\/p>\n<p>&nbsp;<\/p>\n<div id=\"attachment_1434\" class=\"wp-caption alignleft\"><img loading=\"lazy\" decoding=\"async\" aria-describedby=\"caption-attachment-1434\" class=\"size-medium wp-image-1434\" src=\"http:\/\/valokuvakeskusnykyaika.fi\/wp-content\/uploads\/2016\/04\/laurabook_kotiseutumuseo_2013-300x200.jpg\" alt=\"Book Laura Kotiseutumuseo, 2013\" width=\"300\" height=\"200\" \/><p id=\"caption-attachment-1434\" class=\"wp-caption-text\">Book Laura Kotiseutumuseo, 2013<\/p><\/div>\n<p>Walking on Rivers -valokuvasarjaa varten Laura B\u00f6\u00f6k on kuvannut kahden ja puolen vuoden ajan kongolaisia perheit\u00e4, jotka ovat muuttaneet kiinti\u00f6pakolaisina Pudasj\u00e4rvelle, pohjoispohjanmaalaiseen pikkukaupunkiin. Ihmisten ja yhteiskunnan kyky sopeutua muutoksiin on kuvasarjan keskeinen teema. B\u00f6\u00f6k tutustui kuvaamiinsa ihmisiin pian sen j\u00e4lkeen kun he olivat muuttaneet Suomeen yli viidentoista pakolaisleirill\u00e4 vietetyn vuoden j\u00e4lkeen. Samalla h\u00e4nt\u00e4 kiinnosti, millaisia muutoksia ymp\u00e4r\u00f6iv\u00e4n yhteis\u00f6n, hiljentyneen pikkukaupungin el\u00e4m\u00e4ss\u00e4 oli k\u00e4sill\u00e4.<\/p>\n<p>&nbsp;<\/p>\n<p>Valokuvaajan katse on usein nostalginen, pyrkimyksen\u00e4 tavoittaa jotain katoavaa. Laura B\u00f6\u00f6k halusi valokuvasarjansa kautta tutkia, milt\u00e4 pohjoinen maaseutu n\u00e4ytt\u00e4\u00e4 nyt, ja milt\u00e4 se voisi n\u00e4ytt\u00e4\u00e4. Pudasj\u00e4rven kaltaiset paikat eiv\u00e4t tule ensimm\u00e4isen\u00e4 mieleen ajatellessa monikulttuurisia yhteis\u00f6j\u00e4. Juuri se teki siit\u00e4 kiinnostavan kuvauspaikan. My\u00f6s ihmisi\u00e4 kuvatessa B\u00f6\u00f6k halusi keskitty\u00e4 nykyhetkeen ja uutta muotoa hakevaan tulevaisuuteen pikemminkin kuin kipe\u00e4\u00e4n menneisyyteen.<\/p>\n<p>&nbsp;<\/p>\n<p>Nyt esill\u00e4 oleva n\u00e4yttely on Laura B\u00f6\u00f6kin ensimm\u00e4inen yksityisn\u00e4yttely. Valokuvasarja <em>Walking on Rivers<\/em> on aiemmin ollut esill\u00e4 ryhm\u00e4n\u00e4yttelyiss\u00e4 ja festivaaleilla, mm. Poliittisen valokuvan festivaalilla Helsingiss\u00e4, Noorderlicht-valokuvafestivaaleilla Alankomaissa, Singaporen valokuvafestivaaleilla, Saksassa Berliiniss\u00e4 ja Hampurin valokuvatriennaalissa osana Changing Realities -ryhm\u00e4n\u00e4yttely\u00e4 sek\u00e4 Intiassa Focus-valokuvafestivaalilla.<\/p>\n<p>&nbsp;<\/p>\n<p>Nykyajan n\u00e4yttelykokonaisuuteen sis\u00e4ltyy my\u00f6s kuvia, joita ei ole aiemmin esitetty n\u00e4yttelyss\u00e4.<\/p>\n<p><strong>Laura B\u00f6\u00f6k<\/strong> (s. 1986) asuu ja ty\u00f6skentelee Helsingiss\u00e4. B\u00f6\u00f6k on suorittanut BA (Honours) Documentary Photography -tutkinnon University of South Walesissa Britanniassa v. 2014, ja opiskelee t\u00e4ll\u00e4 hetkell\u00e4 taiteen maisterin tutkintoa Aalto-yliopistossa.<\/p>\n<p>&nbsp;<\/p>\n<p>Samaan aikaan alakerrassa <a href=\"http:\/\/valokuvakeskusnykyaika.fi\/en\/elokuu-julia-weckman\/\">Julia Weckman: Olemisen rajalla<\/a>.<\/p>","protected":false},"excerpt":{"rendered":"<p>Laura B\u00f6\u00f6k: Walking on Rivers 6.\u201330.8.2016 Nykyajan katutasossa Nykyaika avoinna ma-pe 12-18, la-su 12-16 \/ Galleriaan ja k\u00e4sikirjastoon on vapaa sis\u00e4\u00e4np\u00e4\u00e4sy &nbsp; Walking on Rivers -valokuvasarjaa varten Laura B\u00f6\u00f6k on kuvannut kahden ja puolen vuoden ajan kongolaisia perheit\u00e4, jotka ovat muuttaneet kiinti\u00f6pakolaisina Pudasj\u00e4rvelle, pohjoispohjanmaalaiseen pikkukaupunkiin. Ihmisten ja yhteiskunnan kyky sopeutua muutoksiin on kuvasarjan keskeinen teema. [&hellip;]<\/p>\n","protected":false},"author":6,"featured_media":1434,"comment_status":"closed","ping_status":"closed","sticky":false,"template":"","format":"standard","meta":{"iawp_total_views":9,"footnotes":""},"categories":[4],"tags":[],"class_list":["post-1568","post","type-post","status-publish","format-standard","has-post-thumbnail","hentry","category-menneet"],"yoast_head":"<!-- This site is optimized with the Yoast SEO plugin v27.5 - https:\/\/yoast.com\/product\/yoast-seo-wordpress\/ -->\n<title>ELOKUU: Laura B\u00f6\u00f6k - Valokuvakeskus Nykyaika<\/title>\n<meta name=\"robots\" content=\"index, follow, max-snippet:-1, max-image-preview:large, max-video-preview:-1\" \/>\n<link rel=\"canonical\" href=\"https:\/\/valokuvakeskusnykyaika.fi\/en\/elokuu_book\/\" \/>\n<meta property=\"og:locale\" content=\"en_GB\" \/>\n<meta property=\"og:type\" content=\"article\" \/>\n<meta property=\"og:title\" content=\"ELOKUU: Laura B\u00f6\u00f6k - Valokuvakeskus Nykyaika\" \/>\n<meta property=\"og:description\" content=\"Laura B\u00f6\u00f6k: Walking on Rivers 6.\u201330.8.2016 Nykyajan katutasossa Nykyaika avoinna ma-pe 12-18, la-su 12-16 \/ Galleriaan ja k\u00e4sikirjastoon on vapaa sis\u00e4\u00e4np\u00e4\u00e4sy &nbsp; Walking on Rivers -valokuvasarjaa varten Laura B\u00f6\u00f6k on kuvannut kahden ja puolen vuoden ajan kongolaisia perheit\u00e4, jotka ovat muuttaneet kiinti\u00f6pakolaisina Pudasj\u00e4rvelle, pohjoispohjanmaalaiseen pikkukaupunkiin. Ihmisten ja yhteiskunnan kyky sopeutua muutoksiin on kuvasarjan keskeinen teema. [&hellip;]\" \/>\n<meta property=\"og:url\" content=\"https:\/\/valokuvakeskusnykyaika.fi\/en\/elokuu_book\/\" \/>\n<meta property=\"og:site_name\" content=\"Valokuvakeskus Nykyaika\" \/>\n<meta property=\"article:publisher\" content=\"https:\/\/www.facebook.com\/valokuvakeskus.nykyaika\/\" \/>\n<meta property=\"article:published_time\" content=\"2016-07-27T09:50:13+00:00\" \/>\n<meta property=\"article:modified_time\" content=\"2016-07-27T09:52:59+00:00\" \/>\n<meta property=\"og:image\" content=\"https:\/\/valokuvakeskusnykyaika.fi\/wp-content\/uploads\/2016\/04\/laurabook_kotiseutumuseo_2013-e1460373719614.jpg\" \/>\n\t<meta property=\"og:image:width\" content=\"2000\" \/>\n\t<meta property=\"og:image:height\" content=\"1333\" \/>\n\t<meta property=\"og:image:type\" content=\"image\/jpeg\" \/>\n<meta name=\"author\" content=\"info.nykyaika@backlight.fi\" \/>\n<meta name=\"twitter:card\" content=\"summary_large_image\" \/>\n<meta name=\"twitter:creator\" content=\"@nykyaika\" \/>\n<meta name=\"twitter:site\" content=\"@nykyaika\" \/>\n<meta name=\"twitter:label1\" content=\"Written by\" \/>\n\t<meta name=\"twitter:data1\" content=\"info.nykyaika@backlight.fi\" \/>\n\t<meta name=\"twitter:label2\" content=\"Estimated reading time\" \/>\n\t<meta name=\"twitter:data2\" content=\"1 minute\" \/>\n<script type=\"application\/ld+json\" class=\"yoast-schema-graph\">{\"@context\":\"https:\\\/\\\/schema.org\",\"@graph\":[{\"@type\":\"Article\",\"@id\":\"https:\\\/\\\/valokuvakeskusnykyaika.fi\\\/elokuu_book\\\/#article\",\"isPartOf\":{\"@id\":\"https:\\\/\\\/valokuvakeskusnykyaika.fi\\\/elokuu_book\\\/\"},\"author\":{\"name\":\"info.nykyaika@backlight.fi\",\"@id\":\"https:\\\/\\\/valokuvakeskusnykyaika.fi\\\/#\\\/schema\\\/person\\\/41ef90f7d89984ccaca756c8d4241c19\"},\"headline\":\"ELOKUU: Laura B\u00f6\u00f6k\",\"datePublished\":\"2016-07-27T09:50:13+00:00\",\"dateModified\":\"2016-07-27T09:52:59+00:00\",\"mainEntityOfPage\":{\"@id\":\"https:\\\/\\\/valokuvakeskusnykyaika.fi\\\/elokuu_book\\\/\"},\"wordCount\":290,\"publisher\":{\"@id\":\"https:\\\/\\\/valokuvakeskusnykyaika.fi\\\/#organization\"},\"image\":{\"@id\":\"https:\\\/\\\/valokuvakeskusnykyaika.fi\\\/elokuu_book\\\/#primaryimage\"},\"thumbnailUrl\":\"https:\\\/\\\/valokuvakeskusnykyaika.fi\\\/wp-content\\\/uploads\\\/2016\\\/04\\\/laurabook_kotiseutumuseo_2013-e1460373719614.jpg\",\"articleSection\":[\"Menneet\"],\"inLanguage\":\"en-GB\"},{\"@type\":\"WebPage\",\"@id\":\"https:\\\/\\\/valokuvakeskusnykyaika.fi\\\/elokuu_book\\\/\",\"url\":\"https:\\\/\\\/valokuvakeskusnykyaika.fi\\\/elokuu_book\\\/\",\"name\":\"ELOKUU: Laura B\u00f6\u00f6k - Valokuvakeskus Nykyaika\",\"isPartOf\":{\"@id\":\"https:\\\/\\\/valokuvakeskusnykyaika.fi\\\/#website\"},\"primaryImageOfPage\":{\"@id\":\"https:\\\/\\\/valokuvakeskusnykyaika.fi\\\/elokuu_book\\\/#primaryimage\"},\"image\":{\"@id\":\"https:\\\/\\\/valokuvakeskusnykyaika.fi\\\/elokuu_book\\\/#primaryimage\"},\"thumbnailUrl\":\"https:\\\/\\\/valokuvakeskusnykyaika.fi\\\/wp-content\\\/uploads\\\/2016\\\/04\\\/laurabook_kotiseutumuseo_2013-e1460373719614.jpg\",\"datePublished\":\"2016-07-27T09:50:13+00:00\",\"dateModified\":\"2016-07-27T09:52:59+00:00\",\"breadcrumb\":{\"@id\":\"https:\\\/\\\/valokuvakeskusnykyaika.fi\\\/elokuu_book\\\/#breadcrumb\"},\"inLanguage\":\"en-GB\",\"potentialAction\":[{\"@type\":\"ReadAction\",\"target\":[\"https:\\\/\\\/valokuvakeskusnykyaika.fi\\\/elokuu_book\\\/\"]}]},{\"@type\":\"ImageObject\",\"inLanguage\":\"en-GB\",\"@id\":\"https:\\\/\\\/valokuvakeskusnykyaika.fi\\\/elokuu_book\\\/#primaryimage\",\"url\":\"https:\\\/\\\/valokuvakeskusnykyaika.fi\\\/wp-content\\\/uploads\\\/2016\\\/04\\\/laurabook_kotiseutumuseo_2013-e1460373719614.jpg\",\"contentUrl\":\"https:\\\/\\\/valokuvakeskusnykyaika.fi\\\/wp-content\\\/uploads\\\/2016\\\/04\\\/laurabook_kotiseutumuseo_2013-e1460373719614.jpg\",\"width\":2000,\"height\":1333,\"caption\":\"Book Laura Kotiseutumuseo, 2013\"},{\"@type\":\"BreadcrumbList\",\"@id\":\"https:\\\/\\\/valokuvakeskusnykyaika.fi\\\/elokuu_book\\\/#breadcrumb\",\"itemListElement\":[{\"@type\":\"ListItem\",\"position\":1,\"name\":\"Etusivu\",\"item\":\"https:\\\/\\\/valokuvakeskusnykyaika.fi\\\/\"},{\"@type\":\"ListItem\",\"position\":2,\"name\":\"ELOKUU: Laura B\u00f6\u00f6k\"}]},{\"@type\":\"WebSite\",\"@id\":\"https:\\\/\\\/valokuvakeskusnykyaika.fi\\\/#website\",\"url\":\"https:\\\/\\\/valokuvakeskusnykyaika.fi\\\/\",\"name\":\"Valokuvakeskus Nykyaika\",\"description\":\"Nykyaika on avoin kohtaamispaikka kaikille valokuvataiteen yst\u00e4ville\",\"publisher\":{\"@id\":\"https:\\\/\\\/valokuvakeskusnykyaika.fi\\\/#organization\"},\"potentialAction\":[{\"@type\":\"SearchAction\",\"target\":{\"@type\":\"EntryPoint\",\"urlTemplate\":\"https:\\\/\\\/valokuvakeskusnykyaika.fi\\\/?s={search_term_string}\"},\"query-input\":{\"@type\":\"PropertyValueSpecification\",\"valueRequired\":true,\"valueName\":\"search_term_string\"}}],\"inLanguage\":\"en-GB\"},{\"@type\":\"Organization\",\"@id\":\"https:\\\/\\\/valokuvakeskusnykyaika.fi\\\/#organization\",\"name\":\"Valokuvakeskus Nykyaika\",\"url\":\"https:\\\/\\\/valokuvakeskusnykyaika.fi\\\/\",\"logo\":{\"@type\":\"ImageObject\",\"inLanguage\":\"en-GB\",\"@id\":\"https:\\\/\\\/valokuvakeskusnykyaika.fi\\\/#\\\/schema\\\/logo\\\/image\\\/\",\"url\":\"https:\\\/\\\/valokuvakeskusnykyaika.fi\\\/wp-content\\\/uploads\\\/2019\\\/01\\\/NY-Valokuvakeskus-logo-pieni.png\",\"contentUrl\":\"https:\\\/\\\/valokuvakeskusnykyaika.fi\\\/wp-content\\\/uploads\\\/2019\\\/01\\\/NY-Valokuvakeskus-logo-pieni.png\",\"width\":300,\"height\":314,\"caption\":\"Valokuvakeskus Nykyaika\"},\"image\":{\"@id\":\"https:\\\/\\\/valokuvakeskusnykyaika.fi\\\/#\\\/schema\\\/logo\\\/image\\\/\"},\"sameAs\":[\"https:\\\/\\\/www.facebook.com\\\/valokuvakeskus.nykyaika\\\/\",\"https:\\\/\\\/x.com\\\/nykyaika\",\"https:\\\/\\\/www.instagram.com\\\/nykyaika\\\/\"]},{\"@type\":\"Person\",\"@id\":\"https:\\\/\\\/valokuvakeskusnykyaika.fi\\\/#\\\/schema\\\/person\\\/41ef90f7d89984ccaca756c8d4241c19\",\"name\":\"info.nykyaika@backlight.fi\",\"url\":\"http:\\\/\\\/valokuvakeskusnykyaika.fi\\\/en\\\/author\\\/info-nykyaikabacklight-fi\\\/\"}]}<\/script>\n<!-- \/ Yoast SEO plugin. -->","yoast_head_json":{"title":"ELOKUU: Laura B\u00f6\u00f6k - Valokuvakeskus Nykyaika","robots":{"index":"index","follow":"follow","max-snippet":"max-snippet:-1","max-image-preview":"max-image-preview:large","max-video-preview":"max-video-preview:-1"},"canonical":"https:\/\/valokuvakeskusnykyaika.fi\/en\/elokuu_book\/","og_locale":"en_GB","og_type":"article","og_title":"ELOKUU: Laura B\u00f6\u00f6k - Valokuvakeskus Nykyaika","og_description":"Laura B\u00f6\u00f6k: Walking on Rivers 6.\u201330.8.2016 Nykyajan katutasossa Nykyaika avoinna ma-pe 12-18, la-su 12-16 \/ Galleriaan ja k\u00e4sikirjastoon on vapaa sis\u00e4\u00e4np\u00e4\u00e4sy &nbsp; Walking on Rivers -valokuvasarjaa varten Laura B\u00f6\u00f6k on kuvannut kahden ja puolen vuoden ajan kongolaisia perheit\u00e4, jotka ovat muuttaneet kiinti\u00f6pakolaisina Pudasj\u00e4rvelle, pohjoispohjanmaalaiseen pikkukaupunkiin. Ihmisten ja yhteiskunnan kyky sopeutua muutoksiin on kuvasarjan keskeinen teema. [&hellip;]","og_url":"https:\/\/valokuvakeskusnykyaika.fi\/en\/elokuu_book\/","og_site_name":"Valokuvakeskus Nykyaika","article_publisher":"https:\/\/www.facebook.com\/valokuvakeskus.nykyaika\/","article_published_time":"2016-07-27T09:50:13+00:00","article_modified_time":"2016-07-27T09:52:59+00:00","og_image":[{"width":2000,"height":1333,"url":"https:\/\/valokuvakeskusnykyaika.fi\/wp-content\/uploads\/2016\/04\/laurabook_kotiseutumuseo_2013-e1460373719614.jpg","type":"image\/jpeg"}],"author":"info.nykyaika@backlight.fi","twitter_card":"summary_large_image","twitter_creator":"@nykyaika","twitter_site":"@nykyaika","twitter_misc":{"Written by":"info.nykyaika@backlight.fi","Estimated reading time":"1 minute"},"schema":{"@context":"https:\/\/schema.org","@graph":[{"@type":"Article","@id":"https:\/\/valokuvakeskusnykyaika.fi\/elokuu_book\/#article","isPartOf":{"@id":"https:\/\/valokuvakeskusnykyaika.fi\/elokuu_book\/"},"author":{"name":"info.nykyaika@backlight.fi","@id":"https:\/\/valokuvakeskusnykyaika.fi\/#\/schema\/person\/41ef90f7d89984ccaca756c8d4241c19"},"headline":"ELOKUU: Laura B\u00f6\u00f6k","datePublished":"2016-07-27T09:50:13+00:00","dateModified":"2016-07-27T09:52:59+00:00","mainEntityOfPage":{"@id":"https:\/\/valokuvakeskusnykyaika.fi\/elokuu_book\/"},"wordCount":290,"publisher":{"@id":"https:\/\/valokuvakeskusnykyaika.fi\/#organization"},"image":{"@id":"https:\/\/valokuvakeskusnykyaika.fi\/elokuu_book\/#primaryimage"},"thumbnailUrl":"https:\/\/valokuvakeskusnykyaika.fi\/wp-content\/uploads\/2016\/04\/laurabook_kotiseutumuseo_2013-e1460373719614.jpg","articleSection":["Menneet"],"inLanguage":"en-GB"},{"@type":"WebPage","@id":"https:\/\/valokuvakeskusnykyaika.fi\/elokuu_book\/","url":"https:\/\/valokuvakeskusnykyaika.fi\/elokuu_book\/","name":"ELOKUU: Laura B\u00f6\u00f6k - Valokuvakeskus Nykyaika","isPartOf":{"@id":"https:\/\/valokuvakeskusnykyaika.fi\/#website"},"primaryImageOfPage":{"@id":"https:\/\/valokuvakeskusnykyaika.fi\/elokuu_book\/#primaryimage"},"image":{"@id":"https:\/\/valokuvakeskusnykyaika.fi\/elokuu_book\/#primaryimage"},"thumbnailUrl":"https:\/\/valokuvakeskusnykyaika.fi\/wp-content\/uploads\/2016\/04\/laurabook_kotiseutumuseo_2013-e1460373719614.jpg","datePublished":"2016-07-27T09:50:13+00:00","dateModified":"2016-07-27T09:52:59+00:00","breadcrumb":{"@id":"https:\/\/valokuvakeskusnykyaika.fi\/elokuu_book\/#breadcrumb"},"inLanguage":"en-GB","potentialAction":[{"@type":"ReadAction","target":["https:\/\/valokuvakeskusnykyaika.fi\/elokuu_book\/"]}]},{"@type":"ImageObject","inLanguage":"en-GB","@id":"https:\/\/valokuvakeskusnykyaika.fi\/elokuu_book\/#primaryimage","url":"https:\/\/valokuvakeskusnykyaika.fi\/wp-content\/uploads\/2016\/04\/laurabook_kotiseutumuseo_2013-e1460373719614.jpg","contentUrl":"https:\/\/valokuvakeskusnykyaika.fi\/wp-content\/uploads\/2016\/04\/laurabook_kotiseutumuseo_2013-e1460373719614.jpg","width":2000,"height":1333,"caption":"Book Laura Kotiseutumuseo, 2013"},{"@type":"BreadcrumbList","@id":"https:\/\/valokuvakeskusnykyaika.fi\/elokuu_book\/#breadcrumb","itemListElement":[{"@type":"ListItem","position":1,"name":"Etusivu","item":"https:\/\/valokuvakeskusnykyaika.fi\/"},{"@type":"ListItem","position":2,"name":"ELOKUU: Laura B\u00f6\u00f6k"}]},{"@type":"WebSite","@id":"https:\/\/valokuvakeskusnykyaika.fi\/#website","url":"https:\/\/valokuvakeskusnykyaika.fi\/","name":"Photographic Centre Nykyaika","description":"Nykyaika on avoin kohtaamispaikka kaikille valokuvataiteen yst\u00e4ville","publisher":{"@id":"https:\/\/valokuvakeskusnykyaika.fi\/#organization"},"potentialAction":[{"@type":"SearchAction","target":{"@type":"EntryPoint","urlTemplate":"https:\/\/valokuvakeskusnykyaika.fi\/?s={search_term_string}"},"query-input":{"@type":"PropertyValueSpecification","valueRequired":true,"valueName":"search_term_string"}}],"inLanguage":"en-GB"},{"@type":"Organization","@id":"https:\/\/valokuvakeskusnykyaika.fi\/#organization","name":"Photographic Centre Nykyaika","url":"https:\/\/valokuvakeskusnykyaika.fi\/","logo":{"@type":"ImageObject","inLanguage":"en-GB","@id":"https:\/\/valokuvakeskusnykyaika.fi\/#\/schema\/logo\/image\/","url":"https:\/\/valokuvakeskusnykyaika.fi\/wp-content\/uploads\/2019\/01\/NY-Valokuvakeskus-logo-pieni.png","contentUrl":"https:\/\/valokuvakeskusnykyaika.fi\/wp-content\/uploads\/2019\/01\/NY-Valokuvakeskus-logo-pieni.png","width":300,"height":314,"caption":"Valokuvakeskus Nykyaika"},"image":{"@id":"https:\/\/valokuvakeskusnykyaika.fi\/#\/schema\/logo\/image\/"},"sameAs":["https:\/\/www.facebook.com\/valokuvakeskus.nykyaika\/","https:\/\/x.com\/nykyaika","https:\/\/www.instagram.com\/nykyaika\/"]},{"@type":"Person","@id":"https:\/\/valokuvakeskusnykyaika.fi\/#\/schema\/person\/41ef90f7d89984ccaca756c8d4241c19","name":"info.nykyaika@backlight.fi","url":"http:\/\/valokuvakeskusnykyaika.fi\/en\/author\/info-nykyaikabacklight-fi\/"}]}},"_links":{"self":[{"href":"http:\/\/valokuvakeskusnykyaika.fi\/en\/wp-json\/wp\/v2\/posts\/1568","targetHints":{"allow":["GET"]}}],"collection":[{"href":"http:\/\/valokuvakeskusnykyaika.fi\/en\/wp-json\/wp\/v2\/posts"}],"about":[{"href":"http:\/\/valokuvakeskusnykyaika.fi\/en\/wp-json\/wp\/v2\/types\/post"}],"author":[{"embeddable":true,"href":"http:\/\/valokuvakeskusnykyaika.fi\/en\/wp-json\/wp\/v2\/users\/6"}],"replies":[{"embeddable":true,"href":"http:\/\/valokuvakeskusnykyaika.fi\/en\/wp-json\/wp\/v2\/comments?post=1568"}],"version-history":[{"count":3,"href":"http:\/\/valokuvakeskusnykyaika.fi\/en\/wp-json\/wp\/v2\/posts\/1568\/revisions"}],"predecessor-version":[{"id":1572,"href":"http:\/\/valokuvakeskusnykyaika.fi\/en\/wp-json\/wp\/v2\/posts\/1568\/revisions\/1572"}],"wp:featuredmedia":[{"embeddable":true,"href":"http:\/\/valokuvakeskusnykyaika.fi\/en\/wp-json\/wp\/v2\/media\/1434"}],"wp:attachment":[{"href":"http:\/\/valokuvakeskusnykyaika.fi\/en\/wp-json\/wp\/v2\/media?parent=1568"}],"wp:term":[{"taxonomy":"category","embeddable":true,"href":"http:\/\/valokuvakeskusnykyaika.fi\/en\/wp-json\/wp\/v2\/categories?post=1568"},{"taxonomy":"post_tag","embeddable":true,"href":"http:\/\/valokuvakeskusnykyaika.fi\/en\/wp-json\/wp\/v2\/tags?post=1568"}],"curies":[{"name":"wp","href":"https:\/\/api.w.org\/{rel}","templated":true}]}}