{"id":1593,"date":"2016-08-24T10:09:18","date_gmt":"2016-08-24T07:09:18","guid":{"rendered":"http:\/\/valokuvakeskusnykyaika.fi\/?p=1593"},"modified":"2017-05-09T12:38:22","modified_gmt":"2017-05-09T09:38:22","slug":"jokapaivainenruokamme","status":"publish","type":"post","link":"http:\/\/valokuvakeskusnykyaika.fi\/en\/jokapaivainenruokamme\/","title":{"rendered":"SYYSKUU: Jokap\u00e4iv\u00e4inen ruokamme"},"content":{"rendered":"<p><strong>Jokap\u00e4iv\u00e4inen ruokamme -ryhm\u00e4n\u00e4yttely Nykyajassa <\/strong><\/p>\n<p><strong>3.9. <\/strong><strong>&#8211;<\/strong><strong> 4.10.2016 \u00ad\u2014 Oheisohjelmaa sunnuntaisin; sy\u00f6t\u00e4v\u00e4\u00e4 joka p\u00e4iv\u00e4 <\/strong><\/p>\n<div id=\"attachment_1582\" class=\"wp-caption alignleft\"><img loading=\"lazy\" decoding=\"async\" aria-describedby=\"caption-attachment-1582\" class=\"size-thumbnail wp-image-1582\" src=\"http:\/\/valokuvakeskusnykyaika.fi\/wp-content\/uploads\/2016\/05\/HappoLaura_nalka_002-290x290.jpg\" alt=\"Kuva: Laura Happo\" width=\"290\" height=\"290\" \/><p id=\"caption-attachment-1582\" class=\"wp-caption-text\">Kuva: Laura Happo<\/p><\/div>\n<div id=\"attachment_1576\" class=\"wp-caption alignleft\"><img loading=\"lazy\" decoding=\"async\" aria-describedby=\"caption-attachment-1576\" class=\"size-thumbnail wp-image-1576\" src=\"http:\/\/valokuvakeskusnykyaika.fi\/wp-content\/uploads\/2016\/05\/JaanaTyrmi_Oral_Pleasuers_Ananas_comosus_2016-290x290.jpg\" alt=\"Kuva: Jaana Tyrmi\" width=\"290\" height=\"290\" \/><p id=\"caption-attachment-1576\" class=\"wp-caption-text\">Kuva: Jaana Tyrmi<\/p><\/div>\n<div id=\"attachment_1585\" class=\"wp-caption alignleft\"><img loading=\"lazy\" decoding=\"async\" aria-describedby=\"caption-attachment-1585\" class=\"size-thumbnail wp-image-1585\" src=\"http:\/\/valokuvakeskusnykyaika.fi\/wp-content\/uploads\/2016\/05\/TerhiAsumaniemi_Superfood-290x290.jpg\" alt=\"Kuva: Terhi Asumaniemi\" width=\"290\" height=\"290\" \/><p id=\"caption-attachment-1585\" class=\"wp-caption-text\">Kuva: Terhi Asumaniemi<\/p><\/div>\n<div id=\"attachment_1581\" class=\"wp-caption alignleft\"><img loading=\"lazy\" decoding=\"async\" aria-describedby=\"caption-attachment-1581\" class=\"size-thumbnail wp-image-1581\" src=\"http:\/\/valokuvakeskusnykyaika.fi\/wp-content\/uploads\/2016\/05\/EijaaHeikkinen_Vanha_palaa_Nykyaika_netti-290x290.jpg\" alt=\"Kuva: Eijaa Heikkinen\" width=\"290\" height=\"290\" \/><p id=\"caption-attachment-1581\" class=\"wp-caption-text\">Kuva: Eijaa Heikkinen<\/p><\/div>\n<div id=\"attachment_1584\" class=\"wp-caption alignleft\"><img loading=\"lazy\" decoding=\"async\" aria-describedby=\"caption-attachment-1584\" class=\"size-thumbnail wp-image-1584\" src=\"http:\/\/valokuvakeskusnykyaika.fi\/wp-content\/uploads\/2016\/05\/Iivonen_Omasta_maasta_nettiin-290x290.jpg\" alt=\"Kuva: Soile Iivonen\" width=\"290\" height=\"290\" \/><p id=\"caption-attachment-1584\" class=\"wp-caption-text\">Kuva: Soile Iivonen<\/p><\/div>\n<div id=\"attachment_1587\" class=\"wp-caption alignleft\"><img loading=\"lazy\" decoding=\"async\" aria-describedby=\"caption-attachment-1587\" class=\"size-thumbnail wp-image-1587\" src=\"http:\/\/valokuvakeskusnykyaika.fi\/wp-content\/uploads\/2016\/05\/Torniainen_Irmankattaus_www-290x290.jpg\" alt=\"Kuva: Marja-Liisa Torniainen\" width=\"290\" height=\"290\" \/><p id=\"caption-attachment-1587\" class=\"wp-caption-text\">Kuva: Marja-Liisa Torniainen<\/p><\/div>\n<div id=\"attachment_1589\" class=\"wp-caption alignleft\"><img loading=\"lazy\" decoding=\"async\" aria-describedby=\"caption-attachment-1589\" class=\"size-thumbnail wp-image-1589\" src=\"http:\/\/valokuvakeskusnykyaika.fi\/wp-content\/uploads\/2016\/05\/Havimaki_Rapa1veitsi_-2006-290x290.jpg\" alt=\"Kuva: Johanna Havim\u00e4ki\" width=\"290\" height=\"290\" \/><p id=\"caption-attachment-1589\" class=\"wp-caption-text\">Kuva: Johanna Havim\u00e4ki<\/p><\/div>\n<div id=\"attachment_1617\" class=\"wp-caption alignleft\"><img loading=\"lazy\" decoding=\"async\" aria-describedby=\"caption-attachment-1617\" class=\"size-thumbnail wp-image-1617\" src=\"http:\/\/valokuvakeskusnykyaika.fi\/wp-content\/uploads\/2016\/08\/TiainenHeli_Sormin-syotava-kalaannos-kolmelle_www-290x290.jpg\" alt=\"Kuva: Heli Tiainen\" width=\"290\" height=\"290\" \/><p id=\"caption-attachment-1617\" class=\"wp-caption-text\">Kuva: Heli Tiainen<\/p><\/div>\n<div id=\"attachment_1583\" class=\"wp-caption alignleft\"><img loading=\"lazy\" decoding=\"async\" aria-describedby=\"caption-attachment-1583\" class=\"size-thumbnail wp-image-1583\" src=\"http:\/\/valokuvakeskusnykyaika.fi\/wp-content\/uploads\/2016\/05\/Hukkataival_netti_Rullakiska-290x290.jpg\" alt=\"Kuva: Helin\u00e4 Hukkataival\" width=\"290\" height=\"290\" \/><p id=\"caption-attachment-1583\" class=\"wp-caption-text\">Kuva: Helin\u00e4 Hukkataival<\/p><\/div>\n<p>&nbsp;<\/p>\n<p>&nbsp;<\/p>\n<p>&nbsp;<\/p>\n<p>Ruokakulttuurimme el\u00e4\u00e4 murroksen aikaa. Ruoka on noussut p\u00e4iv\u00e4n puheenaiheeksi. Lehdet eiv\u00e4t ilmesty ilman ruokaohjeita ja uusimpien ruokatrendien esittelyj\u00e4. Kokkiohjelmat ovat jo pidemp\u00e4\u00e4n t\u00e4ytt\u00e4neet eri tv-kanavat. Ruoan puhtaus ja alkuper\u00e4, l\u00e4hiruoka ja itse tekeminen ovat muodissa ja perinneruokia muistellaan. Samaan aikaan ateriointi on kuitenkin enenev\u00e4ss\u00e4 m\u00e4\u00e4rin siirtynyt kodeista ulos ravintoloihin, toreille ja kaduille ja erilaisiin tapahtumiin. Eksoottisten kansainv\u00e4listen makunautintojen suosio kasvaa.<\/p>\n<p>Valokuvakeskus Nykyajassa esill\u00e4olevassa Jokap\u00e4iv\u00e4inen ruokamme -n\u00e4yttelyss\u00e4 keskityt\u00e4\u00e4n asiaan syyskuun ajan. Yhdeks\u00e4n taiteilijan teoksista muodostuvassa ryhm\u00e4n\u00e4yttelyss\u00e4 sivutaan ruokakulttuurin ilmi\u00f6it\u00e4. Katutason n\u00e4yttelytilassa k\u00e4sitell\u00e4\u00e4n teemoja, jotka liittyv\u00e4t ruokaan ja sen aiheuttamiin tunnekokemuksiin: esill\u00e4 on sy\u00f6mish\u00e4iri\u00f6st\u00e4 paraneminen, makean tarpeen tyydytt\u00e4minen ja superfoodit. Alakerrassa ollaan niin pikaruoka-arkkitehtuurin kuin konkreettisen l\u00e4hiruoan kasvatuksen \u00e4\u00e4rell\u00e4kin. Silm\u00e4nruokaa on tarjolla oman maan mansikoista L\u00e4nsi-Afrikan ruokakulttuuriin saakka.<\/p>\n<p><strong>Taiteilijat ja projektit<\/strong><\/p>\n<p><strong>Laura Hapon<\/strong> kuvasarja <em>N\u00e4lk\u00e4<\/em> on tutkimusprojekti sy\u00f6mish\u00e4iri\u00f6st\u00e4 paranemisesta. Valokuvan keinoin se kertoo kahden nuoren naisen arjesta ja siit\u00e4, miten sy\u00f6mish\u00e4iri\u00f6n sairastaminen on vaikuttanut heid\u00e4n suhteeseensa omaan kehoon. Siihen kuuluu viiltelyj\u00e4lki\u00e4 k\u00e4sivarsissa, muuttuneen kehon siet\u00e4mist\u00e4 ja fyysisen ty\u00f6n tuomaa varmuutta siit\u00e4, ett\u00e4 uskaltaa taas sy\u00f6d\u00e4. Kuviin liittyy kuvattavien p\u00e4iv\u00e4kirjaotteita sairausajalta.<\/p>\n<p><strong>Jaana Tyrmin<\/strong> <em>Oral Pleasures<\/em> nostaa esiin g-proteiiniyhdisteiden vallan makureseptoreissa. Valkoinen sokeri on kuin huumetta, joka addiktoi. Uusissa tutkimuksissa se luokitellaan vaarallisemmaksi kuin suola tai rasva. Tilalle pyrit\u00e4\u00e4n l\u00f6yt\u00e4m\u00e4\u00e4n terveellisempi\u00e4 el\u00e4m\u00e4n makeuttajia: raakasokeri, ananas, hunaja, kookossokeri, kookosvesi. Mutta ovatko valinnat eettisesti ja ekologisesti kest\u00e4vi\u00e4?<\/p>\n<p><strong>Terhi Asumaniemi<\/strong> vie meid\u00e4t superfoodien \u00e4\u00e4relle. Ruoan terveysvaikutusten maksimoiminen on yksi ajan trendeist\u00e4. Meille tutuimmat poikkeuksellisen korkean ravinnetiheyden raaka-aineet l\u00f6ytyv\u00e4t kotoisilta pelloilta ja metsist\u00e4. Useita superruokia on k\u00e4ytetty eri puolilla maailmaa ravintona jo vuosituhansia ja joitakin harvinaisempia my\u00f6s vaihdon v\u00e4lineen\u00e4.<\/p>\n<p>Alakerrassa <strong>Eijaa Heikkinen<\/strong> and <strong>Soile Iivonen<\/strong> ovat konkreettisesti l\u00e4hiruoan juurilla. Heikkinen Tahmelan kasvimaalla kuvatessaan <em>Vanha palaa<\/em> -sarjassa kasvimaan kulotusta ja uuden kasvun alkua ja Iivosen seuratessa ruoan tarinaa perunamaalta ruokap\u00f6yt\u00e4\u00e4n saakka: arkinen ateria syntyy aamupuurosta, j\u00e4lkiruoasta ja p\u00e4iv\u00e4kahvista. P\u00e4\u00e4aterian tarjoilee <strong>Marja-Liisa Torniainen<\/strong> ven\u00e4l\u00e4ishenkisess\u00e4 kattauksessaan.<\/p>\n<p><strong>Heli Tiaisen<\/strong> sarja <em>Oma maa mansikka<\/em> lis\u00e4\u00e4 p\u00f6yt\u00e4\u00e4n kansainv\u00e4lisyytt\u00e4. L\u00e4nsi-Afrikassa, Beniniss\u00e4 kuvattujen ruoka-annosten asettelu ja v\u00e4rihehku saa veden herahtamaan kielelle. <strong>Johanna Havim\u00e4ki<\/strong> suuntaa katseemme arkiseen ruokasotkuun, joka j\u00e4\u00e4 j\u00e4ljelle, kun on sy\u00f6ty. <em>R\u00e4p\u00e4<\/em> on sit\u00e4, mik\u00e4 k\u00e4tket\u00e4\u00e4n nopeasti, kun yll\u00e4tysvieras astuu ovesta.<\/p>\n<p><strong>Helin\u00e4 Hukkataival<\/strong> nostaa esiin ruokakulttuurimme muutoksista viestiv\u00e4n pikaruoka-arkkitehtuurin. Ymp\u00e4rist\u00f6st\u00e4\u00e4n irrotettuina kojujen muodot, tekstit ja symbolit kertovat omaa, osin huvittavaakin tarinaansa. Jatkuvasti lis\u00e4\u00e4ntyvien enemm\u00e4n tai v\u00e4hemm\u00e4n tilap\u00e4isten rakenteiden rinnalle sarjaan on tallentunut my\u00f6s muutamia pikaruokakulttuurin klassikoita.<\/p>\n<p>&nbsp;<\/p>\n<p><strong>Osallistu eri tavoin teemaan:<br \/>\n<\/strong><\/p>\n<p>OSALLLISTU OMILLA KUVILLASI teemaan instagramissa hastagilla <em>#jokap\u00e4iv\u00e4inenruokamme<\/em>. Parhaista n\u00e4yttelyn aikana 3.9. \u2013 4.10. ladatuista yleis\u00f6n kuvista palkitaan valokuvakirjoilla!<\/p>\n<p>RESEPTIT VAIHTOON eli oman panoksesi n\u00e4yttelyyn voit j\u00e4tt\u00e4\u00e4 tuomalla gallerian ruokareseptin ja ottaa vaihdossa toisen n\u00e4yttelyk\u00e4vij\u00e4n suosituksen.<\/p>\n<p>MAKUPALOJA P\u00c4IVITT\u00c4IN: sadonkorjuujuhlan hengess\u00e4 n\u00e4yttelyss\u00e4 on joka p\u00e4iv\u00e4 jotain suuhun pantavaa. Ruokasponsoreitamme: <a href=\"http:\/\/www.makutuote.fi\/\" target=\"_blank\" rel=\"noopener noreferrer\">Makutuote<\/a>, <a href=\"http:\/\/www.mikonleipa.fi\/\" target=\"_blank\" rel=\"noopener noreferrer\">Mikon leip\u00e4<\/a>, <a href=\"http:\/\/www.poppamies.fi\/\" target=\"_blank\" rel=\"noopener noreferrer\">Poppamies<\/a>, <a href=\"http:\/\/www.leivonleipomo.fi\/\" target=\"_blank\" rel=\"noopener noreferrer\">Leivon leipomo<\/a>, <a href=\"http:\/\/www.suklaapuoti.fi\" target=\"_blank\" rel=\"noopener noreferrer\">Tallipihan suklaapuoti<\/a>, <a href=\"http:\/\/www.ruohonjuuri.fi\/myymalat\/tampere\/\" target=\"_blank\" rel=\"noopener noreferrer\">Ruohonjuuri<\/a>, <a href=\"http:\/\/www.punnitse.fi\/myymalat\/tampere\" target=\"_blank\" rel=\"noopener noreferrer\">Punnitse &amp; S\u00e4\u00e4st\u00e4 (Hervanta)<\/a>, <a href=\"http:\/\/www.tapola.fi\/tuotteet\/tapolan-mustamakkara\/mustamakkara\/\" target=\"_blank\" rel=\"noopener noreferrer\">Tapola\/mustamakkara<\/a>, <a href=\"http:\/\/pyynikin.com\/panimo\/\" target=\"_blank\" rel=\"noopener noreferrer\">Pyynikin k\u00e4sity\u00f6l\u00e4ispanimo<\/a>, <a href=\"http:\/\/mokkamestarit.fi\/myymalat\/\" target=\"_blank\" rel=\"noopener noreferrer\">Mokkamestarit<\/a>, <a href=\"http:\/\/www.tampereenlihajaloste.fi\/\" target=\"_blank\" rel=\"noopener noreferrer\">Tampereen Lihajaloste<\/a>, <a href=\"http:\/\/www.elonen.fi\/tuotteet\/\" target=\"_blank\" rel=\"noopener noreferrer\">Elonen<\/a>, <a href=\"http:\/\/www.ahlman.fi\/tilapuodit-ja-lahiruoka\" target=\"_blank\" rel=\"noopener noreferrer\">Ahlmanin tilapuoti<\/a>,<\/p>\n<p>&nbsp;<\/p>\n<h3>3.9. \u2013 4.10. Ruoka-teemaisessa syyskuussa n\u00e4yttelyn oheisohjelmaa joka viikko:<\/h3>\n<p>Nykyaikaan on maksuton sis\u00e4\u00e4np\u00e4\u00e4sy. Tervetuloa!<\/p>\n<ul>\n<li><strong>Ti 4.10.<\/strong> Kuinka kermaa vatkataan -performanssi, <strong>Helin\u00e4 Hukkataival<\/strong><\/li>\n<li><strong>Su 2.10. <\/strong>Lauluja palan painikkeeksi; <strong>Soile Iivosen <\/strong>and<strong> Sinikka T\u00f6rm\u00e4l\u00e4n<\/strong> konsertti klo 13.<\/li>\n<li><strong>Su 25<\/strong><strong>.9.<\/strong>Vinkkej\u00e4 ruokakuvaukseen -demo klo 13: ruokatoimittaja <strong>Elina Ylitervo<\/strong> ja valokuvaaja <strong>Konsta Lepp\u00e4nen <\/strong>n\u00e4ytt\u00e4v\u00e4t, miten stailataan ja kuvataan komeat ruokakuvat vaikkapa blogeihin. Konsta Lepp\u00e4nen on dokumentaariseen valokuvaan keskittyneen 11-kollektiivin j\u00e4sen.<strong><br \/>\n<\/strong><\/li>\n<li><strong>Su 18.9.<\/strong> Ruokavirkkausta: n\u00e4yttelij\u00e4 <strong>Elisa Piispasen<\/strong> virkkauskerhossa virkataan ruokaa. Langat ja koukut Nykyajassa valmiina.<\/li>\n<li><strong>Su 11.9.<\/strong> Taiteilijavoileipi\u00e4 valmistivat <span class=\"_4n-j fsl\"><strong>Helin\u00e4 Hukkataival, Heli Tiainen <\/strong>and<strong> Maisa Heiskanen<\/strong><\/span>. Taiteilijaleiv\u00e4t p\u00e4\u00e4tyv\u00e4t lopulta yleis\u00f6n suuhun.<\/li>\n<\/ul>\n<p><em>Syyskuussa #jokap\u00e4iv\u00e4inenruokamme -n\u00e4yttelyyn liittyen osallisuutta my\u00f6s:<img loading=\"lazy\" decoding=\"async\" class=\"size-thumbnail wp-image-1659 alignright\" src=\"http:\/\/valokuvakeskusnykyaika.fi\/wp-content\/uploads\/2013\/01\/FullSizeRender-19-290x290.jpg\" sizes=\"auto, (max-width: 290px) 100vw, 290px\" srcset=\"http:\/\/valokuvakeskusnykyaika.fi\/wp-content\/uploads\/2013\/01\/FullSizeRender-19-290x290.jpg 290w, http:\/\/valokuvakeskusnykyaika.fi\/wp-content\/uploads\/2013\/01\/FullSizeRender-19-50x50.jpg 50w\" alt=\"Taiteilijaleipi\u00e4\" width=\"290\" height=\"290\" \/><\/em><\/p>\n<ul>\n<li>N\u00e4lk\u00e4p\u00e4iv\u00e4ker\u00e4ys 15.-17.9.<\/li>\n<li>Instagram-kisa: hastag <em>#jokap\u00e4iv\u00e4inenruokamme<\/em> Parhaista n\u00e4yttelyn aikana ladatuista yleis\u00f6n kuvista palkittiin valokuvakirjoilla.<\/li>\n<li>Reseptivaihto: galleriaan sai tuoda omia reseptej\u00e4\u00e4n ja ottaa niit\u00e4 mukaansa.<\/li>\n<li>Instagram-kuvia ja reseptej\u00e4 my\u00f6s tulostettiin gallerian ikkunaan (ulos ja sis\u00e4lle), josta niit\u00e4 sai ottaa mukaansa.<\/li>\n<li>N\u00e4yttelyn teemalle haettiin my\u00f6s paikallisia ruokasponsoreita; sadonkorjuujuhlan hengess\u00e4 n\u00e4yttelyss\u00e4 oli joka p\u00e4iv\u00e4 jotain suuhun pantavaa.<\/li>\n<\/ul>\n<p>&nbsp;<\/p>\n<p><strong>Tausta<\/strong><\/p>\n<p>&nbsp;<\/p>\n<p>N\u00e4yttely ennakoi ruokateeman valossa my\u00f6s ensi vuonna j\u00e4rjestett\u00e4v\u00e4\u00e4 Backlight \u00b417 \u2013valokuva-tapahtumaa, jonka teemana on itsen\u00e4isyys. Juhlapuheiden sijaan itsen\u00e4isyysh\u00e4n toteutuu ennen kaikkea arjessa ja sen valinnoissa. Tutkimuksen mukaan suuri osa suomalaisista haluaa, ett\u00e4 ruoan alkuper\u00e4maa n\u00e4kyisi ravintoloissa ja ruokaloissa. L\u00e4hiruoaksi miellet\u00e4\u00e4n nimenomaan oman kotiseudun raaka-aineet. Samoin valtaosa suomalaisista seisoo kotimaisen ruoantuotannon takana ja luottamus sen turvallisuuteen on korkea. Eettisi\u00e4 tekoja kaivataan muun muassa ymp\u00e4rist\u00f6nsuojelun, geenimuuntelun ja el\u00e4inten hyvinvoinnin parissa. (Karina Jutila: Tutkimusraportti ruoka- ja maatalousasenteista, 2014)<\/p>\n<p>Sy\u00f6misest\u00e4 on tullut vaikea ja monimutkainen asia. Kun tutkimus ja tieto ruoasta on lis\u00e4\u00e4ntynyt, samalla my\u00f6s ihmisten h\u00e4mmennys, ep\u00e4varmuus ja suoranainen ahdistus on lis\u00e4\u00e4ntynyt. Erilaisten lupausten ja varoitusten viidakossa yksil\u00f6 yritt\u00e4\u00e4 etsi\u00e4 tiet\u00e4 terveelliseen, hyv\u00e4\u00e4n ja pitk\u00e4\u00e4n el\u00e4m\u00e4\u00e4n.<\/p>\n<p>&nbsp;<\/p>\n<p>Jokap\u00e4iv\u00e4inen ruokamme -n\u00e4yttelyn on kuratoinut kuvataideintendentti <strong>Sirpa Joenniemi<\/strong> Valokuvakeskus Nykyaika ry:n j\u00e4senten joukosta.<\/p>\n<p>N\u00e4yttely\u00e4 tuki Taiteen edist\u00e4miskeskuksen Pirkanmaan taidetoimikunta.<\/p>\n<p>&nbsp;<\/p>\n<p>avoinna ma-pe 12-18, la-su 12-16<\/p>\n<p>Galleriaan ja k\u00e4sikirjastoon on vapaa sis\u00e4\u00e4np\u00e4\u00e4sy<\/p>\n<p><strong>Nykyaika, Kauppakatu 14, 33210 Tampere, puh. 050 441 2040 <\/strong><\/p>\n<p>&nbsp;<\/p>\n<p>&nbsp;<\/p>\n<p>&nbsp;<\/p>","protected":false},"excerpt":{"rendered":"<p>Jokap\u00e4iv\u00e4inen ruokamme -ryhm\u00e4n\u00e4yttely Nykyajassa 3.9. &#8211; 4.10.2016 \u00ad\u2014 Oheisohjelmaa sunnuntaisin; sy\u00f6t\u00e4v\u00e4\u00e4 joka p\u00e4iv\u00e4 &nbsp; &nbsp; &nbsp; Ruokakulttuurimme el\u00e4\u00e4 murroksen aikaa. Ruoka on noussut p\u00e4iv\u00e4n puheenaiheeksi. Lehdet eiv\u00e4t ilmesty ilman ruokaohjeita ja uusimpien ruokatrendien esittelyj\u00e4. Kokkiohjelmat ovat jo pidemp\u00e4\u00e4n t\u00e4ytt\u00e4neet eri tv-kanavat. Ruoan puhtaus ja alkuper\u00e4, l\u00e4hiruoka ja itse tekeminen ovat muodissa ja perinneruokia muistellaan. Samaan [&hellip;]<\/p>\n","protected":false},"author":6,"featured_media":1576,"comment_status":"closed","ping_status":"closed","sticky":false,"template":"","format":"standard","meta":{"iawp_total_views":13,"footnotes":""},"categories":[4],"tags":[],"class_list":["post-1593","post","type-post","status-publish","format-standard","has-post-thumbnail","hentry","category-menneet"],"yoast_head":"<!-- This site is optimized with the Yoast SEO plugin v27.5 - https:\/\/yoast.com\/product\/yoast-seo-wordpress\/ -->\n<title>SYYSKUU: Jokap\u00e4iv\u00e4inen ruokamme - Valokuvakeskus Nykyaika<\/title>\n<meta name=\"robots\" content=\"index, follow, max-snippet:-1, max-image-preview:large, max-video-preview:-1\" \/>\n<link rel=\"canonical\" href=\"https:\/\/valokuvakeskusnykyaika.fi\/en\/jokapaivainenruokamme\/\" \/>\n<meta property=\"og:locale\" content=\"en_GB\" \/>\n<meta property=\"og:type\" content=\"article\" \/>\n<meta property=\"og:title\" content=\"SYYSKUU: Jokap\u00e4iv\u00e4inen ruokamme - Valokuvakeskus Nykyaika\" \/>\n<meta property=\"og:description\" content=\"Jokap\u00e4iv\u00e4inen ruokamme -ryhm\u00e4n\u00e4yttely Nykyajassa 3.9. &#8211; 4.10.2016 \u00ad\u2014 Oheisohjelmaa sunnuntaisin; sy\u00f6t\u00e4v\u00e4\u00e4 joka p\u00e4iv\u00e4 &nbsp; &nbsp; &nbsp; Ruokakulttuurimme el\u00e4\u00e4 murroksen aikaa. Ruoka on noussut p\u00e4iv\u00e4n puheenaiheeksi. Lehdet eiv\u00e4t ilmesty ilman ruokaohjeita ja uusimpien ruokatrendien esittelyj\u00e4. Kokkiohjelmat ovat jo pidemp\u00e4\u00e4n t\u00e4ytt\u00e4neet eri tv-kanavat. Ruoan puhtaus ja alkuper\u00e4, l\u00e4hiruoka ja itse tekeminen ovat muodissa ja perinneruokia muistellaan. Samaan [&hellip;]\" \/>\n<meta property=\"og:url\" content=\"https:\/\/valokuvakeskusnykyaika.fi\/en\/jokapaivainenruokamme\/\" \/>\n<meta property=\"og:site_name\" content=\"Valokuvakeskus Nykyaika\" \/>\n<meta property=\"article:publisher\" content=\"https:\/\/www.facebook.com\/valokuvakeskus.nykyaika\/\" \/>\n<meta property=\"article:published_time\" content=\"2016-08-24T07:09:18+00:00\" \/>\n<meta property=\"article:modified_time\" content=\"2017-05-09T09:38:22+00:00\" \/>\n<meta property=\"og:image\" content=\"https:\/\/valokuvakeskusnykyaika.fi\/wp-content\/uploads\/2016\/05\/JaanaTyrmi_Oral_Pleasuers_Ananas_comosus_2016.jpg\" \/>\n\t<meta property=\"og:image:width\" content=\"4500\" \/>\n\t<meta property=\"og:image:height\" content=\"4500\" \/>\n\t<meta property=\"og:image:type\" content=\"image\/jpeg\" \/>\n<meta name=\"author\" content=\"info.nykyaika@backlight.fi\" \/>\n<meta name=\"twitter:card\" content=\"summary_large_image\" \/>\n<meta name=\"twitter:creator\" content=\"@nykyaika\" \/>\n<meta name=\"twitter:site\" content=\"@nykyaika\" \/>\n<meta name=\"twitter:label1\" content=\"Written by\" \/>\n\t<meta name=\"twitter:data1\" content=\"info.nykyaika@backlight.fi\" \/>\n\t<meta name=\"twitter:label2\" content=\"Estimated reading time\" \/>\n\t<meta name=\"twitter:data2\" content=\"5 minutes\" \/>\n<script type=\"application\/ld+json\" class=\"yoast-schema-graph\">{\"@context\":\"https:\\\/\\\/schema.org\",\"@graph\":[{\"@type\":\"Article\",\"@id\":\"https:\\\/\\\/valokuvakeskusnykyaika.fi\\\/jokapaivainenruokamme\\\/#article\",\"isPartOf\":{\"@id\":\"https:\\\/\\\/valokuvakeskusnykyaika.fi\\\/jokapaivainenruokamme\\\/\"},\"author\":{\"name\":\"info.nykyaika@backlight.fi\",\"@id\":\"https:\\\/\\\/valokuvakeskusnykyaika.fi\\\/#\\\/schema\\\/person\\\/41ef90f7d89984ccaca756c8d4241c19\"},\"headline\":\"SYYSKUU: Jokap\u00e4iv\u00e4inen ruokamme\",\"datePublished\":\"2016-08-24T07:09:18+00:00\",\"dateModified\":\"2017-05-09T09:38:22+00:00\",\"mainEntityOfPage\":{\"@id\":\"https:\\\/\\\/valokuvakeskusnykyaika.fi\\\/jokapaivainenruokamme\\\/\"},\"wordCount\":1037,\"publisher\":{\"@id\":\"https:\\\/\\\/valokuvakeskusnykyaika.fi\\\/#organization\"},\"image\":{\"@id\":\"https:\\\/\\\/valokuvakeskusnykyaika.fi\\\/jokapaivainenruokamme\\\/#primaryimage\"},\"thumbnailUrl\":\"https:\\\/\\\/valokuvakeskusnykyaika.fi\\\/wp-content\\\/uploads\\\/2016\\\/05\\\/JaanaTyrmi_Oral_Pleasuers_Ananas_comosus_2016.jpg\",\"articleSection\":[\"Menneet\"],\"inLanguage\":\"en-GB\"},{\"@type\":\"WebPage\",\"@id\":\"https:\\\/\\\/valokuvakeskusnykyaika.fi\\\/jokapaivainenruokamme\\\/\",\"url\":\"https:\\\/\\\/valokuvakeskusnykyaika.fi\\\/jokapaivainenruokamme\\\/\",\"name\":\"SYYSKUU: Jokap\u00e4iv\u00e4inen ruokamme - Valokuvakeskus Nykyaika\",\"isPartOf\":{\"@id\":\"https:\\\/\\\/valokuvakeskusnykyaika.fi\\\/#website\"},\"primaryImageOfPage\":{\"@id\":\"https:\\\/\\\/valokuvakeskusnykyaika.fi\\\/jokapaivainenruokamme\\\/#primaryimage\"},\"image\":{\"@id\":\"https:\\\/\\\/valokuvakeskusnykyaika.fi\\\/jokapaivainenruokamme\\\/#primaryimage\"},\"thumbnailUrl\":\"https:\\\/\\\/valokuvakeskusnykyaika.fi\\\/wp-content\\\/uploads\\\/2016\\\/05\\\/JaanaTyrmi_Oral_Pleasuers_Ananas_comosus_2016.jpg\",\"datePublished\":\"2016-08-24T07:09:18+00:00\",\"dateModified\":\"2017-05-09T09:38:22+00:00\",\"breadcrumb\":{\"@id\":\"https:\\\/\\\/valokuvakeskusnykyaika.fi\\\/jokapaivainenruokamme\\\/#breadcrumb\"},\"inLanguage\":\"en-GB\",\"potentialAction\":[{\"@type\":\"ReadAction\",\"target\":[\"https:\\\/\\\/valokuvakeskusnykyaika.fi\\\/jokapaivainenruokamme\\\/\"]}]},{\"@type\":\"ImageObject\",\"inLanguage\":\"en-GB\",\"@id\":\"https:\\\/\\\/valokuvakeskusnykyaika.fi\\\/jokapaivainenruokamme\\\/#primaryimage\",\"url\":\"https:\\\/\\\/valokuvakeskusnykyaika.fi\\\/wp-content\\\/uploads\\\/2016\\\/05\\\/JaanaTyrmi_Oral_Pleasuers_Ananas_comosus_2016.jpg\",\"contentUrl\":\"https:\\\/\\\/valokuvakeskusnykyaika.fi\\\/wp-content\\\/uploads\\\/2016\\\/05\\\/JaanaTyrmi_Oral_Pleasuers_Ananas_comosus_2016.jpg\",\"width\":4500,\"height\":4500,\"caption\":\"Kuva: Jaana Tyrmi\"},{\"@type\":\"BreadcrumbList\",\"@id\":\"https:\\\/\\\/valokuvakeskusnykyaika.fi\\\/jokapaivainenruokamme\\\/#breadcrumb\",\"itemListElement\":[{\"@type\":\"ListItem\",\"position\":1,\"name\":\"Etusivu\",\"item\":\"https:\\\/\\\/valokuvakeskusnykyaika.fi\\\/\"},{\"@type\":\"ListItem\",\"position\":2,\"name\":\"SYYSKUU: Jokap\u00e4iv\u00e4inen ruokamme\"}]},{\"@type\":\"WebSite\",\"@id\":\"https:\\\/\\\/valokuvakeskusnykyaika.fi\\\/#website\",\"url\":\"https:\\\/\\\/valokuvakeskusnykyaika.fi\\\/\",\"name\":\"Valokuvakeskus Nykyaika\",\"description\":\"Nykyaika on avoin kohtaamispaikka kaikille valokuvataiteen yst\u00e4ville\",\"publisher\":{\"@id\":\"https:\\\/\\\/valokuvakeskusnykyaika.fi\\\/#organization\"},\"potentialAction\":[{\"@type\":\"SearchAction\",\"target\":{\"@type\":\"EntryPoint\",\"urlTemplate\":\"https:\\\/\\\/valokuvakeskusnykyaika.fi\\\/?s={search_term_string}\"},\"query-input\":{\"@type\":\"PropertyValueSpecification\",\"valueRequired\":true,\"valueName\":\"search_term_string\"}}],\"inLanguage\":\"en-GB\"},{\"@type\":\"Organization\",\"@id\":\"https:\\\/\\\/valokuvakeskusnykyaika.fi\\\/#organization\",\"name\":\"Valokuvakeskus Nykyaika\",\"url\":\"https:\\\/\\\/valokuvakeskusnykyaika.fi\\\/\",\"logo\":{\"@type\":\"ImageObject\",\"inLanguage\":\"en-GB\",\"@id\":\"https:\\\/\\\/valokuvakeskusnykyaika.fi\\\/#\\\/schema\\\/logo\\\/image\\\/\",\"url\":\"https:\\\/\\\/valokuvakeskusnykyaika.fi\\\/wp-content\\\/uploads\\\/2019\\\/01\\\/NY-Valokuvakeskus-logo-pieni.png\",\"contentUrl\":\"https:\\\/\\\/valokuvakeskusnykyaika.fi\\\/wp-content\\\/uploads\\\/2019\\\/01\\\/NY-Valokuvakeskus-logo-pieni.png\",\"width\":300,\"height\":314,\"caption\":\"Valokuvakeskus Nykyaika\"},\"image\":{\"@id\":\"https:\\\/\\\/valokuvakeskusnykyaika.fi\\\/#\\\/schema\\\/logo\\\/image\\\/\"},\"sameAs\":[\"https:\\\/\\\/www.facebook.com\\\/valokuvakeskus.nykyaika\\\/\",\"https:\\\/\\\/x.com\\\/nykyaika\",\"https:\\\/\\\/www.instagram.com\\\/nykyaika\\\/\"]},{\"@type\":\"Person\",\"@id\":\"https:\\\/\\\/valokuvakeskusnykyaika.fi\\\/#\\\/schema\\\/person\\\/41ef90f7d89984ccaca756c8d4241c19\",\"name\":\"info.nykyaika@backlight.fi\",\"url\":\"http:\\\/\\\/valokuvakeskusnykyaika.fi\\\/en\\\/author\\\/info-nykyaikabacklight-fi\\\/\"}]}<\/script>\n<!-- \/ Yoast SEO plugin. -->","yoast_head_json":{"title":"SYYSKUU: Jokap\u00e4iv\u00e4inen ruokamme - Valokuvakeskus Nykyaika","robots":{"index":"index","follow":"follow","max-snippet":"max-snippet:-1","max-image-preview":"max-image-preview:large","max-video-preview":"max-video-preview:-1"},"canonical":"https:\/\/valokuvakeskusnykyaika.fi\/en\/jokapaivainenruokamme\/","og_locale":"en_GB","og_type":"article","og_title":"SYYSKUU: Jokap\u00e4iv\u00e4inen ruokamme - Valokuvakeskus Nykyaika","og_description":"Jokap\u00e4iv\u00e4inen ruokamme -ryhm\u00e4n\u00e4yttely Nykyajassa 3.9. &#8211; 4.10.2016 \u00ad\u2014 Oheisohjelmaa sunnuntaisin; sy\u00f6t\u00e4v\u00e4\u00e4 joka p\u00e4iv\u00e4 &nbsp; &nbsp; &nbsp; Ruokakulttuurimme el\u00e4\u00e4 murroksen aikaa. Ruoka on noussut p\u00e4iv\u00e4n puheenaiheeksi. Lehdet eiv\u00e4t ilmesty ilman ruokaohjeita ja uusimpien ruokatrendien esittelyj\u00e4. Kokkiohjelmat ovat jo pidemp\u00e4\u00e4n t\u00e4ytt\u00e4neet eri tv-kanavat. Ruoan puhtaus ja alkuper\u00e4, l\u00e4hiruoka ja itse tekeminen ovat muodissa ja perinneruokia muistellaan. Samaan [&hellip;]","og_url":"https:\/\/valokuvakeskusnykyaika.fi\/en\/jokapaivainenruokamme\/","og_site_name":"Valokuvakeskus Nykyaika","article_publisher":"https:\/\/www.facebook.com\/valokuvakeskus.nykyaika\/","article_published_time":"2016-08-24T07:09:18+00:00","article_modified_time":"2017-05-09T09:38:22+00:00","og_image":[{"width":4500,"height":4500,"url":"https:\/\/valokuvakeskusnykyaika.fi\/wp-content\/uploads\/2016\/05\/JaanaTyrmi_Oral_Pleasuers_Ananas_comosus_2016.jpg","type":"image\/jpeg"}],"author":"info.nykyaika@backlight.fi","twitter_card":"summary_large_image","twitter_creator":"@nykyaika","twitter_site":"@nykyaika","twitter_misc":{"Written by":"info.nykyaika@backlight.fi","Estimated reading time":"5 minutes"},"schema":{"@context":"https:\/\/schema.org","@graph":[{"@type":"Article","@id":"https:\/\/valokuvakeskusnykyaika.fi\/jokapaivainenruokamme\/#article","isPartOf":{"@id":"https:\/\/valokuvakeskusnykyaika.fi\/jokapaivainenruokamme\/"},"author":{"name":"info.nykyaika@backlight.fi","@id":"https:\/\/valokuvakeskusnykyaika.fi\/#\/schema\/person\/41ef90f7d89984ccaca756c8d4241c19"},"headline":"SYYSKUU: Jokap\u00e4iv\u00e4inen ruokamme","datePublished":"2016-08-24T07:09:18+00:00","dateModified":"2017-05-09T09:38:22+00:00","mainEntityOfPage":{"@id":"https:\/\/valokuvakeskusnykyaika.fi\/jokapaivainenruokamme\/"},"wordCount":1037,"publisher":{"@id":"https:\/\/valokuvakeskusnykyaika.fi\/#organization"},"image":{"@id":"https:\/\/valokuvakeskusnykyaika.fi\/jokapaivainenruokamme\/#primaryimage"},"thumbnailUrl":"https:\/\/valokuvakeskusnykyaika.fi\/wp-content\/uploads\/2016\/05\/JaanaTyrmi_Oral_Pleasuers_Ananas_comosus_2016.jpg","articleSection":["Menneet"],"inLanguage":"en-GB"},{"@type":"WebPage","@id":"https:\/\/valokuvakeskusnykyaika.fi\/jokapaivainenruokamme\/","url":"https:\/\/valokuvakeskusnykyaika.fi\/jokapaivainenruokamme\/","name":"SYYSKUU: Jokap\u00e4iv\u00e4inen ruokamme - Valokuvakeskus Nykyaika","isPartOf":{"@id":"https:\/\/valokuvakeskusnykyaika.fi\/#website"},"primaryImageOfPage":{"@id":"https:\/\/valokuvakeskusnykyaika.fi\/jokapaivainenruokamme\/#primaryimage"},"image":{"@id":"https:\/\/valokuvakeskusnykyaika.fi\/jokapaivainenruokamme\/#primaryimage"},"thumbnailUrl":"https:\/\/valokuvakeskusnykyaika.fi\/wp-content\/uploads\/2016\/05\/JaanaTyrmi_Oral_Pleasuers_Ananas_comosus_2016.jpg","datePublished":"2016-08-24T07:09:18+00:00","dateModified":"2017-05-09T09:38:22+00:00","breadcrumb":{"@id":"https:\/\/valokuvakeskusnykyaika.fi\/jokapaivainenruokamme\/#breadcrumb"},"inLanguage":"en-GB","potentialAction":[{"@type":"ReadAction","target":["https:\/\/valokuvakeskusnykyaika.fi\/jokapaivainenruokamme\/"]}]},{"@type":"ImageObject","inLanguage":"en-GB","@id":"https:\/\/valokuvakeskusnykyaika.fi\/jokapaivainenruokamme\/#primaryimage","url":"https:\/\/valokuvakeskusnykyaika.fi\/wp-content\/uploads\/2016\/05\/JaanaTyrmi_Oral_Pleasuers_Ananas_comosus_2016.jpg","contentUrl":"https:\/\/valokuvakeskusnykyaika.fi\/wp-content\/uploads\/2016\/05\/JaanaTyrmi_Oral_Pleasuers_Ananas_comosus_2016.jpg","width":4500,"height":4500,"caption":"Kuva: Jaana Tyrmi"},{"@type":"BreadcrumbList","@id":"https:\/\/valokuvakeskusnykyaika.fi\/jokapaivainenruokamme\/#breadcrumb","itemListElement":[{"@type":"ListItem","position":1,"name":"Etusivu","item":"https:\/\/valokuvakeskusnykyaika.fi\/"},{"@type":"ListItem","position":2,"name":"SYYSKUU: Jokap\u00e4iv\u00e4inen ruokamme"}]},{"@type":"WebSite","@id":"https:\/\/valokuvakeskusnykyaika.fi\/#website","url":"https:\/\/valokuvakeskusnykyaika.fi\/","name":"Photographic Centre Nykyaika","description":"Nykyaika on avoin kohtaamispaikka kaikille valokuvataiteen yst\u00e4ville","publisher":{"@id":"https:\/\/valokuvakeskusnykyaika.fi\/#organization"},"potentialAction":[{"@type":"SearchAction","target":{"@type":"EntryPoint","urlTemplate":"https:\/\/valokuvakeskusnykyaika.fi\/?s={search_term_string}"},"query-input":{"@type":"PropertyValueSpecification","valueRequired":true,"valueName":"search_term_string"}}],"inLanguage":"en-GB"},{"@type":"Organization","@id":"https:\/\/valokuvakeskusnykyaika.fi\/#organization","name":"Photographic Centre Nykyaika","url":"https:\/\/valokuvakeskusnykyaika.fi\/","logo":{"@type":"ImageObject","inLanguage":"en-GB","@id":"https:\/\/valokuvakeskusnykyaika.fi\/#\/schema\/logo\/image\/","url":"https:\/\/valokuvakeskusnykyaika.fi\/wp-content\/uploads\/2019\/01\/NY-Valokuvakeskus-logo-pieni.png","contentUrl":"https:\/\/valokuvakeskusnykyaika.fi\/wp-content\/uploads\/2019\/01\/NY-Valokuvakeskus-logo-pieni.png","width":300,"height":314,"caption":"Valokuvakeskus Nykyaika"},"image":{"@id":"https:\/\/valokuvakeskusnykyaika.fi\/#\/schema\/logo\/image\/"},"sameAs":["https:\/\/www.facebook.com\/valokuvakeskus.nykyaika\/","https:\/\/x.com\/nykyaika","https:\/\/www.instagram.com\/nykyaika\/"]},{"@type":"Person","@id":"https:\/\/valokuvakeskusnykyaika.fi\/#\/schema\/person\/41ef90f7d89984ccaca756c8d4241c19","name":"info.nykyaika@backlight.fi","url":"http:\/\/valokuvakeskusnykyaika.fi\/en\/author\/info-nykyaikabacklight-fi\/"}]}},"_links":{"self":[{"href":"http:\/\/valokuvakeskusnykyaika.fi\/en\/wp-json\/wp\/v2\/posts\/1593","targetHints":{"allow":["GET"]}}],"collection":[{"href":"http:\/\/valokuvakeskusnykyaika.fi\/en\/wp-json\/wp\/v2\/posts"}],"about":[{"href":"http:\/\/valokuvakeskusnykyaika.fi\/en\/wp-json\/wp\/v2\/types\/post"}],"author":[{"embeddable":true,"href":"http:\/\/valokuvakeskusnykyaika.fi\/en\/wp-json\/wp\/v2\/users\/6"}],"replies":[{"embeddable":true,"href":"http:\/\/valokuvakeskusnykyaika.fi\/en\/wp-json\/wp\/v2\/comments?post=1593"}],"version-history":[{"count":19,"href":"http:\/\/valokuvakeskusnykyaika.fi\/en\/wp-json\/wp\/v2\/posts\/1593\/revisions"}],"predecessor-version":[{"id":1971,"href":"http:\/\/valokuvakeskusnykyaika.fi\/en\/wp-json\/wp\/v2\/posts\/1593\/revisions\/1971"}],"wp:featuredmedia":[{"embeddable":true,"href":"http:\/\/valokuvakeskusnykyaika.fi\/en\/wp-json\/wp\/v2\/media\/1576"}],"wp:attachment":[{"href":"http:\/\/valokuvakeskusnykyaika.fi\/en\/wp-json\/wp\/v2\/media?parent=1593"}],"wp:term":[{"taxonomy":"category","embeddable":true,"href":"http:\/\/valokuvakeskusnykyaika.fi\/en\/wp-json\/wp\/v2\/categories?post=1593"},{"taxonomy":"post_tag","embeddable":true,"href":"http:\/\/valokuvakeskusnykyaika.fi\/en\/wp-json\/wp\/v2\/tags?post=1593"}],"curies":[{"name":"wp","href":"https:\/\/api.w.org\/{rel}","templated":true}]}}