{"id":1206,"date":"2015-12-14T13:47:57","date_gmt":"2015-12-14T11:47:57","guid":{"rendered":"http:\/\/valokuvakeskusnykyaika.fi\/?p=1206"},"modified":"2015-12-14T15:56:41","modified_gmt":"2015-12-14T13:56:41","slug":"kevat2016","status":"publish","type":"post","link":"https:\/\/valokuvakeskusnykyaika.fi\/en\/kevat2016\/","title":{"rendered":"Kev\u00e4\u00e4n 2016 n\u00e4yttelyt"},"content":{"rendered":"<p>Kev\u00e4\u00e4n 2016 n\u00e4yttelyt ovat:<\/p>\n<p><strong>TAMMIKUU<\/strong><br \/>\n<strong> Lasse Lecklin: Expedition<\/strong><\/p>\n<div id=\"attachment_1129\" class=\"wp-caption alignright\"><img loading=\"lazy\" decoding=\"async\" aria-describedby=\"caption-attachment-1129\" class=\"wp-image-1129 size-medium\" src=\"http:\/\/valokuvakeskusnykyaika.fi\/wp-content\/uploads\/2015\/12\/Adventtoppen_from_the_series_Covering_Photo_by_Lasse_Lecklin-300x300.jpg\" alt=\"\u00a9 Lasse Lecklin_ Adventtoppen, sarjasta Covering, 2014.\" width=\"300\" height=\"300\" \/><p id=\"caption-attachment-1129\" class=\"wp-caption-text\">Lasse Lecklin: Adventtoppen, sarjasta Covering, 2014.<\/p><\/div>\n<p><strong>9.-31.1.2016<\/strong><br \/>\nTammikuussa avataan Nykyajan kellarikerroksen n\u00e4yttelytilat: sek\u00e4 katutason ett\u00e4 kellarin gallerissa on esill\u00e4 helsinkil\u00e4isen valokuvaaja Lasse Lecklinin (s. 1982) Expedition, joissa tutkimusmatkaillaan pohjoisen arktisille alueille. H\u00e4n kuvasi n\u00e4yttelyn teokset kahden vuoden aikana Suomen ja Norjan Lapissa sek\u00e4 Huippuvuorilla. Valokuvasarjojen ja videoteosten kantava teema on ihmisen ja luonnon suhde. Ihmisell\u00e4 on tarve mitata ja tutkia, ihailla ja ymm\u00e4rt\u00e4\u00e4 luontoa. Lecklini\u00e4 kiinnostavat ihmisen j\u00e4ljet luonnossa ja ihmisen toiminnan vaikutus ymp\u00e4rist\u00f6\u00f6n.<\/p>\n<p>&nbsp;<\/p>\n<p>&nbsp;<\/p>\n<p>&nbsp;<\/p>\n<p>&nbsp;<\/p>\n<p>&nbsp;<\/p>\n<div id=\"attachment_1135\" class=\"wp-caption alignleft\"><img loading=\"lazy\" decoding=\"async\" aria-describedby=\"caption-attachment-1135\" class=\"wp-image-1135 size-medium\" src=\"http:\/\/valokuvakeskusnykyaika.fi\/wp-content\/uploads\/2015\/12\/Sanna-Krook_Lyyli_2014_pieni-300x300.jpg\" alt=\"Sanna Krook: Lyyli. 2014\" width=\"300\" height=\"300\" \/><p id=\"caption-attachment-1135\" class=\"wp-caption-text\">Sanna Krook: Lyyli. 2014<\/p><\/div>\n<p><strong>HELMIKUU<\/strong><br \/>\n<strong> Sanna Krook ja Ulla-Maija Louhela: L\u00e4hi\u00f6tarinoita<\/strong><br \/>\n<strong> Lauri Eriksson: 22 tapausta asunnottomuudesta<\/strong><br \/>\n<strong> 6. \u2212 28.2.2016<\/strong><br \/>\nHelmikuussa paneudutaan asumiseen ja sen yhteiskunnallisiin kysymyksiin kahdessa n\u00e4yttelyss\u00e4:<\/p>\n<p>Katutason galleriassa valokuvaaja Sanna Krookin ja KM, tutkija Ulla-Maija Louhelan n\u00e4yttelyss\u00e4 yhdistyy valokuvataide, sanataide ja tieteellinen tutkimus. L\u00e4hi\u00f6tarinoita-n\u00e4yttely koostuu oululaisen Kaukovainion mets\u00e4l\u00e4hi\u00f6n asukkaiden muotokuvista sek\u00e4 ihmisten tarinoista el\u00e4m\u00e4st\u00e4\u00e4n l\u00e4hi\u00f6ss\u00e4. N\u00e4yttely kuvaa ihmisi\u00e4 ja arkea 1960-luvulla rakennetussa l\u00e4hi\u00f6ss\u00e4, joka voisi olla miss\u00e4 tahansa.<\/p>\n<p>&nbsp;<\/p>\n<div id=\"attachment_1134\" class=\"wp-caption alignleft\"><img loading=\"lazy\" decoding=\"async\" aria-describedby=\"caption-attachment-1134\" class=\"wp-image-1134 size-medium\" src=\"http:\/\/valokuvakeskusnykyaika.fi\/wp-content\/uploads\/2015\/12\/Eriksson_Tero_2015_netti-300x141.jpg\" alt=\"Lauri Eriksson: Tero. 2015\" width=\"300\" height=\"141\" \/><p id=\"caption-attachment-1134\" class=\"wp-caption-text\">Lauri Eriksson: Tero. 2015<\/p><\/div>\n<p>Kellarigalleriassa Lauri Eriksson (s. 1965) pohtii hyv\u00e4n el\u00e4m\u00e4n l\u00e4ht\u00f6kohtaa: asunnon ja kodin k\u00e4sitett\u00e4. Mik\u00e4 on tie syrj\u00e4ytymiseen? Suomessa on yli 7500 asunnotonta, heist\u00e4 90% yksin\u00e4isi\u00e4 miehi\u00e4. Asunnottomien ja sit\u00e4 kautta syrj\u00e4ytyneiden ryhm\u00e4 ei ole homogeeninen vaan taustat ja<br \/>\nsyyt ovat moninaiset. Eriksson esittelee n\u00e4yttelyss\u00e4\u00e4n 22 miest\u00e4, joiden taustalta l\u00f6ytyy<br \/>\nvuosien asunnottomuus.<\/p>\n<p>&nbsp;<\/p>\n<p>&nbsp;<\/p>\n<div id=\"attachment_1210\" class=\"wp-caption alignleft\"><img loading=\"lazy\" decoding=\"async\" aria-describedby=\"caption-attachment-1210\" class=\"size-medium wp-image-1210\" src=\"http:\/\/valokuvakeskusnykyaika.fi\/wp-content\/uploads\/2015\/12\/Ihanus-Nuoli-300x169.jpg\" alt=\"Petri Ihanus: Nuoli\" width=\"300\" height=\"169\" \/><p id=\"caption-attachment-1210\" class=\"wp-caption-text\">Petri Ihanus: Nuoli<\/p><\/div>\n<p><strong>MAALISKUU<\/strong><br \/>\n<strong> Antti Haapio, Petri Ihanus ja Sampo Rautamaa: Kolme askelta arjesta<\/strong><br \/>\n<strong> Ami Hyv\u00e4rinen ja Heikki M\u00e4ntymaa: Penkki<\/strong><br \/>\n<strong> 5. \u2212 27.3.2016<\/strong><\/p>\n<p>Maaliskuussa n\u00e4ht\u00e4vill\u00e4 on viiden tamperelaisen teoksia:<\/p>\n<p>Kolme askelta arjesta -ryhm\u00e4n\u00e4yttelyss\u00e4 tekij\u00e4t l\u00e4hestyv\u00e4t arjen olemusta kolmesta eri n\u00e4k\u00f6kulmasta.<\/p>\n<p>Antti Haapio (s. 1964) k\u00e4ytt\u00e4\u00e4 sarjallista esitystapaa, samasta aiheesta eri hetkin\u00e4 otetut dokumentaariset valokuvat korostavat toistojen merkityst\u00e4 arjessa.\u00a0Petri Ihanus (s. 1961) on tiivist\u00e4nyt arkisesta ymp\u00e4rist\u00f6st\u00e4 visuaalisia yksityiskohtia abstraktiin muotoon.\u00a0Sampo Rautamaa (s. 1963) kuvaa arkiel\u00e4m\u00e4\u00e4 pilke silm\u00e4kulmassaan. Usein lehtikuvan ollessa liiankin dokumentaarinen, se edellinen tai my\u00f6hempi ruutu on tunnelataukseltaan intensiivisempi ja aidompi.<\/p>\n<div id=\"attachment_1223\" class=\"wp-caption alignleft\"><img loading=\"lazy\" decoding=\"async\" aria-describedby=\"caption-attachment-1223\" class=\"wp-image-1223 size-medium\" src=\"http:\/\/valokuvakeskusnykyaika.fi\/wp-content\/uploads\/2015\/12\/Hyvarinen_Penkki-300x168.jpg\" alt=\"Aimo Hyv\u00e4rinen: Penkki (videoclip)\" width=\"300\" height=\"168\" \/><p id=\"caption-attachment-1223\" class=\"wp-caption-text\">Aimo Hyv\u00e4rinen: Penkki (videoclip)<\/p><\/div>\n<p>Kellarissa on esill\u00e4 Aimo Hyv\u00e4risen ja Heikki M\u00e4ntymaan videoperformanssi Penkki. Se on kuvaus kohtaamisista: taiteen, ihmisten ja tilanteiden. Samalla se on kuvaus er\u00e4\u00e4n taiteilijan maailmasta ja tekemisen l\u00e4ht\u00f6kohdista. \u201dEl\u00e4m\u00e4 kokenut penkki on minulle milloin lohtu, milloin ilo, itku, ik\u00e4v\u00e4. Vaikka el\u00e4m\u00e4 erehdytt\u00e4\u00e4, penkki ei j\u00e4t\u00e4 eik\u00e4 pet\u00e4. Olen ollut penkkini kanssa niin museoissa,<br \/>\ngallerioissa, katoilla ja kaduilla, kirkoissa ja kulkuv\u00e4lineiss\u00e4 esiintym\u00e4ss\u00e4\u201d, Heikki M\u00e4ntymaa kertoo videoperformanssista.K\u00e4sikirjoitus Hyv\u00e4rinen ja M\u00e4ntymaa, videototeutus Hyv\u00e4rinen, leikkaus Irma Silvennoinen.<\/p>\n<p>&nbsp;<\/p>\n<div id=\"attachment_1147\" class=\"wp-caption alignright\"><img loading=\"lazy\" decoding=\"async\" aria-describedby=\"caption-attachment-1147\" class=\"size-medium wp-image-1147\" src=\"http:\/\/valokuvakeskusnykyaika.fi\/wp-content\/uploads\/2015\/12\/INTAC-pressrelease-188x300.jpg\" alt=\"INTAC: Desire\" width=\"188\" height=\"300\" \/><p id=\"caption-attachment-1147\" class=\"wp-caption-text\">INTAC: Desire<\/p><\/div>\n<p><strong>HUHTIKUU<\/strong><br \/>\n<strong> INTAC: Desire \u2013 kaksiter\u00e4inen miekka<\/strong><\/p>\n<p><strong> 2.4. \u2212 30.4.2016<\/strong><\/p>\n<p>Huhtikuussa maailma tulee Nykyaikaan: INTAC (International Art Collaborations) on nuorten taiteilijoiden ja taidealan opiskelijoiden yhteenliittym\u00e4, jossa tekij\u00e4t ty\u00f6skentelev\u00e4t netin v\u00e4lityksell\u00e4 Tampereella, Soulissa (Etel\u00e4-Korea), Torontossa (Kanada), Berliiniss\u00e4 (Saksa), Osakassa (Japani) ja Ahmedabadissa (Intia). Desire \u2013 kaksiter\u00e4inen miekka on matka, joka vie katsojaa l\u00e4pi ihmismielen syvimpi\u00e4 mutkia. Ryhm\u00e4n\u00e4yttely muodostuu erilaisten maailmankatsomusten kohtaamisesta.<\/p>\n<p>&nbsp;<\/p>\n<p>&nbsp;<\/p>\n<p>&nbsp;<\/p>\n<p><strong>TOUKOKUU<\/strong><\/p>\n<div id=\"attachment_1221\" class=\"wp-caption alignleft\"><img loading=\"lazy\" decoding=\"async\" aria-describedby=\"caption-attachment-1221\" class=\"wp-image-1221 size-medium\" src=\"http:\/\/valokuvakeskusnykyaika.fi\/wp-content\/uploads\/2015\/12\/Pekka-Elomaa-ja-lyhdyn-tyoryhma_Pertti_2014-200x300.jpg\" alt=\"Pekka Elomaa ja Lyhdyn ty\u00f6ryhm\u00e4: Pertti. 2014\" width=\"200\" height=\"300\" \/><p id=\"caption-attachment-1221\" class=\"wp-caption-text\">Pekka Elomaa ja Lyhdyn ty\u00f6ryhm\u00e4: Pertti. 2014<\/p><\/div>\n<p><strong>Pekka Elomaa ja Lyhdyn ty\u00f6ryhm\u00e4: Jokamiesluokka <\/strong><br \/>\n<strong> 7.5. \u2212 5.6.2016<\/strong><\/p>\n<p>Valokuvaan ja liikkuviin muotokuviin perustuva toukokuun n\u00e4yttelymme vie meid\u00e4t ihmisen\u00e4 olemisen ytimeen. Pekka Elomaa ja Lyhdyn ty\u00f6ryhm\u00e4 kuvaavat toisiaan menneisyyden hengess\u00e4. He haluavat vangita omiin valokuviinsa renessanssitaiteen ajattomuutta ja voimakkaan l\u00e4sn\u00e4olon tuntua. N\u00e4yttelyn teokset ovat syntyneet ty\u00f6pajassa, jota valokuvaaja Pekka Elomaa on vet\u00e4nyt Helsingin lyhytaikaiskoti ja ty\u00f6paja Lyhdyss\u00e4 vuodesta 2001. Vuosien varrella pajalaiset ovat vaihtuneet, mutta \u00e4ij\u00e4valtaisen porukan ydin on pysynyt kasassa yli kymmenen vuotta. N\u00e4yttely koostuu Lyhty ry:n kehitysvammaisten aikuisten valokuvaty\u00f6pajoissa kuvatuista muotokuvista ja videoista. Tampereella esill\u00e4 olevaa materiaalia ovat olleet ty\u00f6st\u00e4m\u00e4ss\u00e4 valokuvaaja Pekka Elomaan lis\u00e4ksi Otto Jahnukainen, Olli-Pekka Lappinen, Emma Liekari, Jussi Ratia, Antero Smedberg, Niila Suoranta ja Pekka Valle.<\/p>\n<p>&nbsp;<\/p>\n<p>&nbsp;<\/p>\n<p>&nbsp;<\/p>\n<div id=\"attachment_1222\" class=\"wp-caption alignright\"><img loading=\"lazy\" decoding=\"async\" aria-describedby=\"caption-attachment-1222\" class=\"wp-image-1222 size-medium\" src=\"http:\/\/valokuvakeskusnykyaika.fi\/wp-content\/uploads\/2015\/12\/Jamsa_Kivi315-300x247.jpg\" alt=\"Martti J\u00e4ms\u00e4: Kivi\" width=\"300\" height=\"247\" \/><p id=\"caption-attachment-1222\" class=\"wp-caption-text\">Martti J\u00e4ms\u00e4: Kivi<\/p><\/div>\n<p><strong>KES\u00c4KUU<\/strong><br \/>\n<strong> Martti J\u00e4ms\u00e4: N:o 1-6<\/strong><\/p>\n<p><strong> Laurene Bois-Mariage: ReCOLLAGES<\/strong><br \/>\n<strong> 11.6. \u2212 3.7.2016<\/strong><\/p>\n<p>Nykyajan kes\u00e4kuu on perinteisen valokuvauksen ja digitaalisen kuvamaailmaan rinnakkaiseloa kahdessa eri kerroksessa.<\/p>\n<p>Katutasossa n\u00e4hd\u00e4\u00e4n Martti J\u00e4ms\u00e4n omista valokuvista, polaroideista, l\u00f6yt\u00e4mist\u00e4\u00e4n negatiiveista ja kuvista koostamiaan kuuden kuvan sarjoja. N:o 1-6 on l\u00e4pileikkaus taiteilijan perinteisess\u00e4 pimi\u00f6ss\u00e4 kehitt\u00e4mist\u00e4 mustavalkoisista valokuvista. Esill\u00e4 on sarjoja J\u00e4ms\u00e4n kuvasalkuista ja valokuvakirjoista, muun muassa Niin kauan kun riitt\u00e4\u00e4 (1980), Kes\u00e4 (2004), Syd\u00e4n ja Luoti (2014) ja Snap Shot (2014).<\/p>\n<p>Kellarissa esill\u00e4 on ranskalaisen taiteilijan Laurene Bois-Mariagen ReCOLLAGES. koostuu 70 tietokoneen n\u00e4yt\u00f6ll\u00e4<\/p>\n<div id=\"attachment_1156\" class=\"wp-caption alignright\"><img loading=\"lazy\" decoding=\"async\" aria-describedby=\"caption-attachment-1156\" class=\"wp-image-1156 size-medium\" src=\"http:\/\/valokuvakeskusnykyaika.fi\/wp-content\/uploads\/2015\/12\/Laurene-Bois-Mariage_ReCOLLAGES-s2_2016-300x192.jpg\" alt=\"Laurene Bois-Mariage: ReCOLLAGES #s2. 2016\" width=\"300\" height=\"192\" \/><p id=\"caption-attachment-1156\" class=\"wp-caption-text\">Laurene Bois-Mariage: ReCOLLAGES #s2. 2016<\/p><\/div>\n<p>avoinna olevista ikkunoista otetuista kuvakaappauksista, jotka on j\u00e4rjestetty tunnettujen modernististen ja postimodernististen kollaasien ja valokuvakollaasien tapaan. Inspiraationa toimivat esimerkiksi R.Hausmannin, H.H\u00f6chin, F.Vobeckyn tai M. Roslerin ty\u00f6t. Kollaasi [ranskan coller] on er\u00e4\u00e4nlainen haltuunotto ja ReCOLLAGES sen digitaalinen ilmentym\u00e4, joka ilment\u00e4\u00e4 internetl\u00e4hteiden monimuotoisuutta. ReCOLLAGES my\u00f6s kyseenalaistaa rajank\u00e4ynnin ammattilaisten, taiteilijoiden ja amat\u00f6\u00f6rien tuotantojen v\u00e4lill\u00e4; sek\u00e4 n\u00e4kee yhteyden kuvien saatavuuden helpottumisen ja oikeudellisten rajoitusten lis\u00e4\u00e4ntymisen v\u00e4lill\u00e4.<\/p>\n<p>&nbsp;<\/p>\n<p>&nbsp;<\/p>\n<p><strong>Nykyaika on avoin kohtauspaikka kaikille valokuvataiteen yst\u00e4ville<\/strong><\/p>\n<p>Nykyajassa j\u00e4rjestet\u00e4\u00e4n my\u00f6s kuukausittain n\u00e4yttelyihin liittyv\u00e4\u00e4 oheisohjelmaa, taiteilijatapaamisia, luentoja ja ty\u00f6pajoja. <a href=\"http:\/\/valokuvakeskusnykyaika.fi\/tapahtumat\/\">Tarkemmat tiedot p\u00e4ivittyv\u00e4t Tapahtumat-sivuille<\/a><\/p>\n<p>Nykyajassa on n\u00e4yttelyiden lis\u00e4ksi jatkuvasti n\u00e4ht\u00e4vill\u00e4 kaikille avoimen k\u00e4sikirjaston yli 800 valokuvataiteen nidett\u00e4.<\/p>\n<p>Galleriaan ja k\u00e4sikirjastoon on vapaa sis\u00e4\u00e4np\u00e4\u00e4sy<br \/>\nNykyaika, Kauppakatu 14, 33210 Tampere<\/p>\n<p>puh. 050 441 2040<br \/>\nAvoinna ma-pe 12-18, la-su 12-16 (suljettu n\u00e4yttelyvaihtoviikoilla)<\/p>\n","protected":false},"excerpt":{"rendered":"<p>Kev\u00e4\u00e4n 2016 n\u00e4yttelyt ovat: TAMMIKUU Lasse Lecklin: Expedition 9.-31.1.2016 Tammikuussa avataan Nykyajan kellarikerroksen n\u00e4yttelytilat: sek\u00e4 katutason ett\u00e4 kellarin gallerissa on esill\u00e4 helsinkil\u00e4isen valokuvaaja Lasse Lecklinin (s. 1982) Expedition, joissa tutkimusmatkaillaan pohjoisen arktisille alueille. H\u00e4n kuvasi n\u00e4yttelyn teokset kahden vuoden aikana Suomen ja Norjan Lapissa sek\u00e4 Huippuvuorilla. Valokuvasarjojen ja videoteosten kantava teema on ihmisen ja luonnon [&hellip;]<\/p>\n","protected":false},"author":6,"featured_media":1004,"comment_status":"closed","ping_status":"closed","sticky":false,"template":"","format":"standard","meta":{"iawp_total_views":4,"footnotes":""},"categories":[4],"tags":[],"class_list":["post-1206","post","type-post","status-publish","format-standard","has-post-thumbnail","hentry","category-menneet"],"yoast_head":"<!-- This site is optimized with the Yoast SEO plugin v27.4 - https:\/\/yoast.com\/product\/yoast-seo-wordpress\/ -->\n<title>Kev\u00e4\u00e4n 2016 n\u00e4yttelyt - Valokuvakeskus Nykyaika<\/title>\n<meta name=\"robots\" content=\"index, follow, max-snippet:-1, max-image-preview:large, max-video-preview:-1\" \/>\n<link rel=\"canonical\" href=\"https:\/\/valokuvakeskusnykyaika.fi\/en\/kevat2016\/\" \/>\n<meta property=\"og:locale\" content=\"en_GB\" \/>\n<meta property=\"og:type\" content=\"article\" \/>\n<meta property=\"og:title\" content=\"Kev\u00e4\u00e4n 2016 n\u00e4yttelyt - Valokuvakeskus Nykyaika\" \/>\n<meta property=\"og:description\" content=\"Kev\u00e4\u00e4n 2016 n\u00e4yttelyt ovat: TAMMIKUU Lasse Lecklin: Expedition 9.-31.1.2016 Tammikuussa avataan Nykyajan kellarikerroksen n\u00e4yttelytilat: sek\u00e4 katutason ett\u00e4 kellarin gallerissa on esill\u00e4 helsinkil\u00e4isen valokuvaaja Lasse Lecklinin (s. 1982) Expedition, joissa tutkimusmatkaillaan pohjoisen arktisille alueille. H\u00e4n kuvasi n\u00e4yttelyn teokset kahden vuoden aikana Suomen ja Norjan Lapissa sek\u00e4 Huippuvuorilla. Valokuvasarjojen ja videoteosten kantava teema on ihmisen ja luonnon [&hellip;]\" \/>\n<meta property=\"og:url\" content=\"https:\/\/valokuvakeskusnykyaika.fi\/en\/kevat2016\/\" \/>\n<meta property=\"og:site_name\" content=\"Valokuvakeskus Nykyaika\" \/>\n<meta property=\"article:publisher\" content=\"https:\/\/www.facebook.com\/valokuvakeskus.nykyaika\/\" \/>\n<meta property=\"article:published_time\" content=\"2015-12-14T11:47:57+00:00\" \/>\n<meta property=\"article:modified_time\" content=\"2015-12-14T13:56:41+00:00\" \/>\n<meta property=\"og:image\" content=\"https:\/\/valokuvakeskusnykyaika.fi\/wp-content\/uploads\/2013\/01\/galleria.jpg\" \/>\n\t<meta property=\"og:image:width\" content=\"254\" \/>\n\t<meta property=\"og:image:height\" content=\"269\" \/>\n\t<meta property=\"og:image:type\" content=\"image\/jpeg\" \/>\n<meta name=\"author\" content=\"info.nykyaika@backlight.fi\" \/>\n<meta name=\"twitter:card\" content=\"summary_large_image\" \/>\n<meta name=\"twitter:creator\" content=\"@nykyaika\" \/>\n<meta name=\"twitter:site\" content=\"@nykyaika\" \/>\n<meta name=\"twitter:label1\" content=\"Written by\" \/>\n\t<meta name=\"twitter:data1\" content=\"info.nykyaika@backlight.fi\" \/>\n\t<meta name=\"twitter:label2\" content=\"Estimated reading time\" \/>\n\t<meta name=\"twitter:data2\" content=\"5 minutes\" \/>\n<script type=\"application\/ld+json\" class=\"yoast-schema-graph\">{\"@context\":\"https:\\\/\\\/schema.org\",\"@graph\":[{\"@type\":\"Article\",\"@id\":\"https:\\\/\\\/valokuvakeskusnykyaika.fi\\\/kevat2016\\\/#article\",\"isPartOf\":{\"@id\":\"https:\\\/\\\/valokuvakeskusnykyaika.fi\\\/kevat2016\\\/\"},\"author\":{\"name\":\"info.nykyaika@backlight.fi\",\"@id\":\"https:\\\/\\\/valokuvakeskusnykyaika.fi\\\/#\\\/schema\\\/person\\\/41ef90f7d89984ccaca756c8d4241c19\"},\"headline\":\"Kev\u00e4\u00e4n 2016 n\u00e4yttelyt\",\"datePublished\":\"2015-12-14T11:47:57+00:00\",\"dateModified\":\"2015-12-14T13:56:41+00:00\",\"mainEntityOfPage\":{\"@id\":\"https:\\\/\\\/valokuvakeskusnykyaika.fi\\\/kevat2016\\\/\"},\"wordCount\":966,\"publisher\":{\"@id\":\"https:\\\/\\\/valokuvakeskusnykyaika.fi\\\/#organization\"},\"image\":{\"@id\":\"https:\\\/\\\/valokuvakeskusnykyaika.fi\\\/kevat2016\\\/#primaryimage\"},\"thumbnailUrl\":\"https:\\\/\\\/valokuvakeskusnykyaika.fi\\\/wp-content\\\/uploads\\\/2013\\\/01\\\/galleria.jpg\",\"articleSection\":[\"Menneet\"],\"inLanguage\":\"en-GB\"},{\"@type\":\"WebPage\",\"@id\":\"https:\\\/\\\/valokuvakeskusnykyaika.fi\\\/kevat2016\\\/\",\"url\":\"https:\\\/\\\/valokuvakeskusnykyaika.fi\\\/kevat2016\\\/\",\"name\":\"Kev\u00e4\u00e4n 2016 n\u00e4yttelyt - Valokuvakeskus Nykyaika\",\"isPartOf\":{\"@id\":\"https:\\\/\\\/valokuvakeskusnykyaika.fi\\\/#website\"},\"primaryImageOfPage\":{\"@id\":\"https:\\\/\\\/valokuvakeskusnykyaika.fi\\\/kevat2016\\\/#primaryimage\"},\"image\":{\"@id\":\"https:\\\/\\\/valokuvakeskusnykyaika.fi\\\/kevat2016\\\/#primaryimage\"},\"thumbnailUrl\":\"https:\\\/\\\/valokuvakeskusnykyaika.fi\\\/wp-content\\\/uploads\\\/2013\\\/01\\\/galleria.jpg\",\"datePublished\":\"2015-12-14T11:47:57+00:00\",\"dateModified\":\"2015-12-14T13:56:41+00:00\",\"breadcrumb\":{\"@id\":\"https:\\\/\\\/valokuvakeskusnykyaika.fi\\\/kevat2016\\\/#breadcrumb\"},\"inLanguage\":\"en-GB\",\"potentialAction\":[{\"@type\":\"ReadAction\",\"target\":[\"https:\\\/\\\/valokuvakeskusnykyaika.fi\\\/kevat2016\\\/\"]}]},{\"@type\":\"ImageObject\",\"inLanguage\":\"en-GB\",\"@id\":\"https:\\\/\\\/valokuvakeskusnykyaika.fi\\\/kevat2016\\\/#primaryimage\",\"url\":\"https:\\\/\\\/valokuvakeskusnykyaika.fi\\\/wp-content\\\/uploads\\\/2013\\\/01\\\/galleria.jpg\",\"contentUrl\":\"https:\\\/\\\/valokuvakeskusnykyaika.fi\\\/wp-content\\\/uploads\\\/2013\\\/01\\\/galleria.jpg\",\"width\":254,\"height\":269},{\"@type\":\"BreadcrumbList\",\"@id\":\"https:\\\/\\\/valokuvakeskusnykyaika.fi\\\/kevat2016\\\/#breadcrumb\",\"itemListElement\":[{\"@type\":\"ListItem\",\"position\":1,\"name\":\"Etusivu\",\"item\":\"https:\\\/\\\/valokuvakeskusnykyaika.fi\\\/\"},{\"@type\":\"ListItem\",\"position\":2,\"name\":\"Kev\u00e4\u00e4n 2016 n\u00e4yttelyt\"}]},{\"@type\":\"WebSite\",\"@id\":\"https:\\\/\\\/valokuvakeskusnykyaika.fi\\\/#website\",\"url\":\"https:\\\/\\\/valokuvakeskusnykyaika.fi\\\/\",\"name\":\"Valokuvakeskus Nykyaika\",\"description\":\"Nykyaika on avoin kohtaamispaikka kaikille valokuvataiteen yst\u00e4ville\",\"publisher\":{\"@id\":\"https:\\\/\\\/valokuvakeskusnykyaika.fi\\\/#organization\"},\"potentialAction\":[{\"@type\":\"SearchAction\",\"target\":{\"@type\":\"EntryPoint\",\"urlTemplate\":\"https:\\\/\\\/valokuvakeskusnykyaika.fi\\\/?s={search_term_string}\"},\"query-input\":{\"@type\":\"PropertyValueSpecification\",\"valueRequired\":true,\"valueName\":\"search_term_string\"}}],\"inLanguage\":\"en-GB\"},{\"@type\":\"Organization\",\"@id\":\"https:\\\/\\\/valokuvakeskusnykyaika.fi\\\/#organization\",\"name\":\"Valokuvakeskus Nykyaika\",\"url\":\"https:\\\/\\\/valokuvakeskusnykyaika.fi\\\/\",\"logo\":{\"@type\":\"ImageObject\",\"inLanguage\":\"en-GB\",\"@id\":\"https:\\\/\\\/valokuvakeskusnykyaika.fi\\\/#\\\/schema\\\/logo\\\/image\\\/\",\"url\":\"https:\\\/\\\/valokuvakeskusnykyaika.fi\\\/wp-content\\\/uploads\\\/2019\\\/01\\\/NY-Valokuvakeskus-logo-pieni.png\",\"contentUrl\":\"https:\\\/\\\/valokuvakeskusnykyaika.fi\\\/wp-content\\\/uploads\\\/2019\\\/01\\\/NY-Valokuvakeskus-logo-pieni.png\",\"width\":300,\"height\":314,\"caption\":\"Valokuvakeskus Nykyaika\"},\"image\":{\"@id\":\"https:\\\/\\\/valokuvakeskusnykyaika.fi\\\/#\\\/schema\\\/logo\\\/image\\\/\"},\"sameAs\":[\"https:\\\/\\\/www.facebook.com\\\/valokuvakeskus.nykyaika\\\/\",\"https:\\\/\\\/x.com\\\/nykyaika\",\"https:\\\/\\\/www.instagram.com\\\/nykyaika\\\/\"]},{\"@type\":\"Person\",\"@id\":\"https:\\\/\\\/valokuvakeskusnykyaika.fi\\\/#\\\/schema\\\/person\\\/41ef90f7d89984ccaca756c8d4241c19\",\"name\":\"info.nykyaika@backlight.fi\",\"url\":\"https:\\\/\\\/valokuvakeskusnykyaika.fi\\\/en\\\/author\\\/info-nykyaikabacklight-fi\\\/\"}]}<\/script>\n<!-- \/ Yoast SEO plugin. -->","yoast_head_json":{"title":"Kev\u00e4\u00e4n 2016 n\u00e4yttelyt - Valokuvakeskus Nykyaika","robots":{"index":"index","follow":"follow","max-snippet":"max-snippet:-1","max-image-preview":"max-image-preview:large","max-video-preview":"max-video-preview:-1"},"canonical":"https:\/\/valokuvakeskusnykyaika.fi\/en\/kevat2016\/","og_locale":"en_GB","og_type":"article","og_title":"Kev\u00e4\u00e4n 2016 n\u00e4yttelyt - Valokuvakeskus Nykyaika","og_description":"Kev\u00e4\u00e4n 2016 n\u00e4yttelyt ovat: TAMMIKUU Lasse Lecklin: Expedition 9.-31.1.2016 Tammikuussa avataan Nykyajan kellarikerroksen n\u00e4yttelytilat: sek\u00e4 katutason ett\u00e4 kellarin gallerissa on esill\u00e4 helsinkil\u00e4isen valokuvaaja Lasse Lecklinin (s. 1982) Expedition, joissa tutkimusmatkaillaan pohjoisen arktisille alueille. H\u00e4n kuvasi n\u00e4yttelyn teokset kahden vuoden aikana Suomen ja Norjan Lapissa sek\u00e4 Huippuvuorilla. Valokuvasarjojen ja videoteosten kantava teema on ihmisen ja luonnon [&hellip;]","og_url":"https:\/\/valokuvakeskusnykyaika.fi\/en\/kevat2016\/","og_site_name":"Valokuvakeskus Nykyaika","article_publisher":"https:\/\/www.facebook.com\/valokuvakeskus.nykyaika\/","article_published_time":"2015-12-14T11:47:57+00:00","article_modified_time":"2015-12-14T13:56:41+00:00","og_image":[{"width":254,"height":269,"url":"https:\/\/valokuvakeskusnykyaika.fi\/wp-content\/uploads\/2013\/01\/galleria.jpg","type":"image\/jpeg"}],"author":"info.nykyaika@backlight.fi","twitter_card":"summary_large_image","twitter_creator":"@nykyaika","twitter_site":"@nykyaika","twitter_misc":{"Written by":"info.nykyaika@backlight.fi","Estimated reading time":"5 minutes"},"schema":{"@context":"https:\/\/schema.org","@graph":[{"@type":"Article","@id":"https:\/\/valokuvakeskusnykyaika.fi\/kevat2016\/#article","isPartOf":{"@id":"https:\/\/valokuvakeskusnykyaika.fi\/kevat2016\/"},"author":{"name":"info.nykyaika@backlight.fi","@id":"https:\/\/valokuvakeskusnykyaika.fi\/#\/schema\/person\/41ef90f7d89984ccaca756c8d4241c19"},"headline":"Kev\u00e4\u00e4n 2016 n\u00e4yttelyt","datePublished":"2015-12-14T11:47:57+00:00","dateModified":"2015-12-14T13:56:41+00:00","mainEntityOfPage":{"@id":"https:\/\/valokuvakeskusnykyaika.fi\/kevat2016\/"},"wordCount":966,"publisher":{"@id":"https:\/\/valokuvakeskusnykyaika.fi\/#organization"},"image":{"@id":"https:\/\/valokuvakeskusnykyaika.fi\/kevat2016\/#primaryimage"},"thumbnailUrl":"https:\/\/valokuvakeskusnykyaika.fi\/wp-content\/uploads\/2013\/01\/galleria.jpg","articleSection":["Menneet"],"inLanguage":"en-GB"},{"@type":"WebPage","@id":"https:\/\/valokuvakeskusnykyaika.fi\/kevat2016\/","url":"https:\/\/valokuvakeskusnykyaika.fi\/kevat2016\/","name":"Kev\u00e4\u00e4n 2016 n\u00e4yttelyt - Valokuvakeskus Nykyaika","isPartOf":{"@id":"https:\/\/valokuvakeskusnykyaika.fi\/#website"},"primaryImageOfPage":{"@id":"https:\/\/valokuvakeskusnykyaika.fi\/kevat2016\/#primaryimage"},"image":{"@id":"https:\/\/valokuvakeskusnykyaika.fi\/kevat2016\/#primaryimage"},"thumbnailUrl":"https:\/\/valokuvakeskusnykyaika.fi\/wp-content\/uploads\/2013\/01\/galleria.jpg","datePublished":"2015-12-14T11:47:57+00:00","dateModified":"2015-12-14T13:56:41+00:00","breadcrumb":{"@id":"https:\/\/valokuvakeskusnykyaika.fi\/kevat2016\/#breadcrumb"},"inLanguage":"en-GB","potentialAction":[{"@type":"ReadAction","target":["https:\/\/valokuvakeskusnykyaika.fi\/kevat2016\/"]}]},{"@type":"ImageObject","inLanguage":"en-GB","@id":"https:\/\/valokuvakeskusnykyaika.fi\/kevat2016\/#primaryimage","url":"https:\/\/valokuvakeskusnykyaika.fi\/wp-content\/uploads\/2013\/01\/galleria.jpg","contentUrl":"https:\/\/valokuvakeskusnykyaika.fi\/wp-content\/uploads\/2013\/01\/galleria.jpg","width":254,"height":269},{"@type":"BreadcrumbList","@id":"https:\/\/valokuvakeskusnykyaika.fi\/kevat2016\/#breadcrumb","itemListElement":[{"@type":"ListItem","position":1,"name":"Etusivu","item":"https:\/\/valokuvakeskusnykyaika.fi\/"},{"@type":"ListItem","position":2,"name":"Kev\u00e4\u00e4n 2016 n\u00e4yttelyt"}]},{"@type":"WebSite","@id":"https:\/\/valokuvakeskusnykyaika.fi\/#website","url":"https:\/\/valokuvakeskusnykyaika.fi\/","name":"Photographic Centre Nykyaika","description":"Nykyaika on avoin kohtaamispaikka kaikille valokuvataiteen yst\u00e4ville","publisher":{"@id":"https:\/\/valokuvakeskusnykyaika.fi\/#organization"},"potentialAction":[{"@type":"SearchAction","target":{"@type":"EntryPoint","urlTemplate":"https:\/\/valokuvakeskusnykyaika.fi\/?s={search_term_string}"},"query-input":{"@type":"PropertyValueSpecification","valueRequired":true,"valueName":"search_term_string"}}],"inLanguage":"en-GB"},{"@type":"Organization","@id":"https:\/\/valokuvakeskusnykyaika.fi\/#organization","name":"Photographic Centre Nykyaika","url":"https:\/\/valokuvakeskusnykyaika.fi\/","logo":{"@type":"ImageObject","inLanguage":"en-GB","@id":"https:\/\/valokuvakeskusnykyaika.fi\/#\/schema\/logo\/image\/","url":"https:\/\/valokuvakeskusnykyaika.fi\/wp-content\/uploads\/2019\/01\/NY-Valokuvakeskus-logo-pieni.png","contentUrl":"https:\/\/valokuvakeskusnykyaika.fi\/wp-content\/uploads\/2019\/01\/NY-Valokuvakeskus-logo-pieni.png","width":300,"height":314,"caption":"Valokuvakeskus Nykyaika"},"image":{"@id":"https:\/\/valokuvakeskusnykyaika.fi\/#\/schema\/logo\/image\/"},"sameAs":["https:\/\/www.facebook.com\/valokuvakeskus.nykyaika\/","https:\/\/x.com\/nykyaika","https:\/\/www.instagram.com\/nykyaika\/"]},{"@type":"Person","@id":"https:\/\/valokuvakeskusnykyaika.fi\/#\/schema\/person\/41ef90f7d89984ccaca756c8d4241c19","name":"info.nykyaika@backlight.fi","url":"https:\/\/valokuvakeskusnykyaika.fi\/en\/author\/info-nykyaikabacklight-fi\/"}]}},"_links":{"self":[{"href":"https:\/\/valokuvakeskusnykyaika.fi\/en\/wp-json\/wp\/v2\/posts\/1206","targetHints":{"allow":["GET"]}}],"collection":[{"href":"https:\/\/valokuvakeskusnykyaika.fi\/en\/wp-json\/wp\/v2\/posts"}],"about":[{"href":"https:\/\/valokuvakeskusnykyaika.fi\/en\/wp-json\/wp\/v2\/types\/post"}],"author":[{"embeddable":true,"href":"https:\/\/valokuvakeskusnykyaika.fi\/en\/wp-json\/wp\/v2\/users\/6"}],"replies":[{"embeddable":true,"href":"https:\/\/valokuvakeskusnykyaika.fi\/en\/wp-json\/wp\/v2\/comments?post=1206"}],"version-history":[{"count":11,"href":"https:\/\/valokuvakeskusnykyaika.fi\/en\/wp-json\/wp\/v2\/posts\/1206\/revisions"}],"predecessor-version":[{"id":1233,"href":"https:\/\/valokuvakeskusnykyaika.fi\/en\/wp-json\/wp\/v2\/posts\/1206\/revisions\/1233"}],"wp:featuredmedia":[{"embeddable":true,"href":"https:\/\/valokuvakeskusnykyaika.fi\/en\/wp-json\/wp\/v2\/media\/1004"}],"wp:attachment":[{"href":"https:\/\/valokuvakeskusnykyaika.fi\/en\/wp-json\/wp\/v2\/media?parent=1206"}],"wp:term":[{"taxonomy":"category","embeddable":true,"href":"https:\/\/valokuvakeskusnykyaika.fi\/en\/wp-json\/wp\/v2\/categories?post=1206"},{"taxonomy":"post_tag","embeddable":true,"href":"https:\/\/valokuvakeskusnykyaika.fi\/en\/wp-json\/wp\/v2\/tags?post=1206"}],"curies":[{"name":"wp","href":"https:\/\/api.w.org\/{rel}","templated":true}]}}