{"id":1342,"date":"2016-02-28T11:45:56","date_gmt":"2016-02-28T09:45:56","guid":{"rendered":"http:\/\/valokuvakeskusnykyaika.fi\/?p=1342"},"modified":"2016-02-22T12:49:37","modified_gmt":"2016-02-22T10:49:37","slug":"maaliskuu-kellari","status":"publish","type":"post","link":"https:\/\/valokuvakeskusnykyaika.fi\/en\/maaliskuu-kellari\/","title":{"rendered":"MAALISKUU: Hyv\u00e4rinen, M\u00e4ntymaa"},"content":{"rendered":"<p>KELLARISSA 5. &#8211; 27.3.2016:<\/p>\n<p>&nbsp;<\/p>\n<p>Nykyajan kellarissa on esill\u00e4 <strong>Aimo Hyv\u00e4risen<\/strong> installaatio kolmelle videotykille. Kolmen n\u00e4yt\u00f6ksen videoperformanssissa taiteilija <strong>Heikki M\u00e4ntymaa<\/strong> tekee kiireet\u00f6nt\u00e4 matkaa penkin kanssa: \u201d<em>El\u00e4m\u00e4\u00e4 kokenut penkki on minulle milloin lohtu, milloin ilo, itku, ik\u00e4v\u00e4. Vaikka el\u00e4m\u00e4 erehdytt\u00e4\u00e4, penkki ei j\u00e4t\u00e4 eik\u00e4 pet\u00e4. Olen ollut penkkini kanssa niin museoissa, gallerioissa, katoilla ja kaduilla, kirkoissa ja kulkuv\u00e4lineiss\u00e4 esiintym\u00e4ss\u00e4.<\/em>\u201d Penkki on kuvaus taiteen, ihmisten ja tilanteiden kohtaamisista. Samalla se on kuvaus er\u00e4\u00e4n taiteilijan maailmasta ja tekemisen l\u00e4ht\u00f6kohdista. Teoksen k\u00e4sikirjoitus: Aimo Hyv\u00e4rinen ja Heikki M\u00e4ntymaa, videototeutus Aimo Hyv\u00e4rinen, leikkaus <strong>Irma Silvennoinen<\/strong>.<\/p>\n<p>&nbsp;<\/p>\n<p>Video- ja mediataiteilija Aimo Hyv\u00e4rinen (s. 1952) on toiminut valokuva- ja mediataiteen pedagogina vuodesta 1980. H\u00e4n on ty\u00f6skennellyt laaja-alaisesti mediatuotantojen, taiteen ja viestinn\u00e4n alueilla ja pit\u00e4nyt omia n\u00e4yttelyit\u00e4 koti- ja ulkomailla aina 1970-luvun lopulta alkaen.<\/p>\n<p>&nbsp;<\/p>\n<p>Tampereen Messukyl\u00e4ss\u00e4 syntynyt (v. 1944) Heikki M\u00e4ntymaa teki taiteilijadebyyttins\u00e4 Dimensio-ryhm\u00e4ss\u00e4 vuonna 1985, jonka j\u00e4lkeen h\u00e4n on tehnyt satoja performansseja ja osallistunut lukuisiin n\u00e4yttelyihin. M\u00e4ntymaa on performanssitaiteilija, valokuvataiteilija, ymp\u00e4rist\u00f6taiteilija, taidemalli, kirjoittaja ja kouluttaja &#8211; sanalla sanoen vapaa taiteilija.<\/p>\n<p>&nbsp;<\/p>\n<div id=\"attachment_1223\" class=\"wp-caption alignleft\"><img loading=\"lazy\" decoding=\"async\" aria-describedby=\"caption-attachment-1223\" class=\"wp-image-1223 size-large\" src=\"http:\/\/valokuvakeskusnykyaika.fi\/wp-content\/uploads\/2015\/12\/Hyvarinen_Penkki-640x359.jpg\" alt=\"Aimo Hyv\u00e4rinen: Penkki (videoclip)\" width=\"640\" height=\"359\" \/><p id=\"caption-attachment-1223\" class=\"wp-caption-text\">Aimo Hyv\u00e4rinen: Penkki (videoclip)<\/p><\/div>","protected":false},"excerpt":{"rendered":"<p>KELLARISSA 5. &#8211; 27.3.2016: &nbsp; Nykyajan kellarissa on esill\u00e4 Aimo Hyv\u00e4risen installaatio kolmelle videotykille. Kolmen n\u00e4yt\u00f6ksen videoperformanssissa taiteilija Heikki M\u00e4ntymaa tekee kiireet\u00f6nt\u00e4 matkaa penkin kanssa: \u201dEl\u00e4m\u00e4\u00e4 kokenut penkki on minulle milloin lohtu, milloin ilo, itku, ik\u00e4v\u00e4. Vaikka el\u00e4m\u00e4 erehdytt\u00e4\u00e4, penkki ei j\u00e4t\u00e4 eik\u00e4 pet\u00e4. Olen ollut penkkini kanssa niin museoissa, gallerioissa, katoilla ja kaduilla, kirkoissa [&hellip;]<\/p>\n","protected":false},"author":6,"featured_media":1223,"comment_status":"closed","ping_status":"closed","sticky":false,"template":"","format":"standard","meta":{"iawp_total_views":9,"footnotes":""},"categories":[4],"tags":[],"class_list":["post-1342","post","type-post","status-publish","format-standard","has-post-thumbnail","hentry","category-menneet"],"yoast_head":"<!-- This site is optimized with the Yoast SEO plugin v27.5 - https:\/\/yoast.com\/product\/yoast-seo-wordpress\/ -->\n<title>MAALISKUU: Hyv\u00e4rinen, M\u00e4ntymaa - Valokuvakeskus Nykyaika<\/title>\n<meta name=\"robots\" content=\"index, follow, max-snippet:-1, max-image-preview:large, max-video-preview:-1\" \/>\n<link rel=\"canonical\" href=\"https:\/\/valokuvakeskusnykyaika.fi\/en\/maaliskuu-kellari\/\" \/>\n<meta property=\"og:locale\" content=\"en_GB\" \/>\n<meta property=\"og:type\" content=\"article\" \/>\n<meta property=\"og:title\" content=\"MAALISKUU: Hyv\u00e4rinen, M\u00e4ntymaa - Valokuvakeskus Nykyaika\" \/>\n<meta property=\"og:description\" content=\"KELLARISSA 5. &#8211; 27.3.2016: &nbsp; Nykyajan kellarissa on esill\u00e4 Aimo Hyv\u00e4risen installaatio kolmelle videotykille. Kolmen n\u00e4yt\u00f6ksen videoperformanssissa taiteilija Heikki M\u00e4ntymaa tekee kiireet\u00f6nt\u00e4 matkaa penkin kanssa: \u201dEl\u00e4m\u00e4\u00e4 kokenut penkki on minulle milloin lohtu, milloin ilo, itku, ik\u00e4v\u00e4. Vaikka el\u00e4m\u00e4 erehdytt\u00e4\u00e4, penkki ei j\u00e4t\u00e4 eik\u00e4 pet\u00e4. Olen ollut penkkini kanssa niin museoissa, gallerioissa, katoilla ja kaduilla, kirkoissa [&hellip;]\" \/>\n<meta property=\"og:url\" content=\"https:\/\/valokuvakeskusnykyaika.fi\/en\/maaliskuu-kellari\/\" \/>\n<meta property=\"og:site_name\" content=\"Valokuvakeskus Nykyaika\" \/>\n<meta property=\"article:publisher\" content=\"https:\/\/www.facebook.com\/valokuvakeskus.nykyaika\/\" \/>\n<meta property=\"article:published_time\" content=\"2016-02-28T09:45:56+00:00\" \/>\n<meta property=\"og:image\" content=\"https:\/\/valokuvakeskusnykyaika.fi\/wp-content\/uploads\/2015\/12\/Hyvarinen_Penkki.jpg\" \/>\n\t<meta property=\"og:image:width\" content=\"2560\" \/>\n\t<meta property=\"og:image:height\" content=\"1436\" \/>\n\t<meta property=\"og:image:type\" content=\"image\/jpeg\" \/>\n<meta name=\"author\" content=\"info.nykyaika@backlight.fi\" \/>\n<meta name=\"twitter:card\" content=\"summary_large_image\" \/>\n<meta name=\"twitter:creator\" content=\"@nykyaika\" \/>\n<meta name=\"twitter:site\" content=\"@nykyaika\" \/>\n<meta name=\"twitter:label1\" content=\"Written by\" \/>\n\t<meta name=\"twitter:data1\" content=\"info.nykyaika@backlight.fi\" \/>\n\t<meta name=\"twitter:label2\" content=\"Estimated reading time\" \/>\n\t<meta name=\"twitter:data2\" content=\"1 minute\" \/>\n<script type=\"application\/ld+json\" class=\"yoast-schema-graph\">{\"@context\":\"https:\\\/\\\/schema.org\",\"@graph\":[{\"@type\":\"Article\",\"@id\":\"https:\\\/\\\/valokuvakeskusnykyaika.fi\\\/maaliskuu-kellari\\\/#article\",\"isPartOf\":{\"@id\":\"https:\\\/\\\/valokuvakeskusnykyaika.fi\\\/maaliskuu-kellari\\\/\"},\"author\":{\"name\":\"info.nykyaika@backlight.fi\",\"@id\":\"https:\\\/\\\/valokuvakeskusnykyaika.fi\\\/#\\\/schema\\\/person\\\/41ef90f7d89984ccaca756c8d4241c19\"},\"headline\":\"MAALISKUU: Hyv\u00e4rinen, M\u00e4ntymaa\",\"datePublished\":\"2016-02-28T09:45:56+00:00\",\"mainEntityOfPage\":{\"@id\":\"https:\\\/\\\/valokuvakeskusnykyaika.fi\\\/maaliskuu-kellari\\\/\"},\"wordCount\":208,\"publisher\":{\"@id\":\"https:\\\/\\\/valokuvakeskusnykyaika.fi\\\/#organization\"},\"image\":{\"@id\":\"https:\\\/\\\/valokuvakeskusnykyaika.fi\\\/maaliskuu-kellari\\\/#primaryimage\"},\"thumbnailUrl\":\"https:\\\/\\\/valokuvakeskusnykyaika.fi\\\/wp-content\\\/uploads\\\/2015\\\/12\\\/Hyvarinen_Penkki.jpg\",\"articleSection\":[\"Menneet\"],\"inLanguage\":\"en-GB\"},{\"@type\":\"WebPage\",\"@id\":\"https:\\\/\\\/valokuvakeskusnykyaika.fi\\\/maaliskuu-kellari\\\/\",\"url\":\"https:\\\/\\\/valokuvakeskusnykyaika.fi\\\/maaliskuu-kellari\\\/\",\"name\":\"MAALISKUU: Hyv\u00e4rinen, M\u00e4ntymaa - Valokuvakeskus Nykyaika\",\"isPartOf\":{\"@id\":\"https:\\\/\\\/valokuvakeskusnykyaika.fi\\\/#website\"},\"primaryImageOfPage\":{\"@id\":\"https:\\\/\\\/valokuvakeskusnykyaika.fi\\\/maaliskuu-kellari\\\/#primaryimage\"},\"image\":{\"@id\":\"https:\\\/\\\/valokuvakeskusnykyaika.fi\\\/maaliskuu-kellari\\\/#primaryimage\"},\"thumbnailUrl\":\"https:\\\/\\\/valokuvakeskusnykyaika.fi\\\/wp-content\\\/uploads\\\/2015\\\/12\\\/Hyvarinen_Penkki.jpg\",\"datePublished\":\"2016-02-28T09:45:56+00:00\",\"breadcrumb\":{\"@id\":\"https:\\\/\\\/valokuvakeskusnykyaika.fi\\\/maaliskuu-kellari\\\/#breadcrumb\"},\"inLanguage\":\"en-GB\",\"potentialAction\":[{\"@type\":\"ReadAction\",\"target\":[\"https:\\\/\\\/valokuvakeskusnykyaika.fi\\\/maaliskuu-kellari\\\/\"]}]},{\"@type\":\"ImageObject\",\"inLanguage\":\"en-GB\",\"@id\":\"https:\\\/\\\/valokuvakeskusnykyaika.fi\\\/maaliskuu-kellari\\\/#primaryimage\",\"url\":\"https:\\\/\\\/valokuvakeskusnykyaika.fi\\\/wp-content\\\/uploads\\\/2015\\\/12\\\/Hyvarinen_Penkki.jpg\",\"contentUrl\":\"https:\\\/\\\/valokuvakeskusnykyaika.fi\\\/wp-content\\\/uploads\\\/2015\\\/12\\\/Hyvarinen_Penkki.jpg\",\"width\":2560,\"height\":1436,\"caption\":\"Aimo Hyv\u00e4rinen: Penkki (videoclip)\"},{\"@type\":\"BreadcrumbList\",\"@id\":\"https:\\\/\\\/valokuvakeskusnykyaika.fi\\\/maaliskuu-kellari\\\/#breadcrumb\",\"itemListElement\":[{\"@type\":\"ListItem\",\"position\":1,\"name\":\"Etusivu\",\"item\":\"https:\\\/\\\/valokuvakeskusnykyaika.fi\\\/\"},{\"@type\":\"ListItem\",\"position\":2,\"name\":\"MAALISKUU: Hyv\u00e4rinen, M\u00e4ntymaa\"}]},{\"@type\":\"WebSite\",\"@id\":\"https:\\\/\\\/valokuvakeskusnykyaika.fi\\\/#website\",\"url\":\"https:\\\/\\\/valokuvakeskusnykyaika.fi\\\/\",\"name\":\"Valokuvakeskus Nykyaika\",\"description\":\"Nykyaika on avoin kohtaamispaikka kaikille valokuvataiteen yst\u00e4ville\",\"publisher\":{\"@id\":\"https:\\\/\\\/valokuvakeskusnykyaika.fi\\\/#organization\"},\"potentialAction\":[{\"@type\":\"SearchAction\",\"target\":{\"@type\":\"EntryPoint\",\"urlTemplate\":\"https:\\\/\\\/valokuvakeskusnykyaika.fi\\\/?s={search_term_string}\"},\"query-input\":{\"@type\":\"PropertyValueSpecification\",\"valueRequired\":true,\"valueName\":\"search_term_string\"}}],\"inLanguage\":\"en-GB\"},{\"@type\":\"Organization\",\"@id\":\"https:\\\/\\\/valokuvakeskusnykyaika.fi\\\/#organization\",\"name\":\"Valokuvakeskus Nykyaika\",\"url\":\"https:\\\/\\\/valokuvakeskusnykyaika.fi\\\/\",\"logo\":{\"@type\":\"ImageObject\",\"inLanguage\":\"en-GB\",\"@id\":\"https:\\\/\\\/valokuvakeskusnykyaika.fi\\\/#\\\/schema\\\/logo\\\/image\\\/\",\"url\":\"https:\\\/\\\/valokuvakeskusnykyaika.fi\\\/wp-content\\\/uploads\\\/2019\\\/01\\\/NY-Valokuvakeskus-logo-pieni.png\",\"contentUrl\":\"https:\\\/\\\/valokuvakeskusnykyaika.fi\\\/wp-content\\\/uploads\\\/2019\\\/01\\\/NY-Valokuvakeskus-logo-pieni.png\",\"width\":300,\"height\":314,\"caption\":\"Valokuvakeskus Nykyaika\"},\"image\":{\"@id\":\"https:\\\/\\\/valokuvakeskusnykyaika.fi\\\/#\\\/schema\\\/logo\\\/image\\\/\"},\"sameAs\":[\"https:\\\/\\\/www.facebook.com\\\/valokuvakeskus.nykyaika\\\/\",\"https:\\\/\\\/x.com\\\/nykyaika\",\"https:\\\/\\\/www.instagram.com\\\/nykyaika\\\/\"]},{\"@type\":\"Person\",\"@id\":\"https:\\\/\\\/valokuvakeskusnykyaika.fi\\\/#\\\/schema\\\/person\\\/41ef90f7d89984ccaca756c8d4241c19\",\"name\":\"info.nykyaika@backlight.fi\",\"url\":\"https:\\\/\\\/valokuvakeskusnykyaika.fi\\\/en\\\/author\\\/info-nykyaikabacklight-fi\\\/\"}]}<\/script>\n<!-- \/ Yoast SEO plugin. -->","yoast_head_json":{"title":"MAALISKUU: Hyv\u00e4rinen, M\u00e4ntymaa - Valokuvakeskus Nykyaika","robots":{"index":"index","follow":"follow","max-snippet":"max-snippet:-1","max-image-preview":"max-image-preview:large","max-video-preview":"max-video-preview:-1"},"canonical":"https:\/\/valokuvakeskusnykyaika.fi\/en\/maaliskuu-kellari\/","og_locale":"en_GB","og_type":"article","og_title":"MAALISKUU: Hyv\u00e4rinen, M\u00e4ntymaa - Valokuvakeskus Nykyaika","og_description":"KELLARISSA 5. &#8211; 27.3.2016: &nbsp; Nykyajan kellarissa on esill\u00e4 Aimo Hyv\u00e4risen installaatio kolmelle videotykille. Kolmen n\u00e4yt\u00f6ksen videoperformanssissa taiteilija Heikki M\u00e4ntymaa tekee kiireet\u00f6nt\u00e4 matkaa penkin kanssa: \u201dEl\u00e4m\u00e4\u00e4 kokenut penkki on minulle milloin lohtu, milloin ilo, itku, ik\u00e4v\u00e4. Vaikka el\u00e4m\u00e4 erehdytt\u00e4\u00e4, penkki ei j\u00e4t\u00e4 eik\u00e4 pet\u00e4. Olen ollut penkkini kanssa niin museoissa, gallerioissa, katoilla ja kaduilla, kirkoissa [&hellip;]","og_url":"https:\/\/valokuvakeskusnykyaika.fi\/en\/maaliskuu-kellari\/","og_site_name":"Valokuvakeskus Nykyaika","article_publisher":"https:\/\/www.facebook.com\/valokuvakeskus.nykyaika\/","article_published_time":"2016-02-28T09:45:56+00:00","og_image":[{"width":2560,"height":1436,"url":"https:\/\/valokuvakeskusnykyaika.fi\/wp-content\/uploads\/2015\/12\/Hyvarinen_Penkki.jpg","type":"image\/jpeg"}],"author":"info.nykyaika@backlight.fi","twitter_card":"summary_large_image","twitter_creator":"@nykyaika","twitter_site":"@nykyaika","twitter_misc":{"Written by":"info.nykyaika@backlight.fi","Estimated reading time":"1 minute"},"schema":{"@context":"https:\/\/schema.org","@graph":[{"@type":"Article","@id":"https:\/\/valokuvakeskusnykyaika.fi\/maaliskuu-kellari\/#article","isPartOf":{"@id":"https:\/\/valokuvakeskusnykyaika.fi\/maaliskuu-kellari\/"},"author":{"name":"info.nykyaika@backlight.fi","@id":"https:\/\/valokuvakeskusnykyaika.fi\/#\/schema\/person\/41ef90f7d89984ccaca756c8d4241c19"},"headline":"MAALISKUU: Hyv\u00e4rinen, M\u00e4ntymaa","datePublished":"2016-02-28T09:45:56+00:00","mainEntityOfPage":{"@id":"https:\/\/valokuvakeskusnykyaika.fi\/maaliskuu-kellari\/"},"wordCount":208,"publisher":{"@id":"https:\/\/valokuvakeskusnykyaika.fi\/#organization"},"image":{"@id":"https:\/\/valokuvakeskusnykyaika.fi\/maaliskuu-kellari\/#primaryimage"},"thumbnailUrl":"https:\/\/valokuvakeskusnykyaika.fi\/wp-content\/uploads\/2015\/12\/Hyvarinen_Penkki.jpg","articleSection":["Menneet"],"inLanguage":"en-GB"},{"@type":"WebPage","@id":"https:\/\/valokuvakeskusnykyaika.fi\/maaliskuu-kellari\/","url":"https:\/\/valokuvakeskusnykyaika.fi\/maaliskuu-kellari\/","name":"MAALISKUU: Hyv\u00e4rinen, M\u00e4ntymaa - Valokuvakeskus Nykyaika","isPartOf":{"@id":"https:\/\/valokuvakeskusnykyaika.fi\/#website"},"primaryImageOfPage":{"@id":"https:\/\/valokuvakeskusnykyaika.fi\/maaliskuu-kellari\/#primaryimage"},"image":{"@id":"https:\/\/valokuvakeskusnykyaika.fi\/maaliskuu-kellari\/#primaryimage"},"thumbnailUrl":"https:\/\/valokuvakeskusnykyaika.fi\/wp-content\/uploads\/2015\/12\/Hyvarinen_Penkki.jpg","datePublished":"2016-02-28T09:45:56+00:00","breadcrumb":{"@id":"https:\/\/valokuvakeskusnykyaika.fi\/maaliskuu-kellari\/#breadcrumb"},"inLanguage":"en-GB","potentialAction":[{"@type":"ReadAction","target":["https:\/\/valokuvakeskusnykyaika.fi\/maaliskuu-kellari\/"]}]},{"@type":"ImageObject","inLanguage":"en-GB","@id":"https:\/\/valokuvakeskusnykyaika.fi\/maaliskuu-kellari\/#primaryimage","url":"https:\/\/valokuvakeskusnykyaika.fi\/wp-content\/uploads\/2015\/12\/Hyvarinen_Penkki.jpg","contentUrl":"https:\/\/valokuvakeskusnykyaika.fi\/wp-content\/uploads\/2015\/12\/Hyvarinen_Penkki.jpg","width":2560,"height":1436,"caption":"Aimo Hyv\u00e4rinen: Penkki (videoclip)"},{"@type":"BreadcrumbList","@id":"https:\/\/valokuvakeskusnykyaika.fi\/maaliskuu-kellari\/#breadcrumb","itemListElement":[{"@type":"ListItem","position":1,"name":"Etusivu","item":"https:\/\/valokuvakeskusnykyaika.fi\/"},{"@type":"ListItem","position":2,"name":"MAALISKUU: Hyv\u00e4rinen, M\u00e4ntymaa"}]},{"@type":"WebSite","@id":"https:\/\/valokuvakeskusnykyaika.fi\/#website","url":"https:\/\/valokuvakeskusnykyaika.fi\/","name":"Photographic Centre Nykyaika","description":"Nykyaika on avoin kohtaamispaikka kaikille valokuvataiteen yst\u00e4ville","publisher":{"@id":"https:\/\/valokuvakeskusnykyaika.fi\/#organization"},"potentialAction":[{"@type":"SearchAction","target":{"@type":"EntryPoint","urlTemplate":"https:\/\/valokuvakeskusnykyaika.fi\/?s={search_term_string}"},"query-input":{"@type":"PropertyValueSpecification","valueRequired":true,"valueName":"search_term_string"}}],"inLanguage":"en-GB"},{"@type":"Organization","@id":"https:\/\/valokuvakeskusnykyaika.fi\/#organization","name":"Photographic Centre Nykyaika","url":"https:\/\/valokuvakeskusnykyaika.fi\/","logo":{"@type":"ImageObject","inLanguage":"en-GB","@id":"https:\/\/valokuvakeskusnykyaika.fi\/#\/schema\/logo\/image\/","url":"https:\/\/valokuvakeskusnykyaika.fi\/wp-content\/uploads\/2019\/01\/NY-Valokuvakeskus-logo-pieni.png","contentUrl":"https:\/\/valokuvakeskusnykyaika.fi\/wp-content\/uploads\/2019\/01\/NY-Valokuvakeskus-logo-pieni.png","width":300,"height":314,"caption":"Valokuvakeskus Nykyaika"},"image":{"@id":"https:\/\/valokuvakeskusnykyaika.fi\/#\/schema\/logo\/image\/"},"sameAs":["https:\/\/www.facebook.com\/valokuvakeskus.nykyaika\/","https:\/\/x.com\/nykyaika","https:\/\/www.instagram.com\/nykyaika\/"]},{"@type":"Person","@id":"https:\/\/valokuvakeskusnykyaika.fi\/#\/schema\/person\/41ef90f7d89984ccaca756c8d4241c19","name":"info.nykyaika@backlight.fi","url":"https:\/\/valokuvakeskusnykyaika.fi\/en\/author\/info-nykyaikabacklight-fi\/"}]}},"_links":{"self":[{"href":"https:\/\/valokuvakeskusnykyaika.fi\/en\/wp-json\/wp\/v2\/posts\/1342","targetHints":{"allow":["GET"]}}],"collection":[{"href":"https:\/\/valokuvakeskusnykyaika.fi\/en\/wp-json\/wp\/v2\/posts"}],"about":[{"href":"https:\/\/valokuvakeskusnykyaika.fi\/en\/wp-json\/wp\/v2\/types\/post"}],"author":[{"embeddable":true,"href":"https:\/\/valokuvakeskusnykyaika.fi\/en\/wp-json\/wp\/v2\/users\/6"}],"replies":[{"embeddable":true,"href":"https:\/\/valokuvakeskusnykyaika.fi\/en\/wp-json\/wp\/v2\/comments?post=1342"}],"version-history":[{"count":2,"href":"https:\/\/valokuvakeskusnykyaika.fi\/en\/wp-json\/wp\/v2\/posts\/1342\/revisions"}],"predecessor-version":[{"id":1344,"href":"https:\/\/valokuvakeskusnykyaika.fi\/en\/wp-json\/wp\/v2\/posts\/1342\/revisions\/1344"}],"wp:featuredmedia":[{"embeddable":true,"href":"https:\/\/valokuvakeskusnykyaika.fi\/en\/wp-json\/wp\/v2\/media\/1223"}],"wp:attachment":[{"href":"https:\/\/valokuvakeskusnykyaika.fi\/en\/wp-json\/wp\/v2\/media?parent=1342"}],"wp:term":[{"taxonomy":"category","embeddable":true,"href":"https:\/\/valokuvakeskusnykyaika.fi\/en\/wp-json\/wp\/v2\/categories?post=1342"},{"taxonomy":"post_tag","embeddable":true,"href":"https:\/\/valokuvakeskusnykyaika.fi\/en\/wp-json\/wp\/v2\/tags?post=1342"}],"curies":[{"name":"wp","href":"https:\/\/api.w.org\/{rel}","templated":true}]}}