{"id":1459,"date":"2016-05-17T15:13:01","date_gmt":"2016-05-17T12:13:01","guid":{"rendered":"http:\/\/valokuvakeskusnykyaika.fi\/?p=1459"},"modified":"2016-05-17T15:14:32","modified_gmt":"2016-05-17T12:14:32","slug":"toukokuu-jokamiesluokka","status":"publish","type":"post","link":"https:\/\/valokuvakeskusnykyaika.fi\/en\/toukokuu-jokamiesluokka\/","title":{"rendered":"TOUKOKUU: Jokamiesluokka"},"content":{"rendered":"<p><strong>Pekka Elomaa ja Lyhdyn ty\u00f6ryhm\u00e4: Jokamiesluokka<\/strong><\/p>\n<p><strong>7.5. <\/strong><strong>\u2013<\/strong><strong> 5.6.2016<br \/>\n<\/strong><\/p>\n<p><strong>\u00a0<\/strong><\/p>\n<p>Valokuvaan ja liikkuviin muotokuviin perustuva Jokamiesluokka -n\u00e4yttely vie meid\u00e4t ihmisen\u00e4 olemisen ytimeen. Merkitys kiinnittyy pieniin yksityiskohtiin, katseisiin, eleisiin, tapaan pidell\u00e4 juomalasia. Teknist\u00e4 taituruutta t\u00e4rke\u00e4mp\u00e4\u00e4 on hetken rehellisyys, kuvaan kiinnittynyt ikuisuus. Tampereella Nykyajassa esill\u00e4 oleva n\u00e4yttely koostuu valokuvaaja Pekka Elomaan ja Lyhty ry:n kehitysvammaisten aikuisten kuvaamista muotokuvista ja videoista.<\/p>\n<p>&nbsp;<\/p>\n<div id=\"attachment_1230\" class=\"wp-caption alignleft\"><img loading=\"lazy\" decoding=\"async\" aria-describedby=\"caption-attachment-1230\" class=\"size-medium wp-image-1230\" src=\"http:\/\/valokuvakeskusnykyaika.fi\/wp-content\/uploads\/2015\/12\/Pekka-Elomaa-ja-Lyhdyn-tyoryhma_Toni-Kari-Pertti-ja-Sami_2012_72dpi-300x210.jpg\" alt=\"Pekka Elomaa ja Lyhdyn ty\u00f6ryhm\u00e4: Toni, Kari, Pertti ja Sami. 2012\" width=\"300\" height=\"210\" \/><p id=\"caption-attachment-1230\" class=\"wp-caption-text\">Pekka Elomaa ja Lyhdyn ty\u00f6ryhm\u00e4: Toni, Kari, Pertti ja Sami. 2012<\/p><\/div>\n<p>N\u00e4yttelyn teokset ovat syntyneet ty\u00f6pajassa, jota valokuvaaja Pekka Elomaa on vet\u00e4nyt Lyhdyn ty\u00f6pajassa vuodesta 2001. Vuosien varrella pajalaiset ovat vaihtuneet, mutta porukan ydin on pysynyt kasassa yli kymmenen vuotta. Suurin osa heist\u00e4 toimii sek\u00e4 malleina ett\u00e4 valokuvaajina, osalle t\u00e4rkeint\u00e4 on esiintyminen ja esill\u00e4 olo. Ty\u00f6ryhm\u00e4 kuvaa toisiaan renessanssitaiteen hengess\u00e4. Valo maalaa neutraalia taustaa vasten piirtyv\u00e4t hahmot paljaana esiin. Kuvaustapa ja viitteellinen rekvisiitta irrottavat mallit arjesta ja luovat kuviin ajattomuuden tunnun.<\/p>\n<p>&nbsp;<\/p>\n<p>Ty\u00f6ryhm\u00e4ns\u00e4 kanssa Pekka Elomaa on valinnut oppaaksi muotokuvien maailmaan pohjoiseurooppalaisen renessanssitaiteilijan, Hans Holbein nuoremman (1497\u20131543). Holbeinin kuvaamien ihmisten ajaton arvokkuus, maalausten yksityiskohtainen tarkkuus ja materiaalikuvauksen taidokkuus ovat kiehtoneet heit\u00e4. Saman ajattomuuden ja voimakkaan l\u00e4sn\u00e4olon tunnun he haluavat vangita omiin valokuviinsa.<\/p>\n<p>&nbsp;<\/p>\n<p><span style=\"color: #333399;\">\u2013 TEHD\u00c4\u00c4N SINUSTA KUVA, JOTA KEHTAA KATSOA VIEL\u00c4 500 VUODEN KULUTTUA \u2013<\/span><\/p>\n<p><span style=\"color: #333399;\">Toukokuussa j\u00e4rjestet\u00e4\u00e4n maksuton ty\u00f6paja keskiviikkona 18.5. klo 16. Ty\u00f6stet\u00e4\u00e4n yhdess\u00e4 valokuvaaja Pekka Elomaan, Jussi Ratian ja Olli-Pekka Lappisen (Lyhdyn ty\u00f6paja) kanssa muotokuvia. Oman muotokuvansa tulee saamaan omaan k\u00e4ytt\u00f6\u00f6n digitaalisena. Mukaan mahtuu 15 henkil\u00f6\u00e4: ennakkoilmoittautumiset galleriaan puh. 050 441 2040.<\/span><\/p>\n<p>&nbsp;<\/p>\n<p><strong>Tekij\u00f6ist\u00e4<\/strong><\/p>\n<p>&nbsp;<\/p>\n<p><img loading=\"lazy\" decoding=\"async\" class=\"size-medium wp-image-1461\" src=\"http:\/\/valokuvakeskusnykyaika.fi\/wp-content\/uploads\/2016\/05\/Pekka-Elomaa-ja-Lyhdyntyoryhma_Pekka_2014_72dpi-200x300.jpg\" alt=\"Pekka, 2014 \" width=\"200\" height=\"300\" \/><\/p>\n<p>Tampereella esill\u00e4 olevaa materiaalia ovat olleet ty\u00f6st\u00e4m\u00e4ss\u00e4 Pekka Elomaan lis\u00e4ksi <strong>Otto Jahnukainen<\/strong>, <strong>Olli-Pekka Lappinen<\/strong>, <strong>Emma Liekari<\/strong>, <strong>Jussi Ratia<\/strong>, <strong>Antero Smedberg<\/strong>, <strong>Niila Suoranta<\/strong> and <strong>Pekka Valle<\/strong>. Helsingin lyhytaikaiskoti ja ty\u00f6paja <a href=\"http:\/\/www.lyhty.fi\/\">Lyhty ry<\/a> on vuonna 1993 perustettu yleishy\u00f6dyllinen yhdistys, joka tarjoaa kehitysvammaisille aikuisille asumis-, opetus- ja ty\u00f6pajapalveluja.<\/p>\n<p>&nbsp;<\/p>\n<p>Valokuvaaja <strong>Pekka Elomaa<\/strong> (s. 1954, Helsinki) on tehnyt uraauurtavaa ty\u00f6t\u00e4 yhteis\u00f6llisen valokuvauksen parissa. Taiteellisen toimintansa ja freelancer-kuvaajan ty\u00f6ns\u00e4 ohessa h\u00e4n on tehnyt pitk\u00e4j\u00e4nteist\u00e4 ty\u00f6t\u00e4 taidekasvattajana Lyhty ry:ss\u00e4, jossa h\u00e4n on vet\u00e4nyt valokuvaty\u00f6pajoja. Pekka Elomaa sai Valokuvataiteen valtionpalkinnon vuonna 2012.<\/p>","protected":false},"excerpt":{"rendered":"<p>Pekka Elomaa ja Lyhdyn ty\u00f6ryhm\u00e4: Jokamiesluokka 7.5. \u2013 5.6.2016 \u00a0 Valokuvaan ja liikkuviin muotokuviin perustuva Jokamiesluokka -n\u00e4yttely vie meid\u00e4t ihmisen\u00e4 olemisen ytimeen. Merkitys kiinnittyy pieniin yksityiskohtiin, katseisiin, eleisiin, tapaan pidell\u00e4 juomalasia. Teknist\u00e4 taituruutta t\u00e4rke\u00e4mp\u00e4\u00e4 on hetken rehellisyys, kuvaan kiinnittynyt ikuisuus. Tampereella Nykyajassa esill\u00e4 oleva n\u00e4yttely koostuu valokuvaaja Pekka Elomaan ja Lyhty ry:n kehitysvammaisten aikuisten kuvaamista [&hellip;]<\/p>\n","protected":false},"author":6,"featured_media":1461,"comment_status":"closed","ping_status":"closed","sticky":false,"template":"","format":"standard","meta":{"iawp_total_views":28,"footnotes":""},"categories":[4],"tags":[],"class_list":["post-1459","post","type-post","status-publish","format-standard","has-post-thumbnail","hentry","category-menneet"],"yoast_head":"<!-- This site is optimized with the Yoast SEO plugin v27.5 - https:\/\/yoast.com\/product\/yoast-seo-wordpress\/ -->\n<title>TOUKOKUU: Jokamiesluokka - Valokuvakeskus Nykyaika<\/title>\n<meta name=\"robots\" content=\"index, follow, max-snippet:-1, max-image-preview:large, max-video-preview:-1\" \/>\n<link rel=\"canonical\" href=\"https:\/\/valokuvakeskusnykyaika.fi\/en\/toukokuu-jokamiesluokka\/\" \/>\n<meta property=\"og:locale\" content=\"en_GB\" \/>\n<meta property=\"og:type\" content=\"article\" \/>\n<meta property=\"og:title\" content=\"TOUKOKUU: Jokamiesluokka - Valokuvakeskus Nykyaika\" \/>\n<meta property=\"og:description\" content=\"Pekka Elomaa ja Lyhdyn ty\u00f6ryhm\u00e4: Jokamiesluokka 7.5. \u2013 5.6.2016 \u00a0 Valokuvaan ja liikkuviin muotokuviin perustuva Jokamiesluokka -n\u00e4yttely vie meid\u00e4t ihmisen\u00e4 olemisen ytimeen. Merkitys kiinnittyy pieniin yksityiskohtiin, katseisiin, eleisiin, tapaan pidell\u00e4 juomalasia. Teknist\u00e4 taituruutta t\u00e4rke\u00e4mp\u00e4\u00e4 on hetken rehellisyys, kuvaan kiinnittynyt ikuisuus. Tampereella Nykyajassa esill\u00e4 oleva n\u00e4yttely koostuu valokuvaaja Pekka Elomaan ja Lyhty ry:n kehitysvammaisten aikuisten kuvaamista [&hellip;]\" \/>\n<meta property=\"og:url\" content=\"https:\/\/valokuvakeskusnykyaika.fi\/en\/toukokuu-jokamiesluokka\/\" \/>\n<meta property=\"og:site_name\" content=\"Valokuvakeskus Nykyaika\" \/>\n<meta property=\"article:publisher\" content=\"https:\/\/www.facebook.com\/valokuvakeskus.nykyaika\/\" \/>\n<meta property=\"article:published_time\" content=\"2016-05-17T12:13:01+00:00\" \/>\n<meta property=\"article:modified_time\" content=\"2016-05-17T12:14:32+00:00\" \/>\n<meta property=\"og:image\" content=\"https:\/\/valokuvakeskusnykyaika.fi\/wp-content\/uploads\/2016\/05\/Pekka-Elomaa-ja-Lyhdyntyoryhma_Pekka_2014_72dpi.jpg\" \/>\n\t<meta property=\"og:image:width\" content=\"425\" \/>\n\t<meta property=\"og:image:height\" content=\"639\" \/>\n\t<meta property=\"og:image:type\" content=\"image\/jpeg\" \/>\n<meta name=\"author\" content=\"info.nykyaika@backlight.fi\" \/>\n<meta name=\"twitter:card\" content=\"summary_large_image\" \/>\n<meta name=\"twitter:creator\" content=\"@nykyaika\" \/>\n<meta name=\"twitter:site\" content=\"@nykyaika\" \/>\n<meta name=\"twitter:label1\" content=\"Written by\" \/>\n\t<meta name=\"twitter:data1\" content=\"info.nykyaika@backlight.fi\" \/>\n\t<meta name=\"twitter:label2\" content=\"Estimated reading time\" \/>\n\t<meta name=\"twitter:data2\" content=\"2 minutes\" \/>\n<script type=\"application\/ld+json\" class=\"yoast-schema-graph\">{\"@context\":\"https:\\\/\\\/schema.org\",\"@graph\":[{\"@type\":\"Article\",\"@id\":\"https:\\\/\\\/valokuvakeskusnykyaika.fi\\\/toukokuu-jokamiesluokka\\\/#article\",\"isPartOf\":{\"@id\":\"https:\\\/\\\/valokuvakeskusnykyaika.fi\\\/toukokuu-jokamiesluokka\\\/\"},\"author\":{\"name\":\"info.nykyaika@backlight.fi\",\"@id\":\"https:\\\/\\\/valokuvakeskusnykyaika.fi\\\/#\\\/schema\\\/person\\\/41ef90f7d89984ccaca756c8d4241c19\"},\"headline\":\"TOUKOKUU: Jokamiesluokka\",\"datePublished\":\"2016-05-17T12:13:01+00:00\",\"dateModified\":\"2016-05-17T12:14:32+00:00\",\"mainEntityOfPage\":{\"@id\":\"https:\\\/\\\/valokuvakeskusnykyaika.fi\\\/toukokuu-jokamiesluokka\\\/\"},\"wordCount\":358,\"publisher\":{\"@id\":\"https:\\\/\\\/valokuvakeskusnykyaika.fi\\\/#organization\"},\"image\":{\"@id\":\"https:\\\/\\\/valokuvakeskusnykyaika.fi\\\/toukokuu-jokamiesluokka\\\/#primaryimage\"},\"thumbnailUrl\":\"https:\\\/\\\/valokuvakeskusnykyaika.fi\\\/wp-content\\\/uploads\\\/2016\\\/05\\\/Pekka-Elomaa-ja-Lyhdyntyoryhma_Pekka_2014_72dpi.jpg\",\"articleSection\":[\"Menneet\"],\"inLanguage\":\"en-GB\"},{\"@type\":\"WebPage\",\"@id\":\"https:\\\/\\\/valokuvakeskusnykyaika.fi\\\/toukokuu-jokamiesluokka\\\/\",\"url\":\"https:\\\/\\\/valokuvakeskusnykyaika.fi\\\/toukokuu-jokamiesluokka\\\/\",\"name\":\"TOUKOKUU: Jokamiesluokka - Valokuvakeskus Nykyaika\",\"isPartOf\":{\"@id\":\"https:\\\/\\\/valokuvakeskusnykyaika.fi\\\/#website\"},\"primaryImageOfPage\":{\"@id\":\"https:\\\/\\\/valokuvakeskusnykyaika.fi\\\/toukokuu-jokamiesluokka\\\/#primaryimage\"},\"image\":{\"@id\":\"https:\\\/\\\/valokuvakeskusnykyaika.fi\\\/toukokuu-jokamiesluokka\\\/#primaryimage\"},\"thumbnailUrl\":\"https:\\\/\\\/valokuvakeskusnykyaika.fi\\\/wp-content\\\/uploads\\\/2016\\\/05\\\/Pekka-Elomaa-ja-Lyhdyntyoryhma_Pekka_2014_72dpi.jpg\",\"datePublished\":\"2016-05-17T12:13:01+00:00\",\"dateModified\":\"2016-05-17T12:14:32+00:00\",\"breadcrumb\":{\"@id\":\"https:\\\/\\\/valokuvakeskusnykyaika.fi\\\/toukokuu-jokamiesluokka\\\/#breadcrumb\"},\"inLanguage\":\"en-GB\",\"potentialAction\":[{\"@type\":\"ReadAction\",\"target\":[\"https:\\\/\\\/valokuvakeskusnykyaika.fi\\\/toukokuu-jokamiesluokka\\\/\"]}]},{\"@type\":\"ImageObject\",\"inLanguage\":\"en-GB\",\"@id\":\"https:\\\/\\\/valokuvakeskusnykyaika.fi\\\/toukokuu-jokamiesluokka\\\/#primaryimage\",\"url\":\"https:\\\/\\\/valokuvakeskusnykyaika.fi\\\/wp-content\\\/uploads\\\/2016\\\/05\\\/Pekka-Elomaa-ja-Lyhdyntyoryhma_Pekka_2014_72dpi.jpg\",\"contentUrl\":\"https:\\\/\\\/valokuvakeskusnykyaika.fi\\\/wp-content\\\/uploads\\\/2016\\\/05\\\/Pekka-Elomaa-ja-Lyhdyntyoryhma_Pekka_2014_72dpi.jpg\",\"width\":425,\"height\":639,\"caption\":\"Pekka, 2014\"},{\"@type\":\"BreadcrumbList\",\"@id\":\"https:\\\/\\\/valokuvakeskusnykyaika.fi\\\/toukokuu-jokamiesluokka\\\/#breadcrumb\",\"itemListElement\":[{\"@type\":\"ListItem\",\"position\":1,\"name\":\"Etusivu\",\"item\":\"https:\\\/\\\/valokuvakeskusnykyaika.fi\\\/\"},{\"@type\":\"ListItem\",\"position\":2,\"name\":\"TOUKOKUU: Jokamiesluokka\"}]},{\"@type\":\"WebSite\",\"@id\":\"https:\\\/\\\/valokuvakeskusnykyaika.fi\\\/#website\",\"url\":\"https:\\\/\\\/valokuvakeskusnykyaika.fi\\\/\",\"name\":\"Valokuvakeskus Nykyaika\",\"description\":\"Nykyaika on avoin kohtaamispaikka kaikille valokuvataiteen yst\u00e4ville\",\"publisher\":{\"@id\":\"https:\\\/\\\/valokuvakeskusnykyaika.fi\\\/#organization\"},\"potentialAction\":[{\"@type\":\"SearchAction\",\"target\":{\"@type\":\"EntryPoint\",\"urlTemplate\":\"https:\\\/\\\/valokuvakeskusnykyaika.fi\\\/?s={search_term_string}\"},\"query-input\":{\"@type\":\"PropertyValueSpecification\",\"valueRequired\":true,\"valueName\":\"search_term_string\"}}],\"inLanguage\":\"en-GB\"},{\"@type\":\"Organization\",\"@id\":\"https:\\\/\\\/valokuvakeskusnykyaika.fi\\\/#organization\",\"name\":\"Valokuvakeskus Nykyaika\",\"url\":\"https:\\\/\\\/valokuvakeskusnykyaika.fi\\\/\",\"logo\":{\"@type\":\"ImageObject\",\"inLanguage\":\"en-GB\",\"@id\":\"https:\\\/\\\/valokuvakeskusnykyaika.fi\\\/#\\\/schema\\\/logo\\\/image\\\/\",\"url\":\"https:\\\/\\\/valokuvakeskusnykyaika.fi\\\/wp-content\\\/uploads\\\/2019\\\/01\\\/NY-Valokuvakeskus-logo-pieni.png\",\"contentUrl\":\"https:\\\/\\\/valokuvakeskusnykyaika.fi\\\/wp-content\\\/uploads\\\/2019\\\/01\\\/NY-Valokuvakeskus-logo-pieni.png\",\"width\":300,\"height\":314,\"caption\":\"Valokuvakeskus Nykyaika\"},\"image\":{\"@id\":\"https:\\\/\\\/valokuvakeskusnykyaika.fi\\\/#\\\/schema\\\/logo\\\/image\\\/\"},\"sameAs\":[\"https:\\\/\\\/www.facebook.com\\\/valokuvakeskus.nykyaika\\\/\",\"https:\\\/\\\/x.com\\\/nykyaika\",\"https:\\\/\\\/www.instagram.com\\\/nykyaika\\\/\"]},{\"@type\":\"Person\",\"@id\":\"https:\\\/\\\/valokuvakeskusnykyaika.fi\\\/#\\\/schema\\\/person\\\/41ef90f7d89984ccaca756c8d4241c19\",\"name\":\"info.nykyaika@backlight.fi\",\"url\":\"https:\\\/\\\/valokuvakeskusnykyaika.fi\\\/en\\\/author\\\/info-nykyaikabacklight-fi\\\/\"}]}<\/script>\n<!-- \/ Yoast SEO plugin. -->","yoast_head_json":{"title":"TOUKOKUU: Jokamiesluokka - Valokuvakeskus Nykyaika","robots":{"index":"index","follow":"follow","max-snippet":"max-snippet:-1","max-image-preview":"max-image-preview:large","max-video-preview":"max-video-preview:-1"},"canonical":"https:\/\/valokuvakeskusnykyaika.fi\/en\/toukokuu-jokamiesluokka\/","og_locale":"en_GB","og_type":"article","og_title":"TOUKOKUU: Jokamiesluokka - Valokuvakeskus Nykyaika","og_description":"Pekka Elomaa ja Lyhdyn ty\u00f6ryhm\u00e4: Jokamiesluokka 7.5. \u2013 5.6.2016 \u00a0 Valokuvaan ja liikkuviin muotokuviin perustuva Jokamiesluokka -n\u00e4yttely vie meid\u00e4t ihmisen\u00e4 olemisen ytimeen. Merkitys kiinnittyy pieniin yksityiskohtiin, katseisiin, eleisiin, tapaan pidell\u00e4 juomalasia. Teknist\u00e4 taituruutta t\u00e4rke\u00e4mp\u00e4\u00e4 on hetken rehellisyys, kuvaan kiinnittynyt ikuisuus. Tampereella Nykyajassa esill\u00e4 oleva n\u00e4yttely koostuu valokuvaaja Pekka Elomaan ja Lyhty ry:n kehitysvammaisten aikuisten kuvaamista [&hellip;]","og_url":"https:\/\/valokuvakeskusnykyaika.fi\/en\/toukokuu-jokamiesluokka\/","og_site_name":"Valokuvakeskus Nykyaika","article_publisher":"https:\/\/www.facebook.com\/valokuvakeskus.nykyaika\/","article_published_time":"2016-05-17T12:13:01+00:00","article_modified_time":"2016-05-17T12:14:32+00:00","og_image":[{"width":425,"height":639,"url":"https:\/\/valokuvakeskusnykyaika.fi\/wp-content\/uploads\/2016\/05\/Pekka-Elomaa-ja-Lyhdyntyoryhma_Pekka_2014_72dpi.jpg","type":"image\/jpeg"}],"author":"info.nykyaika@backlight.fi","twitter_card":"summary_large_image","twitter_creator":"@nykyaika","twitter_site":"@nykyaika","twitter_misc":{"Written by":"info.nykyaika@backlight.fi","Estimated reading time":"2 minutes"},"schema":{"@context":"https:\/\/schema.org","@graph":[{"@type":"Article","@id":"https:\/\/valokuvakeskusnykyaika.fi\/toukokuu-jokamiesluokka\/#article","isPartOf":{"@id":"https:\/\/valokuvakeskusnykyaika.fi\/toukokuu-jokamiesluokka\/"},"author":{"name":"info.nykyaika@backlight.fi","@id":"https:\/\/valokuvakeskusnykyaika.fi\/#\/schema\/person\/41ef90f7d89984ccaca756c8d4241c19"},"headline":"TOUKOKUU: Jokamiesluokka","datePublished":"2016-05-17T12:13:01+00:00","dateModified":"2016-05-17T12:14:32+00:00","mainEntityOfPage":{"@id":"https:\/\/valokuvakeskusnykyaika.fi\/toukokuu-jokamiesluokka\/"},"wordCount":358,"publisher":{"@id":"https:\/\/valokuvakeskusnykyaika.fi\/#organization"},"image":{"@id":"https:\/\/valokuvakeskusnykyaika.fi\/toukokuu-jokamiesluokka\/#primaryimage"},"thumbnailUrl":"https:\/\/valokuvakeskusnykyaika.fi\/wp-content\/uploads\/2016\/05\/Pekka-Elomaa-ja-Lyhdyntyoryhma_Pekka_2014_72dpi.jpg","articleSection":["Menneet"],"inLanguage":"en-GB"},{"@type":"WebPage","@id":"https:\/\/valokuvakeskusnykyaika.fi\/toukokuu-jokamiesluokka\/","url":"https:\/\/valokuvakeskusnykyaika.fi\/toukokuu-jokamiesluokka\/","name":"TOUKOKUU: Jokamiesluokka - Valokuvakeskus Nykyaika","isPartOf":{"@id":"https:\/\/valokuvakeskusnykyaika.fi\/#website"},"primaryImageOfPage":{"@id":"https:\/\/valokuvakeskusnykyaika.fi\/toukokuu-jokamiesluokka\/#primaryimage"},"image":{"@id":"https:\/\/valokuvakeskusnykyaika.fi\/toukokuu-jokamiesluokka\/#primaryimage"},"thumbnailUrl":"https:\/\/valokuvakeskusnykyaika.fi\/wp-content\/uploads\/2016\/05\/Pekka-Elomaa-ja-Lyhdyntyoryhma_Pekka_2014_72dpi.jpg","datePublished":"2016-05-17T12:13:01+00:00","dateModified":"2016-05-17T12:14:32+00:00","breadcrumb":{"@id":"https:\/\/valokuvakeskusnykyaika.fi\/toukokuu-jokamiesluokka\/#breadcrumb"},"inLanguage":"en-GB","potentialAction":[{"@type":"ReadAction","target":["https:\/\/valokuvakeskusnykyaika.fi\/toukokuu-jokamiesluokka\/"]}]},{"@type":"ImageObject","inLanguage":"en-GB","@id":"https:\/\/valokuvakeskusnykyaika.fi\/toukokuu-jokamiesluokka\/#primaryimage","url":"https:\/\/valokuvakeskusnykyaika.fi\/wp-content\/uploads\/2016\/05\/Pekka-Elomaa-ja-Lyhdyntyoryhma_Pekka_2014_72dpi.jpg","contentUrl":"https:\/\/valokuvakeskusnykyaika.fi\/wp-content\/uploads\/2016\/05\/Pekka-Elomaa-ja-Lyhdyntyoryhma_Pekka_2014_72dpi.jpg","width":425,"height":639,"caption":"Pekka, 2014"},{"@type":"BreadcrumbList","@id":"https:\/\/valokuvakeskusnykyaika.fi\/toukokuu-jokamiesluokka\/#breadcrumb","itemListElement":[{"@type":"ListItem","position":1,"name":"Etusivu","item":"https:\/\/valokuvakeskusnykyaika.fi\/"},{"@type":"ListItem","position":2,"name":"TOUKOKUU: Jokamiesluokka"}]},{"@type":"WebSite","@id":"https:\/\/valokuvakeskusnykyaika.fi\/#website","url":"https:\/\/valokuvakeskusnykyaika.fi\/","name":"Photographic Centre Nykyaika","description":"Nykyaika on avoin kohtaamispaikka kaikille valokuvataiteen yst\u00e4ville","publisher":{"@id":"https:\/\/valokuvakeskusnykyaika.fi\/#organization"},"potentialAction":[{"@type":"SearchAction","target":{"@type":"EntryPoint","urlTemplate":"https:\/\/valokuvakeskusnykyaika.fi\/?s={search_term_string}"},"query-input":{"@type":"PropertyValueSpecification","valueRequired":true,"valueName":"search_term_string"}}],"inLanguage":"en-GB"},{"@type":"Organization","@id":"https:\/\/valokuvakeskusnykyaika.fi\/#organization","name":"Photographic Centre Nykyaika","url":"https:\/\/valokuvakeskusnykyaika.fi\/","logo":{"@type":"ImageObject","inLanguage":"en-GB","@id":"https:\/\/valokuvakeskusnykyaika.fi\/#\/schema\/logo\/image\/","url":"https:\/\/valokuvakeskusnykyaika.fi\/wp-content\/uploads\/2019\/01\/NY-Valokuvakeskus-logo-pieni.png","contentUrl":"https:\/\/valokuvakeskusnykyaika.fi\/wp-content\/uploads\/2019\/01\/NY-Valokuvakeskus-logo-pieni.png","width":300,"height":314,"caption":"Valokuvakeskus Nykyaika"},"image":{"@id":"https:\/\/valokuvakeskusnykyaika.fi\/#\/schema\/logo\/image\/"},"sameAs":["https:\/\/www.facebook.com\/valokuvakeskus.nykyaika\/","https:\/\/x.com\/nykyaika","https:\/\/www.instagram.com\/nykyaika\/"]},{"@type":"Person","@id":"https:\/\/valokuvakeskusnykyaika.fi\/#\/schema\/person\/41ef90f7d89984ccaca756c8d4241c19","name":"info.nykyaika@backlight.fi","url":"https:\/\/valokuvakeskusnykyaika.fi\/en\/author\/info-nykyaikabacklight-fi\/"}]}},"_links":{"self":[{"href":"https:\/\/valokuvakeskusnykyaika.fi\/en\/wp-json\/wp\/v2\/posts\/1459","targetHints":{"allow":["GET"]}}],"collection":[{"href":"https:\/\/valokuvakeskusnykyaika.fi\/en\/wp-json\/wp\/v2\/posts"}],"about":[{"href":"https:\/\/valokuvakeskusnykyaika.fi\/en\/wp-json\/wp\/v2\/types\/post"}],"author":[{"embeddable":true,"href":"https:\/\/valokuvakeskusnykyaika.fi\/en\/wp-json\/wp\/v2\/users\/6"}],"replies":[{"embeddable":true,"href":"https:\/\/valokuvakeskusnykyaika.fi\/en\/wp-json\/wp\/v2\/comments?post=1459"}],"version-history":[{"count":1,"href":"https:\/\/valokuvakeskusnykyaika.fi\/en\/wp-json\/wp\/v2\/posts\/1459\/revisions"}],"predecessor-version":[{"id":1462,"href":"https:\/\/valokuvakeskusnykyaika.fi\/en\/wp-json\/wp\/v2\/posts\/1459\/revisions\/1462"}],"wp:featuredmedia":[{"embeddable":true,"href":"https:\/\/valokuvakeskusnykyaika.fi\/en\/wp-json\/wp\/v2\/media\/1461"}],"wp:attachment":[{"href":"https:\/\/valokuvakeskusnykyaika.fi\/en\/wp-json\/wp\/v2\/media?parent=1459"}],"wp:term":[{"taxonomy":"category","embeddable":true,"href":"https:\/\/valokuvakeskusnykyaika.fi\/en\/wp-json\/wp\/v2\/categories?post=1459"},{"taxonomy":"post_tag","embeddable":true,"href":"https:\/\/valokuvakeskusnykyaika.fi\/en\/wp-json\/wp\/v2\/tags?post=1459"}],"curies":[{"name":"wp","href":"https:\/\/api.w.org\/{rel}","templated":true}]}}