{"id":2055,"date":"2017-06-02T12:35:10","date_gmt":"2017-06-02T09:35:10","guid":{"rendered":"http:\/\/valokuvakeskusnykyaika.fi\/?p=2055"},"modified":"2017-11-23T20:20:53","modified_gmt":"2017-11-23T18:20:53","slug":"syys2017","status":"publish","type":"post","link":"https:\/\/valokuvakeskusnykyaika.fi\/en\/syys2017\/","title":{"rendered":"Nykyajan n\u00e4yttelyt syyskaudella 2017"},"content":{"rendered":"<p>Syyskaudella 2017 \u2013 hein\u00e4kuusta jouluun \u2013 Valokuvakeskus Nykyajassa on 10 n\u00e4yttely\u00e4, 24 tekij\u00e4n voimin.<\/p>\n<p>Hein\u00e4kuussa Nykyajassa on myyntin\u00e4yttely, josta teokset saa mukaansa saman tein. T\u00e4ll\u00e4 toivomme palvelevamme erityisesti kes\u00e4turisteja, jotka lomailevat kauniissa kaupungissamme.<\/p>\n<p>Syksyn p\u00e4\u00e4tapahtumamme on Backlight Photo Festival, joka juhlii 30-vuotista olemassaoloaan. Nykyajassa on esill\u00e4 kaksi festivaalin 22 taiteilijasta; muut gallerian\u00e4yttelyt ovat esill\u00e4 viereisess\u00e4 Koppelossa, Rongassa ja Vapriikissa. P\u00e4\u00e4yhteisty\u00f6kumppanimme, Tampereen taidemuseo, esittelee 18 valokuvataiteilijaa ulkomailta ja Suomesta.<\/p>\n<p>Suomi100-juhlavuoden Nykyajassa p\u00e4\u00e4tt\u00e4\u00e4 Majaoja-s\u00e4\u00e4ti\u00f6n valokuvan\u00e4yttely, jossa esill\u00e4 nelj\u00e4 viime vuonna s\u00e4\u00e4ti\u00f6n apurahan saanutta taiteilijaa.<\/p>\n<p>&nbsp;<\/p>\n<p>&nbsp;<\/p>\n<p>HEIN\u00c4KUU<\/p>\n<p><strong>Mansikkapaikka -ryhm\u00e4n\u00e4yttely <\/strong><\/p>\n<p>8.\u201331.7.2017<br \/>\n<img loading=\"lazy\" decoding=\"async\" class=\"size-medium wp-image-1995 alignleft\" src=\"http:\/\/valokuvakeskusnykyaika.fi\/wp-content\/uploads\/2015\/10\/mansikkapaikka-mainos-300x232.jpg\" alt=\"\" width=\"300\" height=\"232\" \/>Ryhm\u00e4n\u00e4yttely, josta voi ostaa valokuvateoksen suoraan mukaansa. Teoksia esill\u00e4 seuraavilta: Lauri Dammert, Laura Happo, Eijaa Heikkinen, Tina Jokitalo, Riitta J\u00e4rvel\u00e4, Sini Kallio, Mirja Paljakka, Tiina Riutta, Saara Sillanp\u00e4\u00e4, Merja Tanhua, Marja-Liisa Torniainen, Jaana Tyrmi, Risto Vainio, Hans Viebrock, Antti Yrj\u00f6nen.<\/p>\n<p>&nbsp;<\/p>\n<p>&nbsp;<\/p>\n<p>&nbsp;<\/p>\n<p>&nbsp;<\/p>\n<p>ELOKUU<\/p>\n<p><strong>Viivi Nieminen: 24\/25<\/strong><\/p>\n<p><strong>Hans Viebrock: Outoja hedelmi\u00e4 <\/strong><\/p>\n<p>5.\u201328.8.2017<br \/>\n<img loading=\"lazy\" decoding=\"async\" class=\"size-medium wp-image-1996 alignleft\" src=\"http:\/\/valokuvakeskusnykyaika.fi\/wp-content\/uploads\/2015\/10\/nieminen_viivi_pressikuva-267x300.jpg\" alt=\"\" width=\"267\" height=\"300\" \/>Katutasossa esill\u00e4 oleva 24\/25-n\u00e4yttely tarkastelee, mill\u00e4 tavoin \u201dliikkuva aika\u201d vaikuttaa ymp\u00e4rist\u00f6n kokemiseen ja havainnointiin. Viivi Nieminen suoritti Saksassa taiteilijaresidenssiss\u00e4 aikakokeen, jossa siirsi joka p\u00e4iv\u00e4 kelloa tunnin taaksep\u00e4in. Siten vuorokausi kesti 25 tuntia ja Nieminen her\u00e4si seuraavaan p\u00e4iv\u00e4\u00e4n tunnin edellist\u00e4 my\u00f6hemmin. P\u00e4ivitt\u00e4iset rutiinit tapahtuivat samaan aikaan her\u00e4\u00e4misajankohdasta laskettuna. Esimerkiksi kaksi tuntia her\u00e4\u00e4misen j\u00e4lkeen tehty rantak\u00e4vely osui kalenteriajassa vuorokauden jokaiselle tunnille. Aikakoe kesti 24 koep\u00e4iv\u00e4\u00e4, eli 25 kalenterivuorokautta.<br \/>\nViivi Nieminen (s. 1980) on helsinkil\u00e4inen valokuvataiteilija.<\/p>\n<p>&nbsp;<\/p>\n<p>&nbsp;<\/p>\n<p>&nbsp;<\/p>\n<p><img loading=\"lazy\" decoding=\"async\" class=\"alignright size-medium wp-image-1997\" src=\"http:\/\/valokuvakeskusnykyaika.fi\/wp-content\/uploads\/2015\/10\/ViebrockHans_out_hed_2016_screen-300x199.jpg\" alt=\"\" width=\"300\" height=\"199\" \/>Alakerrassa esill\u00e4 olevassa Outoja hedelmi\u00e4 -projektissa keskeist\u00e4 on alati jatkuvan ty\u00f6skentelyn idea. Tamperelainen Hans Viebrock (s. 1962) seuraa yksitt\u00e4isi\u00e4 kohteita ja niihin kohdistuvia muutoksia pitk\u00e4ll\u00e4 aikav\u00e4lill\u00e4 ja eri vuodenaikoina. H\u00e4nen valokuvateostensa keskeinen ajatus on vieraantuneiden alueiden ja tunnelmien etsiminen. Hyl\u00e4tyill\u00e4 teollisuus- ja asuinalueilla valokuvaava Viebrock on ty\u00f6st\u00e4nyt ja esitt\u00e4nyt valokuvateoksiaan nimell\u00e4 \u201dOutoja hedelmi\u00e4\u201d vuodesta 2012 l\u00e4htien. N\u00e4yttelyn teokset on kuvattu vuonna 2016 eik\u00e4 t\u00e4m\u00e4 kokonaisuus ole ollut esill\u00e4 viel\u00e4 muualla.<\/p>\n<p>&nbsp;<\/p>\n<p>&nbsp;<\/p>\n<p><strong>Simo Kaarsalo: Muutoskuvia<\/strong><\/p>\n<p><em>Tampereen design- ja arkkitehtuuriviikon pop-up n\u00e4yttely <\/em><br \/>\n30.8. &#8211; 4.9.2017<\/p>\n<p>&nbsp;<\/p>\n<p><img loading=\"lazy\" decoding=\"async\" class=\"size-medium wp-image-1998 alignleft\" src=\"http:\/\/valokuvakeskusnykyaika.fi\/wp-content\/uploads\/2015\/10\/kaarsalo_pariisilaiskortteli-kalevan-karkeen-300x213.jpg\" alt=\"\" width=\"300\" height=\"213\" \/>Simo Kaarsalon Muutoskuvia-n\u00e4yttely, jossa ajan henki kohtaa paikan hengen, on esill\u00e4 vain kuusi p\u00e4iv\u00e4\u00e4. Kaarsalo (s. 1961) on tamperelainen arkkitehti. N\u00e4yttely j\u00e4rjestet\u00e4\u00e4n osana Tampereen design- ja arkkitehtuuriviikko, TADA:n ohjelmistoa.<br \/>\n&nbsp;<\/p>\n<p>SYYSKUU<\/p>\n<p><strong>Backlight -valokuvatapahtuma:<\/strong><\/p>\n<p><strong>Riina Rinne (Suomi) ja Delphine Schacher (Sveitsi)<\/strong><\/p>\n<p>9.9.\u20132.10.2017<br \/>\n<img loading=\"lazy\" decoding=\"async\" class=\"size-medium wp-image-1999 alignleft\" src=\"http:\/\/valokuvakeskusnykyaika.fi\/wp-content\/uploads\/2015\/10\/Backlight_BOIS_DES_FRERES\u00a9Delphine-Schacher_2016_08_MD-300x246.jpg\" alt=\"\" width=\"300\" height=\"246\" \/>Talous- ja diplomatiakeskuksistaan tunnetussa Genevess\u00e4 majoitettiin satoja italialaisia kausity\u00f6ntekij\u00f6it\u00e4 v\u00e4liaikaisiin\u00a0 l\u00e4hi\u00f6parakkeihin 1960-luvulla. Se mink\u00e4 piti olla v\u00e4liaikaista, on j\u00e4\u00e4nyt pysyv\u00e4ksi ja nykyisin 12 parakissa asuu italialaisten lis\u00e4ksi muualta Euroopasta ja Afrikasta tulleita miehi\u00e4. <em>Bois des Fr\u00e8res<\/em> -sarjan muotokuvat miehist\u00e4 vain 10 neli\u00f6n parakeissaan ja heid\u00e4n elinymp\u00e4rist\u00f6st\u00e4\u00e4n Rhone-joen \u00e4\u00e4rell\u00e4, kuvaavat ihmisten \u00e4\u00e4ret\u00f6nt\u00e4 kyky\u00e4 sopeutua ja l\u00f6yt\u00e4\u00e4 paikkansa marginaalista.<br \/>\nSveitsil\u00e4inen Delphine Schacher (s. 1981) on valmistunut valokuvaajaksi arvostetusta Veveyn valokuvakoulusta vuonna 2014.<\/p>\n<div id=\"attachment_2000\" class=\"wp-caption alignright\"><img loading=\"lazy\" decoding=\"async\" aria-describedby=\"caption-attachment-2000\" class=\"size-medium wp-image-2000\" src=\"http:\/\/valokuvakeskusnykyaika.fi\/wp-content\/uploads\/2015\/10\/Backlight_Riina_Rinne_alonetogether01-300x169.jpg\" alt=\"\" width=\"300\" height=\"169\" \/><p id=\"caption-attachment-2000\" class=\"wp-caption-text\">Alone Together teoksen pressikuva. Copyright: Riina Rinne.<\/p><\/div>\n<p><em>alone together<\/em> on Riina Rinteen valokuvasarja, joka on kuvattu Tampereen Hipposkyl\u00e4ss\u00e4, johon on vuosien kuluessa kehittynyt tiivis yhteis\u00f6. Alueen tyypillinen asukas on noin 60-vuotias yksin\u00e4inen mies, jolla on p\u00e4ihde- tai mielenterveysongelmia. Kun viina menee kaiken edelle, ty\u00f6, koti ja perhe j\u00e4\u00e4v\u00e4t toiseksi. \u201dAlkoholisti ei ajattele muuta kuin viinaa: mist\u00e4 sit\u00e4 saa, kuinka paljon sit\u00e4 voi saada ja kauanko sill\u00e4 p\u00e4rj\u00e4\u00e4. Kaikki el\u00e4m\u00e4ss\u00e4 mitataan viinassa\u201d, sanoo Hannu, 65-vuotias alkoholisti ja Hipposkyl\u00e4n asukas.<\/p>\n<p>Riina Rinne (s. 1991) on suomalainen kuvajournalisti ja dokumentaristi. Rinne on palkittu Vuoden Kuvajournalismi 2016 ja College Photographer of the Year 2016 -kilpailuissa.<\/p>\n<p>&nbsp;<\/p>\n<p>&nbsp;<\/p>\n<p>LOKAKUU<\/p>\n<p><strong>Jaana Tyrmi: Vokologisia tutkimuksia <\/strong><\/p>\n<p><strong>Terhi Asumaniemi &amp; Toni Lahtinen: Luontorunoja<\/strong><\/p>\n<p>7.\u201330.10.2017<\/p>\n<div id=\"attachment_2001\" class=\"wp-caption alignleft\"><img loading=\"lazy\" decoding=\"async\" aria-describedby=\"caption-attachment-2001\" class=\"size-medium wp-image-2001\" src=\"http:\/\/valokuvakeskusnykyaika.fi\/wp-content\/uploads\/2015\/10\/Tyrmi_Vokologisia-tutkimuksia-I-207x300.jpg\" alt=\"\" width=\"207\" height=\"300\" \/><p id=\"caption-attachment-2001\" class=\"wp-caption-text\">\u00a9 Jaana Tyrmi<\/p><\/div>\n<p>Tamperelainen <strong>Jaana Tyrmi<\/strong> (s. 1970) toimii sek\u00e4 vokologina ett\u00e4 valokuvataiteilijana. Katutasossa lokakuussa esill\u00e4 oleva n\u00e4yttely tunnusteleekin tieteen ja taiteen v\u00e4lisi\u00e4 rajapintoja. Vokologia tutkii ja harjoittaa ihmis\u00e4\u00e4nt\u00e4. Parhaillaan Tyrmi tekee v\u00e4it\u00f6sty\u00f6t\u00e4, joka sijoittuu monitieteiseen puheen ja \u00e4\u00e4nenharjoittamisen alan tutkimukseen Tampereen yliopistossa. Tutkimusmateriaalin ja taiteen vuorovaikutuksessa Tyrmin kuville kehittyy uusi tulkinta.<\/p>\n<p>&nbsp;<\/p>\n<p>N\u00e4yttelyn kuvissa yhdistyy vanha, syanotypia- eli sinikopiotekniikka sek\u00e4 uudempi magneettiresonaatio (MRI) kuvantamisen tekniikka. Vuorovaikutteiset teokset koostuvat 16 muotokuvasta, jotka on rytmitetty kolmeen osaan. Teosten alla on \u00e4\u00e4nil\u00e4hde, jota painamalla kuulee MR-tekniikalla kuvannetun vokaalin tai konsonantin. N\u00e4in katsojaa osallistamalla kuvista viri\u00e4\u00e4 \u00e4\u00e4nteiden kuoro, \u00e4\u00e4nteist\u00e4 sanoja, sanoista lause. Analyysin osista kehittyy synteesi.<\/p>\n<p>&nbsp;<\/p>\n<div id=\"attachment_2002\" class=\"wp-caption alignright\"><img loading=\"lazy\" decoding=\"async\" aria-describedby=\"caption-attachment-2002\" class=\"size-medium wp-image-2002\" src=\"http:\/\/valokuvakeskusnykyaika.fi\/wp-content\/uploads\/2015\/10\/Asumaniemi-300x300.jpg\" alt=\"\" width=\"300\" height=\"300\" \/><p id=\"caption-attachment-2002\" class=\"wp-caption-text\">\u00a9 Terhi Asumaniemi<\/p><\/div>\n<p>Alakerran galleriassa Luontorunoja -n\u00e4yttely yhdist\u00e4\u00e4 sana- ja valokuvataidetta. Terhi Asumaniemen valokuvat rakentavat Toni Lahtisen runojen kokonaiskerrontaa visuaalisina elementtein\u00e4 ja tukevat ett\u00e4 haastavat tuomalla siihen uusia n\u00e4k\u00f6kulmia ja merkityksi\u00e4.<\/p>\n<p>Toni Lahtinen on tamperelainen kirjallisuudentutkija ja -opettaja. Tamperelainen Terhi Asumaniemi ty\u00f6skentelee valokuvataiteilijana.<\/p>\n<p>&nbsp;<\/p>\n<p>&nbsp;<\/p>\n<p>&nbsp;<\/p>\n<p>&nbsp;<\/p>\n<p>MARRASKUU<\/p>\n<p><strong>Kukka-Maria Rosenlund: Inner Manual Distortion<\/strong><\/p>\n<p><strong>Kaisa Karhu: Tunteiden kasvio\/ Herbarium of Emotions<\/strong><\/p>\n<p>4.\u201327.11.2017<\/p>\n<div id=\"attachment_2003\" class=\"wp-caption alignleft\"><img loading=\"lazy\" decoding=\"async\" aria-describedby=\"caption-attachment-2003\" class=\"size-medium wp-image-2003\" src=\"http:\/\/valokuvakeskusnykyaika.fi\/wp-content\/uploads\/2015\/10\/RosenlundKukkaMaria_Shoe_2017_72dpi-300x217.jpg\" alt=\"\" width=\"300\" height=\"217\" \/><p id=\"caption-attachment-2003\" class=\"wp-caption-text\">\u00a9 Kukka-Maria Rosenlund<\/p><\/div>\n<p>Kukka-Maria Rosenlundin n\u00e4yttely k\u00e4sittelee aikaa ja muutosta. H\u00e4n on ty\u00f6skennellyt vanhassa sukutalossa ja sen puutarhassa, jonka historiaan liittyy yli viiden sukupolven mittainen aikajana. Yksi n\u00e4yttelyss\u00e4 esill\u00e4 olevasta teossarjasta kertoo talon ullakolta l\u00f6ytyneest\u00e4 50-vuotta vanhasta kasviosta. Kansioon ker\u00e4tyt kasvit olivat jo hajonneet, mutta paperiarkkeihin oli j\u00e4\u00e4nyt j\u00e4ljelle kukkien j\u00e4lki\u00e4 fotogrammeina.<\/p>\n<p>N\u00e4yttely kertoo pyrkimyksest\u00e4 ymm\u00e4rt\u00e4\u00e4 nykyhetke\u00e4 erilaisten menneisyyden j\u00e4tt\u00e4mien j\u00e4lkien kautta, kuinka aika ja luonto j\u00e4tt\u00e4v\u00e4t olemassa olostaan j\u00e4ljen.<\/p>\n<p>Kukka-Maria Rosenlund (s.1987) on Tampereelta l\u00e4ht\u00f6isin oleva kuvataiteilija. H\u00e4n asuu ja ty\u00f6skentelee Helsingiss\u00e4 sek\u00e4 Nokian Tottij\u00e4rvell\u00e4. H\u00e4n on valmistunut Turun Taideakatemiasta kuvataiteilijaksi vuonna 2014 ja viimeistelee t\u00e4ll\u00e4 hetkell\u00e4 valokuvataiteen maisteriopintojaan Aalto-yliopistossa Helsingiss\u00e4.<\/p>\n<p>&nbsp;<\/p>\n<div id=\"attachment_2004\" class=\"wp-caption alignright\"><img loading=\"lazy\" decoding=\"async\" aria-describedby=\"caption-attachment-2004\" class=\"size-medium wp-image-2004\" src=\"http:\/\/valokuvakeskusnykyaika.fi\/wp-content\/uploads\/2015\/10\/Karhu_ruusubonsai_72dpi-300x200.jpg\" alt=\"\" width=\"300\" height=\"200\" \/><p id=\"caption-attachment-2004\" class=\"wp-caption-text\">\u00a9 Kaisa Karhu<\/p><\/div>\n<p>Alakerran galleriassa on Tunteiden kasvio; Kaisa Karhu on kuihduttanut kukkia, repinyt niit\u00e4 osiksi ja liimannut niit\u00e4 uudelleen kokoon. Performatiivisen teon j\u00e4lkeen h\u00e4n on valokuvannut ne mukaillen still-life ja vanitas -kuvien perinnett\u00e4 luoden estetisoidun lopputuloksen. Karhu valitsi kukat uhreikseen niiden viattomuuden takia. Kaisa Karhu (s.1984) asuu ja ty\u00f6skentelee Helsingiss\u00e4. Tunteiden kasvio oli esill\u00e4 ensimm\u00e4ist\u00e4 kertaa Lahdessa kev\u00e4\u00e4ll\u00e4 2016 ja nyt esill\u00e4 oleva saman niminen kokonaisuus jatkaa aihetta luoden uuden kokonaisuuden.<\/p>\n<p>&nbsp;<\/p>\n<p>&nbsp;<\/p>\n<p>JOULUKUU<\/p>\n<p><strong>4X<\/strong><\/p>\n<p><strong>Kantola \u2013 Koskialho \u2013 Nuutinen \u2013 Talvitie<br \/>\n<\/strong><em>Majaoja-s\u00e4\u00e4ti\u00f6n ryhm\u00e4n\u00e4yttely \u201dSuomi100 \u2013 Pirkanmaa eilen ja t\u00e4n\u00e4\u00e4n\u201d<\/em><\/p>\n<p>2.\u201323.12.2017<\/p>\n<div id=\"attachment_2005\" class=\"wp-caption alignright\"><img loading=\"lazy\" decoding=\"async\" aria-describedby=\"caption-attachment-2005\" class=\"size-medium wp-image-2005\" src=\"http:\/\/valokuvakeskusnykyaika.fi\/wp-content\/uploads\/2015\/10\/Kantola_Puntala-07-212-300x200.jpg\" alt=\"\" width=\"300\" height=\"200\" \/><p id=\"caption-attachment-2005\" class=\"wp-caption-text\">\u00a9 Maikki Kantola<\/p><\/div>\n<p>4X on nelj\u00e4n erilaisen valokuvaajan kohtaaminen. 4X esittelee muun muassa Kalevalan uustulkintaa, Keskustorin tarinoita, Puntalan punk-henke\u00e4 ja Tamperetta Maikki Kantolan, Tuomas Koskialhon, Petri Nuutisen ja Laura Talvitien projektien valossa. Tamperelainen Majaoja-s\u00e4\u00e4ti\u00f6 valitsi heid\u00e4t n\u00e4yttelyyns\u00e4 \u201dSuomi100 \u2013 Pirkanmaa eilen ja t\u00e4n\u00e4\u00e4n\u201d vuoden 2016 apurahojen saajien joukosta.<\/p>","protected":false},"excerpt":{"rendered":"<p>Syyskaudella 2017 \u2013 hein\u00e4kuusta jouluun \u2013 Valokuvakeskus Nykyajassa on 10 n\u00e4yttely\u00e4, 24 tekij\u00e4n voimin. Hein\u00e4kuussa Nykyajassa on myyntin\u00e4yttely, josta teokset saa mukaansa saman tein. T\u00e4ll\u00e4 toivomme palvelevamme erityisesti kes\u00e4turisteja, jotka lomailevat kauniissa kaupungissamme. Syksyn p\u00e4\u00e4tapahtumamme on Backlight Photo Festival, joka juhlii 30-vuotista olemassaoloaan. Nykyajassa on esill\u00e4 kaksi festivaalin 22 taiteilijasta; muut gallerian\u00e4yttelyt ovat esill\u00e4 viereisess\u00e4 [&hellip;]<\/p>\n","protected":false},"author":6,"featured_media":1998,"comment_status":"closed","ping_status":"closed","sticky":false,"template":"","format":"standard","meta":{"iawp_total_views":1,"footnotes":""},"categories":[4],"tags":[],"class_list":["post-2055","post","type-post","status-publish","format-standard","has-post-thumbnail","hentry","category-menneet"],"yoast_head":"<!-- This site is optimized with the Yoast SEO plugin v27.5 - https:\/\/yoast.com\/product\/yoast-seo-wordpress\/ -->\n<title>Nykyajan n\u00e4yttelyt syyskaudella 2017 - Valokuvakeskus Nykyaika<\/title>\n<meta name=\"robots\" content=\"index, follow, max-snippet:-1, max-image-preview:large, max-video-preview:-1\" \/>\n<link rel=\"canonical\" href=\"https:\/\/valokuvakeskusnykyaika.fi\/en\/syys2017\/\" \/>\n<meta property=\"og:locale\" content=\"en_GB\" \/>\n<meta property=\"og:type\" content=\"article\" \/>\n<meta property=\"og:title\" content=\"Nykyajan n\u00e4yttelyt syyskaudella 2017 - Valokuvakeskus Nykyaika\" \/>\n<meta property=\"og:description\" content=\"Syyskaudella 2017 \u2013 hein\u00e4kuusta jouluun \u2013 Valokuvakeskus Nykyajassa on 10 n\u00e4yttely\u00e4, 24 tekij\u00e4n voimin. Hein\u00e4kuussa Nykyajassa on myyntin\u00e4yttely, josta teokset saa mukaansa saman tein. T\u00e4ll\u00e4 toivomme palvelevamme erityisesti kes\u00e4turisteja, jotka lomailevat kauniissa kaupungissamme. Syksyn p\u00e4\u00e4tapahtumamme on Backlight Photo Festival, joka juhlii 30-vuotista olemassaoloaan. Nykyajassa on esill\u00e4 kaksi festivaalin 22 taiteilijasta; muut gallerian\u00e4yttelyt ovat esill\u00e4 viereisess\u00e4 [&hellip;]\" \/>\n<meta property=\"og:url\" content=\"https:\/\/valokuvakeskusnykyaika.fi\/en\/syys2017\/\" \/>\n<meta property=\"og:site_name\" content=\"Valokuvakeskus Nykyaika\" \/>\n<meta property=\"article:publisher\" content=\"https:\/\/www.facebook.com\/valokuvakeskus.nykyaika\/\" \/>\n<meta property=\"article:published_time\" content=\"2017-06-02T09:35:10+00:00\" \/>\n<meta property=\"article:modified_time\" content=\"2017-11-23T18:20:53+00:00\" \/>\n<meta property=\"og:image\" content=\"https:\/\/valokuvakeskusnykyaika.fi\/wp-content\/uploads\/2015\/10\/kaarsalo_pariisilaiskortteli-kalevan-karkeen.jpg\" \/>\n\t<meta property=\"og:image:width\" content=\"1181\" \/>\n\t<meta property=\"og:image:height\" content=\"839\" \/>\n\t<meta property=\"og:image:type\" content=\"image\/jpeg\" \/>\n<meta name=\"author\" content=\"info.nykyaika@backlight.fi\" \/>\n<meta name=\"twitter:card\" content=\"summary_large_image\" \/>\n<meta name=\"twitter:creator\" content=\"@nykyaika\" \/>\n<meta name=\"twitter:site\" content=\"@nykyaika\" \/>\n<meta name=\"twitter:label1\" content=\"Written by\" \/>\n\t<meta name=\"twitter:data1\" content=\"info.nykyaika@backlight.fi\" \/>\n\t<meta name=\"twitter:label2\" content=\"Estimated reading time\" \/>\n\t<meta name=\"twitter:data2\" content=\"5 minutes\" \/>\n<script type=\"application\/ld+json\" class=\"yoast-schema-graph\">{\"@context\":\"https:\\\/\\\/schema.org\",\"@graph\":[{\"@type\":\"Article\",\"@id\":\"https:\\\/\\\/valokuvakeskusnykyaika.fi\\\/syys2017\\\/#article\",\"isPartOf\":{\"@id\":\"https:\\\/\\\/valokuvakeskusnykyaika.fi\\\/syys2017\\\/\"},\"author\":{\"name\":\"info.nykyaika@backlight.fi\",\"@id\":\"https:\\\/\\\/valokuvakeskusnykyaika.fi\\\/#\\\/schema\\\/person\\\/41ef90f7d89984ccaca756c8d4241c19\"},\"headline\":\"Nykyajan n\u00e4yttelyt syyskaudella 2017\",\"datePublished\":\"2017-06-02T09:35:10+00:00\",\"dateModified\":\"2017-11-23T18:20:53+00:00\",\"mainEntityOfPage\":{\"@id\":\"https:\\\/\\\/valokuvakeskusnykyaika.fi\\\/syys2017\\\/\"},\"wordCount\":1080,\"publisher\":{\"@id\":\"https:\\\/\\\/valokuvakeskusnykyaika.fi\\\/#organization\"},\"image\":{\"@id\":\"https:\\\/\\\/valokuvakeskusnykyaika.fi\\\/syys2017\\\/#primaryimage\"},\"thumbnailUrl\":\"https:\\\/\\\/valokuvakeskusnykyaika.fi\\\/wp-content\\\/uploads\\\/2015\\\/10\\\/kaarsalo_pariisilaiskortteli-kalevan-karkeen.jpg\",\"articleSection\":[\"Menneet\"],\"inLanguage\":\"en-GB\"},{\"@type\":\"WebPage\",\"@id\":\"https:\\\/\\\/valokuvakeskusnykyaika.fi\\\/syys2017\\\/\",\"url\":\"https:\\\/\\\/valokuvakeskusnykyaika.fi\\\/syys2017\\\/\",\"name\":\"Nykyajan n\u00e4yttelyt syyskaudella 2017 - Valokuvakeskus Nykyaika\",\"isPartOf\":{\"@id\":\"https:\\\/\\\/valokuvakeskusnykyaika.fi\\\/#website\"},\"primaryImageOfPage\":{\"@id\":\"https:\\\/\\\/valokuvakeskusnykyaika.fi\\\/syys2017\\\/#primaryimage\"},\"image\":{\"@id\":\"https:\\\/\\\/valokuvakeskusnykyaika.fi\\\/syys2017\\\/#primaryimage\"},\"thumbnailUrl\":\"https:\\\/\\\/valokuvakeskusnykyaika.fi\\\/wp-content\\\/uploads\\\/2015\\\/10\\\/kaarsalo_pariisilaiskortteli-kalevan-karkeen.jpg\",\"datePublished\":\"2017-06-02T09:35:10+00:00\",\"dateModified\":\"2017-11-23T18:20:53+00:00\",\"breadcrumb\":{\"@id\":\"https:\\\/\\\/valokuvakeskusnykyaika.fi\\\/syys2017\\\/#breadcrumb\"},\"inLanguage\":\"en-GB\",\"potentialAction\":[{\"@type\":\"ReadAction\",\"target\":[\"https:\\\/\\\/valokuvakeskusnykyaika.fi\\\/syys2017\\\/\"]}]},{\"@type\":\"ImageObject\",\"inLanguage\":\"en-GB\",\"@id\":\"https:\\\/\\\/valokuvakeskusnykyaika.fi\\\/syys2017\\\/#primaryimage\",\"url\":\"https:\\\/\\\/valokuvakeskusnykyaika.fi\\\/wp-content\\\/uploads\\\/2015\\\/10\\\/kaarsalo_pariisilaiskortteli-kalevan-karkeen.jpg\",\"contentUrl\":\"https:\\\/\\\/valokuvakeskusnykyaika.fi\\\/wp-content\\\/uploads\\\/2015\\\/10\\\/kaarsalo_pariisilaiskortteli-kalevan-karkeen.jpg\",\"width\":1181,\"height\":839},{\"@type\":\"BreadcrumbList\",\"@id\":\"https:\\\/\\\/valokuvakeskusnykyaika.fi\\\/syys2017\\\/#breadcrumb\",\"itemListElement\":[{\"@type\":\"ListItem\",\"position\":1,\"name\":\"Etusivu\",\"item\":\"https:\\\/\\\/valokuvakeskusnykyaika.fi\\\/\"},{\"@type\":\"ListItem\",\"position\":2,\"name\":\"Nykyajan n\u00e4yttelyt syyskaudella 2017\"}]},{\"@type\":\"WebSite\",\"@id\":\"https:\\\/\\\/valokuvakeskusnykyaika.fi\\\/#website\",\"url\":\"https:\\\/\\\/valokuvakeskusnykyaika.fi\\\/\",\"name\":\"Valokuvakeskus Nykyaika\",\"description\":\"Nykyaika on avoin kohtaamispaikka kaikille valokuvataiteen yst\u00e4ville\",\"publisher\":{\"@id\":\"https:\\\/\\\/valokuvakeskusnykyaika.fi\\\/#organization\"},\"potentialAction\":[{\"@type\":\"SearchAction\",\"target\":{\"@type\":\"EntryPoint\",\"urlTemplate\":\"https:\\\/\\\/valokuvakeskusnykyaika.fi\\\/?s={search_term_string}\"},\"query-input\":{\"@type\":\"PropertyValueSpecification\",\"valueRequired\":true,\"valueName\":\"search_term_string\"}}],\"inLanguage\":\"en-GB\"},{\"@type\":\"Organization\",\"@id\":\"https:\\\/\\\/valokuvakeskusnykyaika.fi\\\/#organization\",\"name\":\"Valokuvakeskus Nykyaika\",\"url\":\"https:\\\/\\\/valokuvakeskusnykyaika.fi\\\/\",\"logo\":{\"@type\":\"ImageObject\",\"inLanguage\":\"en-GB\",\"@id\":\"https:\\\/\\\/valokuvakeskusnykyaika.fi\\\/#\\\/schema\\\/logo\\\/image\\\/\",\"url\":\"https:\\\/\\\/valokuvakeskusnykyaika.fi\\\/wp-content\\\/uploads\\\/2019\\\/01\\\/NY-Valokuvakeskus-logo-pieni.png\",\"contentUrl\":\"https:\\\/\\\/valokuvakeskusnykyaika.fi\\\/wp-content\\\/uploads\\\/2019\\\/01\\\/NY-Valokuvakeskus-logo-pieni.png\",\"width\":300,\"height\":314,\"caption\":\"Valokuvakeskus Nykyaika\"},\"image\":{\"@id\":\"https:\\\/\\\/valokuvakeskusnykyaika.fi\\\/#\\\/schema\\\/logo\\\/image\\\/\"},\"sameAs\":[\"https:\\\/\\\/www.facebook.com\\\/valokuvakeskus.nykyaika\\\/\",\"https:\\\/\\\/x.com\\\/nykyaika\",\"https:\\\/\\\/www.instagram.com\\\/nykyaika\\\/\"]},{\"@type\":\"Person\",\"@id\":\"https:\\\/\\\/valokuvakeskusnykyaika.fi\\\/#\\\/schema\\\/person\\\/41ef90f7d89984ccaca756c8d4241c19\",\"name\":\"info.nykyaika@backlight.fi\",\"url\":\"https:\\\/\\\/valokuvakeskusnykyaika.fi\\\/en\\\/author\\\/info-nykyaikabacklight-fi\\\/\"}]}<\/script>\n<!-- \/ Yoast SEO plugin. -->","yoast_head_json":{"title":"Nykyajan n\u00e4yttelyt syyskaudella 2017 - Valokuvakeskus Nykyaika","robots":{"index":"index","follow":"follow","max-snippet":"max-snippet:-1","max-image-preview":"max-image-preview:large","max-video-preview":"max-video-preview:-1"},"canonical":"https:\/\/valokuvakeskusnykyaika.fi\/en\/syys2017\/","og_locale":"en_GB","og_type":"article","og_title":"Nykyajan n\u00e4yttelyt syyskaudella 2017 - Valokuvakeskus Nykyaika","og_description":"Syyskaudella 2017 \u2013 hein\u00e4kuusta jouluun \u2013 Valokuvakeskus Nykyajassa on 10 n\u00e4yttely\u00e4, 24 tekij\u00e4n voimin. Hein\u00e4kuussa Nykyajassa on myyntin\u00e4yttely, josta teokset saa mukaansa saman tein. T\u00e4ll\u00e4 toivomme palvelevamme erityisesti kes\u00e4turisteja, jotka lomailevat kauniissa kaupungissamme. Syksyn p\u00e4\u00e4tapahtumamme on Backlight Photo Festival, joka juhlii 30-vuotista olemassaoloaan. Nykyajassa on esill\u00e4 kaksi festivaalin 22 taiteilijasta; muut gallerian\u00e4yttelyt ovat esill\u00e4 viereisess\u00e4 [&hellip;]","og_url":"https:\/\/valokuvakeskusnykyaika.fi\/en\/syys2017\/","og_site_name":"Valokuvakeskus Nykyaika","article_publisher":"https:\/\/www.facebook.com\/valokuvakeskus.nykyaika\/","article_published_time":"2017-06-02T09:35:10+00:00","article_modified_time":"2017-11-23T18:20:53+00:00","og_image":[{"width":1181,"height":839,"url":"https:\/\/valokuvakeskusnykyaika.fi\/wp-content\/uploads\/2015\/10\/kaarsalo_pariisilaiskortteli-kalevan-karkeen.jpg","type":"image\/jpeg"}],"author":"info.nykyaika@backlight.fi","twitter_card":"summary_large_image","twitter_creator":"@nykyaika","twitter_site":"@nykyaika","twitter_misc":{"Written by":"info.nykyaika@backlight.fi","Estimated reading time":"5 minutes"},"schema":{"@context":"https:\/\/schema.org","@graph":[{"@type":"Article","@id":"https:\/\/valokuvakeskusnykyaika.fi\/syys2017\/#article","isPartOf":{"@id":"https:\/\/valokuvakeskusnykyaika.fi\/syys2017\/"},"author":{"name":"info.nykyaika@backlight.fi","@id":"https:\/\/valokuvakeskusnykyaika.fi\/#\/schema\/person\/41ef90f7d89984ccaca756c8d4241c19"},"headline":"Nykyajan n\u00e4yttelyt syyskaudella 2017","datePublished":"2017-06-02T09:35:10+00:00","dateModified":"2017-11-23T18:20:53+00:00","mainEntityOfPage":{"@id":"https:\/\/valokuvakeskusnykyaika.fi\/syys2017\/"},"wordCount":1080,"publisher":{"@id":"https:\/\/valokuvakeskusnykyaika.fi\/#organization"},"image":{"@id":"https:\/\/valokuvakeskusnykyaika.fi\/syys2017\/#primaryimage"},"thumbnailUrl":"https:\/\/valokuvakeskusnykyaika.fi\/wp-content\/uploads\/2015\/10\/kaarsalo_pariisilaiskortteli-kalevan-karkeen.jpg","articleSection":["Menneet"],"inLanguage":"en-GB"},{"@type":"WebPage","@id":"https:\/\/valokuvakeskusnykyaika.fi\/syys2017\/","url":"https:\/\/valokuvakeskusnykyaika.fi\/syys2017\/","name":"Nykyajan n\u00e4yttelyt syyskaudella 2017 - Valokuvakeskus Nykyaika","isPartOf":{"@id":"https:\/\/valokuvakeskusnykyaika.fi\/#website"},"primaryImageOfPage":{"@id":"https:\/\/valokuvakeskusnykyaika.fi\/syys2017\/#primaryimage"},"image":{"@id":"https:\/\/valokuvakeskusnykyaika.fi\/syys2017\/#primaryimage"},"thumbnailUrl":"https:\/\/valokuvakeskusnykyaika.fi\/wp-content\/uploads\/2015\/10\/kaarsalo_pariisilaiskortteli-kalevan-karkeen.jpg","datePublished":"2017-06-02T09:35:10+00:00","dateModified":"2017-11-23T18:20:53+00:00","breadcrumb":{"@id":"https:\/\/valokuvakeskusnykyaika.fi\/syys2017\/#breadcrumb"},"inLanguage":"en-GB","potentialAction":[{"@type":"ReadAction","target":["https:\/\/valokuvakeskusnykyaika.fi\/syys2017\/"]}]},{"@type":"ImageObject","inLanguage":"en-GB","@id":"https:\/\/valokuvakeskusnykyaika.fi\/syys2017\/#primaryimage","url":"https:\/\/valokuvakeskusnykyaika.fi\/wp-content\/uploads\/2015\/10\/kaarsalo_pariisilaiskortteli-kalevan-karkeen.jpg","contentUrl":"https:\/\/valokuvakeskusnykyaika.fi\/wp-content\/uploads\/2015\/10\/kaarsalo_pariisilaiskortteli-kalevan-karkeen.jpg","width":1181,"height":839},{"@type":"BreadcrumbList","@id":"https:\/\/valokuvakeskusnykyaika.fi\/syys2017\/#breadcrumb","itemListElement":[{"@type":"ListItem","position":1,"name":"Etusivu","item":"https:\/\/valokuvakeskusnykyaika.fi\/"},{"@type":"ListItem","position":2,"name":"Nykyajan n\u00e4yttelyt syyskaudella 2017"}]},{"@type":"WebSite","@id":"https:\/\/valokuvakeskusnykyaika.fi\/#website","url":"https:\/\/valokuvakeskusnykyaika.fi\/","name":"Photographic Centre Nykyaika","description":"Nykyaika on avoin kohtaamispaikka kaikille valokuvataiteen yst\u00e4ville","publisher":{"@id":"https:\/\/valokuvakeskusnykyaika.fi\/#organization"},"potentialAction":[{"@type":"SearchAction","target":{"@type":"EntryPoint","urlTemplate":"https:\/\/valokuvakeskusnykyaika.fi\/?s={search_term_string}"},"query-input":{"@type":"PropertyValueSpecification","valueRequired":true,"valueName":"search_term_string"}}],"inLanguage":"en-GB"},{"@type":"Organization","@id":"https:\/\/valokuvakeskusnykyaika.fi\/#organization","name":"Photographic Centre Nykyaika","url":"https:\/\/valokuvakeskusnykyaika.fi\/","logo":{"@type":"ImageObject","inLanguage":"en-GB","@id":"https:\/\/valokuvakeskusnykyaika.fi\/#\/schema\/logo\/image\/","url":"https:\/\/valokuvakeskusnykyaika.fi\/wp-content\/uploads\/2019\/01\/NY-Valokuvakeskus-logo-pieni.png","contentUrl":"https:\/\/valokuvakeskusnykyaika.fi\/wp-content\/uploads\/2019\/01\/NY-Valokuvakeskus-logo-pieni.png","width":300,"height":314,"caption":"Valokuvakeskus Nykyaika"},"image":{"@id":"https:\/\/valokuvakeskusnykyaika.fi\/#\/schema\/logo\/image\/"},"sameAs":["https:\/\/www.facebook.com\/valokuvakeskus.nykyaika\/","https:\/\/x.com\/nykyaika","https:\/\/www.instagram.com\/nykyaika\/"]},{"@type":"Person","@id":"https:\/\/valokuvakeskusnykyaika.fi\/#\/schema\/person\/41ef90f7d89984ccaca756c8d4241c19","name":"info.nykyaika@backlight.fi","url":"https:\/\/valokuvakeskusnykyaika.fi\/en\/author\/info-nykyaikabacklight-fi\/"}]}},"_links":{"self":[{"href":"https:\/\/valokuvakeskusnykyaika.fi\/en\/wp-json\/wp\/v2\/posts\/2055","targetHints":{"allow":["GET"]}}],"collection":[{"href":"https:\/\/valokuvakeskusnykyaika.fi\/en\/wp-json\/wp\/v2\/posts"}],"about":[{"href":"https:\/\/valokuvakeskusnykyaika.fi\/en\/wp-json\/wp\/v2\/types\/post"}],"author":[{"embeddable":true,"href":"https:\/\/valokuvakeskusnykyaika.fi\/en\/wp-json\/wp\/v2\/users\/6"}],"replies":[{"embeddable":true,"href":"https:\/\/valokuvakeskusnykyaika.fi\/en\/wp-json\/wp\/v2\/comments?post=2055"}],"version-history":[{"count":5,"href":"https:\/\/valokuvakeskusnykyaika.fi\/en\/wp-json\/wp\/v2\/posts\/2055\/revisions"}],"predecessor-version":[{"id":2242,"href":"https:\/\/valokuvakeskusnykyaika.fi\/en\/wp-json\/wp\/v2\/posts\/2055\/revisions\/2242"}],"wp:featuredmedia":[{"embeddable":true,"href":"https:\/\/valokuvakeskusnykyaika.fi\/en\/wp-json\/wp\/v2\/media\/1998"}],"wp:attachment":[{"href":"https:\/\/valokuvakeskusnykyaika.fi\/en\/wp-json\/wp\/v2\/media?parent=2055"}],"wp:term":[{"taxonomy":"category","embeddable":true,"href":"https:\/\/valokuvakeskusnykyaika.fi\/en\/wp-json\/wp\/v2\/categories?post=2055"},{"taxonomy":"post_tag","embeddable":true,"href":"https:\/\/valokuvakeskusnykyaika.fi\/en\/wp-json\/wp\/v2\/tags?post=2055"}],"curies":[{"name":"wp","href":"https:\/\/api.w.org\/{rel}","templated":true}]}}