{"id":2075,"date":"2017-06-29T11:15:14","date_gmt":"2017-06-29T08:15:14","guid":{"rendered":"http:\/\/valokuvakeskusnykyaika.fi\/?p=2075"},"modified":"2017-06-30T12:52:47","modified_gmt":"2017-06-30T09:52:47","slug":"heinakuu2017","status":"publish","type":"post","link":"https:\/\/valokuvakeskusnykyaika.fi\/en\/heinakuu2017\/","title":{"rendered":"HEIN\u00c4KUU: Mansikkapaikka"},"content":{"rendered":"<h3><strong>Mansikkapaikka<\/strong><\/h3>\n<p><strong>Kes\u00e4myyntin\u00e4yttely 8. \u2013 31.7.2017<\/strong><\/p>\n<p>Avoinna ma-pe 12-18, la-su 12-16<\/p>\n<p>&nbsp;<\/p>\n<p>Hein\u00e4kuussa kannattaa k\u00e4yd\u00e4 Nykyajan kautta hankkimassa valokuva lahjaksi, kes\u00e4juhliin tai vaikka jo joulukiireit\u00e4 v\u00e4ltellen. Myynniss\u00e4 on kehystettyj\u00e4 valokuvia, vedoksia, kortteja ja kirjoja kaikissa hintaluokissa moneen makuun sek\u00e4 erikokoisina.<\/p>\n<p>Mansikkapaikka -n\u00e4yttelyss\u00e4 on mukana 15 Valokuvakeskus Nykyaika ry:n j\u00e4sentaiteilijaa. Joka p\u00e4iv\u00e4 ryhm\u00e4n taiteilijoita on paikalla esittelem\u00e4ss\u00e4 teoksia, ja heilt\u00e4 voi ostaa teoksen mukaansa \u2013 ryhm\u00e4 t\u00e4ydent\u00e4\u00e4 n\u00e4yttely\u00e4 uusilla teoksilla aina myytyjen tilalle. Ostoksensa saa mukaansa heti, eik\u00e4 vasta n\u00e4yttelyn viimeinen p\u00e4iv\u00e4. Valokuva on hyv\u00e4 hankinta lahjaksi taikka sijoituskohteeksi. Matkamuistona se on laadukas valinta \u2013 ja helppo kuljettaa! Tule poimimaan omasi!<\/p>\n<p>&nbsp;<\/p>\n<p>Mansikkapaikka-ryhm\u00e4n muodostavat: <em>Lauri Dammert, Laura Happo, Eijaa Heikkinen, Tina Jokitalo, Riitta J\u00e4rvel\u00e4, Sini Kallio, Mirja Paljakka, Tiina Riutta, Saara Sillanp\u00e4\u00e4, Merja Tanhua, Marja-Liisa Torniainen, Jaana Tyrmi, Risto Vainio, Hans Viebrock ja Antti Yrj\u00f6nen. <\/em><\/p>\n<p>&nbsp;<\/p>\n<p><a href=\"http:\/\/valokuvakeskusnykyaika.fi\/en\/yhdistys\/jasenlinkkeja\/\">Tekij\u00f6iden nettisivulinkit l\u00f6yd\u00e4t T\u00c4\u00c4LT\u00c4<\/a><\/p>\n<p>&nbsp;<\/p>\n<div id=\"attachment_2079\" class=\"wp-caption alignnone\"><img loading=\"lazy\" decoding=\"async\" aria-describedby=\"caption-attachment-2079\" class=\"wp-image-2079 size-medium\" src=\"http:\/\/valokuvakeskusnykyaika.fi\/wp-content\/uploads\/2017\/06\/Konsulisaari-III-300x300.jpg\" alt=\"\" width=\"300\" height=\"300\" \/><p id=\"caption-attachment-2079\" class=\"wp-caption-text\">Kuva: Jaana Tyrmi<\/p><\/div>\n<div id=\"attachment_2077\" class=\"wp-caption alignnone\"><img loading=\"lazy\" decoding=\"async\" aria-describedby=\"caption-attachment-2077\" class=\"wp-image-2077 size-medium\" src=\"http:\/\/valokuvakeskusnykyaika.fi\/wp-content\/uploads\/2017\/06\/riitta_jarvela_laiva-291x300.jpg\" alt=\"\" width=\"291\" height=\"300\" \/><p id=\"caption-attachment-2077\" class=\"wp-caption-text\">Kuva: Riitta J\u00e4rvel\u00e4<\/p><\/div>\n<div id=\"attachment_2082\" class=\"wp-caption alignnone\"><img loading=\"lazy\" decoding=\"async\" aria-describedby=\"caption-attachment-2082\" class=\"wp-image-2082 size-medium\" src=\"http:\/\/valokuvakeskusnykyaika.fi\/wp-content\/uploads\/2017\/06\/paljakka_mansikkapaikka_pieni-300x214.jpg\" alt=\"\" width=\"300\" height=\"214\" \/><p id=\"caption-attachment-2082\" class=\"wp-caption-text\">Kuva: Mirja Paljakka<\/p><\/div>\n<div id=\"attachment_2083\" class=\"wp-caption alignnone\"><img loading=\"lazy\" decoding=\"async\" aria-describedby=\"caption-attachment-2083\" class=\"wp-image-2083 size-medium\" src=\"http:\/\/valokuvakeskusnykyaika.fi\/wp-content\/uploads\/2017\/06\/Torniainen_Kesakeittio-300x157.jpg\" alt=\"\" width=\"300\" height=\"157\" \/><p id=\"caption-attachment-2083\" class=\"wp-caption-text\">Kuva: Marja-Liisa Torniainen<\/p><\/div>\n<div id=\"attachment_2081\" class=\"wp-caption alignnone\"><img loading=\"lazy\" decoding=\"async\" aria-describedby=\"caption-attachment-2081\" class=\"wp-image-2081 size-medium\" src=\"http:\/\/valokuvakeskusnykyaika.fi\/wp-content\/uploads\/2017\/06\/kuva_Dammert-Lauri_koivunlehti-syksy-2016_netti-300x222.jpg\" alt=\"\" width=\"300\" height=\"222\" \/><p id=\"caption-attachment-2081\" class=\"wp-caption-text\">Kuva: Lauri Dammert<\/p><\/div>\n<div id=\"attachment_2084\" class=\"wp-caption alignnone\"><img loading=\"lazy\" decoding=\"async\" aria-describedby=\"caption-attachment-2084\" class=\"wp-image-2084 size-medium\" src=\"http:\/\/valokuvakeskusnykyaika.fi\/wp-content\/uploads\/2017\/06\/image2-300x200.jpg\" alt=\"\" width=\"300\" height=\"200\" \/><p id=\"caption-attachment-2084\" class=\"wp-caption-text\">Kuva: Risto Vainio<\/p><\/div>\n<div id=\"attachment_2085\" class=\"wp-caption alignnone\"><img loading=\"lazy\" decoding=\"async\" aria-describedby=\"caption-attachment-2085\" class=\"wp-image-2085 size-medium\" src=\"http:\/\/valokuvakeskusnykyaika.fi\/wp-content\/uploads\/2017\/06\/SiniKallio_Lolastoys_Draculaura_-300x199.jpg\" alt=\"\" width=\"300\" height=\"199\" \/><p id=\"caption-attachment-2085\" class=\"wp-caption-text\">Kuva: Sini Kallio<\/p><\/div>\n<div id=\"attachment_2080\" class=\"wp-caption alignnone\"><img loading=\"lazy\" decoding=\"async\" aria-describedby=\"caption-attachment-2080\" class=\"wp-image-2080 size-medium\" src=\"http:\/\/valokuvakeskusnykyaika.fi\/wp-content\/uploads\/2017\/06\/aEIJAA-HEIKKINEN-AMEN72-pieni-200x300.jpg\" alt=\"\" width=\"200\" height=\"300\" \/><p id=\"caption-attachment-2080\" class=\"wp-caption-text\">Kuva: Eijaa Heikkinen<\/p><\/div>\n<div id=\"attachment_2089\" class=\"wp-caption alignnone\"><img loading=\"lazy\" decoding=\"async\" aria-describedby=\"caption-attachment-2089\" class=\"wp-image-2089 size-medium\" src=\"http:\/\/valokuvakeskusnykyaika.fi\/wp-content\/uploads\/2015\/10\/viebrock_x-300x199.jpg\" alt=\"\" width=\"300\" height=\"199\" \/><p id=\"caption-attachment-2089\" class=\"wp-caption-text\">Kuva: Hans Viebrock<\/p><\/div>\n<div id=\"attachment_2088\" class=\"wp-caption alignnone\"><img loading=\"lazy\" decoding=\"async\" aria-describedby=\"caption-attachment-2088\" class=\"wp-image-2088 size-medium\" src=\"http:\/\/valokuvakeskusnykyaika.fi\/wp-content\/uploads\/2015\/10\/Sillnapaa_puunet-169x300.jpg\" alt=\"\" width=\"169\" height=\"300\" \/><p id=\"caption-attachment-2088\" class=\"wp-caption-text\">Kuva: Saara Sillanp\u00e4\u00e4<\/p><\/div>\n<div id=\"attachment_2095\" class=\"wp-caption alignnone\"><img loading=\"lazy\" decoding=\"async\" aria-describedby=\"caption-attachment-2095\" class=\"wp-image-2095 size-medium\" src=\"http:\/\/valokuvakeskusnykyaika.fi\/wp-content\/uploads\/2017\/06\/kallis_kantaja_web-190x300.jpg\" alt=\"\" width=\"190\" height=\"300\" \/><p id=\"caption-attachment-2095\" class=\"wp-caption-text\">Kuva: Laura Happo<\/p><\/div>\n<div id=\"attachment_2096\" class=\"wp-caption alignnone\"><img loading=\"lazy\" decoding=\"async\" aria-describedby=\"caption-attachment-2096\" class=\"wp-image-2096 size-medium\" src=\"http:\/\/valokuvakeskusnykyaika.fi\/wp-content\/uploads\/2017\/06\/triutta-200x300.jpg\" alt=\"\" width=\"200\" height=\"300\" \/><p id=\"caption-attachment-2096\" class=\"wp-caption-text\">Kuva: Tiina Riutta<\/p><\/div>","protected":false},"excerpt":{"rendered":"<p>Mansikkapaikka Kes\u00e4myyntin\u00e4yttely 8. \u2013 31.7.2017 Avoinna ma-pe 12-18, la-su 12-16 &nbsp; Hein\u00e4kuussa kannattaa k\u00e4yd\u00e4 Nykyajan kautta hankkimassa valokuva lahjaksi, kes\u00e4juhliin tai vaikka jo joulukiireit\u00e4 v\u00e4ltellen. Myynniss\u00e4 on kehystettyj\u00e4 valokuvia, vedoksia, kortteja ja kirjoja kaikissa hintaluokissa moneen makuun sek\u00e4 erikokoisina. Mansikkapaikka -n\u00e4yttelyss\u00e4 on mukana 15 Valokuvakeskus Nykyaika ry:n j\u00e4sentaiteilijaa. Joka p\u00e4iv\u00e4 ryhm\u00e4n taiteilijoita on paikalla esittelem\u00e4ss\u00e4 [&hellip;]<\/p>\n","protected":false},"author":6,"featured_media":2077,"comment_status":"closed","ping_status":"closed","sticky":false,"template":"","format":"standard","meta":{"iawp_total_views":1,"footnotes":""},"categories":[4],"tags":[],"class_list":["post-2075","post","type-post","status-publish","format-standard","has-post-thumbnail","hentry","category-menneet"],"yoast_head":"<!-- This site is optimized with the Yoast SEO plugin v27.5 - https:\/\/yoast.com\/product\/yoast-seo-wordpress\/ -->\n<title>HEIN\u00c4KUU: Mansikkapaikka - Valokuvakeskus Nykyaika<\/title>\n<meta name=\"robots\" content=\"index, follow, max-snippet:-1, max-image-preview:large, max-video-preview:-1\" \/>\n<link rel=\"canonical\" href=\"https:\/\/valokuvakeskusnykyaika.fi\/en\/heinakuu2017\/\" \/>\n<meta property=\"og:locale\" content=\"en_GB\" \/>\n<meta property=\"og:type\" content=\"article\" \/>\n<meta property=\"og:title\" content=\"HEIN\u00c4KUU: Mansikkapaikka - Valokuvakeskus Nykyaika\" \/>\n<meta property=\"og:description\" content=\"Mansikkapaikka Kes\u00e4myyntin\u00e4yttely 8. \u2013 31.7.2017 Avoinna ma-pe 12-18, la-su 12-16 &nbsp; Hein\u00e4kuussa kannattaa k\u00e4yd\u00e4 Nykyajan kautta hankkimassa valokuva lahjaksi, kes\u00e4juhliin tai vaikka jo joulukiireit\u00e4 v\u00e4ltellen. Myynniss\u00e4 on kehystettyj\u00e4 valokuvia, vedoksia, kortteja ja kirjoja kaikissa hintaluokissa moneen makuun sek\u00e4 erikokoisina. Mansikkapaikka -n\u00e4yttelyss\u00e4 on mukana 15 Valokuvakeskus Nykyaika ry:n j\u00e4sentaiteilijaa. Joka p\u00e4iv\u00e4 ryhm\u00e4n taiteilijoita on paikalla esittelem\u00e4ss\u00e4 [&hellip;]\" \/>\n<meta property=\"og:url\" content=\"https:\/\/valokuvakeskusnykyaika.fi\/en\/heinakuu2017\/\" \/>\n<meta property=\"og:site_name\" content=\"Valokuvakeskus Nykyaika\" \/>\n<meta property=\"article:publisher\" content=\"https:\/\/www.facebook.com\/valokuvakeskus.nykyaika\/\" \/>\n<meta property=\"article:published_time\" content=\"2017-06-29T08:15:14+00:00\" \/>\n<meta property=\"article:modified_time\" content=\"2017-06-30T09:52:47+00:00\" \/>\n<meta property=\"og:image\" content=\"https:\/\/valokuvakeskusnykyaika.fi\/wp-content\/uploads\/2017\/06\/riitta_jarvela_laiva.jpg\" \/>\n\t<meta property=\"og:image:width\" content=\"4724\" \/>\n\t<meta property=\"og:image:height\" content=\"4865\" \/>\n\t<meta property=\"og:image:type\" content=\"image\/jpeg\" \/>\n<meta name=\"author\" content=\"info.nykyaika@backlight.fi\" \/>\n<meta name=\"twitter:card\" content=\"summary_large_image\" \/>\n<meta name=\"twitter:creator\" content=\"@nykyaika\" \/>\n<meta name=\"twitter:site\" content=\"@nykyaika\" \/>\n<meta name=\"twitter:label1\" content=\"Written by\" \/>\n\t<meta name=\"twitter:data1\" content=\"info.nykyaika@backlight.fi\" \/>\n\t<meta name=\"twitter:label2\" content=\"Estimated reading time\" \/>\n\t<meta name=\"twitter:data2\" content=\"1 minute\" \/>\n<script type=\"application\/ld+json\" class=\"yoast-schema-graph\">{\"@context\":\"https:\\\/\\\/schema.org\",\"@graph\":[{\"@type\":\"Article\",\"@id\":\"https:\\\/\\\/valokuvakeskusnykyaika.fi\\\/heinakuu2017\\\/#article\",\"isPartOf\":{\"@id\":\"https:\\\/\\\/valokuvakeskusnykyaika.fi\\\/heinakuu2017\\\/\"},\"author\":{\"name\":\"info.nykyaika@backlight.fi\",\"@id\":\"https:\\\/\\\/valokuvakeskusnykyaika.fi\\\/#\\\/schema\\\/person\\\/41ef90f7d89984ccaca756c8d4241c19\"},\"headline\":\"HEIN\u00c4KUU: Mansikkapaikka\",\"datePublished\":\"2017-06-29T08:15:14+00:00\",\"dateModified\":\"2017-06-30T09:52:47+00:00\",\"mainEntityOfPage\":{\"@id\":\"https:\\\/\\\/valokuvakeskusnykyaika.fi\\\/heinakuu2017\\\/\"},\"wordCount\":280,\"publisher\":{\"@id\":\"https:\\\/\\\/valokuvakeskusnykyaika.fi\\\/#organization\"},\"image\":{\"@id\":\"https:\\\/\\\/valokuvakeskusnykyaika.fi\\\/heinakuu2017\\\/#primaryimage\"},\"thumbnailUrl\":\"https:\\\/\\\/valokuvakeskusnykyaika.fi\\\/wp-content\\\/uploads\\\/2017\\\/06\\\/riitta_jarvela_laiva.jpg\",\"articleSection\":[\"Menneet\"],\"inLanguage\":\"en-GB\"},{\"@type\":\"WebPage\",\"@id\":\"https:\\\/\\\/valokuvakeskusnykyaika.fi\\\/heinakuu2017\\\/\",\"url\":\"https:\\\/\\\/valokuvakeskusnykyaika.fi\\\/heinakuu2017\\\/\",\"name\":\"HEIN\u00c4KUU: Mansikkapaikka - Valokuvakeskus Nykyaika\",\"isPartOf\":{\"@id\":\"https:\\\/\\\/valokuvakeskusnykyaika.fi\\\/#website\"},\"primaryImageOfPage\":{\"@id\":\"https:\\\/\\\/valokuvakeskusnykyaika.fi\\\/heinakuu2017\\\/#primaryimage\"},\"image\":{\"@id\":\"https:\\\/\\\/valokuvakeskusnykyaika.fi\\\/heinakuu2017\\\/#primaryimage\"},\"thumbnailUrl\":\"https:\\\/\\\/valokuvakeskusnykyaika.fi\\\/wp-content\\\/uploads\\\/2017\\\/06\\\/riitta_jarvela_laiva.jpg\",\"datePublished\":\"2017-06-29T08:15:14+00:00\",\"dateModified\":\"2017-06-30T09:52:47+00:00\",\"breadcrumb\":{\"@id\":\"https:\\\/\\\/valokuvakeskusnykyaika.fi\\\/heinakuu2017\\\/#breadcrumb\"},\"inLanguage\":\"en-GB\",\"potentialAction\":[{\"@type\":\"ReadAction\",\"target\":[\"https:\\\/\\\/valokuvakeskusnykyaika.fi\\\/heinakuu2017\\\/\"]}]},{\"@type\":\"ImageObject\",\"inLanguage\":\"en-GB\",\"@id\":\"https:\\\/\\\/valokuvakeskusnykyaika.fi\\\/heinakuu2017\\\/#primaryimage\",\"url\":\"https:\\\/\\\/valokuvakeskusnykyaika.fi\\\/wp-content\\\/uploads\\\/2017\\\/06\\\/riitta_jarvela_laiva.jpg\",\"contentUrl\":\"https:\\\/\\\/valokuvakeskusnykyaika.fi\\\/wp-content\\\/uploads\\\/2017\\\/06\\\/riitta_jarvela_laiva.jpg\",\"width\":4724,\"height\":4865,\"caption\":\"Kuva: Riitta J\u00e4rvel\u00e4\"},{\"@type\":\"BreadcrumbList\",\"@id\":\"https:\\\/\\\/valokuvakeskusnykyaika.fi\\\/heinakuu2017\\\/#breadcrumb\",\"itemListElement\":[{\"@type\":\"ListItem\",\"position\":1,\"name\":\"Etusivu\",\"item\":\"https:\\\/\\\/valokuvakeskusnykyaika.fi\\\/\"},{\"@type\":\"ListItem\",\"position\":2,\"name\":\"HEIN\u00c4KUU: Mansikkapaikka\"}]},{\"@type\":\"WebSite\",\"@id\":\"https:\\\/\\\/valokuvakeskusnykyaika.fi\\\/#website\",\"url\":\"https:\\\/\\\/valokuvakeskusnykyaika.fi\\\/\",\"name\":\"Valokuvakeskus Nykyaika\",\"description\":\"Nykyaika on avoin kohtaamispaikka kaikille valokuvataiteen yst\u00e4ville\",\"publisher\":{\"@id\":\"https:\\\/\\\/valokuvakeskusnykyaika.fi\\\/#organization\"},\"potentialAction\":[{\"@type\":\"SearchAction\",\"target\":{\"@type\":\"EntryPoint\",\"urlTemplate\":\"https:\\\/\\\/valokuvakeskusnykyaika.fi\\\/?s={search_term_string}\"},\"query-input\":{\"@type\":\"PropertyValueSpecification\",\"valueRequired\":true,\"valueName\":\"search_term_string\"}}],\"inLanguage\":\"en-GB\"},{\"@type\":\"Organization\",\"@id\":\"https:\\\/\\\/valokuvakeskusnykyaika.fi\\\/#organization\",\"name\":\"Valokuvakeskus Nykyaika\",\"url\":\"https:\\\/\\\/valokuvakeskusnykyaika.fi\\\/\",\"logo\":{\"@type\":\"ImageObject\",\"inLanguage\":\"en-GB\",\"@id\":\"https:\\\/\\\/valokuvakeskusnykyaika.fi\\\/#\\\/schema\\\/logo\\\/image\\\/\",\"url\":\"https:\\\/\\\/valokuvakeskusnykyaika.fi\\\/wp-content\\\/uploads\\\/2019\\\/01\\\/NY-Valokuvakeskus-logo-pieni.png\",\"contentUrl\":\"https:\\\/\\\/valokuvakeskusnykyaika.fi\\\/wp-content\\\/uploads\\\/2019\\\/01\\\/NY-Valokuvakeskus-logo-pieni.png\",\"width\":300,\"height\":314,\"caption\":\"Valokuvakeskus Nykyaika\"},\"image\":{\"@id\":\"https:\\\/\\\/valokuvakeskusnykyaika.fi\\\/#\\\/schema\\\/logo\\\/image\\\/\"},\"sameAs\":[\"https:\\\/\\\/www.facebook.com\\\/valokuvakeskus.nykyaika\\\/\",\"https:\\\/\\\/x.com\\\/nykyaika\",\"https:\\\/\\\/www.instagram.com\\\/nykyaika\\\/\"]},{\"@type\":\"Person\",\"@id\":\"https:\\\/\\\/valokuvakeskusnykyaika.fi\\\/#\\\/schema\\\/person\\\/41ef90f7d89984ccaca756c8d4241c19\",\"name\":\"info.nykyaika@backlight.fi\",\"url\":\"https:\\\/\\\/valokuvakeskusnykyaika.fi\\\/en\\\/author\\\/info-nykyaikabacklight-fi\\\/\"}]}<\/script>\n<!-- \/ Yoast SEO plugin. -->","yoast_head_json":{"title":"HEIN\u00c4KUU: Mansikkapaikka - Valokuvakeskus Nykyaika","robots":{"index":"index","follow":"follow","max-snippet":"max-snippet:-1","max-image-preview":"max-image-preview:large","max-video-preview":"max-video-preview:-1"},"canonical":"https:\/\/valokuvakeskusnykyaika.fi\/en\/heinakuu2017\/","og_locale":"en_GB","og_type":"article","og_title":"HEIN\u00c4KUU: Mansikkapaikka - Valokuvakeskus Nykyaika","og_description":"Mansikkapaikka Kes\u00e4myyntin\u00e4yttely 8. \u2013 31.7.2017 Avoinna ma-pe 12-18, la-su 12-16 &nbsp; Hein\u00e4kuussa kannattaa k\u00e4yd\u00e4 Nykyajan kautta hankkimassa valokuva lahjaksi, kes\u00e4juhliin tai vaikka jo joulukiireit\u00e4 v\u00e4ltellen. Myynniss\u00e4 on kehystettyj\u00e4 valokuvia, vedoksia, kortteja ja kirjoja kaikissa hintaluokissa moneen makuun sek\u00e4 erikokoisina. Mansikkapaikka -n\u00e4yttelyss\u00e4 on mukana 15 Valokuvakeskus Nykyaika ry:n j\u00e4sentaiteilijaa. Joka p\u00e4iv\u00e4 ryhm\u00e4n taiteilijoita on paikalla esittelem\u00e4ss\u00e4 [&hellip;]","og_url":"https:\/\/valokuvakeskusnykyaika.fi\/en\/heinakuu2017\/","og_site_name":"Valokuvakeskus Nykyaika","article_publisher":"https:\/\/www.facebook.com\/valokuvakeskus.nykyaika\/","article_published_time":"2017-06-29T08:15:14+00:00","article_modified_time":"2017-06-30T09:52:47+00:00","og_image":[{"width":4724,"height":4865,"url":"https:\/\/valokuvakeskusnykyaika.fi\/wp-content\/uploads\/2017\/06\/riitta_jarvela_laiva.jpg","type":"image\/jpeg"}],"author":"info.nykyaika@backlight.fi","twitter_card":"summary_large_image","twitter_creator":"@nykyaika","twitter_site":"@nykyaika","twitter_misc":{"Written by":"info.nykyaika@backlight.fi","Estimated reading time":"1 minute"},"schema":{"@context":"https:\/\/schema.org","@graph":[{"@type":"Article","@id":"https:\/\/valokuvakeskusnykyaika.fi\/heinakuu2017\/#article","isPartOf":{"@id":"https:\/\/valokuvakeskusnykyaika.fi\/heinakuu2017\/"},"author":{"name":"info.nykyaika@backlight.fi","@id":"https:\/\/valokuvakeskusnykyaika.fi\/#\/schema\/person\/41ef90f7d89984ccaca756c8d4241c19"},"headline":"HEIN\u00c4KUU: Mansikkapaikka","datePublished":"2017-06-29T08:15:14+00:00","dateModified":"2017-06-30T09:52:47+00:00","mainEntityOfPage":{"@id":"https:\/\/valokuvakeskusnykyaika.fi\/heinakuu2017\/"},"wordCount":280,"publisher":{"@id":"https:\/\/valokuvakeskusnykyaika.fi\/#organization"},"image":{"@id":"https:\/\/valokuvakeskusnykyaika.fi\/heinakuu2017\/#primaryimage"},"thumbnailUrl":"https:\/\/valokuvakeskusnykyaika.fi\/wp-content\/uploads\/2017\/06\/riitta_jarvela_laiva.jpg","articleSection":["Menneet"],"inLanguage":"en-GB"},{"@type":"WebPage","@id":"https:\/\/valokuvakeskusnykyaika.fi\/heinakuu2017\/","url":"https:\/\/valokuvakeskusnykyaika.fi\/heinakuu2017\/","name":"HEIN\u00c4KUU: Mansikkapaikka - Valokuvakeskus Nykyaika","isPartOf":{"@id":"https:\/\/valokuvakeskusnykyaika.fi\/#website"},"primaryImageOfPage":{"@id":"https:\/\/valokuvakeskusnykyaika.fi\/heinakuu2017\/#primaryimage"},"image":{"@id":"https:\/\/valokuvakeskusnykyaika.fi\/heinakuu2017\/#primaryimage"},"thumbnailUrl":"https:\/\/valokuvakeskusnykyaika.fi\/wp-content\/uploads\/2017\/06\/riitta_jarvela_laiva.jpg","datePublished":"2017-06-29T08:15:14+00:00","dateModified":"2017-06-30T09:52:47+00:00","breadcrumb":{"@id":"https:\/\/valokuvakeskusnykyaika.fi\/heinakuu2017\/#breadcrumb"},"inLanguage":"en-GB","potentialAction":[{"@type":"ReadAction","target":["https:\/\/valokuvakeskusnykyaika.fi\/heinakuu2017\/"]}]},{"@type":"ImageObject","inLanguage":"en-GB","@id":"https:\/\/valokuvakeskusnykyaika.fi\/heinakuu2017\/#primaryimage","url":"https:\/\/valokuvakeskusnykyaika.fi\/wp-content\/uploads\/2017\/06\/riitta_jarvela_laiva.jpg","contentUrl":"https:\/\/valokuvakeskusnykyaika.fi\/wp-content\/uploads\/2017\/06\/riitta_jarvela_laiva.jpg","width":4724,"height":4865,"caption":"Kuva: Riitta J\u00e4rvel\u00e4"},{"@type":"BreadcrumbList","@id":"https:\/\/valokuvakeskusnykyaika.fi\/heinakuu2017\/#breadcrumb","itemListElement":[{"@type":"ListItem","position":1,"name":"Etusivu","item":"https:\/\/valokuvakeskusnykyaika.fi\/"},{"@type":"ListItem","position":2,"name":"HEIN\u00c4KUU: Mansikkapaikka"}]},{"@type":"WebSite","@id":"https:\/\/valokuvakeskusnykyaika.fi\/#website","url":"https:\/\/valokuvakeskusnykyaika.fi\/","name":"Photographic Centre Nykyaika","description":"Nykyaika on avoin kohtaamispaikka kaikille valokuvataiteen yst\u00e4ville","publisher":{"@id":"https:\/\/valokuvakeskusnykyaika.fi\/#organization"},"potentialAction":[{"@type":"SearchAction","target":{"@type":"EntryPoint","urlTemplate":"https:\/\/valokuvakeskusnykyaika.fi\/?s={search_term_string}"},"query-input":{"@type":"PropertyValueSpecification","valueRequired":true,"valueName":"search_term_string"}}],"inLanguage":"en-GB"},{"@type":"Organization","@id":"https:\/\/valokuvakeskusnykyaika.fi\/#organization","name":"Photographic Centre Nykyaika","url":"https:\/\/valokuvakeskusnykyaika.fi\/","logo":{"@type":"ImageObject","inLanguage":"en-GB","@id":"https:\/\/valokuvakeskusnykyaika.fi\/#\/schema\/logo\/image\/","url":"https:\/\/valokuvakeskusnykyaika.fi\/wp-content\/uploads\/2019\/01\/NY-Valokuvakeskus-logo-pieni.png","contentUrl":"https:\/\/valokuvakeskusnykyaika.fi\/wp-content\/uploads\/2019\/01\/NY-Valokuvakeskus-logo-pieni.png","width":300,"height":314,"caption":"Valokuvakeskus Nykyaika"},"image":{"@id":"https:\/\/valokuvakeskusnykyaika.fi\/#\/schema\/logo\/image\/"},"sameAs":["https:\/\/www.facebook.com\/valokuvakeskus.nykyaika\/","https:\/\/x.com\/nykyaika","https:\/\/www.instagram.com\/nykyaika\/"]},{"@type":"Person","@id":"https:\/\/valokuvakeskusnykyaika.fi\/#\/schema\/person\/41ef90f7d89984ccaca756c8d4241c19","name":"info.nykyaika@backlight.fi","url":"https:\/\/valokuvakeskusnykyaika.fi\/en\/author\/info-nykyaikabacklight-fi\/"}]}},"_links":{"self":[{"href":"https:\/\/valokuvakeskusnykyaika.fi\/en\/wp-json\/wp\/v2\/posts\/2075","targetHints":{"allow":["GET"]}}],"collection":[{"href":"https:\/\/valokuvakeskusnykyaika.fi\/en\/wp-json\/wp\/v2\/posts"}],"about":[{"href":"https:\/\/valokuvakeskusnykyaika.fi\/en\/wp-json\/wp\/v2\/types\/post"}],"author":[{"embeddable":true,"href":"https:\/\/valokuvakeskusnykyaika.fi\/en\/wp-json\/wp\/v2\/users\/6"}],"replies":[{"embeddable":true,"href":"https:\/\/valokuvakeskusnykyaika.fi\/en\/wp-json\/wp\/v2\/comments?post=2075"}],"version-history":[{"count":8,"href":"https:\/\/valokuvakeskusnykyaika.fi\/en\/wp-json\/wp\/v2\/posts\/2075\/revisions"}],"predecessor-version":[{"id":2098,"href":"https:\/\/valokuvakeskusnykyaika.fi\/en\/wp-json\/wp\/v2\/posts\/2075\/revisions\/2098"}],"wp:featuredmedia":[{"embeddable":true,"href":"https:\/\/valokuvakeskusnykyaika.fi\/en\/wp-json\/wp\/v2\/media\/2077"}],"wp:attachment":[{"href":"https:\/\/valokuvakeskusnykyaika.fi\/en\/wp-json\/wp\/v2\/media?parent=2075"}],"wp:term":[{"taxonomy":"category","embeddable":true,"href":"https:\/\/valokuvakeskusnykyaika.fi\/en\/wp-json\/wp\/v2\/categories?post=2075"},{"taxonomy":"post_tag","embeddable":true,"href":"https:\/\/valokuvakeskusnykyaika.fi\/en\/wp-json\/wp\/v2\/tags?post=2075"}],"curies":[{"name":"wp","href":"https:\/\/api.w.org\/{rel}","templated":true}]}}