{"id":2153,"date":"2017-08-29T15:40:03","date_gmt":"2017-08-29T12:40:03","guid":{"rendered":"http:\/\/valokuvakeskusnykyaika.fi\/?p=2153"},"modified":"2017-08-29T15:40:03","modified_gmt":"2017-08-29T12:40:03","slug":"tada-pop-up-simo-kaarsalo","status":"publish","type":"post","link":"https:\/\/valokuvakeskusnykyaika.fi\/en\/tada-pop-up-simo-kaarsalo\/","title":{"rendered":"TADA POP UP: Simo Kaarsalo"},"content":{"rendered":"<p><strong>Simo Kaarsalo: Muutoskuvia<br \/>\n<\/strong><br \/>\nSimo Kaarsalon Muutoskuvia Nykyajan katutason ja alakerran galleriassa 30.8.-4.9.2017 ma-pe 12-18, la-su 12-16<\/p>\n<p>Muutoskuvia-n\u00e4yttely, jossa ajan henki kohtaa paikan hengen, on esill\u00e4 vain kuusi p\u00e4iv\u00e4\u00e4.<br \/>\nSimo Kaarsalo (s. 1961) on tamperelainen arkkitehti. N\u00e4yttely j\u00e4rjestet\u00e4\u00e4n osana Tampereen design- ja arkkitehtuuriviikko, TADA:n ohjelmistoa.<\/p>","protected":false},"excerpt":{"rendered":"<p>Simo Kaarsalo: Muutoskuvia Simo Kaarsalon Muutoskuvia Nykyajan katutason ja alakerran galleriassa 30.8.-4.9.2017 ma-pe 12-18, la-su 12-16 Muutoskuvia-n\u00e4yttely, jossa ajan henki kohtaa paikan hengen, on esill\u00e4 vain kuusi p\u00e4iv\u00e4\u00e4. Simo Kaarsalo (s. 1961) on tamperelainen arkkitehti. N\u00e4yttely j\u00e4rjestet\u00e4\u00e4n osana Tampereen design- ja arkkitehtuuriviikko, TADA:n ohjelmistoa.<\/p>","protected":false},"author":6,"featured_media":2154,"comment_status":"closed","ping_status":"closed","sticky":false,"template":"","format":"standard","meta":{"iawp_total_views":16,"footnotes":""},"categories":[4],"tags":[],"class_list":["post-2153","post","type-post","status-publish","format-standard","has-post-thumbnail","hentry","category-menneet"],"yoast_head":"<!-- This site is optimized with the Yoast SEO plugin v27.5 - https:\/\/yoast.com\/product\/yoast-seo-wordpress\/ -->\n<title>TADA POP UP: Simo Kaarsalo - Valokuvakeskus Nykyaika<\/title>\n<meta name=\"robots\" content=\"index, follow, max-snippet:-1, max-image-preview:large, max-video-preview:-1\" \/>\n<link rel=\"canonical\" href=\"https:\/\/valokuvakeskusnykyaika.fi\/en\/tada-pop-up-simo-kaarsalo\/\" \/>\n<meta property=\"og:locale\" content=\"en_GB\" \/>\n<meta property=\"og:type\" content=\"article\" \/>\n<meta property=\"og:title\" content=\"TADA POP UP: Simo Kaarsalo - Valokuvakeskus Nykyaika\" \/>\n<meta property=\"og:description\" content=\"Simo Kaarsalo: Muutoskuvia Simo Kaarsalon Muutoskuvia Nykyajan katutason ja alakerran galleriassa 30.8.-4.9.2017 ma-pe 12-18, la-su 12-16 Muutoskuvia-n\u00e4yttely, jossa ajan henki kohtaa paikan hengen, on esill\u00e4 vain kuusi p\u00e4iv\u00e4\u00e4. Simo Kaarsalo (s. 1961) on tamperelainen arkkitehti. N\u00e4yttely j\u00e4rjestet\u00e4\u00e4n osana Tampereen design- ja arkkitehtuuriviikko, TADA:n ohjelmistoa.\" \/>\n<meta property=\"og:url\" content=\"https:\/\/valokuvakeskusnykyaika.fi\/en\/tada-pop-up-simo-kaarsalo\/\" \/>\n<meta property=\"og:site_name\" content=\"Valokuvakeskus Nykyaika\" \/>\n<meta property=\"article:publisher\" content=\"https:\/\/www.facebook.com\/valokuvakeskus.nykyaika\/\" \/>\n<meta property=\"article:published_time\" content=\"2017-08-29T12:40:03+00:00\" \/>\n<meta property=\"og:image\" content=\"https:\/\/valokuvakeskusnykyaika.fi\/wp-content\/uploads\/2017\/08\/kaarsalo_pariisilaiskortteli_kalevan_karkeen.jpg\" \/>\n\t<meta property=\"og:image:width\" content=\"1181\" \/>\n\t<meta property=\"og:image:height\" content=\"839\" \/>\n\t<meta property=\"og:image:type\" content=\"image\/jpeg\" \/>\n<meta name=\"author\" content=\"info.nykyaika@backlight.fi\" \/>\n<meta name=\"twitter:card\" content=\"summary_large_image\" \/>\n<meta name=\"twitter:creator\" content=\"@nykyaika\" \/>\n<meta name=\"twitter:site\" content=\"@nykyaika\" \/>\n<meta name=\"twitter:label1\" content=\"Written by\" \/>\n\t<meta name=\"twitter:data1\" content=\"info.nykyaika@backlight.fi\" \/>\n<script type=\"application\/ld+json\" class=\"yoast-schema-graph\">{\"@context\":\"https:\\\/\\\/schema.org\",\"@graph\":[{\"@type\":\"Article\",\"@id\":\"https:\\\/\\\/valokuvakeskusnykyaika.fi\\\/tada-pop-up-simo-kaarsalo\\\/#article\",\"isPartOf\":{\"@id\":\"https:\\\/\\\/valokuvakeskusnykyaika.fi\\\/tada-pop-up-simo-kaarsalo\\\/\"},\"author\":{\"name\":\"info.nykyaika@backlight.fi\",\"@id\":\"https:\\\/\\\/valokuvakeskusnykyaika.fi\\\/#\\\/schema\\\/person\\\/41ef90f7d89984ccaca756c8d4241c19\"},\"headline\":\"TADA POP UP: Simo Kaarsalo\",\"datePublished\":\"2017-08-29T12:40:03+00:00\",\"mainEntityOfPage\":{\"@id\":\"https:\\\/\\\/valokuvakeskusnykyaika.fi\\\/tada-pop-up-simo-kaarsalo\\\/\"},\"wordCount\":54,\"publisher\":{\"@id\":\"https:\\\/\\\/valokuvakeskusnykyaika.fi\\\/#organization\"},\"image\":{\"@id\":\"https:\\\/\\\/valokuvakeskusnykyaika.fi\\\/tada-pop-up-simo-kaarsalo\\\/#primaryimage\"},\"thumbnailUrl\":\"https:\\\/\\\/valokuvakeskusnykyaika.fi\\\/wp-content\\\/uploads\\\/2017\\\/08\\\/kaarsalo_pariisilaiskortteli_kalevan_karkeen.jpg\",\"articleSection\":[\"Menneet\"],\"inLanguage\":\"en-GB\"},{\"@type\":\"WebPage\",\"@id\":\"https:\\\/\\\/valokuvakeskusnykyaika.fi\\\/tada-pop-up-simo-kaarsalo\\\/\",\"url\":\"https:\\\/\\\/valokuvakeskusnykyaika.fi\\\/tada-pop-up-simo-kaarsalo\\\/\",\"name\":\"TADA POP UP: Simo Kaarsalo - Valokuvakeskus Nykyaika\",\"isPartOf\":{\"@id\":\"https:\\\/\\\/valokuvakeskusnykyaika.fi\\\/#website\"},\"primaryImageOfPage\":{\"@id\":\"https:\\\/\\\/valokuvakeskusnykyaika.fi\\\/tada-pop-up-simo-kaarsalo\\\/#primaryimage\"},\"image\":{\"@id\":\"https:\\\/\\\/valokuvakeskusnykyaika.fi\\\/tada-pop-up-simo-kaarsalo\\\/#primaryimage\"},\"thumbnailUrl\":\"https:\\\/\\\/valokuvakeskusnykyaika.fi\\\/wp-content\\\/uploads\\\/2017\\\/08\\\/kaarsalo_pariisilaiskortteli_kalevan_karkeen.jpg\",\"datePublished\":\"2017-08-29T12:40:03+00:00\",\"breadcrumb\":{\"@id\":\"https:\\\/\\\/valokuvakeskusnykyaika.fi\\\/tada-pop-up-simo-kaarsalo\\\/#breadcrumb\"},\"inLanguage\":\"en-GB\",\"potentialAction\":[{\"@type\":\"ReadAction\",\"target\":[\"https:\\\/\\\/valokuvakeskusnykyaika.fi\\\/tada-pop-up-simo-kaarsalo\\\/\"]}]},{\"@type\":\"ImageObject\",\"inLanguage\":\"en-GB\",\"@id\":\"https:\\\/\\\/valokuvakeskusnykyaika.fi\\\/tada-pop-up-simo-kaarsalo\\\/#primaryimage\",\"url\":\"https:\\\/\\\/valokuvakeskusnykyaika.fi\\\/wp-content\\\/uploads\\\/2017\\\/08\\\/kaarsalo_pariisilaiskortteli_kalevan_karkeen.jpg\",\"contentUrl\":\"https:\\\/\\\/valokuvakeskusnykyaika.fi\\\/wp-content\\\/uploads\\\/2017\\\/08\\\/kaarsalo_pariisilaiskortteli_kalevan_karkeen.jpg\",\"width\":1181,\"height\":839,\"caption\":\"Simo Kaarsalo\"},{\"@type\":\"BreadcrumbList\",\"@id\":\"https:\\\/\\\/valokuvakeskusnykyaika.fi\\\/tada-pop-up-simo-kaarsalo\\\/#breadcrumb\",\"itemListElement\":[{\"@type\":\"ListItem\",\"position\":1,\"name\":\"Etusivu\",\"item\":\"https:\\\/\\\/valokuvakeskusnykyaika.fi\\\/\"},{\"@type\":\"ListItem\",\"position\":2,\"name\":\"TADA POP UP: Simo Kaarsalo\"}]},{\"@type\":\"WebSite\",\"@id\":\"https:\\\/\\\/valokuvakeskusnykyaika.fi\\\/#website\",\"url\":\"https:\\\/\\\/valokuvakeskusnykyaika.fi\\\/\",\"name\":\"Valokuvakeskus Nykyaika\",\"description\":\"Nykyaika on avoin kohtaamispaikka kaikille valokuvataiteen yst\u00e4ville\",\"publisher\":{\"@id\":\"https:\\\/\\\/valokuvakeskusnykyaika.fi\\\/#organization\"},\"potentialAction\":[{\"@type\":\"SearchAction\",\"target\":{\"@type\":\"EntryPoint\",\"urlTemplate\":\"https:\\\/\\\/valokuvakeskusnykyaika.fi\\\/?s={search_term_string}\"},\"query-input\":{\"@type\":\"PropertyValueSpecification\",\"valueRequired\":true,\"valueName\":\"search_term_string\"}}],\"inLanguage\":\"en-GB\"},{\"@type\":\"Organization\",\"@id\":\"https:\\\/\\\/valokuvakeskusnykyaika.fi\\\/#organization\",\"name\":\"Valokuvakeskus Nykyaika\",\"url\":\"https:\\\/\\\/valokuvakeskusnykyaika.fi\\\/\",\"logo\":{\"@type\":\"ImageObject\",\"inLanguage\":\"en-GB\",\"@id\":\"https:\\\/\\\/valokuvakeskusnykyaika.fi\\\/#\\\/schema\\\/logo\\\/image\\\/\",\"url\":\"https:\\\/\\\/valokuvakeskusnykyaika.fi\\\/wp-content\\\/uploads\\\/2019\\\/01\\\/NY-Valokuvakeskus-logo-pieni.png\",\"contentUrl\":\"https:\\\/\\\/valokuvakeskusnykyaika.fi\\\/wp-content\\\/uploads\\\/2019\\\/01\\\/NY-Valokuvakeskus-logo-pieni.png\",\"width\":300,\"height\":314,\"caption\":\"Valokuvakeskus Nykyaika\"},\"image\":{\"@id\":\"https:\\\/\\\/valokuvakeskusnykyaika.fi\\\/#\\\/schema\\\/logo\\\/image\\\/\"},\"sameAs\":[\"https:\\\/\\\/www.facebook.com\\\/valokuvakeskus.nykyaika\\\/\",\"https:\\\/\\\/x.com\\\/nykyaika\",\"https:\\\/\\\/www.instagram.com\\\/nykyaika\\\/\"]},{\"@type\":\"Person\",\"@id\":\"https:\\\/\\\/valokuvakeskusnykyaika.fi\\\/#\\\/schema\\\/person\\\/41ef90f7d89984ccaca756c8d4241c19\",\"name\":\"info.nykyaika@backlight.fi\",\"url\":\"https:\\\/\\\/valokuvakeskusnykyaika.fi\\\/en\\\/author\\\/info-nykyaikabacklight-fi\\\/\"}]}<\/script>\n<!-- \/ Yoast SEO plugin. -->","yoast_head_json":{"title":"TADA POP UP: Simo Kaarsalo - Valokuvakeskus Nykyaika","robots":{"index":"index","follow":"follow","max-snippet":"max-snippet:-1","max-image-preview":"max-image-preview:large","max-video-preview":"max-video-preview:-1"},"canonical":"https:\/\/valokuvakeskusnykyaika.fi\/en\/tada-pop-up-simo-kaarsalo\/","og_locale":"en_GB","og_type":"article","og_title":"TADA POP UP: Simo Kaarsalo - Valokuvakeskus Nykyaika","og_description":"Simo Kaarsalo: Muutoskuvia Simo Kaarsalon Muutoskuvia Nykyajan katutason ja alakerran galleriassa 30.8.-4.9.2017 ma-pe 12-18, la-su 12-16 Muutoskuvia-n\u00e4yttely, jossa ajan henki kohtaa paikan hengen, on esill\u00e4 vain kuusi p\u00e4iv\u00e4\u00e4. Simo Kaarsalo (s. 1961) on tamperelainen arkkitehti. N\u00e4yttely j\u00e4rjestet\u00e4\u00e4n osana Tampereen design- ja arkkitehtuuriviikko, TADA:n ohjelmistoa.","og_url":"https:\/\/valokuvakeskusnykyaika.fi\/en\/tada-pop-up-simo-kaarsalo\/","og_site_name":"Valokuvakeskus Nykyaika","article_publisher":"https:\/\/www.facebook.com\/valokuvakeskus.nykyaika\/","article_published_time":"2017-08-29T12:40:03+00:00","og_image":[{"width":1181,"height":839,"url":"https:\/\/valokuvakeskusnykyaika.fi\/wp-content\/uploads\/2017\/08\/kaarsalo_pariisilaiskortteli_kalevan_karkeen.jpg","type":"image\/jpeg"}],"author":"info.nykyaika@backlight.fi","twitter_card":"summary_large_image","twitter_creator":"@nykyaika","twitter_site":"@nykyaika","twitter_misc":{"Written by":"info.nykyaika@backlight.fi"},"schema":{"@context":"https:\/\/schema.org","@graph":[{"@type":"Article","@id":"https:\/\/valokuvakeskusnykyaika.fi\/tada-pop-up-simo-kaarsalo\/#article","isPartOf":{"@id":"https:\/\/valokuvakeskusnykyaika.fi\/tada-pop-up-simo-kaarsalo\/"},"author":{"name":"info.nykyaika@backlight.fi","@id":"https:\/\/valokuvakeskusnykyaika.fi\/#\/schema\/person\/41ef90f7d89984ccaca756c8d4241c19"},"headline":"TADA POP UP: Simo Kaarsalo","datePublished":"2017-08-29T12:40:03+00:00","mainEntityOfPage":{"@id":"https:\/\/valokuvakeskusnykyaika.fi\/tada-pop-up-simo-kaarsalo\/"},"wordCount":54,"publisher":{"@id":"https:\/\/valokuvakeskusnykyaika.fi\/#organization"},"image":{"@id":"https:\/\/valokuvakeskusnykyaika.fi\/tada-pop-up-simo-kaarsalo\/#primaryimage"},"thumbnailUrl":"https:\/\/valokuvakeskusnykyaika.fi\/wp-content\/uploads\/2017\/08\/kaarsalo_pariisilaiskortteli_kalevan_karkeen.jpg","articleSection":["Menneet"],"inLanguage":"en-GB"},{"@type":"WebPage","@id":"https:\/\/valokuvakeskusnykyaika.fi\/tada-pop-up-simo-kaarsalo\/","url":"https:\/\/valokuvakeskusnykyaika.fi\/tada-pop-up-simo-kaarsalo\/","name":"TADA POP UP: Simo Kaarsalo - Valokuvakeskus Nykyaika","isPartOf":{"@id":"https:\/\/valokuvakeskusnykyaika.fi\/#website"},"primaryImageOfPage":{"@id":"https:\/\/valokuvakeskusnykyaika.fi\/tada-pop-up-simo-kaarsalo\/#primaryimage"},"image":{"@id":"https:\/\/valokuvakeskusnykyaika.fi\/tada-pop-up-simo-kaarsalo\/#primaryimage"},"thumbnailUrl":"https:\/\/valokuvakeskusnykyaika.fi\/wp-content\/uploads\/2017\/08\/kaarsalo_pariisilaiskortteli_kalevan_karkeen.jpg","datePublished":"2017-08-29T12:40:03+00:00","breadcrumb":{"@id":"https:\/\/valokuvakeskusnykyaika.fi\/tada-pop-up-simo-kaarsalo\/#breadcrumb"},"inLanguage":"en-GB","potentialAction":[{"@type":"ReadAction","target":["https:\/\/valokuvakeskusnykyaika.fi\/tada-pop-up-simo-kaarsalo\/"]}]},{"@type":"ImageObject","inLanguage":"en-GB","@id":"https:\/\/valokuvakeskusnykyaika.fi\/tada-pop-up-simo-kaarsalo\/#primaryimage","url":"https:\/\/valokuvakeskusnykyaika.fi\/wp-content\/uploads\/2017\/08\/kaarsalo_pariisilaiskortteli_kalevan_karkeen.jpg","contentUrl":"https:\/\/valokuvakeskusnykyaika.fi\/wp-content\/uploads\/2017\/08\/kaarsalo_pariisilaiskortteli_kalevan_karkeen.jpg","width":1181,"height":839,"caption":"Simo Kaarsalo"},{"@type":"BreadcrumbList","@id":"https:\/\/valokuvakeskusnykyaika.fi\/tada-pop-up-simo-kaarsalo\/#breadcrumb","itemListElement":[{"@type":"ListItem","position":1,"name":"Etusivu","item":"https:\/\/valokuvakeskusnykyaika.fi\/"},{"@type":"ListItem","position":2,"name":"TADA POP UP: Simo Kaarsalo"}]},{"@type":"WebSite","@id":"https:\/\/valokuvakeskusnykyaika.fi\/#website","url":"https:\/\/valokuvakeskusnykyaika.fi\/","name":"Photographic Centre Nykyaika","description":"Nykyaika on avoin kohtaamispaikka kaikille valokuvataiteen yst\u00e4ville","publisher":{"@id":"https:\/\/valokuvakeskusnykyaika.fi\/#organization"},"potentialAction":[{"@type":"SearchAction","target":{"@type":"EntryPoint","urlTemplate":"https:\/\/valokuvakeskusnykyaika.fi\/?s={search_term_string}"},"query-input":{"@type":"PropertyValueSpecification","valueRequired":true,"valueName":"search_term_string"}}],"inLanguage":"en-GB"},{"@type":"Organization","@id":"https:\/\/valokuvakeskusnykyaika.fi\/#organization","name":"Photographic Centre Nykyaika","url":"https:\/\/valokuvakeskusnykyaika.fi\/","logo":{"@type":"ImageObject","inLanguage":"en-GB","@id":"https:\/\/valokuvakeskusnykyaika.fi\/#\/schema\/logo\/image\/","url":"https:\/\/valokuvakeskusnykyaika.fi\/wp-content\/uploads\/2019\/01\/NY-Valokuvakeskus-logo-pieni.png","contentUrl":"https:\/\/valokuvakeskusnykyaika.fi\/wp-content\/uploads\/2019\/01\/NY-Valokuvakeskus-logo-pieni.png","width":300,"height":314,"caption":"Valokuvakeskus Nykyaika"},"image":{"@id":"https:\/\/valokuvakeskusnykyaika.fi\/#\/schema\/logo\/image\/"},"sameAs":["https:\/\/www.facebook.com\/valokuvakeskus.nykyaika\/","https:\/\/x.com\/nykyaika","https:\/\/www.instagram.com\/nykyaika\/"]},{"@type":"Person","@id":"https:\/\/valokuvakeskusnykyaika.fi\/#\/schema\/person\/41ef90f7d89984ccaca756c8d4241c19","name":"info.nykyaika@backlight.fi","url":"https:\/\/valokuvakeskusnykyaika.fi\/en\/author\/info-nykyaikabacklight-fi\/"}]}},"_links":{"self":[{"href":"https:\/\/valokuvakeskusnykyaika.fi\/en\/wp-json\/wp\/v2\/posts\/2153","targetHints":{"allow":["GET"]}}],"collection":[{"href":"https:\/\/valokuvakeskusnykyaika.fi\/en\/wp-json\/wp\/v2\/posts"}],"about":[{"href":"https:\/\/valokuvakeskusnykyaika.fi\/en\/wp-json\/wp\/v2\/types\/post"}],"author":[{"embeddable":true,"href":"https:\/\/valokuvakeskusnykyaika.fi\/en\/wp-json\/wp\/v2\/users\/6"}],"replies":[{"embeddable":true,"href":"https:\/\/valokuvakeskusnykyaika.fi\/en\/wp-json\/wp\/v2\/comments?post=2153"}],"version-history":[{"count":2,"href":"https:\/\/valokuvakeskusnykyaika.fi\/en\/wp-json\/wp\/v2\/posts\/2153\/revisions"}],"predecessor-version":[{"id":2156,"href":"https:\/\/valokuvakeskusnykyaika.fi\/en\/wp-json\/wp\/v2\/posts\/2153\/revisions\/2156"}],"wp:featuredmedia":[{"embeddable":true,"href":"https:\/\/valokuvakeskusnykyaika.fi\/en\/wp-json\/wp\/v2\/media\/2154"}],"wp:attachment":[{"href":"https:\/\/valokuvakeskusnykyaika.fi\/en\/wp-json\/wp\/v2\/media?parent=2153"}],"wp:term":[{"taxonomy":"category","embeddable":true,"href":"https:\/\/valokuvakeskusnykyaika.fi\/en\/wp-json\/wp\/v2\/categories?post=2153"},{"taxonomy":"post_tag","embeddable":true,"href":"https:\/\/valokuvakeskusnykyaika.fi\/en\/wp-json\/wp\/v2\/tags?post=2153"}],"curies":[{"name":"wp","href":"https:\/\/api.w.org\/{rel}","templated":true}]}}