{"id":2165,"date":"2017-09-08T12:00:38","date_gmt":"2017-09-08T09:00:38","guid":{"rendered":"http:\/\/valokuvakeskusnykyaika.fi\/?p=2165"},"modified":"2017-09-04T20:23:41","modified_gmt":"2017-09-04T17:23:41","slug":"syyskuu-backlight-17","status":"publish","type":"post","link":"https:\/\/valokuvakeskusnykyaika.fi\/en\/syyskuu-backlight-17\/","title":{"rendered":"SYYSKUU: BACKLIGHT \u00b417 Delphine Schacher"},"content":{"rendered":"<div id=\"attachment_2166\" class=\"wp-caption alignleft\"><img loading=\"lazy\" decoding=\"async\" aria-describedby=\"caption-attachment-2166\" class=\"wp-image-2166 size-medium\" src=\"http:\/\/valokuvakeskusnykyaika.fi\/wp-content\/uploads\/2017\/09\/Backlight_BOIS_DES_FRERES\u00a9Delphine-Schacher_2016_08_MD-300x246.jpg\" alt=\"\" width=\"300\" height=\"246\" \/><p id=\"caption-attachment-2166\" class=\"wp-caption-text\">Kuva: Delphine Schacher<\/p><\/div>\n<p><strong>Delphine Schacher BOIS DES FR\u00e8RES \/ BROTHERSWOOD<\/strong><\/p>\n<p><strong>Nykyajan katutason galleriassa 9. \u2013 2.10.2017 <\/strong>ma-pe 12-18, la-su 12-16<\/p>\n<p><em>Bois des Fr\u00e8res<\/em>\u2019in (<em>Brotherswood<\/em>) tarina alkoi Geneven reunamilla 1960-luvulla. Tarvittiin asuntoja sadoille italialaisille ty\u00f6l\u00e4isille, jotka saapuivat rakentamaan Le Lignon -kerrostalokompleksia, joka oli siihen aikaan Euroopan suurin rakennusty\u00f6maa. Kausity\u00f6l\u00e4isten v\u00e4liaikaisiksi asumuksiksi pystytettiin kaksitoista parakkia. Vaikka asumuksia ei ollut tarkoitettu pysyviksi, ne ovat olemassa viel\u00e4 t\u00e4n\u00e4\u00adkin p\u00e4iv\u00e4n\u00e4. Niiss\u00e4 asuu miehi\u00e4, jotka ovat tulleet Italian ohella Euroopan eri kolkista ja Afrikasta.<\/p>\n<p>Luonnonvalossa kuvattu <em>Bois des Fr\u00e8res<\/em> -sarja n\u00e4ytt\u00e4\u00e4 \u201dajasta unoh\u00adtu\u00adneen\u201d paikan Genevess\u00e4, kaupungissa, joka tavallisesti tunnetaan liike-el\u00e4m\u00e4n keskittym\u00e4n\u00e4 ja maailmanlaajuisesti merkitt\u00e4v\u00e4n\u00e4 diplomatian keskuksena. Schacherin kuvien n\u00e4ytt\u00e4m\u00e4 todellisuus pysyy yleens\u00e4 katseilta piilossa. Miehet, heid\u00e4n tavaransa sek\u00e4 maisemat ovat tallentuneet kuviksi, jotka dokumentoivat parakkeja ja niiden ym\u00adp\u00e4rist\u00f6\u00e4 tarkasti ja aidosti. L\u00e4hell\u00e4 virtaavan Reinin ansiosta pai\u00adkassa voi aistia maaseudun tuntua, kun samalla vierasty\u00f6l\u00e4isten yksityinen tila rajoittuu heid\u00e4n kymmenen neli\u00f6metrin kokoisiin huoneisiinsa.<\/p>\n<p>Delphine Schacher (s.1981, Sveitsi) suoritti valokuvauksen opinnot School of Applied Arts\u00b4ssa Veveyss\u00e4, Sveitsiss\u00e4. H\u00e4n asuu Begninsissa ja ty\u00f6skentelee kolme kaupungin Begnin\u00adsin, Geneven ja Lausannen v\u00e4lill\u00e4 Sveitsiss\u00e4.<\/p>","protected":false},"excerpt":{"rendered":"<p>Delphine Schacher BOIS DES FR\u00e8RES \/ BROTHERSWOOD Nykyajan katutason galleriassa 9. \u2013 2.10.2017 ma-pe 12-18, la-su 12-16 Bois des Fr\u00e8res\u2019in (Brotherswood) tarina alkoi Geneven reunamilla 1960-luvulla. Tarvittiin asuntoja sadoille italialaisille ty\u00f6l\u00e4isille, jotka saapuivat rakentamaan Le Lignon -kerrostalokompleksia, joka oli siihen aikaan Euroopan suurin rakennusty\u00f6maa. Kausity\u00f6l\u00e4isten v\u00e4liaikaisiksi asumuksiksi pystytettiin kaksitoista parakkia. Vaikka asumuksia ei ollut tarkoitettu [&hellip;]<\/p>\n","protected":false},"author":6,"featured_media":0,"comment_status":"closed","ping_status":"closed","sticky":false,"template":"","format":"standard","meta":{"iawp_total_views":4,"footnotes":""},"categories":[4],"tags":[],"class_list":["post-2165","post","type-post","status-publish","format-standard","hentry","category-menneet"],"yoast_head":"<!-- This site is optimized with the Yoast SEO plugin v27.5 - https:\/\/yoast.com\/product\/yoast-seo-wordpress\/ -->\n<title>SYYSKUU: BACKLIGHT \u00b417 Delphine Schacher - Valokuvakeskus Nykyaika<\/title>\n<meta name=\"robots\" content=\"index, follow, max-snippet:-1, max-image-preview:large, max-video-preview:-1\" \/>\n<link rel=\"canonical\" href=\"https:\/\/valokuvakeskusnykyaika.fi\/en\/syyskuu-backlight-17\/\" \/>\n<meta property=\"og:locale\" content=\"en_GB\" \/>\n<meta property=\"og:type\" content=\"article\" \/>\n<meta property=\"og:title\" content=\"SYYSKUU: BACKLIGHT \u00b417 Delphine Schacher - Valokuvakeskus Nykyaika\" \/>\n<meta property=\"og:description\" content=\"Delphine Schacher BOIS DES FR\u00e8RES \/ BROTHERSWOOD Nykyajan katutason galleriassa 9. \u2013 2.10.2017 ma-pe 12-18, la-su 12-16 Bois des Fr\u00e8res\u2019in (Brotherswood) tarina alkoi Geneven reunamilla 1960-luvulla. Tarvittiin asuntoja sadoille italialaisille ty\u00f6l\u00e4isille, jotka saapuivat rakentamaan Le Lignon -kerrostalokompleksia, joka oli siihen aikaan Euroopan suurin rakennusty\u00f6maa. Kausity\u00f6l\u00e4isten v\u00e4liaikaisiksi asumuksiksi pystytettiin kaksitoista parakkia. Vaikka asumuksia ei ollut tarkoitettu [&hellip;]\" \/>\n<meta property=\"og:url\" content=\"https:\/\/valokuvakeskusnykyaika.fi\/en\/syyskuu-backlight-17\/\" \/>\n<meta property=\"og:site_name\" content=\"Valokuvakeskus Nykyaika\" \/>\n<meta property=\"article:publisher\" content=\"https:\/\/www.facebook.com\/valokuvakeskus.nykyaika\/\" \/>\n<meta property=\"article:published_time\" content=\"2017-09-08T09:00:38+00:00\" \/>\n<meta name=\"author\" content=\"info.nykyaika@backlight.fi\" \/>\n<meta name=\"twitter:card\" content=\"summary_large_image\" \/>\n<meta name=\"twitter:creator\" content=\"@nykyaika\" \/>\n<meta name=\"twitter:site\" content=\"@nykyaika\" \/>\n<meta name=\"twitter:label1\" content=\"Written by\" \/>\n\t<meta name=\"twitter:data1\" content=\"info.nykyaika@backlight.fi\" \/>\n\t<meta name=\"twitter:label2\" content=\"Estimated reading time\" \/>\n\t<meta name=\"twitter:data2\" content=\"1 minute\" \/>\n<script type=\"application\/ld+json\" class=\"yoast-schema-graph\">{\"@context\":\"https:\\\/\\\/schema.org\",\"@graph\":[{\"@type\":\"Article\",\"@id\":\"https:\\\/\\\/valokuvakeskusnykyaika.fi\\\/syyskuu-backlight-17\\\/#article\",\"isPartOf\":{\"@id\":\"https:\\\/\\\/valokuvakeskusnykyaika.fi\\\/syyskuu-backlight-17\\\/\"},\"author\":{\"name\":\"info.nykyaika@backlight.fi\",\"@id\":\"https:\\\/\\\/valokuvakeskusnykyaika.fi\\\/#\\\/schema\\\/person\\\/41ef90f7d89984ccaca756c8d4241c19\"},\"headline\":\"SYYSKUU: BACKLIGHT \u00b417 Delphine Schacher\",\"datePublished\":\"2017-09-08T09:00:38+00:00\",\"mainEntityOfPage\":{\"@id\":\"https:\\\/\\\/valokuvakeskusnykyaika.fi\\\/syyskuu-backlight-17\\\/\"},\"wordCount\":216,\"publisher\":{\"@id\":\"https:\\\/\\\/valokuvakeskusnykyaika.fi\\\/#organization\"},\"articleSection\":[\"Menneet\"],\"inLanguage\":\"en-GB\"},{\"@type\":\"WebPage\",\"@id\":\"https:\\\/\\\/valokuvakeskusnykyaika.fi\\\/syyskuu-backlight-17\\\/\",\"url\":\"https:\\\/\\\/valokuvakeskusnykyaika.fi\\\/syyskuu-backlight-17\\\/\",\"name\":\"SYYSKUU: BACKLIGHT \u00b417 Delphine Schacher - Valokuvakeskus Nykyaika\",\"isPartOf\":{\"@id\":\"https:\\\/\\\/valokuvakeskusnykyaika.fi\\\/#website\"},\"datePublished\":\"2017-09-08T09:00:38+00:00\",\"breadcrumb\":{\"@id\":\"https:\\\/\\\/valokuvakeskusnykyaika.fi\\\/syyskuu-backlight-17\\\/#breadcrumb\"},\"inLanguage\":\"en-GB\",\"potentialAction\":[{\"@type\":\"ReadAction\",\"target\":[\"https:\\\/\\\/valokuvakeskusnykyaika.fi\\\/syyskuu-backlight-17\\\/\"]}]},{\"@type\":\"BreadcrumbList\",\"@id\":\"https:\\\/\\\/valokuvakeskusnykyaika.fi\\\/syyskuu-backlight-17\\\/#breadcrumb\",\"itemListElement\":[{\"@type\":\"ListItem\",\"position\":1,\"name\":\"Etusivu\",\"item\":\"https:\\\/\\\/valokuvakeskusnykyaika.fi\\\/\"},{\"@type\":\"ListItem\",\"position\":2,\"name\":\"SYYSKUU: BACKLIGHT \u00b417 Delphine Schacher\"}]},{\"@type\":\"WebSite\",\"@id\":\"https:\\\/\\\/valokuvakeskusnykyaika.fi\\\/#website\",\"url\":\"https:\\\/\\\/valokuvakeskusnykyaika.fi\\\/\",\"name\":\"Valokuvakeskus Nykyaika\",\"description\":\"Nykyaika on avoin kohtaamispaikka kaikille valokuvataiteen yst\u00e4ville\",\"publisher\":{\"@id\":\"https:\\\/\\\/valokuvakeskusnykyaika.fi\\\/#organization\"},\"potentialAction\":[{\"@type\":\"SearchAction\",\"target\":{\"@type\":\"EntryPoint\",\"urlTemplate\":\"https:\\\/\\\/valokuvakeskusnykyaika.fi\\\/?s={search_term_string}\"},\"query-input\":{\"@type\":\"PropertyValueSpecification\",\"valueRequired\":true,\"valueName\":\"search_term_string\"}}],\"inLanguage\":\"en-GB\"},{\"@type\":\"Organization\",\"@id\":\"https:\\\/\\\/valokuvakeskusnykyaika.fi\\\/#organization\",\"name\":\"Valokuvakeskus Nykyaika\",\"url\":\"https:\\\/\\\/valokuvakeskusnykyaika.fi\\\/\",\"logo\":{\"@type\":\"ImageObject\",\"inLanguage\":\"en-GB\",\"@id\":\"https:\\\/\\\/valokuvakeskusnykyaika.fi\\\/#\\\/schema\\\/logo\\\/image\\\/\",\"url\":\"https:\\\/\\\/valokuvakeskusnykyaika.fi\\\/wp-content\\\/uploads\\\/2019\\\/01\\\/NY-Valokuvakeskus-logo-pieni.png\",\"contentUrl\":\"https:\\\/\\\/valokuvakeskusnykyaika.fi\\\/wp-content\\\/uploads\\\/2019\\\/01\\\/NY-Valokuvakeskus-logo-pieni.png\",\"width\":300,\"height\":314,\"caption\":\"Valokuvakeskus Nykyaika\"},\"image\":{\"@id\":\"https:\\\/\\\/valokuvakeskusnykyaika.fi\\\/#\\\/schema\\\/logo\\\/image\\\/\"},\"sameAs\":[\"https:\\\/\\\/www.facebook.com\\\/valokuvakeskus.nykyaika\\\/\",\"https:\\\/\\\/x.com\\\/nykyaika\",\"https:\\\/\\\/www.instagram.com\\\/nykyaika\\\/\"]},{\"@type\":\"Person\",\"@id\":\"https:\\\/\\\/valokuvakeskusnykyaika.fi\\\/#\\\/schema\\\/person\\\/41ef90f7d89984ccaca756c8d4241c19\",\"name\":\"info.nykyaika@backlight.fi\",\"url\":\"https:\\\/\\\/valokuvakeskusnykyaika.fi\\\/en\\\/author\\\/info-nykyaikabacklight-fi\\\/\"}]}<\/script>\n<!-- \/ Yoast SEO plugin. -->","yoast_head_json":{"title":"SYYSKUU: BACKLIGHT \u00b417 Delphine Schacher - Valokuvakeskus Nykyaika","robots":{"index":"index","follow":"follow","max-snippet":"max-snippet:-1","max-image-preview":"max-image-preview:large","max-video-preview":"max-video-preview:-1"},"canonical":"https:\/\/valokuvakeskusnykyaika.fi\/en\/syyskuu-backlight-17\/","og_locale":"en_GB","og_type":"article","og_title":"SYYSKUU: BACKLIGHT \u00b417 Delphine Schacher - Valokuvakeskus Nykyaika","og_description":"Delphine Schacher BOIS DES FR\u00e8RES \/ BROTHERSWOOD Nykyajan katutason galleriassa 9. \u2013 2.10.2017 ma-pe 12-18, la-su 12-16 Bois des Fr\u00e8res\u2019in (Brotherswood) tarina alkoi Geneven reunamilla 1960-luvulla. Tarvittiin asuntoja sadoille italialaisille ty\u00f6l\u00e4isille, jotka saapuivat rakentamaan Le Lignon -kerrostalokompleksia, joka oli siihen aikaan Euroopan suurin rakennusty\u00f6maa. Kausity\u00f6l\u00e4isten v\u00e4liaikaisiksi asumuksiksi pystytettiin kaksitoista parakkia. Vaikka asumuksia ei ollut tarkoitettu [&hellip;]","og_url":"https:\/\/valokuvakeskusnykyaika.fi\/en\/syyskuu-backlight-17\/","og_site_name":"Valokuvakeskus Nykyaika","article_publisher":"https:\/\/www.facebook.com\/valokuvakeskus.nykyaika\/","article_published_time":"2017-09-08T09:00:38+00:00","author":"info.nykyaika@backlight.fi","twitter_card":"summary_large_image","twitter_creator":"@nykyaika","twitter_site":"@nykyaika","twitter_misc":{"Written by":"info.nykyaika@backlight.fi","Estimated reading time":"1 minute"},"schema":{"@context":"https:\/\/schema.org","@graph":[{"@type":"Article","@id":"https:\/\/valokuvakeskusnykyaika.fi\/syyskuu-backlight-17\/#article","isPartOf":{"@id":"https:\/\/valokuvakeskusnykyaika.fi\/syyskuu-backlight-17\/"},"author":{"name":"info.nykyaika@backlight.fi","@id":"https:\/\/valokuvakeskusnykyaika.fi\/#\/schema\/person\/41ef90f7d89984ccaca756c8d4241c19"},"headline":"SYYSKUU: BACKLIGHT \u00b417 Delphine Schacher","datePublished":"2017-09-08T09:00:38+00:00","mainEntityOfPage":{"@id":"https:\/\/valokuvakeskusnykyaika.fi\/syyskuu-backlight-17\/"},"wordCount":216,"publisher":{"@id":"https:\/\/valokuvakeskusnykyaika.fi\/#organization"},"articleSection":["Menneet"],"inLanguage":"en-GB"},{"@type":"WebPage","@id":"https:\/\/valokuvakeskusnykyaika.fi\/syyskuu-backlight-17\/","url":"https:\/\/valokuvakeskusnykyaika.fi\/syyskuu-backlight-17\/","name":"SYYSKUU: BACKLIGHT \u00b417 Delphine Schacher - Valokuvakeskus Nykyaika","isPartOf":{"@id":"https:\/\/valokuvakeskusnykyaika.fi\/#website"},"datePublished":"2017-09-08T09:00:38+00:00","breadcrumb":{"@id":"https:\/\/valokuvakeskusnykyaika.fi\/syyskuu-backlight-17\/#breadcrumb"},"inLanguage":"en-GB","potentialAction":[{"@type":"ReadAction","target":["https:\/\/valokuvakeskusnykyaika.fi\/syyskuu-backlight-17\/"]}]},{"@type":"BreadcrumbList","@id":"https:\/\/valokuvakeskusnykyaika.fi\/syyskuu-backlight-17\/#breadcrumb","itemListElement":[{"@type":"ListItem","position":1,"name":"Etusivu","item":"https:\/\/valokuvakeskusnykyaika.fi\/"},{"@type":"ListItem","position":2,"name":"SYYSKUU: BACKLIGHT \u00b417 Delphine Schacher"}]},{"@type":"WebSite","@id":"https:\/\/valokuvakeskusnykyaika.fi\/#website","url":"https:\/\/valokuvakeskusnykyaika.fi\/","name":"Photographic Centre Nykyaika","description":"Nykyaika on avoin kohtaamispaikka kaikille valokuvataiteen yst\u00e4ville","publisher":{"@id":"https:\/\/valokuvakeskusnykyaika.fi\/#organization"},"potentialAction":[{"@type":"SearchAction","target":{"@type":"EntryPoint","urlTemplate":"https:\/\/valokuvakeskusnykyaika.fi\/?s={search_term_string}"},"query-input":{"@type":"PropertyValueSpecification","valueRequired":true,"valueName":"search_term_string"}}],"inLanguage":"en-GB"},{"@type":"Organization","@id":"https:\/\/valokuvakeskusnykyaika.fi\/#organization","name":"Photographic Centre Nykyaika","url":"https:\/\/valokuvakeskusnykyaika.fi\/","logo":{"@type":"ImageObject","inLanguage":"en-GB","@id":"https:\/\/valokuvakeskusnykyaika.fi\/#\/schema\/logo\/image\/","url":"https:\/\/valokuvakeskusnykyaika.fi\/wp-content\/uploads\/2019\/01\/NY-Valokuvakeskus-logo-pieni.png","contentUrl":"https:\/\/valokuvakeskusnykyaika.fi\/wp-content\/uploads\/2019\/01\/NY-Valokuvakeskus-logo-pieni.png","width":300,"height":314,"caption":"Valokuvakeskus Nykyaika"},"image":{"@id":"https:\/\/valokuvakeskusnykyaika.fi\/#\/schema\/logo\/image\/"},"sameAs":["https:\/\/www.facebook.com\/valokuvakeskus.nykyaika\/","https:\/\/x.com\/nykyaika","https:\/\/www.instagram.com\/nykyaika\/"]},{"@type":"Person","@id":"https:\/\/valokuvakeskusnykyaika.fi\/#\/schema\/person\/41ef90f7d89984ccaca756c8d4241c19","name":"info.nykyaika@backlight.fi","url":"https:\/\/valokuvakeskusnykyaika.fi\/en\/author\/info-nykyaikabacklight-fi\/"}]}},"_links":{"self":[{"href":"https:\/\/valokuvakeskusnykyaika.fi\/en\/wp-json\/wp\/v2\/posts\/2165","targetHints":{"allow":["GET"]}}],"collection":[{"href":"https:\/\/valokuvakeskusnykyaika.fi\/en\/wp-json\/wp\/v2\/posts"}],"about":[{"href":"https:\/\/valokuvakeskusnykyaika.fi\/en\/wp-json\/wp\/v2\/types\/post"}],"author":[{"embeddable":true,"href":"https:\/\/valokuvakeskusnykyaika.fi\/en\/wp-json\/wp\/v2\/users\/6"}],"replies":[{"embeddable":true,"href":"https:\/\/valokuvakeskusnykyaika.fi\/en\/wp-json\/wp\/v2\/comments?post=2165"}],"version-history":[{"count":2,"href":"https:\/\/valokuvakeskusnykyaika.fi\/en\/wp-json\/wp\/v2\/posts\/2165\/revisions"}],"predecessor-version":[{"id":2170,"href":"https:\/\/valokuvakeskusnykyaika.fi\/en\/wp-json\/wp\/v2\/posts\/2165\/revisions\/2170"}],"wp:attachment":[{"href":"https:\/\/valokuvakeskusnykyaika.fi\/en\/wp-json\/wp\/v2\/media?parent=2165"}],"wp:term":[{"taxonomy":"category","embeddable":true,"href":"https:\/\/valokuvakeskusnykyaika.fi\/en\/wp-json\/wp\/v2\/categories?post=2165"},{"taxonomy":"post_tag","embeddable":true,"href":"https:\/\/valokuvakeskusnykyaika.fi\/en\/wp-json\/wp\/v2\/tags?post=2165"}],"curies":[{"name":"wp","href":"https:\/\/api.w.org\/{rel}","templated":true}]}}