{"id":2201,"date":"2017-10-06T12:00:28","date_gmt":"2017-10-06T09:00:28","guid":{"rendered":"http:\/\/valokuvakeskusnykyaika.fi\/?p=2201"},"modified":"2017-10-05T11:17:09","modified_gmt":"2017-10-05T08:17:09","slug":"lokakuu-jaana-tyrmi","status":"publish","type":"post","link":"https:\/\/valokuvakeskusnykyaika.fi\/en\/lokakuu-jaana-tyrmi\/","title":{"rendered":"LOKAKUU: Jaana Tyrmi"},"content":{"rendered":"<div id=\"attachment_2202\" class=\"wp-caption alignleft\"><a href=\"http:\/\/valokuvakeskusnykyaika.fi\/wp-content\/uploads\/2017\/10\/WEBBIIN_JAANA_TYRMI.jpg\"><img loading=\"lazy\" decoding=\"async\" aria-describedby=\"caption-attachment-2202\" class=\"size-medium wp-image-2202\" src=\"http:\/\/valokuvakeskusnykyaika.fi\/wp-content\/uploads\/2017\/10\/WEBBIIN_JAANA_TYRMI-225x300.jpg\" alt=\"\" width=\"225\" height=\"300\" \/><\/a><p id=\"caption-attachment-2202\" class=\"wp-caption-text\">Kuva: Jaana Tyrmi<\/p><\/div>\n<p><strong>Jaana Tyrmi <\/strong><strong>VOKOLOGISIA TUTKIMUKSIA Nykyajan katutason galleriassa 7. \u2013 30.10.2017 <\/strong>ma-pe 12-18, la-su 12-16<\/p>\n<p>Jaana Tyrmi tutkii n\u00e4yttelyn teoksissa tieteen ja taiteen v\u00e4lisi\u00e4 rajapintoja. Parhaillaan Tyrmi tekee vokologian alan v\u00e4it\u00f6sty\u00f6t\u00e4, joka sijoittuu monitieteiseen puheen ja \u00e4\u00e4nenharjoittamisen alan tutkimukseen Tampereen yliopistossa. Tutkimusmateriaalin ja taiteen vuorovaikutuksessa Tyrmin kuville kehittyy uusi tulkinta.<br \/>\nTamperelainen Jaana Tyrmi (s. 1970) toimii sek\u00e4 vokologina ett\u00e4 valokuvataiteilijana.<\/p>\n<p>N\u00e4yttelyn kuvissa yhdistyy vanha, syanotypia- eli sinikopiotekniikka sek\u00e4 uudempi magneettiresonaatio (MRI) kuvantamisen tekniikka. Vuorovaikutteiset teokset koostuvat 16 muotokuvasta, jotka on rytmitetty kolmeen osaan. Teosten alla on \u00e4\u00e4nil\u00e4hde, jota painamalla kuulee MR-tekniikalla kuvannetun vokaalin tai konsonantin. Kuvista viri\u00e4\u00e4 \u00e4\u00e4nteiden kuoro, \u00e4\u00e4nteist\u00e4 sanoja, sanoista lause. Analyysin osista kehittyy synteesi.<\/p>","protected":false},"excerpt":{"rendered":"<p>Jaana Tyrmi VOKOLOGISIA TUTKIMUKSIA Nykyajan katutason galleriassa 7. \u2013 30.10.2017 ma-pe 12-18, la-su 12-16 Jaana Tyrmi tutkii n\u00e4yttelyn teoksissa tieteen ja taiteen v\u00e4lisi\u00e4 rajapintoja. Parhaillaan Tyrmi tekee vokologian alan v\u00e4it\u00f6sty\u00f6t\u00e4, joka sijoittuu monitieteiseen puheen ja \u00e4\u00e4nenharjoittamisen alan tutkimukseen Tampereen yliopistossa. Tutkimusmateriaalin ja taiteen vuorovaikutuksessa Tyrmin kuville kehittyy uusi tulkinta. Tamperelainen Jaana Tyrmi (s. 1970) toimii [&hellip;]<\/p>\n","protected":false},"author":6,"featured_media":0,"comment_status":"closed","ping_status":"closed","sticky":false,"template":"","format":"standard","meta":{"iawp_total_views":30,"footnotes":""},"categories":[4],"tags":[],"class_list":["post-2201","post","type-post","status-publish","format-standard","hentry","category-menneet"],"yoast_head":"<!-- This site is optimized with the Yoast SEO plugin v27.5 - https:\/\/yoast.com\/product\/yoast-seo-wordpress\/ -->\n<title>LOKAKUU: Jaana Tyrmi - Valokuvakeskus Nykyaika<\/title>\n<meta name=\"robots\" content=\"index, follow, max-snippet:-1, max-image-preview:large, max-video-preview:-1\" \/>\n<link rel=\"canonical\" href=\"https:\/\/valokuvakeskusnykyaika.fi\/en\/lokakuu-jaana-tyrmi\/\" \/>\n<meta property=\"og:locale\" content=\"en_GB\" \/>\n<meta property=\"og:type\" content=\"article\" \/>\n<meta property=\"og:title\" content=\"LOKAKUU: Jaana Tyrmi - Valokuvakeskus Nykyaika\" \/>\n<meta property=\"og:description\" content=\"Jaana Tyrmi VOKOLOGISIA TUTKIMUKSIA Nykyajan katutason galleriassa 7. \u2013 30.10.2017 ma-pe 12-18, la-su 12-16 Jaana Tyrmi tutkii n\u00e4yttelyn teoksissa tieteen ja taiteen v\u00e4lisi\u00e4 rajapintoja. Parhaillaan Tyrmi tekee vokologian alan v\u00e4it\u00f6sty\u00f6t\u00e4, joka sijoittuu monitieteiseen puheen ja \u00e4\u00e4nenharjoittamisen alan tutkimukseen Tampereen yliopistossa. Tutkimusmateriaalin ja taiteen vuorovaikutuksessa Tyrmin kuville kehittyy uusi tulkinta. Tamperelainen Jaana Tyrmi (s. 1970) toimii [&hellip;]\" \/>\n<meta property=\"og:url\" content=\"https:\/\/valokuvakeskusnykyaika.fi\/en\/lokakuu-jaana-tyrmi\/\" \/>\n<meta property=\"og:site_name\" content=\"Valokuvakeskus Nykyaika\" \/>\n<meta property=\"article:publisher\" content=\"https:\/\/www.facebook.com\/valokuvakeskus.nykyaika\/\" \/>\n<meta property=\"article:published_time\" content=\"2017-10-06T09:00:28+00:00\" \/>\n<meta property=\"og:image\" content=\"http:\/\/valokuvakeskusnykyaika.fi\/wp-content\/uploads\/2017\/10\/WEBBIIN_JAANA_TYRMI-225x300.jpg\" \/>\n<meta name=\"author\" content=\"info.nykyaika@backlight.fi\" \/>\n<meta name=\"twitter:card\" content=\"summary_large_image\" \/>\n<meta name=\"twitter:creator\" content=\"@nykyaika\" \/>\n<meta name=\"twitter:site\" content=\"@nykyaika\" \/>\n<meta name=\"twitter:label1\" content=\"Written by\" \/>\n\t<meta name=\"twitter:data1\" content=\"info.nykyaika@backlight.fi\" \/>\n\t<meta name=\"twitter:label2\" content=\"Estimated reading time\" \/>\n\t<meta name=\"twitter:data2\" content=\"1 minute\" \/>\n<script type=\"application\/ld+json\" class=\"yoast-schema-graph\">{\"@context\":\"https:\\\/\\\/schema.org\",\"@graph\":[{\"@type\":\"Article\",\"@id\":\"https:\\\/\\\/valokuvakeskusnykyaika.fi\\\/lokakuu-jaana-tyrmi\\\/#article\",\"isPartOf\":{\"@id\":\"https:\\\/\\\/valokuvakeskusnykyaika.fi\\\/lokakuu-jaana-tyrmi\\\/\"},\"author\":{\"name\":\"info.nykyaika@backlight.fi\",\"@id\":\"https:\\\/\\\/valokuvakeskusnykyaika.fi\\\/#\\\/schema\\\/person\\\/41ef90f7d89984ccaca756c8d4241c19\"},\"headline\":\"LOKAKUU: Jaana Tyrmi\",\"datePublished\":\"2017-10-06T09:00:28+00:00\",\"mainEntityOfPage\":{\"@id\":\"https:\\\/\\\/valokuvakeskusnykyaika.fi\\\/lokakuu-jaana-tyrmi\\\/\"},\"wordCount\":121,\"publisher\":{\"@id\":\"https:\\\/\\\/valokuvakeskusnykyaika.fi\\\/#organization\"},\"image\":{\"@id\":\"https:\\\/\\\/valokuvakeskusnykyaika.fi\\\/lokakuu-jaana-tyrmi\\\/#primaryimage\"},\"thumbnailUrl\":\"http:\\\/\\\/valokuvakeskusnykyaika.fi\\\/wp-content\\\/uploads\\\/2017\\\/10\\\/WEBBIIN_JAANA_TYRMI-225x300.jpg\",\"articleSection\":[\"Menneet\"],\"inLanguage\":\"en-GB\"},{\"@type\":\"WebPage\",\"@id\":\"https:\\\/\\\/valokuvakeskusnykyaika.fi\\\/lokakuu-jaana-tyrmi\\\/\",\"url\":\"https:\\\/\\\/valokuvakeskusnykyaika.fi\\\/lokakuu-jaana-tyrmi\\\/\",\"name\":\"LOKAKUU: Jaana Tyrmi - Valokuvakeskus Nykyaika\",\"isPartOf\":{\"@id\":\"https:\\\/\\\/valokuvakeskusnykyaika.fi\\\/#website\"},\"primaryImageOfPage\":{\"@id\":\"https:\\\/\\\/valokuvakeskusnykyaika.fi\\\/lokakuu-jaana-tyrmi\\\/#primaryimage\"},\"image\":{\"@id\":\"https:\\\/\\\/valokuvakeskusnykyaika.fi\\\/lokakuu-jaana-tyrmi\\\/#primaryimage\"},\"thumbnailUrl\":\"http:\\\/\\\/valokuvakeskusnykyaika.fi\\\/wp-content\\\/uploads\\\/2017\\\/10\\\/WEBBIIN_JAANA_TYRMI-225x300.jpg\",\"datePublished\":\"2017-10-06T09:00:28+00:00\",\"breadcrumb\":{\"@id\":\"https:\\\/\\\/valokuvakeskusnykyaika.fi\\\/lokakuu-jaana-tyrmi\\\/#breadcrumb\"},\"inLanguage\":\"en-GB\",\"potentialAction\":[{\"@type\":\"ReadAction\",\"target\":[\"https:\\\/\\\/valokuvakeskusnykyaika.fi\\\/lokakuu-jaana-tyrmi\\\/\"]}]},{\"@type\":\"ImageObject\",\"inLanguage\":\"en-GB\",\"@id\":\"https:\\\/\\\/valokuvakeskusnykyaika.fi\\\/lokakuu-jaana-tyrmi\\\/#primaryimage\",\"url\":\"http:\\\/\\\/valokuvakeskusnykyaika.fi\\\/wp-content\\\/uploads\\\/2017\\\/10\\\/WEBBIIN_JAANA_TYRMI-225x300.jpg\",\"contentUrl\":\"http:\\\/\\\/valokuvakeskusnykyaika.fi\\\/wp-content\\\/uploads\\\/2017\\\/10\\\/WEBBIIN_JAANA_TYRMI-225x300.jpg\"},{\"@type\":\"BreadcrumbList\",\"@id\":\"https:\\\/\\\/valokuvakeskusnykyaika.fi\\\/lokakuu-jaana-tyrmi\\\/#breadcrumb\",\"itemListElement\":[{\"@type\":\"ListItem\",\"position\":1,\"name\":\"Etusivu\",\"item\":\"https:\\\/\\\/valokuvakeskusnykyaika.fi\\\/\"},{\"@type\":\"ListItem\",\"position\":2,\"name\":\"LOKAKUU: Jaana Tyrmi\"}]},{\"@type\":\"WebSite\",\"@id\":\"https:\\\/\\\/valokuvakeskusnykyaika.fi\\\/#website\",\"url\":\"https:\\\/\\\/valokuvakeskusnykyaika.fi\\\/\",\"name\":\"Valokuvakeskus Nykyaika\",\"description\":\"Nykyaika on avoin kohtaamispaikka kaikille valokuvataiteen yst\u00e4ville\",\"publisher\":{\"@id\":\"https:\\\/\\\/valokuvakeskusnykyaika.fi\\\/#organization\"},\"potentialAction\":[{\"@type\":\"SearchAction\",\"target\":{\"@type\":\"EntryPoint\",\"urlTemplate\":\"https:\\\/\\\/valokuvakeskusnykyaika.fi\\\/?s={search_term_string}\"},\"query-input\":{\"@type\":\"PropertyValueSpecification\",\"valueRequired\":true,\"valueName\":\"search_term_string\"}}],\"inLanguage\":\"en-GB\"},{\"@type\":\"Organization\",\"@id\":\"https:\\\/\\\/valokuvakeskusnykyaika.fi\\\/#organization\",\"name\":\"Valokuvakeskus Nykyaika\",\"url\":\"https:\\\/\\\/valokuvakeskusnykyaika.fi\\\/\",\"logo\":{\"@type\":\"ImageObject\",\"inLanguage\":\"en-GB\",\"@id\":\"https:\\\/\\\/valokuvakeskusnykyaika.fi\\\/#\\\/schema\\\/logo\\\/image\\\/\",\"url\":\"https:\\\/\\\/valokuvakeskusnykyaika.fi\\\/wp-content\\\/uploads\\\/2019\\\/01\\\/NY-Valokuvakeskus-logo-pieni.png\",\"contentUrl\":\"https:\\\/\\\/valokuvakeskusnykyaika.fi\\\/wp-content\\\/uploads\\\/2019\\\/01\\\/NY-Valokuvakeskus-logo-pieni.png\",\"width\":300,\"height\":314,\"caption\":\"Valokuvakeskus Nykyaika\"},\"image\":{\"@id\":\"https:\\\/\\\/valokuvakeskusnykyaika.fi\\\/#\\\/schema\\\/logo\\\/image\\\/\"},\"sameAs\":[\"https:\\\/\\\/www.facebook.com\\\/valokuvakeskus.nykyaika\\\/\",\"https:\\\/\\\/x.com\\\/nykyaika\",\"https:\\\/\\\/www.instagram.com\\\/nykyaika\\\/\"]},{\"@type\":\"Person\",\"@id\":\"https:\\\/\\\/valokuvakeskusnykyaika.fi\\\/#\\\/schema\\\/person\\\/41ef90f7d89984ccaca756c8d4241c19\",\"name\":\"info.nykyaika@backlight.fi\",\"url\":\"https:\\\/\\\/valokuvakeskusnykyaika.fi\\\/en\\\/author\\\/info-nykyaikabacklight-fi\\\/\"}]}<\/script>\n<!-- \/ Yoast SEO plugin. -->","yoast_head_json":{"title":"LOKAKUU: Jaana Tyrmi - Valokuvakeskus Nykyaika","robots":{"index":"index","follow":"follow","max-snippet":"max-snippet:-1","max-image-preview":"max-image-preview:large","max-video-preview":"max-video-preview:-1"},"canonical":"https:\/\/valokuvakeskusnykyaika.fi\/en\/lokakuu-jaana-tyrmi\/","og_locale":"en_GB","og_type":"article","og_title":"LOKAKUU: Jaana Tyrmi - Valokuvakeskus Nykyaika","og_description":"Jaana Tyrmi VOKOLOGISIA TUTKIMUKSIA Nykyajan katutason galleriassa 7. \u2013 30.10.2017 ma-pe 12-18, la-su 12-16 Jaana Tyrmi tutkii n\u00e4yttelyn teoksissa tieteen ja taiteen v\u00e4lisi\u00e4 rajapintoja. Parhaillaan Tyrmi tekee vokologian alan v\u00e4it\u00f6sty\u00f6t\u00e4, joka sijoittuu monitieteiseen puheen ja \u00e4\u00e4nenharjoittamisen alan tutkimukseen Tampereen yliopistossa. Tutkimusmateriaalin ja taiteen vuorovaikutuksessa Tyrmin kuville kehittyy uusi tulkinta. Tamperelainen Jaana Tyrmi (s. 1970) toimii [&hellip;]","og_url":"https:\/\/valokuvakeskusnykyaika.fi\/en\/lokakuu-jaana-tyrmi\/","og_site_name":"Valokuvakeskus Nykyaika","article_publisher":"https:\/\/www.facebook.com\/valokuvakeskus.nykyaika\/","article_published_time":"2017-10-06T09:00:28+00:00","og_image":[{"url":"http:\/\/valokuvakeskusnykyaika.fi\/wp-content\/uploads\/2017\/10\/WEBBIIN_JAANA_TYRMI-225x300.jpg","type":"","width":"","height":""}],"author":"info.nykyaika@backlight.fi","twitter_card":"summary_large_image","twitter_creator":"@nykyaika","twitter_site":"@nykyaika","twitter_misc":{"Written by":"info.nykyaika@backlight.fi","Estimated reading time":"1 minute"},"schema":{"@context":"https:\/\/schema.org","@graph":[{"@type":"Article","@id":"https:\/\/valokuvakeskusnykyaika.fi\/lokakuu-jaana-tyrmi\/#article","isPartOf":{"@id":"https:\/\/valokuvakeskusnykyaika.fi\/lokakuu-jaana-tyrmi\/"},"author":{"name":"info.nykyaika@backlight.fi","@id":"https:\/\/valokuvakeskusnykyaika.fi\/#\/schema\/person\/41ef90f7d89984ccaca756c8d4241c19"},"headline":"LOKAKUU: Jaana Tyrmi","datePublished":"2017-10-06T09:00:28+00:00","mainEntityOfPage":{"@id":"https:\/\/valokuvakeskusnykyaika.fi\/lokakuu-jaana-tyrmi\/"},"wordCount":121,"publisher":{"@id":"https:\/\/valokuvakeskusnykyaika.fi\/#organization"},"image":{"@id":"https:\/\/valokuvakeskusnykyaika.fi\/lokakuu-jaana-tyrmi\/#primaryimage"},"thumbnailUrl":"http:\/\/valokuvakeskusnykyaika.fi\/wp-content\/uploads\/2017\/10\/WEBBIIN_JAANA_TYRMI-225x300.jpg","articleSection":["Menneet"],"inLanguage":"en-GB"},{"@type":"WebPage","@id":"https:\/\/valokuvakeskusnykyaika.fi\/lokakuu-jaana-tyrmi\/","url":"https:\/\/valokuvakeskusnykyaika.fi\/lokakuu-jaana-tyrmi\/","name":"LOKAKUU: Jaana Tyrmi - Valokuvakeskus Nykyaika","isPartOf":{"@id":"https:\/\/valokuvakeskusnykyaika.fi\/#website"},"primaryImageOfPage":{"@id":"https:\/\/valokuvakeskusnykyaika.fi\/lokakuu-jaana-tyrmi\/#primaryimage"},"image":{"@id":"https:\/\/valokuvakeskusnykyaika.fi\/lokakuu-jaana-tyrmi\/#primaryimage"},"thumbnailUrl":"http:\/\/valokuvakeskusnykyaika.fi\/wp-content\/uploads\/2017\/10\/WEBBIIN_JAANA_TYRMI-225x300.jpg","datePublished":"2017-10-06T09:00:28+00:00","breadcrumb":{"@id":"https:\/\/valokuvakeskusnykyaika.fi\/lokakuu-jaana-tyrmi\/#breadcrumb"},"inLanguage":"en-GB","potentialAction":[{"@type":"ReadAction","target":["https:\/\/valokuvakeskusnykyaika.fi\/lokakuu-jaana-tyrmi\/"]}]},{"@type":"ImageObject","inLanguage":"en-GB","@id":"https:\/\/valokuvakeskusnykyaika.fi\/lokakuu-jaana-tyrmi\/#primaryimage","url":"http:\/\/valokuvakeskusnykyaika.fi\/wp-content\/uploads\/2017\/10\/WEBBIIN_JAANA_TYRMI-225x300.jpg","contentUrl":"http:\/\/valokuvakeskusnykyaika.fi\/wp-content\/uploads\/2017\/10\/WEBBIIN_JAANA_TYRMI-225x300.jpg"},{"@type":"BreadcrumbList","@id":"https:\/\/valokuvakeskusnykyaika.fi\/lokakuu-jaana-tyrmi\/#breadcrumb","itemListElement":[{"@type":"ListItem","position":1,"name":"Etusivu","item":"https:\/\/valokuvakeskusnykyaika.fi\/"},{"@type":"ListItem","position":2,"name":"LOKAKUU: Jaana Tyrmi"}]},{"@type":"WebSite","@id":"https:\/\/valokuvakeskusnykyaika.fi\/#website","url":"https:\/\/valokuvakeskusnykyaika.fi\/","name":"Photographic Centre Nykyaika","description":"Nykyaika on avoin kohtaamispaikka kaikille valokuvataiteen yst\u00e4ville","publisher":{"@id":"https:\/\/valokuvakeskusnykyaika.fi\/#organization"},"potentialAction":[{"@type":"SearchAction","target":{"@type":"EntryPoint","urlTemplate":"https:\/\/valokuvakeskusnykyaika.fi\/?s={search_term_string}"},"query-input":{"@type":"PropertyValueSpecification","valueRequired":true,"valueName":"search_term_string"}}],"inLanguage":"en-GB"},{"@type":"Organization","@id":"https:\/\/valokuvakeskusnykyaika.fi\/#organization","name":"Photographic Centre Nykyaika","url":"https:\/\/valokuvakeskusnykyaika.fi\/","logo":{"@type":"ImageObject","inLanguage":"en-GB","@id":"https:\/\/valokuvakeskusnykyaika.fi\/#\/schema\/logo\/image\/","url":"https:\/\/valokuvakeskusnykyaika.fi\/wp-content\/uploads\/2019\/01\/NY-Valokuvakeskus-logo-pieni.png","contentUrl":"https:\/\/valokuvakeskusnykyaika.fi\/wp-content\/uploads\/2019\/01\/NY-Valokuvakeskus-logo-pieni.png","width":300,"height":314,"caption":"Valokuvakeskus Nykyaika"},"image":{"@id":"https:\/\/valokuvakeskusnykyaika.fi\/#\/schema\/logo\/image\/"},"sameAs":["https:\/\/www.facebook.com\/valokuvakeskus.nykyaika\/","https:\/\/x.com\/nykyaika","https:\/\/www.instagram.com\/nykyaika\/"]},{"@type":"Person","@id":"https:\/\/valokuvakeskusnykyaika.fi\/#\/schema\/person\/41ef90f7d89984ccaca756c8d4241c19","name":"info.nykyaika@backlight.fi","url":"https:\/\/valokuvakeskusnykyaika.fi\/en\/author\/info-nykyaikabacklight-fi\/"}]}},"_links":{"self":[{"href":"https:\/\/valokuvakeskusnykyaika.fi\/en\/wp-json\/wp\/v2\/posts\/2201","targetHints":{"allow":["GET"]}}],"collection":[{"href":"https:\/\/valokuvakeskusnykyaika.fi\/en\/wp-json\/wp\/v2\/posts"}],"about":[{"href":"https:\/\/valokuvakeskusnykyaika.fi\/en\/wp-json\/wp\/v2\/types\/post"}],"author":[{"embeddable":true,"href":"https:\/\/valokuvakeskusnykyaika.fi\/en\/wp-json\/wp\/v2\/users\/6"}],"replies":[{"embeddable":true,"href":"https:\/\/valokuvakeskusnykyaika.fi\/en\/wp-json\/wp\/v2\/comments?post=2201"}],"version-history":[{"count":2,"href":"https:\/\/valokuvakeskusnykyaika.fi\/en\/wp-json\/wp\/v2\/posts\/2201\/revisions"}],"predecessor-version":[{"id":2204,"href":"https:\/\/valokuvakeskusnykyaika.fi\/en\/wp-json\/wp\/v2\/posts\/2201\/revisions\/2204"}],"wp:attachment":[{"href":"https:\/\/valokuvakeskusnykyaika.fi\/en\/wp-json\/wp\/v2\/media?parent=2201"}],"wp:term":[{"taxonomy":"category","embeddable":true,"href":"https:\/\/valokuvakeskusnykyaika.fi\/en\/wp-json\/wp\/v2\/categories?post=2201"},{"taxonomy":"post_tag","embeddable":true,"href":"https:\/\/valokuvakeskusnykyaika.fi\/en\/wp-json\/wp\/v2\/tags?post=2201"}],"curies":[{"name":"wp","href":"https:\/\/api.w.org\/{rel}","templated":true}]}}