{"id":2216,"date":"2017-11-03T12:31:26","date_gmt":"2017-11-03T10:31:26","guid":{"rendered":"http:\/\/valokuvakeskusnykyaika.fi\/?p=2216"},"modified":"2017-10-30T19:47:19","modified_gmt":"2017-10-30T17:47:19","slug":"marraskuu-kaisa-karhu","status":"publish","type":"post","link":"https:\/\/valokuvakeskusnykyaika.fi\/en\/marraskuu-kaisa-karhu\/","title":{"rendered":"MARRASKUU: Kaisa Karhu"},"content":{"rendered":"<div id=\"attachment_2217\" class=\"wp-caption alignleft\"><a href=\"http:\/\/valokuvakeskusnykyaika.fi\/wp-content\/uploads\/2017\/10\/ruusubonsai_20x30cm_300dpi.jpg\"><img loading=\"lazy\" decoding=\"async\" aria-describedby=\"caption-attachment-2217\" class=\"size-medium wp-image-2217\" src=\"http:\/\/valokuvakeskusnykyaika.fi\/wp-content\/uploads\/2017\/10\/ruusubonsai_20x30cm_300dpi-300x200.jpg\" alt=\"\" width=\"300\" height=\"200\" \/><\/a><p id=\"caption-attachment-2217\" class=\"wp-caption-text\">Kuva: Kaisa Karhu<\/p><\/div>\n<p><strong>Kaisa Karhu TUNTEIDEN KASVIO \/ HERBARIUM OF EMOTIONS Nykyajan alakerran galleriassa<\/strong> 4.\u201327.11.2017\u00a0 ma-pe 12-18, la-su 12-16<\/p>\n<p>N\u00e4yttely koostuu valokuvista sek\u00e4 esineinstallaatiosta. Kaisa Karhu on kuihduttanut kukkia, repinyt niit\u00e4 osiksi ja liimannut niit\u00e4 uudelleen kokoon. Performatiivisen teon j\u00e4lkeen h\u00e4n on valokuvannut ne mukaillen still-life ja vanitas -kuvien perinnett\u00e4 luoden estetisoidun lopputuloksen.<\/p>\n<p>Sarja k\u00e4sittelee kuoleman v\u00e4\u00e4j\u00e4\u00e4m\u00e4tt\u00f6myytt\u00e4 ja menetyksen her\u00e4tt\u00e4mi\u00e4 tunteita: vihaa, surua ja ik\u00e4v\u00e4\u00e4. Karhu valitsi kukat uhreikseen niiden viattomuuden takia.<\/p>\n<p>Kaisa Karhu (s.1984) asuu ja ty\u00f6skentelee Helsingiss\u00e4. Tunteiden kasvio oli esill\u00e4 ensimm\u00e4ist\u00e4 kertaa Lahdessa kev\u00e4\u00e4ll\u00e4 2016 ja nyt esill\u00e4 oleva saman niminen kokonaisuus jatkaa aihetta luoden uuden kokonaisuuden.<\/p>","protected":false},"excerpt":{"rendered":"<p>Kaisa Karhu TUNTEIDEN KASVIO \/ HERBARIUM OF EMOTIONS Nykyajan alakerran galleriassa 4.\u201327.11.2017\u00a0 ma-pe 12-18, la-su 12-16 N\u00e4yttely koostuu valokuvista sek\u00e4 esineinstallaatiosta. Kaisa Karhu on kuihduttanut kukkia, repinyt niit\u00e4 osiksi ja liimannut niit\u00e4 uudelleen kokoon. Performatiivisen teon j\u00e4lkeen h\u00e4n on valokuvannut ne mukaillen still-life ja vanitas -kuvien perinnett\u00e4 luoden estetisoidun lopputuloksen. Sarja k\u00e4sittelee kuoleman v\u00e4\u00e4j\u00e4\u00e4m\u00e4tt\u00f6myytt\u00e4 ja [&hellip;]<\/p>\n","protected":false},"author":6,"featured_media":0,"comment_status":"closed","ping_status":"closed","sticky":false,"template":"","format":"standard","meta":{"iawp_total_views":23,"footnotes":""},"categories":[4],"tags":[],"class_list":["post-2216","post","type-post","status-publish","format-standard","hentry","category-menneet"],"yoast_head":"<!-- This site is optimized with the Yoast SEO plugin v27.5 - https:\/\/yoast.com\/product\/yoast-seo-wordpress\/ -->\n<title>MARRASKUU: Kaisa Karhu - Valokuvakeskus Nykyaika<\/title>\n<meta name=\"robots\" content=\"index, follow, max-snippet:-1, max-image-preview:large, max-video-preview:-1\" \/>\n<link rel=\"canonical\" href=\"https:\/\/valokuvakeskusnykyaika.fi\/en\/marraskuu-kaisa-karhu\/\" \/>\n<meta property=\"og:locale\" content=\"en_GB\" \/>\n<meta property=\"og:type\" content=\"article\" \/>\n<meta property=\"og:title\" content=\"MARRASKUU: Kaisa Karhu - Valokuvakeskus Nykyaika\" \/>\n<meta property=\"og:description\" content=\"Kaisa Karhu TUNTEIDEN KASVIO \/ HERBARIUM OF EMOTIONS Nykyajan alakerran galleriassa 4.\u201327.11.2017\u00a0 ma-pe 12-18, la-su 12-16 N\u00e4yttely koostuu valokuvista sek\u00e4 esineinstallaatiosta. Kaisa Karhu on kuihduttanut kukkia, repinyt niit\u00e4 osiksi ja liimannut niit\u00e4 uudelleen kokoon. Performatiivisen teon j\u00e4lkeen h\u00e4n on valokuvannut ne mukaillen still-life ja vanitas -kuvien perinnett\u00e4 luoden estetisoidun lopputuloksen. Sarja k\u00e4sittelee kuoleman v\u00e4\u00e4j\u00e4\u00e4m\u00e4tt\u00f6myytt\u00e4 ja [&hellip;]\" \/>\n<meta property=\"og:url\" content=\"https:\/\/valokuvakeskusnykyaika.fi\/en\/marraskuu-kaisa-karhu\/\" \/>\n<meta property=\"og:site_name\" content=\"Valokuvakeskus Nykyaika\" \/>\n<meta property=\"article:publisher\" content=\"https:\/\/www.facebook.com\/valokuvakeskus.nykyaika\/\" \/>\n<meta property=\"article:published_time\" content=\"2017-11-03T10:31:26+00:00\" \/>\n<meta property=\"og:image\" content=\"http:\/\/valokuvakeskusnykyaika.fi\/wp-content\/uploads\/2017\/10\/ruusubonsai_20x30cm_300dpi-300x200.jpg\" \/>\n<meta name=\"author\" content=\"info.nykyaika@backlight.fi\" \/>\n<meta name=\"twitter:card\" content=\"summary_large_image\" \/>\n<meta name=\"twitter:creator\" content=\"@nykyaika\" \/>\n<meta name=\"twitter:site\" content=\"@nykyaika\" \/>\n<meta name=\"twitter:label1\" content=\"Written by\" \/>\n\t<meta name=\"twitter:data1\" content=\"info.nykyaika@backlight.fi\" \/>\n\t<meta name=\"twitter:label2\" content=\"Estimated reading time\" \/>\n\t<meta name=\"twitter:data2\" content=\"1 minute\" \/>\n<script type=\"application\/ld+json\" class=\"yoast-schema-graph\">{\"@context\":\"https:\\\/\\\/schema.org\",\"@graph\":[{\"@type\":\"Article\",\"@id\":\"https:\\\/\\\/valokuvakeskusnykyaika.fi\\\/marraskuu-kaisa-karhu\\\/#article\",\"isPartOf\":{\"@id\":\"https:\\\/\\\/valokuvakeskusnykyaika.fi\\\/marraskuu-kaisa-karhu\\\/\"},\"author\":{\"name\":\"info.nykyaika@backlight.fi\",\"@id\":\"https:\\\/\\\/valokuvakeskusnykyaika.fi\\\/#\\\/schema\\\/person\\\/41ef90f7d89984ccaca756c8d4241c19\"},\"headline\":\"MARRASKUU: Kaisa Karhu\",\"datePublished\":\"2017-11-03T10:31:26+00:00\",\"mainEntityOfPage\":{\"@id\":\"https:\\\/\\\/valokuvakeskusnykyaika.fi\\\/marraskuu-kaisa-karhu\\\/\"},\"wordCount\":121,\"publisher\":{\"@id\":\"https:\\\/\\\/valokuvakeskusnykyaika.fi\\\/#organization\"},\"image\":{\"@id\":\"https:\\\/\\\/valokuvakeskusnykyaika.fi\\\/marraskuu-kaisa-karhu\\\/#primaryimage\"},\"thumbnailUrl\":\"http:\\\/\\\/valokuvakeskusnykyaika.fi\\\/wp-content\\\/uploads\\\/2017\\\/10\\\/ruusubonsai_20x30cm_300dpi-300x200.jpg\",\"articleSection\":[\"Menneet\"],\"inLanguage\":\"en-GB\"},{\"@type\":\"WebPage\",\"@id\":\"https:\\\/\\\/valokuvakeskusnykyaika.fi\\\/marraskuu-kaisa-karhu\\\/\",\"url\":\"https:\\\/\\\/valokuvakeskusnykyaika.fi\\\/marraskuu-kaisa-karhu\\\/\",\"name\":\"MARRASKUU: Kaisa Karhu - Valokuvakeskus Nykyaika\",\"isPartOf\":{\"@id\":\"https:\\\/\\\/valokuvakeskusnykyaika.fi\\\/#website\"},\"primaryImageOfPage\":{\"@id\":\"https:\\\/\\\/valokuvakeskusnykyaika.fi\\\/marraskuu-kaisa-karhu\\\/#primaryimage\"},\"image\":{\"@id\":\"https:\\\/\\\/valokuvakeskusnykyaika.fi\\\/marraskuu-kaisa-karhu\\\/#primaryimage\"},\"thumbnailUrl\":\"http:\\\/\\\/valokuvakeskusnykyaika.fi\\\/wp-content\\\/uploads\\\/2017\\\/10\\\/ruusubonsai_20x30cm_300dpi-300x200.jpg\",\"datePublished\":\"2017-11-03T10:31:26+00:00\",\"breadcrumb\":{\"@id\":\"https:\\\/\\\/valokuvakeskusnykyaika.fi\\\/marraskuu-kaisa-karhu\\\/#breadcrumb\"},\"inLanguage\":\"en-GB\",\"potentialAction\":[{\"@type\":\"ReadAction\",\"target\":[\"https:\\\/\\\/valokuvakeskusnykyaika.fi\\\/marraskuu-kaisa-karhu\\\/\"]}]},{\"@type\":\"ImageObject\",\"inLanguage\":\"en-GB\",\"@id\":\"https:\\\/\\\/valokuvakeskusnykyaika.fi\\\/marraskuu-kaisa-karhu\\\/#primaryimage\",\"url\":\"http:\\\/\\\/valokuvakeskusnykyaika.fi\\\/wp-content\\\/uploads\\\/2017\\\/10\\\/ruusubonsai_20x30cm_300dpi-300x200.jpg\",\"contentUrl\":\"http:\\\/\\\/valokuvakeskusnykyaika.fi\\\/wp-content\\\/uploads\\\/2017\\\/10\\\/ruusubonsai_20x30cm_300dpi-300x200.jpg\"},{\"@type\":\"BreadcrumbList\",\"@id\":\"https:\\\/\\\/valokuvakeskusnykyaika.fi\\\/marraskuu-kaisa-karhu\\\/#breadcrumb\",\"itemListElement\":[{\"@type\":\"ListItem\",\"position\":1,\"name\":\"Etusivu\",\"item\":\"https:\\\/\\\/valokuvakeskusnykyaika.fi\\\/\"},{\"@type\":\"ListItem\",\"position\":2,\"name\":\"MARRASKUU: Kaisa Karhu\"}]},{\"@type\":\"WebSite\",\"@id\":\"https:\\\/\\\/valokuvakeskusnykyaika.fi\\\/#website\",\"url\":\"https:\\\/\\\/valokuvakeskusnykyaika.fi\\\/\",\"name\":\"Valokuvakeskus Nykyaika\",\"description\":\"Nykyaika on avoin kohtaamispaikka kaikille valokuvataiteen yst\u00e4ville\",\"publisher\":{\"@id\":\"https:\\\/\\\/valokuvakeskusnykyaika.fi\\\/#organization\"},\"potentialAction\":[{\"@type\":\"SearchAction\",\"target\":{\"@type\":\"EntryPoint\",\"urlTemplate\":\"https:\\\/\\\/valokuvakeskusnykyaika.fi\\\/?s={search_term_string}\"},\"query-input\":{\"@type\":\"PropertyValueSpecification\",\"valueRequired\":true,\"valueName\":\"search_term_string\"}}],\"inLanguage\":\"en-GB\"},{\"@type\":\"Organization\",\"@id\":\"https:\\\/\\\/valokuvakeskusnykyaika.fi\\\/#organization\",\"name\":\"Valokuvakeskus Nykyaika\",\"url\":\"https:\\\/\\\/valokuvakeskusnykyaika.fi\\\/\",\"logo\":{\"@type\":\"ImageObject\",\"inLanguage\":\"en-GB\",\"@id\":\"https:\\\/\\\/valokuvakeskusnykyaika.fi\\\/#\\\/schema\\\/logo\\\/image\\\/\",\"url\":\"https:\\\/\\\/valokuvakeskusnykyaika.fi\\\/wp-content\\\/uploads\\\/2019\\\/01\\\/NY-Valokuvakeskus-logo-pieni.png\",\"contentUrl\":\"https:\\\/\\\/valokuvakeskusnykyaika.fi\\\/wp-content\\\/uploads\\\/2019\\\/01\\\/NY-Valokuvakeskus-logo-pieni.png\",\"width\":300,\"height\":314,\"caption\":\"Valokuvakeskus Nykyaika\"},\"image\":{\"@id\":\"https:\\\/\\\/valokuvakeskusnykyaika.fi\\\/#\\\/schema\\\/logo\\\/image\\\/\"},\"sameAs\":[\"https:\\\/\\\/www.facebook.com\\\/valokuvakeskus.nykyaika\\\/\",\"https:\\\/\\\/x.com\\\/nykyaika\",\"https:\\\/\\\/www.instagram.com\\\/nykyaika\\\/\"]},{\"@type\":\"Person\",\"@id\":\"https:\\\/\\\/valokuvakeskusnykyaika.fi\\\/#\\\/schema\\\/person\\\/41ef90f7d89984ccaca756c8d4241c19\",\"name\":\"info.nykyaika@backlight.fi\",\"url\":\"https:\\\/\\\/valokuvakeskusnykyaika.fi\\\/en\\\/author\\\/info-nykyaikabacklight-fi\\\/\"}]}<\/script>\n<!-- \/ Yoast SEO plugin. -->","yoast_head_json":{"title":"MARRASKUU: Kaisa Karhu - Valokuvakeskus Nykyaika","robots":{"index":"index","follow":"follow","max-snippet":"max-snippet:-1","max-image-preview":"max-image-preview:large","max-video-preview":"max-video-preview:-1"},"canonical":"https:\/\/valokuvakeskusnykyaika.fi\/en\/marraskuu-kaisa-karhu\/","og_locale":"en_GB","og_type":"article","og_title":"MARRASKUU: Kaisa Karhu - Valokuvakeskus Nykyaika","og_description":"Kaisa Karhu TUNTEIDEN KASVIO \/ HERBARIUM OF EMOTIONS Nykyajan alakerran galleriassa 4.\u201327.11.2017\u00a0 ma-pe 12-18, la-su 12-16 N\u00e4yttely koostuu valokuvista sek\u00e4 esineinstallaatiosta. Kaisa Karhu on kuihduttanut kukkia, repinyt niit\u00e4 osiksi ja liimannut niit\u00e4 uudelleen kokoon. Performatiivisen teon j\u00e4lkeen h\u00e4n on valokuvannut ne mukaillen still-life ja vanitas -kuvien perinnett\u00e4 luoden estetisoidun lopputuloksen. Sarja k\u00e4sittelee kuoleman v\u00e4\u00e4j\u00e4\u00e4m\u00e4tt\u00f6myytt\u00e4 ja [&hellip;]","og_url":"https:\/\/valokuvakeskusnykyaika.fi\/en\/marraskuu-kaisa-karhu\/","og_site_name":"Valokuvakeskus Nykyaika","article_publisher":"https:\/\/www.facebook.com\/valokuvakeskus.nykyaika\/","article_published_time":"2017-11-03T10:31:26+00:00","og_image":[{"url":"http:\/\/valokuvakeskusnykyaika.fi\/wp-content\/uploads\/2017\/10\/ruusubonsai_20x30cm_300dpi-300x200.jpg","type":"","width":"","height":""}],"author":"info.nykyaika@backlight.fi","twitter_card":"summary_large_image","twitter_creator":"@nykyaika","twitter_site":"@nykyaika","twitter_misc":{"Written by":"info.nykyaika@backlight.fi","Estimated reading time":"1 minute"},"schema":{"@context":"https:\/\/schema.org","@graph":[{"@type":"Article","@id":"https:\/\/valokuvakeskusnykyaika.fi\/marraskuu-kaisa-karhu\/#article","isPartOf":{"@id":"https:\/\/valokuvakeskusnykyaika.fi\/marraskuu-kaisa-karhu\/"},"author":{"name":"info.nykyaika@backlight.fi","@id":"https:\/\/valokuvakeskusnykyaika.fi\/#\/schema\/person\/41ef90f7d89984ccaca756c8d4241c19"},"headline":"MARRASKUU: Kaisa Karhu","datePublished":"2017-11-03T10:31:26+00:00","mainEntityOfPage":{"@id":"https:\/\/valokuvakeskusnykyaika.fi\/marraskuu-kaisa-karhu\/"},"wordCount":121,"publisher":{"@id":"https:\/\/valokuvakeskusnykyaika.fi\/#organization"},"image":{"@id":"https:\/\/valokuvakeskusnykyaika.fi\/marraskuu-kaisa-karhu\/#primaryimage"},"thumbnailUrl":"http:\/\/valokuvakeskusnykyaika.fi\/wp-content\/uploads\/2017\/10\/ruusubonsai_20x30cm_300dpi-300x200.jpg","articleSection":["Menneet"],"inLanguage":"en-GB"},{"@type":"WebPage","@id":"https:\/\/valokuvakeskusnykyaika.fi\/marraskuu-kaisa-karhu\/","url":"https:\/\/valokuvakeskusnykyaika.fi\/marraskuu-kaisa-karhu\/","name":"MARRASKUU: Kaisa Karhu - Valokuvakeskus Nykyaika","isPartOf":{"@id":"https:\/\/valokuvakeskusnykyaika.fi\/#website"},"primaryImageOfPage":{"@id":"https:\/\/valokuvakeskusnykyaika.fi\/marraskuu-kaisa-karhu\/#primaryimage"},"image":{"@id":"https:\/\/valokuvakeskusnykyaika.fi\/marraskuu-kaisa-karhu\/#primaryimage"},"thumbnailUrl":"http:\/\/valokuvakeskusnykyaika.fi\/wp-content\/uploads\/2017\/10\/ruusubonsai_20x30cm_300dpi-300x200.jpg","datePublished":"2017-11-03T10:31:26+00:00","breadcrumb":{"@id":"https:\/\/valokuvakeskusnykyaika.fi\/marraskuu-kaisa-karhu\/#breadcrumb"},"inLanguage":"en-GB","potentialAction":[{"@type":"ReadAction","target":["https:\/\/valokuvakeskusnykyaika.fi\/marraskuu-kaisa-karhu\/"]}]},{"@type":"ImageObject","inLanguage":"en-GB","@id":"https:\/\/valokuvakeskusnykyaika.fi\/marraskuu-kaisa-karhu\/#primaryimage","url":"http:\/\/valokuvakeskusnykyaika.fi\/wp-content\/uploads\/2017\/10\/ruusubonsai_20x30cm_300dpi-300x200.jpg","contentUrl":"http:\/\/valokuvakeskusnykyaika.fi\/wp-content\/uploads\/2017\/10\/ruusubonsai_20x30cm_300dpi-300x200.jpg"},{"@type":"BreadcrumbList","@id":"https:\/\/valokuvakeskusnykyaika.fi\/marraskuu-kaisa-karhu\/#breadcrumb","itemListElement":[{"@type":"ListItem","position":1,"name":"Etusivu","item":"https:\/\/valokuvakeskusnykyaika.fi\/"},{"@type":"ListItem","position":2,"name":"MARRASKUU: Kaisa Karhu"}]},{"@type":"WebSite","@id":"https:\/\/valokuvakeskusnykyaika.fi\/#website","url":"https:\/\/valokuvakeskusnykyaika.fi\/","name":"Photographic Centre Nykyaika","description":"Nykyaika on avoin kohtaamispaikka kaikille valokuvataiteen yst\u00e4ville","publisher":{"@id":"https:\/\/valokuvakeskusnykyaika.fi\/#organization"},"potentialAction":[{"@type":"SearchAction","target":{"@type":"EntryPoint","urlTemplate":"https:\/\/valokuvakeskusnykyaika.fi\/?s={search_term_string}"},"query-input":{"@type":"PropertyValueSpecification","valueRequired":true,"valueName":"search_term_string"}}],"inLanguage":"en-GB"},{"@type":"Organization","@id":"https:\/\/valokuvakeskusnykyaika.fi\/#organization","name":"Photographic Centre Nykyaika","url":"https:\/\/valokuvakeskusnykyaika.fi\/","logo":{"@type":"ImageObject","inLanguage":"en-GB","@id":"https:\/\/valokuvakeskusnykyaika.fi\/#\/schema\/logo\/image\/","url":"https:\/\/valokuvakeskusnykyaika.fi\/wp-content\/uploads\/2019\/01\/NY-Valokuvakeskus-logo-pieni.png","contentUrl":"https:\/\/valokuvakeskusnykyaika.fi\/wp-content\/uploads\/2019\/01\/NY-Valokuvakeskus-logo-pieni.png","width":300,"height":314,"caption":"Valokuvakeskus Nykyaika"},"image":{"@id":"https:\/\/valokuvakeskusnykyaika.fi\/#\/schema\/logo\/image\/"},"sameAs":["https:\/\/www.facebook.com\/valokuvakeskus.nykyaika\/","https:\/\/x.com\/nykyaika","https:\/\/www.instagram.com\/nykyaika\/"]},{"@type":"Person","@id":"https:\/\/valokuvakeskusnykyaika.fi\/#\/schema\/person\/41ef90f7d89984ccaca756c8d4241c19","name":"info.nykyaika@backlight.fi","url":"https:\/\/valokuvakeskusnykyaika.fi\/en\/author\/info-nykyaikabacklight-fi\/"}]}},"_links":{"self":[{"href":"https:\/\/valokuvakeskusnykyaika.fi\/en\/wp-json\/wp\/v2\/posts\/2216","targetHints":{"allow":["GET"]}}],"collection":[{"href":"https:\/\/valokuvakeskusnykyaika.fi\/en\/wp-json\/wp\/v2\/posts"}],"about":[{"href":"https:\/\/valokuvakeskusnykyaika.fi\/en\/wp-json\/wp\/v2\/types\/post"}],"author":[{"embeddable":true,"href":"https:\/\/valokuvakeskusnykyaika.fi\/en\/wp-json\/wp\/v2\/users\/6"}],"replies":[{"embeddable":true,"href":"https:\/\/valokuvakeskusnykyaika.fi\/en\/wp-json\/wp\/v2\/comments?post=2216"}],"version-history":[{"count":1,"href":"https:\/\/valokuvakeskusnykyaika.fi\/en\/wp-json\/wp\/v2\/posts\/2216\/revisions"}],"predecessor-version":[{"id":2218,"href":"https:\/\/valokuvakeskusnykyaika.fi\/en\/wp-json\/wp\/v2\/posts\/2216\/revisions\/2218"}],"wp:attachment":[{"href":"https:\/\/valokuvakeskusnykyaika.fi\/en\/wp-json\/wp\/v2\/media?parent=2216"}],"wp:term":[{"taxonomy":"category","embeddable":true,"href":"https:\/\/valokuvakeskusnykyaika.fi\/en\/wp-json\/wp\/v2\/categories?post=2216"},{"taxonomy":"post_tag","embeddable":true,"href":"https:\/\/valokuvakeskusnykyaika.fi\/en\/wp-json\/wp\/v2\/tags?post=2216"}],"curies":[{"name":"wp","href":"https:\/\/api.w.org\/{rel}","templated":true}]}}