{"id":2507,"date":"2018-05-01T12:00:46","date_gmt":"2018-05-01T09:00:46","guid":{"rendered":"http:\/\/valokuvakeskusnykyaika.fi\/?p=2507"},"modified":"2018-05-02T11:02:27","modified_gmt":"2018-05-02T08:02:27","slug":"toukokuu-helina-hukkataival","status":"publish","type":"post","link":"https:\/\/valokuvakeskusnykyaika.fi\/en\/toukokuu-helina-hukkataival\/","title":{"rendered":"TOUKOKUU: Helin\u00e4 Hukkataival"},"content":{"rendered":"<p>Helin\u00e4 Hukkataival<br \/>\nKabareeleidit<br \/>\n5.5.\u201328.5.2018<\/p>\n<div id=\"attachment_2508\" class=\"wp-caption alignleft\"><a href=\"http:\/\/valokuvakeskusnykyaika.fi\/wp-content\/uploads\/2018\/04\/cancan_-jalan-asento_P9120013_pieni.jpg\"><img loading=\"lazy\" decoding=\"async\" aria-describedby=\"caption-attachment-2508\" class=\"size-medium wp-image-2508\" src=\"http:\/\/valokuvakeskusnykyaika.fi\/wp-content\/uploads\/2018\/04\/cancan_-jalan-asento_P9120013_pieni-300x186.jpg\" alt=\"\" width=\"300\" height=\"186\" \/><\/a><p id=\"caption-attachment-2508\" class=\"wp-caption-text\">Helin\u00e4 Hukkataival<\/p><\/div>\n<p>&nbsp;<\/p>\n<p>&nbsp;<\/p>\n<p>&nbsp;<\/p>\n<p>&nbsp;<\/p>\n<p>&nbsp;<\/p>\n<p>&nbsp;<\/p>\n<p>&nbsp;<\/p>\n<p>Nykyajan Studiossa Helin\u00e4 Hukkataipaleen Kabareeleidit -n\u00e4yttely kuvaa tanssiryhm\u00e4n harjoituksia.\u00a0H\u00e4n on\u00a0seurannut ja fanittanut Kabareeleidej\u00e4 siit\u00e4 asti, kun h\u00e4n n\u00e4ki ensimm\u00e4isen kerran leidit\u00a0tanssimassa el\u00e4kel\u00e4istapahtumassa Koskikeskuksessa Tampereella 2015.<\/p>\n<p>Hukkataival on kuvannut n\u00e4yttelyn valokuvat ja kaksi videota vuoden 2017 aikana pieness\u00e4 tamperelaisessa teatteri La Stradassa.\u00a0 Kuvaukset olivat kuin harjoituksia &#8211;\u00a0 ilman yleis\u00f6\u00e4.\u00a0 Eri tansseista h\u00e4n sai paljon videomateriaalia. N\u00e4yttelyss\u00e4 tansseja on kaksi, Girls, Girls, Girls ja Cancan.<\/p>\n<p>Kabareeleidit esiintyv\u00e4t paljon ja\u00a0ryhm\u00e4\u00e4 tilataan el\u00e4kel\u00e4isten tilaisuuksiin, palvelutaloihin, yst\u00e4vien ja tuttujen juhliin.\u00a0N\u00e4in leidit itse kertovat ryhm\u00e4st\u00e4\u00e4n:<\/p>\n<p>&#8221;Millainen on tanssiryhm\u00e4 Kabareeleidit? Ik\u00e4haitari 70-80v -yksi v\u00e4h\u00e4n nuorempi.<\/p>\n<p>Ainakin upeata naisenergiaa, valloittavaa mummofiilist\u00e4 ja iloista harrastamista, &#8211; sisuakin on tarvittu.<\/p>\n<p>Iloa olemme saaneet ja kuulemma tuottaneetkin katsojille. Voiko kukaan olla happamana, kun riemukas mummoryhm\u00e4 vet\u00e4\u00e4 can can&#8217;i\u00e4 helmoineen ja h\u00f6yhenineen.<\/p>\n<p>Kabareeleidit: Marja-Liisa Tanhua, Sirkka Kaartinen, Sirkka Karvonen, Anneli Lehtonen, Maija-Liisa Salmi ja Pirjo Walli. Musiikin soitosta huolehtii Irma Kirjavainen. \u201d<\/p>\n<p>Helin\u00e4 Hukkataival on ty\u00f6skennellyt media- ja performanssitaiteilijana vuodesta 1969 ja toiminut taideopettajana aina vuoteen 2001 asti. H\u00e4n on opiskellut Tampereen ammattikorkeakoulun taiteen ja viestinn\u00e4n oppilaitoksessa. H\u00e4nen teoksiaan on n\u00e4hty n\u00e4yttelyiss\u00e4 Suomessa ja ulkomailla. 1990-luvulta l\u00e4htien Hukkataipaleen teokset ovat olleet enimm\u00e4kseen performanssitaidetta, mutta nykyisin h\u00e4n yhdist\u00e4\u00e4 niihin my\u00f6s liikkuvaa kuvaa ja valokuvaa. H\u00e4nen teoksensa k\u00e4sittelev\u00e4t universaalin etsimist\u00e4 yksityisess\u00e4 kokemuksessa. Hukkataival sai Kuvataiteen valtionpalkinnon vuonna 2004.<\/p>\n<p>N\u00e4yttely\u00e4 on tukenut Majaoja-s\u00e4\u00e4ti\u00f6.<\/p>\n<p>N\u00e4yttelyyn liittyv\u00e4\u00a0leidien pieni kabareetanssi\u00a0 -ty\u00f6paja (Charleston) sunnuntaina 20.5 klo 14.\u200b<\/p>","protected":false},"excerpt":{"rendered":"<p>Helin\u00e4 Hukkataival Kabareeleidit 5.5.\u201328.5.2018 &nbsp; &nbsp; &nbsp; &nbsp; &nbsp; &nbsp; &nbsp; Nykyajan Studiossa Helin\u00e4 Hukkataipaleen Kabareeleidit -n\u00e4yttely kuvaa tanssiryhm\u00e4n harjoituksia.\u00a0H\u00e4n on\u00a0seurannut ja fanittanut Kabareeleidej\u00e4 siit\u00e4 asti, kun h\u00e4n n\u00e4ki ensimm\u00e4isen kerran leidit\u00a0tanssimassa el\u00e4kel\u00e4istapahtumassa Koskikeskuksessa Tampereella 2015. Hukkataival on kuvannut n\u00e4yttelyn valokuvat ja kaksi videota vuoden 2017 aikana pieness\u00e4 tamperelaisessa teatteri La Stradassa.\u00a0 Kuvaukset olivat kuin [&hellip;]<\/p>\n","protected":false},"author":6,"featured_media":0,"comment_status":"closed","ping_status":"closed","sticky":false,"template":"","format":"standard","meta":{"iawp_total_views":14,"footnotes":""},"categories":[4],"tags":[],"class_list":["post-2507","post","type-post","status-publish","format-standard","hentry","category-menneet"],"yoast_head":"<!-- This site is optimized with the Yoast SEO plugin v27.5 - https:\/\/yoast.com\/product\/yoast-seo-wordpress\/ -->\n<title>TOUKOKUU: Helin\u00e4 Hukkataival - Valokuvakeskus Nykyaika<\/title>\n<meta name=\"robots\" content=\"index, follow, max-snippet:-1, max-image-preview:large, max-video-preview:-1\" \/>\n<link rel=\"canonical\" href=\"https:\/\/valokuvakeskusnykyaika.fi\/en\/toukokuu-helina-hukkataival\/\" \/>\n<meta property=\"og:locale\" content=\"en_GB\" \/>\n<meta property=\"og:type\" content=\"article\" \/>\n<meta property=\"og:title\" content=\"TOUKOKUU: Helin\u00e4 Hukkataival - Valokuvakeskus Nykyaika\" \/>\n<meta property=\"og:description\" content=\"Helin\u00e4 Hukkataival Kabareeleidit 5.5.\u201328.5.2018 &nbsp; &nbsp; &nbsp; &nbsp; &nbsp; &nbsp; &nbsp; Nykyajan Studiossa Helin\u00e4 Hukkataipaleen Kabareeleidit -n\u00e4yttely kuvaa tanssiryhm\u00e4n harjoituksia.\u00a0H\u00e4n on\u00a0seurannut ja fanittanut Kabareeleidej\u00e4 siit\u00e4 asti, kun h\u00e4n n\u00e4ki ensimm\u00e4isen kerran leidit\u00a0tanssimassa el\u00e4kel\u00e4istapahtumassa Koskikeskuksessa Tampereella 2015. Hukkataival on kuvannut n\u00e4yttelyn valokuvat ja kaksi videota vuoden 2017 aikana pieness\u00e4 tamperelaisessa teatteri La Stradassa.\u00a0 Kuvaukset olivat kuin [&hellip;]\" \/>\n<meta property=\"og:url\" content=\"https:\/\/valokuvakeskusnykyaika.fi\/en\/toukokuu-helina-hukkataival\/\" \/>\n<meta property=\"og:site_name\" content=\"Valokuvakeskus Nykyaika\" \/>\n<meta property=\"article:publisher\" content=\"https:\/\/www.facebook.com\/valokuvakeskus.nykyaika\/\" \/>\n<meta property=\"article:published_time\" content=\"2018-05-01T09:00:46+00:00\" \/>\n<meta property=\"article:modified_time\" content=\"2018-05-02T08:02:27+00:00\" \/>\n<meta property=\"og:image\" content=\"http:\/\/valokuvakeskusnykyaika.fi\/wp-content\/uploads\/2018\/04\/cancan_-jalan-asento_P9120013_pieni-300x186.jpg\" \/>\n<meta name=\"author\" content=\"info.nykyaika@backlight.fi\" \/>\n<meta name=\"twitter:card\" content=\"summary_large_image\" \/>\n<meta name=\"twitter:creator\" content=\"@nykyaika\" \/>\n<meta name=\"twitter:site\" content=\"@nykyaika\" \/>\n<meta name=\"twitter:label1\" content=\"Written by\" \/>\n\t<meta name=\"twitter:data1\" content=\"info.nykyaika@backlight.fi\" \/>\n\t<meta name=\"twitter:label2\" content=\"Estimated reading time\" \/>\n\t<meta name=\"twitter:data2\" content=\"1 minute\" \/>\n<script type=\"application\/ld+json\" class=\"yoast-schema-graph\">{\"@context\":\"https:\\\/\\\/schema.org\",\"@graph\":[{\"@type\":\"Article\",\"@id\":\"https:\\\/\\\/valokuvakeskusnykyaika.fi\\\/toukokuu-helina-hukkataival\\\/#article\",\"isPartOf\":{\"@id\":\"https:\\\/\\\/valokuvakeskusnykyaika.fi\\\/toukokuu-helina-hukkataival\\\/\"},\"author\":{\"name\":\"info.nykyaika@backlight.fi\",\"@id\":\"https:\\\/\\\/valokuvakeskusnykyaika.fi\\\/#\\\/schema\\\/person\\\/41ef90f7d89984ccaca756c8d4241c19\"},\"headline\":\"TOUKOKUU: Helin\u00e4 Hukkataival\",\"datePublished\":\"2018-05-01T09:00:46+00:00\",\"dateModified\":\"2018-05-02T08:02:27+00:00\",\"mainEntityOfPage\":{\"@id\":\"https:\\\/\\\/valokuvakeskusnykyaika.fi\\\/toukokuu-helina-hukkataival\\\/\"},\"wordCount\":278,\"publisher\":{\"@id\":\"https:\\\/\\\/valokuvakeskusnykyaika.fi\\\/#organization\"},\"image\":{\"@id\":\"https:\\\/\\\/valokuvakeskusnykyaika.fi\\\/toukokuu-helina-hukkataival\\\/#primaryimage\"},\"thumbnailUrl\":\"http:\\\/\\\/valokuvakeskusnykyaika.fi\\\/wp-content\\\/uploads\\\/2018\\\/04\\\/cancan_-jalan-asento_P9120013_pieni-300x186.jpg\",\"articleSection\":[\"Menneet\"],\"inLanguage\":\"en-GB\"},{\"@type\":\"WebPage\",\"@id\":\"https:\\\/\\\/valokuvakeskusnykyaika.fi\\\/toukokuu-helina-hukkataival\\\/\",\"url\":\"https:\\\/\\\/valokuvakeskusnykyaika.fi\\\/toukokuu-helina-hukkataival\\\/\",\"name\":\"TOUKOKUU: Helin\u00e4 Hukkataival - Valokuvakeskus Nykyaika\",\"isPartOf\":{\"@id\":\"https:\\\/\\\/valokuvakeskusnykyaika.fi\\\/#website\"},\"primaryImageOfPage\":{\"@id\":\"https:\\\/\\\/valokuvakeskusnykyaika.fi\\\/toukokuu-helina-hukkataival\\\/#primaryimage\"},\"image\":{\"@id\":\"https:\\\/\\\/valokuvakeskusnykyaika.fi\\\/toukokuu-helina-hukkataival\\\/#primaryimage\"},\"thumbnailUrl\":\"http:\\\/\\\/valokuvakeskusnykyaika.fi\\\/wp-content\\\/uploads\\\/2018\\\/04\\\/cancan_-jalan-asento_P9120013_pieni-300x186.jpg\",\"datePublished\":\"2018-05-01T09:00:46+00:00\",\"dateModified\":\"2018-05-02T08:02:27+00:00\",\"breadcrumb\":{\"@id\":\"https:\\\/\\\/valokuvakeskusnykyaika.fi\\\/toukokuu-helina-hukkataival\\\/#breadcrumb\"},\"inLanguage\":\"en-GB\",\"potentialAction\":[{\"@type\":\"ReadAction\",\"target\":[\"https:\\\/\\\/valokuvakeskusnykyaika.fi\\\/toukokuu-helina-hukkataival\\\/\"]}]},{\"@type\":\"ImageObject\",\"inLanguage\":\"en-GB\",\"@id\":\"https:\\\/\\\/valokuvakeskusnykyaika.fi\\\/toukokuu-helina-hukkataival\\\/#primaryimage\",\"url\":\"http:\\\/\\\/valokuvakeskusnykyaika.fi\\\/wp-content\\\/uploads\\\/2018\\\/04\\\/cancan_-jalan-asento_P9120013_pieni-300x186.jpg\",\"contentUrl\":\"http:\\\/\\\/valokuvakeskusnykyaika.fi\\\/wp-content\\\/uploads\\\/2018\\\/04\\\/cancan_-jalan-asento_P9120013_pieni-300x186.jpg\"},{\"@type\":\"BreadcrumbList\",\"@id\":\"https:\\\/\\\/valokuvakeskusnykyaika.fi\\\/toukokuu-helina-hukkataival\\\/#breadcrumb\",\"itemListElement\":[{\"@type\":\"ListItem\",\"position\":1,\"name\":\"Etusivu\",\"item\":\"https:\\\/\\\/valokuvakeskusnykyaika.fi\\\/\"},{\"@type\":\"ListItem\",\"position\":2,\"name\":\"TOUKOKUU: Helin\u00e4 Hukkataival\"}]},{\"@type\":\"WebSite\",\"@id\":\"https:\\\/\\\/valokuvakeskusnykyaika.fi\\\/#website\",\"url\":\"https:\\\/\\\/valokuvakeskusnykyaika.fi\\\/\",\"name\":\"Valokuvakeskus Nykyaika\",\"description\":\"Nykyaika on avoin kohtaamispaikka kaikille valokuvataiteen yst\u00e4ville\",\"publisher\":{\"@id\":\"https:\\\/\\\/valokuvakeskusnykyaika.fi\\\/#organization\"},\"potentialAction\":[{\"@type\":\"SearchAction\",\"target\":{\"@type\":\"EntryPoint\",\"urlTemplate\":\"https:\\\/\\\/valokuvakeskusnykyaika.fi\\\/?s={search_term_string}\"},\"query-input\":{\"@type\":\"PropertyValueSpecification\",\"valueRequired\":true,\"valueName\":\"search_term_string\"}}],\"inLanguage\":\"en-GB\"},{\"@type\":\"Organization\",\"@id\":\"https:\\\/\\\/valokuvakeskusnykyaika.fi\\\/#organization\",\"name\":\"Valokuvakeskus Nykyaika\",\"url\":\"https:\\\/\\\/valokuvakeskusnykyaika.fi\\\/\",\"logo\":{\"@type\":\"ImageObject\",\"inLanguage\":\"en-GB\",\"@id\":\"https:\\\/\\\/valokuvakeskusnykyaika.fi\\\/#\\\/schema\\\/logo\\\/image\\\/\",\"url\":\"https:\\\/\\\/valokuvakeskusnykyaika.fi\\\/wp-content\\\/uploads\\\/2019\\\/01\\\/NY-Valokuvakeskus-logo-pieni.png\",\"contentUrl\":\"https:\\\/\\\/valokuvakeskusnykyaika.fi\\\/wp-content\\\/uploads\\\/2019\\\/01\\\/NY-Valokuvakeskus-logo-pieni.png\",\"width\":300,\"height\":314,\"caption\":\"Valokuvakeskus Nykyaika\"},\"image\":{\"@id\":\"https:\\\/\\\/valokuvakeskusnykyaika.fi\\\/#\\\/schema\\\/logo\\\/image\\\/\"},\"sameAs\":[\"https:\\\/\\\/www.facebook.com\\\/valokuvakeskus.nykyaika\\\/\",\"https:\\\/\\\/x.com\\\/nykyaika\",\"https:\\\/\\\/www.instagram.com\\\/nykyaika\\\/\"]},{\"@type\":\"Person\",\"@id\":\"https:\\\/\\\/valokuvakeskusnykyaika.fi\\\/#\\\/schema\\\/person\\\/41ef90f7d89984ccaca756c8d4241c19\",\"name\":\"info.nykyaika@backlight.fi\",\"url\":\"https:\\\/\\\/valokuvakeskusnykyaika.fi\\\/en\\\/author\\\/info-nykyaikabacklight-fi\\\/\"}]}<\/script>\n<!-- \/ Yoast SEO plugin. -->","yoast_head_json":{"title":"TOUKOKUU: Helin\u00e4 Hukkataival - Valokuvakeskus Nykyaika","robots":{"index":"index","follow":"follow","max-snippet":"max-snippet:-1","max-image-preview":"max-image-preview:large","max-video-preview":"max-video-preview:-1"},"canonical":"https:\/\/valokuvakeskusnykyaika.fi\/en\/toukokuu-helina-hukkataival\/","og_locale":"en_GB","og_type":"article","og_title":"TOUKOKUU: Helin\u00e4 Hukkataival - Valokuvakeskus Nykyaika","og_description":"Helin\u00e4 Hukkataival Kabareeleidit 5.5.\u201328.5.2018 &nbsp; &nbsp; &nbsp; &nbsp; &nbsp; &nbsp; &nbsp; Nykyajan Studiossa Helin\u00e4 Hukkataipaleen Kabareeleidit -n\u00e4yttely kuvaa tanssiryhm\u00e4n harjoituksia.\u00a0H\u00e4n on\u00a0seurannut ja fanittanut Kabareeleidej\u00e4 siit\u00e4 asti, kun h\u00e4n n\u00e4ki ensimm\u00e4isen kerran leidit\u00a0tanssimassa el\u00e4kel\u00e4istapahtumassa Koskikeskuksessa Tampereella 2015. Hukkataival on kuvannut n\u00e4yttelyn valokuvat ja kaksi videota vuoden 2017 aikana pieness\u00e4 tamperelaisessa teatteri La Stradassa.\u00a0 Kuvaukset olivat kuin [&hellip;]","og_url":"https:\/\/valokuvakeskusnykyaika.fi\/en\/toukokuu-helina-hukkataival\/","og_site_name":"Valokuvakeskus Nykyaika","article_publisher":"https:\/\/www.facebook.com\/valokuvakeskus.nykyaika\/","article_published_time":"2018-05-01T09:00:46+00:00","article_modified_time":"2018-05-02T08:02:27+00:00","og_image":[{"url":"http:\/\/valokuvakeskusnykyaika.fi\/wp-content\/uploads\/2018\/04\/cancan_-jalan-asento_P9120013_pieni-300x186.jpg","type":"","width":"","height":""}],"author":"info.nykyaika@backlight.fi","twitter_card":"summary_large_image","twitter_creator":"@nykyaika","twitter_site":"@nykyaika","twitter_misc":{"Written by":"info.nykyaika@backlight.fi","Estimated reading time":"1 minute"},"schema":{"@context":"https:\/\/schema.org","@graph":[{"@type":"Article","@id":"https:\/\/valokuvakeskusnykyaika.fi\/toukokuu-helina-hukkataival\/#article","isPartOf":{"@id":"https:\/\/valokuvakeskusnykyaika.fi\/toukokuu-helina-hukkataival\/"},"author":{"name":"info.nykyaika@backlight.fi","@id":"https:\/\/valokuvakeskusnykyaika.fi\/#\/schema\/person\/41ef90f7d89984ccaca756c8d4241c19"},"headline":"TOUKOKUU: Helin\u00e4 Hukkataival","datePublished":"2018-05-01T09:00:46+00:00","dateModified":"2018-05-02T08:02:27+00:00","mainEntityOfPage":{"@id":"https:\/\/valokuvakeskusnykyaika.fi\/toukokuu-helina-hukkataival\/"},"wordCount":278,"publisher":{"@id":"https:\/\/valokuvakeskusnykyaika.fi\/#organization"},"image":{"@id":"https:\/\/valokuvakeskusnykyaika.fi\/toukokuu-helina-hukkataival\/#primaryimage"},"thumbnailUrl":"http:\/\/valokuvakeskusnykyaika.fi\/wp-content\/uploads\/2018\/04\/cancan_-jalan-asento_P9120013_pieni-300x186.jpg","articleSection":["Menneet"],"inLanguage":"en-GB"},{"@type":"WebPage","@id":"https:\/\/valokuvakeskusnykyaika.fi\/toukokuu-helina-hukkataival\/","url":"https:\/\/valokuvakeskusnykyaika.fi\/toukokuu-helina-hukkataival\/","name":"TOUKOKUU: Helin\u00e4 Hukkataival - Valokuvakeskus Nykyaika","isPartOf":{"@id":"https:\/\/valokuvakeskusnykyaika.fi\/#website"},"primaryImageOfPage":{"@id":"https:\/\/valokuvakeskusnykyaika.fi\/toukokuu-helina-hukkataival\/#primaryimage"},"image":{"@id":"https:\/\/valokuvakeskusnykyaika.fi\/toukokuu-helina-hukkataival\/#primaryimage"},"thumbnailUrl":"http:\/\/valokuvakeskusnykyaika.fi\/wp-content\/uploads\/2018\/04\/cancan_-jalan-asento_P9120013_pieni-300x186.jpg","datePublished":"2018-05-01T09:00:46+00:00","dateModified":"2018-05-02T08:02:27+00:00","breadcrumb":{"@id":"https:\/\/valokuvakeskusnykyaika.fi\/toukokuu-helina-hukkataival\/#breadcrumb"},"inLanguage":"en-GB","potentialAction":[{"@type":"ReadAction","target":["https:\/\/valokuvakeskusnykyaika.fi\/toukokuu-helina-hukkataival\/"]}]},{"@type":"ImageObject","inLanguage":"en-GB","@id":"https:\/\/valokuvakeskusnykyaika.fi\/toukokuu-helina-hukkataival\/#primaryimage","url":"http:\/\/valokuvakeskusnykyaika.fi\/wp-content\/uploads\/2018\/04\/cancan_-jalan-asento_P9120013_pieni-300x186.jpg","contentUrl":"http:\/\/valokuvakeskusnykyaika.fi\/wp-content\/uploads\/2018\/04\/cancan_-jalan-asento_P9120013_pieni-300x186.jpg"},{"@type":"BreadcrumbList","@id":"https:\/\/valokuvakeskusnykyaika.fi\/toukokuu-helina-hukkataival\/#breadcrumb","itemListElement":[{"@type":"ListItem","position":1,"name":"Etusivu","item":"https:\/\/valokuvakeskusnykyaika.fi\/"},{"@type":"ListItem","position":2,"name":"TOUKOKUU: Helin\u00e4 Hukkataival"}]},{"@type":"WebSite","@id":"https:\/\/valokuvakeskusnykyaika.fi\/#website","url":"https:\/\/valokuvakeskusnykyaika.fi\/","name":"Photographic Centre Nykyaika","description":"Nykyaika on avoin kohtaamispaikka kaikille valokuvataiteen yst\u00e4ville","publisher":{"@id":"https:\/\/valokuvakeskusnykyaika.fi\/#organization"},"potentialAction":[{"@type":"SearchAction","target":{"@type":"EntryPoint","urlTemplate":"https:\/\/valokuvakeskusnykyaika.fi\/?s={search_term_string}"},"query-input":{"@type":"PropertyValueSpecification","valueRequired":true,"valueName":"search_term_string"}}],"inLanguage":"en-GB"},{"@type":"Organization","@id":"https:\/\/valokuvakeskusnykyaika.fi\/#organization","name":"Photographic Centre Nykyaika","url":"https:\/\/valokuvakeskusnykyaika.fi\/","logo":{"@type":"ImageObject","inLanguage":"en-GB","@id":"https:\/\/valokuvakeskusnykyaika.fi\/#\/schema\/logo\/image\/","url":"https:\/\/valokuvakeskusnykyaika.fi\/wp-content\/uploads\/2019\/01\/NY-Valokuvakeskus-logo-pieni.png","contentUrl":"https:\/\/valokuvakeskusnykyaika.fi\/wp-content\/uploads\/2019\/01\/NY-Valokuvakeskus-logo-pieni.png","width":300,"height":314,"caption":"Valokuvakeskus Nykyaika"},"image":{"@id":"https:\/\/valokuvakeskusnykyaika.fi\/#\/schema\/logo\/image\/"},"sameAs":["https:\/\/www.facebook.com\/valokuvakeskus.nykyaika\/","https:\/\/x.com\/nykyaika","https:\/\/www.instagram.com\/nykyaika\/"]},{"@type":"Person","@id":"https:\/\/valokuvakeskusnykyaika.fi\/#\/schema\/person\/41ef90f7d89984ccaca756c8d4241c19","name":"info.nykyaika@backlight.fi","url":"https:\/\/valokuvakeskusnykyaika.fi\/en\/author\/info-nykyaikabacklight-fi\/"}]}},"_links":{"self":[{"href":"https:\/\/valokuvakeskusnykyaika.fi\/en\/wp-json\/wp\/v2\/posts\/2507","targetHints":{"allow":["GET"]}}],"collection":[{"href":"https:\/\/valokuvakeskusnykyaika.fi\/en\/wp-json\/wp\/v2\/posts"}],"about":[{"href":"https:\/\/valokuvakeskusnykyaika.fi\/en\/wp-json\/wp\/v2\/types\/post"}],"author":[{"embeddable":true,"href":"https:\/\/valokuvakeskusnykyaika.fi\/en\/wp-json\/wp\/v2\/users\/6"}],"replies":[{"embeddable":true,"href":"https:\/\/valokuvakeskusnykyaika.fi\/en\/wp-json\/wp\/v2\/comments?post=2507"}],"version-history":[{"count":3,"href":"https:\/\/valokuvakeskusnykyaika.fi\/en\/wp-json\/wp\/v2\/posts\/2507\/revisions"}],"predecessor-version":[{"id":2525,"href":"https:\/\/valokuvakeskusnykyaika.fi\/en\/wp-json\/wp\/v2\/posts\/2507\/revisions\/2525"}],"wp:attachment":[{"href":"https:\/\/valokuvakeskusnykyaika.fi\/en\/wp-json\/wp\/v2\/media?parent=2507"}],"wp:term":[{"taxonomy":"category","embeddable":true,"href":"https:\/\/valokuvakeskusnykyaika.fi\/en\/wp-json\/wp\/v2\/categories?post=2507"},{"taxonomy":"post_tag","embeddable":true,"href":"https:\/\/valokuvakeskusnykyaika.fi\/en\/wp-json\/wp\/v2\/tags?post=2507"}],"curies":[{"name":"wp","href":"https:\/\/api.w.org\/{rel}","templated":true}]}}