{"id":2552,"date":"2018-05-30T15:35:45","date_gmt":"2018-05-30T12:35:45","guid":{"rendered":"http:\/\/valokuvakeskusnykyaika.fi\/?p=2552"},"modified":"2018-06-06T16:15:24","modified_gmt":"2018-06-06T13:15:24","slug":"kesakuu-lorenzo","status":"publish","type":"post","link":"https:\/\/valokuvakeskusnykyaika.fi\/en\/kesakuu-lorenzo\/","title":{"rendered":"KES\u00c4KUU: Lorenz\u00f6"},"content":{"rendered":"<p>Lorenz\u00f6:<br \/>\nWithout anything, but this.2.6.\u20132.7.2018<\/p>\n<div id=\"attachment_2553\" class=\"wp-caption alignleft\"><a href=\"http:\/\/valokuvakeskusnykyaika.fi\/wp-content\/uploads\/2018\/05\/Lorenzo\u0308_Siilinjarvi_MG_3680_pieni.jpg\"><img loading=\"lazy\" decoding=\"async\" aria-describedby=\"caption-attachment-2553\" class=\"size-medium wp-image-2553\" src=\"http:\/\/valokuvakeskusnykyaika.fi\/wp-content\/uploads\/2018\/05\/Lorenzo\u0308_Siilinjarvi_MG_3680_pieni-200x300.jpg\" alt=\"\" width=\"200\" height=\"300\" \/><\/a><p id=\"caption-attachment-2553\" class=\"wp-caption-text\">Lorenz\u00f6<\/p><\/div>\n<p>&nbsp;<\/p>\n<p>&nbsp;<\/p>\n<p>&nbsp;<\/p>\n<p>&nbsp;<\/p>\n<p>&nbsp;<\/p>\n<p>&nbsp;<\/p>\n<p>&nbsp;<\/p>\n<p>&nbsp;<\/p>\n<p>&nbsp;<\/p>\n<p>&nbsp;<\/p>\n<p>Without anything, but this on valokuvataiteilija Lorenz\u00f6n dokumentaarinen valokuvausprojekti, ja kannanotto turvapaikanhakijoiden kohtaamaa rasismia ja v\u00e4linpit\u00e4m\u00e4tt\u00f6myytt\u00e4 vastaan.<\/p>\n<p>Lorenz\u00f6 kiersi vuosina 2016 ja 2017 eri puolilla Suomea sijaitsevissa vastaanottokeskuksissa. H\u00e4n tapasi keskusten asiakkaita ja haastatteli heit\u00e4\u200b. Lorenz\u00f6lle j\u00e4rjestettiin vastaanottokeskuksissa oma huone, johon h\u00e4n rakensi pienen valokuvausstudion. Valokuvausprojektiin osallistuneet n\u00e4yttiv\u00e4t mit\u00e4 he olivat tuoneet mukanaan kotimaastaan ja kertoivat Lorenz\u00f6lle tarinansa tulkin v\u00e4lityksell\u00e4.<\/p>\n<p>Kuvissa ei n\u00e4ytet\u00e4 henkil\u00f6iden kasvoja, eik\u00e4 niist\u00e4 ilmene maantieteellisi\u00e4 paikkoja. Ihmisten tarinat ja kuvat muodostavat kokonaisuuden. Muiden visuaalisten viitteiden puuttuessa, katsoja tulkitsee teoksia oman kulttuurinsa kautta. Ja huomaa lopulta, ett\u00e4 ihmiset kuvien ja tarinoiden takana eliv\u00e4t normaalia el\u00e4m\u00e4\u00e4 ennen kun joutuivat pakenemaan maastaan.<\/p>\n<p>Lorenz\u00f6 on ranskalainen valokuvaaja, joka asuu ja ty\u00f6skentelee Helsingiss\u00e4. H\u00e4nen teoksiaan on ollut esill\u00e4 Suomessa ja ulkomailla.<\/p>","protected":false},"excerpt":{"rendered":"<p>Lorenz\u00f6: Without anything, but this.2.6.\u20132.7.2018 &nbsp; &nbsp; &nbsp; &nbsp; &nbsp; &nbsp; &nbsp; &nbsp; &nbsp; &nbsp; Without anything, but this on valokuvataiteilija Lorenz\u00f6n dokumentaarinen valokuvausprojekti, ja kannanotto turvapaikanhakijoiden kohtaamaa rasismia ja v\u00e4linpit\u00e4m\u00e4tt\u00f6myytt\u00e4 vastaan. Lorenz\u00f6 kiersi vuosina 2016 ja 2017 eri puolilla Suomea sijaitsevissa vastaanottokeskuksissa. H\u00e4n tapasi keskusten asiakkaita ja haastatteli heit\u00e4\u200b. Lorenz\u00f6lle j\u00e4rjestettiin vastaanottokeskuksissa oma huone, [&hellip;]<\/p>\n","protected":false},"author":6,"featured_media":0,"comment_status":"closed","ping_status":"closed","sticky":false,"template":"","format":"standard","meta":{"iawp_total_views":5,"footnotes":""},"categories":[4],"tags":[],"class_list":["post-2552","post","type-post","status-publish","format-standard","hentry","category-menneet"],"yoast_head":"<!-- This site is optimized with the Yoast SEO plugin v27.5 - https:\/\/yoast.com\/product\/yoast-seo-wordpress\/ -->\n<title>KES\u00c4KUU: Lorenz\u00f6 - Valokuvakeskus Nykyaika<\/title>\n<meta name=\"robots\" content=\"index, follow, max-snippet:-1, max-image-preview:large, max-video-preview:-1\" \/>\n<link rel=\"canonical\" href=\"https:\/\/valokuvakeskusnykyaika.fi\/en\/kesakuu-lorenzo\/\" \/>\n<meta property=\"og:locale\" content=\"en_GB\" \/>\n<meta property=\"og:type\" content=\"article\" \/>\n<meta property=\"og:title\" content=\"KES\u00c4KUU: Lorenz\u00f6 - Valokuvakeskus Nykyaika\" \/>\n<meta property=\"og:description\" content=\"Lorenz\u00f6: Without anything, but this.2.6.\u20132.7.2018 &nbsp; &nbsp; &nbsp; &nbsp; &nbsp; &nbsp; &nbsp; &nbsp; &nbsp; &nbsp; Without anything, but this on valokuvataiteilija Lorenz\u00f6n dokumentaarinen valokuvausprojekti, ja kannanotto turvapaikanhakijoiden kohtaamaa rasismia ja v\u00e4linpit\u00e4m\u00e4tt\u00f6myytt\u00e4 vastaan. Lorenz\u00f6 kiersi vuosina 2016 ja 2017 eri puolilla Suomea sijaitsevissa vastaanottokeskuksissa. H\u00e4n tapasi keskusten asiakkaita ja haastatteli heit\u00e4\u200b. Lorenz\u00f6lle j\u00e4rjestettiin vastaanottokeskuksissa oma huone, [&hellip;]\" \/>\n<meta property=\"og:url\" content=\"https:\/\/valokuvakeskusnykyaika.fi\/en\/kesakuu-lorenzo\/\" \/>\n<meta property=\"og:site_name\" content=\"Valokuvakeskus Nykyaika\" \/>\n<meta property=\"article:publisher\" content=\"https:\/\/www.facebook.com\/valokuvakeskus.nykyaika\/\" \/>\n<meta property=\"article:published_time\" content=\"2018-05-30T12:35:45+00:00\" \/>\n<meta property=\"article:modified_time\" content=\"2018-06-06T13:15:24+00:00\" \/>\n<meta name=\"author\" content=\"info.nykyaika@backlight.fi\" \/>\n<meta name=\"twitter:card\" content=\"summary_large_image\" \/>\n<meta name=\"twitter:creator\" content=\"@nykyaika\" \/>\n<meta name=\"twitter:site\" content=\"@nykyaika\" \/>\n<meta name=\"twitter:label1\" content=\"Written by\" \/>\n\t<meta name=\"twitter:data1\" content=\"info.nykyaika@backlight.fi\" \/>\n\t<meta name=\"twitter:label2\" content=\"Estimated reading time\" \/>\n\t<meta name=\"twitter:data2\" content=\"1 minute\" \/>\n<script type=\"application\/ld+json\" class=\"yoast-schema-graph\">{\"@context\":\"https:\\\/\\\/schema.org\",\"@graph\":[{\"@type\":\"Article\",\"@id\":\"https:\\\/\\\/valokuvakeskusnykyaika.fi\\\/kesakuu-lorenzo\\\/#article\",\"isPartOf\":{\"@id\":\"https:\\\/\\\/valokuvakeskusnykyaika.fi\\\/kesakuu-lorenzo\\\/\"},\"author\":{\"name\":\"info.nykyaika@backlight.fi\",\"@id\":\"https:\\\/\\\/valokuvakeskusnykyaika.fi\\\/#\\\/schema\\\/person\\\/41ef90f7d89984ccaca756c8d4241c19\"},\"headline\":\"KES\u00c4KUU: Lorenz\u00f6\",\"datePublished\":\"2018-05-30T12:35:45+00:00\",\"dateModified\":\"2018-06-06T13:15:24+00:00\",\"mainEntityOfPage\":{\"@id\":\"https:\\\/\\\/valokuvakeskusnykyaika.fi\\\/kesakuu-lorenzo\\\/\"},\"wordCount\":163,\"publisher\":{\"@id\":\"https:\\\/\\\/valokuvakeskusnykyaika.fi\\\/#organization\"},\"articleSection\":[\"Menneet\"],\"inLanguage\":\"en-GB\"},{\"@type\":\"WebPage\",\"@id\":\"https:\\\/\\\/valokuvakeskusnykyaika.fi\\\/kesakuu-lorenzo\\\/\",\"url\":\"https:\\\/\\\/valokuvakeskusnykyaika.fi\\\/kesakuu-lorenzo\\\/\",\"name\":\"KES\u00c4KUU: Lorenz\u00f6 - Valokuvakeskus Nykyaika\",\"isPartOf\":{\"@id\":\"https:\\\/\\\/valokuvakeskusnykyaika.fi\\\/#website\"},\"datePublished\":\"2018-05-30T12:35:45+00:00\",\"dateModified\":\"2018-06-06T13:15:24+00:00\",\"breadcrumb\":{\"@id\":\"https:\\\/\\\/valokuvakeskusnykyaika.fi\\\/kesakuu-lorenzo\\\/#breadcrumb\"},\"inLanguage\":\"en-GB\",\"potentialAction\":[{\"@type\":\"ReadAction\",\"target\":[\"https:\\\/\\\/valokuvakeskusnykyaika.fi\\\/kesakuu-lorenzo\\\/\"]}]},{\"@type\":\"BreadcrumbList\",\"@id\":\"https:\\\/\\\/valokuvakeskusnykyaika.fi\\\/kesakuu-lorenzo\\\/#breadcrumb\",\"itemListElement\":[{\"@type\":\"ListItem\",\"position\":1,\"name\":\"Etusivu\",\"item\":\"https:\\\/\\\/valokuvakeskusnykyaika.fi\\\/\"},{\"@type\":\"ListItem\",\"position\":2,\"name\":\"KES\u00c4KUU: Lorenz\u00f6\"}]},{\"@type\":\"WebSite\",\"@id\":\"https:\\\/\\\/valokuvakeskusnykyaika.fi\\\/#website\",\"url\":\"https:\\\/\\\/valokuvakeskusnykyaika.fi\\\/\",\"name\":\"Valokuvakeskus Nykyaika\",\"description\":\"Nykyaika on avoin kohtaamispaikka kaikille valokuvataiteen yst\u00e4ville\",\"publisher\":{\"@id\":\"https:\\\/\\\/valokuvakeskusnykyaika.fi\\\/#organization\"},\"potentialAction\":[{\"@type\":\"SearchAction\",\"target\":{\"@type\":\"EntryPoint\",\"urlTemplate\":\"https:\\\/\\\/valokuvakeskusnykyaika.fi\\\/?s={search_term_string}\"},\"query-input\":{\"@type\":\"PropertyValueSpecification\",\"valueRequired\":true,\"valueName\":\"search_term_string\"}}],\"inLanguage\":\"en-GB\"},{\"@type\":\"Organization\",\"@id\":\"https:\\\/\\\/valokuvakeskusnykyaika.fi\\\/#organization\",\"name\":\"Valokuvakeskus Nykyaika\",\"url\":\"https:\\\/\\\/valokuvakeskusnykyaika.fi\\\/\",\"logo\":{\"@type\":\"ImageObject\",\"inLanguage\":\"en-GB\",\"@id\":\"https:\\\/\\\/valokuvakeskusnykyaika.fi\\\/#\\\/schema\\\/logo\\\/image\\\/\",\"url\":\"https:\\\/\\\/valokuvakeskusnykyaika.fi\\\/wp-content\\\/uploads\\\/2019\\\/01\\\/NY-Valokuvakeskus-logo-pieni.png\",\"contentUrl\":\"https:\\\/\\\/valokuvakeskusnykyaika.fi\\\/wp-content\\\/uploads\\\/2019\\\/01\\\/NY-Valokuvakeskus-logo-pieni.png\",\"width\":300,\"height\":314,\"caption\":\"Valokuvakeskus Nykyaika\"},\"image\":{\"@id\":\"https:\\\/\\\/valokuvakeskusnykyaika.fi\\\/#\\\/schema\\\/logo\\\/image\\\/\"},\"sameAs\":[\"https:\\\/\\\/www.facebook.com\\\/valokuvakeskus.nykyaika\\\/\",\"https:\\\/\\\/x.com\\\/nykyaika\",\"https:\\\/\\\/www.instagram.com\\\/nykyaika\\\/\"]},{\"@type\":\"Person\",\"@id\":\"https:\\\/\\\/valokuvakeskusnykyaika.fi\\\/#\\\/schema\\\/person\\\/41ef90f7d89984ccaca756c8d4241c19\",\"name\":\"info.nykyaika@backlight.fi\",\"url\":\"https:\\\/\\\/valokuvakeskusnykyaika.fi\\\/en\\\/author\\\/info-nykyaikabacklight-fi\\\/\"}]}<\/script>\n<!-- \/ Yoast SEO plugin. -->","yoast_head_json":{"title":"KES\u00c4KUU: Lorenz\u00f6 - Valokuvakeskus Nykyaika","robots":{"index":"index","follow":"follow","max-snippet":"max-snippet:-1","max-image-preview":"max-image-preview:large","max-video-preview":"max-video-preview:-1"},"canonical":"https:\/\/valokuvakeskusnykyaika.fi\/en\/kesakuu-lorenzo\/","og_locale":"en_GB","og_type":"article","og_title":"KES\u00c4KUU: Lorenz\u00f6 - Valokuvakeskus Nykyaika","og_description":"Lorenz\u00f6: Without anything, but this.2.6.\u20132.7.2018 &nbsp; &nbsp; &nbsp; &nbsp; &nbsp; &nbsp; &nbsp; &nbsp; &nbsp; &nbsp; Without anything, but this on valokuvataiteilija Lorenz\u00f6n dokumentaarinen valokuvausprojekti, ja kannanotto turvapaikanhakijoiden kohtaamaa rasismia ja v\u00e4linpit\u00e4m\u00e4tt\u00f6myytt\u00e4 vastaan. Lorenz\u00f6 kiersi vuosina 2016 ja 2017 eri puolilla Suomea sijaitsevissa vastaanottokeskuksissa. H\u00e4n tapasi keskusten asiakkaita ja haastatteli heit\u00e4\u200b. Lorenz\u00f6lle j\u00e4rjestettiin vastaanottokeskuksissa oma huone, [&hellip;]","og_url":"https:\/\/valokuvakeskusnykyaika.fi\/en\/kesakuu-lorenzo\/","og_site_name":"Valokuvakeskus Nykyaika","article_publisher":"https:\/\/www.facebook.com\/valokuvakeskus.nykyaika\/","article_published_time":"2018-05-30T12:35:45+00:00","article_modified_time":"2018-06-06T13:15:24+00:00","author":"info.nykyaika@backlight.fi","twitter_card":"summary_large_image","twitter_creator":"@nykyaika","twitter_site":"@nykyaika","twitter_misc":{"Written by":"info.nykyaika@backlight.fi","Estimated reading time":"1 minute"},"schema":{"@context":"https:\/\/schema.org","@graph":[{"@type":"Article","@id":"https:\/\/valokuvakeskusnykyaika.fi\/kesakuu-lorenzo\/#article","isPartOf":{"@id":"https:\/\/valokuvakeskusnykyaika.fi\/kesakuu-lorenzo\/"},"author":{"name":"info.nykyaika@backlight.fi","@id":"https:\/\/valokuvakeskusnykyaika.fi\/#\/schema\/person\/41ef90f7d89984ccaca756c8d4241c19"},"headline":"KES\u00c4KUU: Lorenz\u00f6","datePublished":"2018-05-30T12:35:45+00:00","dateModified":"2018-06-06T13:15:24+00:00","mainEntityOfPage":{"@id":"https:\/\/valokuvakeskusnykyaika.fi\/kesakuu-lorenzo\/"},"wordCount":163,"publisher":{"@id":"https:\/\/valokuvakeskusnykyaika.fi\/#organization"},"articleSection":["Menneet"],"inLanguage":"en-GB"},{"@type":"WebPage","@id":"https:\/\/valokuvakeskusnykyaika.fi\/kesakuu-lorenzo\/","url":"https:\/\/valokuvakeskusnykyaika.fi\/kesakuu-lorenzo\/","name":"KES\u00c4KUU: Lorenz\u00f6 - Valokuvakeskus Nykyaika","isPartOf":{"@id":"https:\/\/valokuvakeskusnykyaika.fi\/#website"},"datePublished":"2018-05-30T12:35:45+00:00","dateModified":"2018-06-06T13:15:24+00:00","breadcrumb":{"@id":"https:\/\/valokuvakeskusnykyaika.fi\/kesakuu-lorenzo\/#breadcrumb"},"inLanguage":"en-GB","potentialAction":[{"@type":"ReadAction","target":["https:\/\/valokuvakeskusnykyaika.fi\/kesakuu-lorenzo\/"]}]},{"@type":"BreadcrumbList","@id":"https:\/\/valokuvakeskusnykyaika.fi\/kesakuu-lorenzo\/#breadcrumb","itemListElement":[{"@type":"ListItem","position":1,"name":"Etusivu","item":"https:\/\/valokuvakeskusnykyaika.fi\/"},{"@type":"ListItem","position":2,"name":"KES\u00c4KUU: Lorenz\u00f6"}]},{"@type":"WebSite","@id":"https:\/\/valokuvakeskusnykyaika.fi\/#website","url":"https:\/\/valokuvakeskusnykyaika.fi\/","name":"Photographic Centre Nykyaika","description":"Nykyaika on avoin kohtaamispaikka kaikille valokuvataiteen yst\u00e4ville","publisher":{"@id":"https:\/\/valokuvakeskusnykyaika.fi\/#organization"},"potentialAction":[{"@type":"SearchAction","target":{"@type":"EntryPoint","urlTemplate":"https:\/\/valokuvakeskusnykyaika.fi\/?s={search_term_string}"},"query-input":{"@type":"PropertyValueSpecification","valueRequired":true,"valueName":"search_term_string"}}],"inLanguage":"en-GB"},{"@type":"Organization","@id":"https:\/\/valokuvakeskusnykyaika.fi\/#organization","name":"Photographic Centre Nykyaika","url":"https:\/\/valokuvakeskusnykyaika.fi\/","logo":{"@type":"ImageObject","inLanguage":"en-GB","@id":"https:\/\/valokuvakeskusnykyaika.fi\/#\/schema\/logo\/image\/","url":"https:\/\/valokuvakeskusnykyaika.fi\/wp-content\/uploads\/2019\/01\/NY-Valokuvakeskus-logo-pieni.png","contentUrl":"https:\/\/valokuvakeskusnykyaika.fi\/wp-content\/uploads\/2019\/01\/NY-Valokuvakeskus-logo-pieni.png","width":300,"height":314,"caption":"Valokuvakeskus Nykyaika"},"image":{"@id":"https:\/\/valokuvakeskusnykyaika.fi\/#\/schema\/logo\/image\/"},"sameAs":["https:\/\/www.facebook.com\/valokuvakeskus.nykyaika\/","https:\/\/x.com\/nykyaika","https:\/\/www.instagram.com\/nykyaika\/"]},{"@type":"Person","@id":"https:\/\/valokuvakeskusnykyaika.fi\/#\/schema\/person\/41ef90f7d89984ccaca756c8d4241c19","name":"info.nykyaika@backlight.fi","url":"https:\/\/valokuvakeskusnykyaika.fi\/en\/author\/info-nykyaikabacklight-fi\/"}]}},"_links":{"self":[{"href":"https:\/\/valokuvakeskusnykyaika.fi\/en\/wp-json\/wp\/v2\/posts\/2552","targetHints":{"allow":["GET"]}}],"collection":[{"href":"https:\/\/valokuvakeskusnykyaika.fi\/en\/wp-json\/wp\/v2\/posts"}],"about":[{"href":"https:\/\/valokuvakeskusnykyaika.fi\/en\/wp-json\/wp\/v2\/types\/post"}],"author":[{"embeddable":true,"href":"https:\/\/valokuvakeskusnykyaika.fi\/en\/wp-json\/wp\/v2\/users\/6"}],"replies":[{"embeddable":true,"href":"https:\/\/valokuvakeskusnykyaika.fi\/en\/wp-json\/wp\/v2\/comments?post=2552"}],"version-history":[{"count":3,"href":"https:\/\/valokuvakeskusnykyaika.fi\/en\/wp-json\/wp\/v2\/posts\/2552\/revisions"}],"predecessor-version":[{"id":2556,"href":"https:\/\/valokuvakeskusnykyaika.fi\/en\/wp-json\/wp\/v2\/posts\/2552\/revisions\/2556"}],"wp:attachment":[{"href":"https:\/\/valokuvakeskusnykyaika.fi\/en\/wp-json\/wp\/v2\/media?parent=2552"}],"wp:term":[{"taxonomy":"category","embeddable":true,"href":"https:\/\/valokuvakeskusnykyaika.fi\/en\/wp-json\/wp\/v2\/categories?post=2552"},{"taxonomy":"post_tag","embeddable":true,"href":"https:\/\/valokuvakeskusnykyaika.fi\/en\/wp-json\/wp\/v2\/tags?post=2552"}],"curies":[{"name":"wp","href":"https:\/\/api.w.org\/{rel}","templated":true}]}}