{"id":2852,"date":"2019-01-03T15:22:38","date_gmt":"2019-01-03T13:22:38","guid":{"rendered":"http:\/\/valokuvakeskusnykyaika.fi\/?p=2852"},"modified":"2019-02-10T15:44:51","modified_gmt":"2019-02-10T13:44:51","slug":"tina-jokitalo-prelude","status":"publish","type":"post","link":"https:\/\/valokuvakeskusnykyaika.fi\/en\/tina-jokitalo-prelude\/","title":{"rendered":"Tina Jokitalo: Prelude"},"content":{"rendered":"<p>Tina Jokitalo<br>Prelude 5.1.-28.1.2019<br> Avajaiset 4.1.2019 klo 17-19<br> Taiteilijatapaamiset 13, 20 ja 27.1 klo 14.30<\/p>\n\n\n\n<p>Scroll down for English | Skrolla ner f\u00f6r svenska <\/p>\n\n\n\n<p>Tina \nJokitalon Prelude -n\u00e4yttelyn tematiikka k\u00e4sittelee ekologista \ntietosuutta. N\u00e4yttelyn veistokselliset teokset viittaavat ilmaston \nl\u00e4mpenemiseen ja ymp\u00e4rist\u00f6nmuutokseen. Prelude tarkoittaa toimintaa tai \ntapahtumaa, jonka teht\u00e4v\u00e4n\u00e4 on toimia esittelyn\u00e4 t\u00e4rke\u00e4mp\u00e4\u00e4 varten, \nkuten positiivista toimintaa muutoksen vuoksi. N\u00e4yttelyss\u00e4 n\u00e4hd\u00e4\u00e4n my\u00f6s \nvuorovaikutteinen teos, jonka avulla n\u00e4yttelyss\u00e4 k\u00e4vij\u00e4n on mahdollista \njakaa ymp\u00e4rist\u00f6myonteisi\u00e4 tekoja sosiaalisessa mediassa.<\/p>\n\n\n\n<p>Tina \nJokitalo (s. 1972, Ruotsi) on kaksikielinen Tamperelainen taiteilija, \njoka ty\u00f6skentelee useiden tekniikoiden, kuten valokuva-, video-, \u00e4\u00e4ni-, \nveistos- ja installaatiotaiteen parissa. Jokitalon taiteessa pohditaan \nlavastetun illuusiota ja ep\u00e4ilyksen j\u00e4nnitett\u00e4 leikittelyn keinoin. H\u00e4n \nyhdist\u00e4\u00e4 k\u00e4dentaitoja digitaaliseen ty\u00f6nkulkuun arvioidakseen teoksen \nteeman fyysist\u00e4 l\u00e4sn\u00e4oloa. H\u00e4nen t\u00f6idens\u00e4 k\u00e4sitteellisyys on saanut \nvaikutteita teatterin ja performanssin audiovisuaalisesta kielest\u00e4.<\/p>\n\n\n\n<p>Jokitalolla\n on valosuunnittelijan TeM tutkinto Suomen Teatterikorkeakoulusta. H\u00e4n \non my\u00f6s opiskellut valokuvataiteen erikoisopintoja TAMK:issa ja \nviimeisimm\u00e4ksi nykytaiteen kaksivuotisen koulutuksen Pohjoismaisessa \ntaidekoulussa Kokkolassa. H\u00e4nen palkittuja teoksiaan on n\u00e4hty ulkomailla\n sek\u00e4 gallerioissa ett\u00e4 festivaaleilla.<\/p>\n\n\n\n<p><\/p>\n\n\n\n<p><\/p>\n\n\n\n<p>*<\/p>\n\n\n\n<p>Tina Jokitalo is an artist who combines digital workflow with handicraft. The exhibition\u2019s sculptural works are thematic<br>reconstructions  with references to global warming and environmental change. PRELUDE  represents an action or event aimed at serving as an introduction to  something<br>more important, such as a positive action for change. The  exhibition also includes an interactive work that enables viewers to  share eco-friendly actions on social media.<\/p>\n\n\n\n<p>Tina Jokitalo (b. \n1972, Sweden) is a bilingual Tampere-based artist who works in a range \nof media that spans photography, video, sound, sculpture and \ninstallation. Jokitalo\u2019s art considers the staged illusion and its \ntension of disbelief in a playful<br>manner. She utilizes handicraft \nwith digital workflow, to evaluate the physical presence of the \nartwork&#8217;s theme. The concept of her work is influenced by the \naudiovisual language of theatre and performance. <\/p>\n\n\n\n<p>Jokitalo holds \nan M.A. degree in lighting design from the Theatre Academy of Finland. \nShe has also studied specialization studies on photography in TAMK and \nmost recent, a two years study program on contemporary art at Nordic Art\n School in Kokkola, Finland. Her work has been awarded, published and \nexhibited in galleries and festivals abroad.<\/p>\n\n\n\n<p><\/p>\n\n\n\n<p>*<\/p>\n\n\n\n<p>Tina Jokitalo \u00e4r en konstn\u00e4r som kombinerar det digitala arbetsfl\u00f6det med hantverk. Utst\u00e4llningens skulpturala verk<br>\u00e4r tematiska rekonstruktioner med referenser till den globala uppv\u00e4rmningen och milj\u00f6f\u00f6r\u00e4ndringar. PRELUDE representerar en handling eller h\u00e4ndelse med syfte att tj\u00e4na som en inledning f\u00f6r n\u00e5got mycket viktigare, s\u00e5som positiva g\u00e4rningar f\u00f6r f\u00f6r\u00e4ndring. Utst\u00e4llningen inneh\u00e5ller \u00e4ven ett interaktivt verk, som<br>m\u00f6jligg\u00f6r att man kan p\u00e5 sociala medier dela med sig av milj\u00f6v\u00e4nliga \u00e5tg\u00e4rder.<\/p>\n\n\n\n<p>Tina\n Jokitalo (f. 1972, Sverige) \u00e4r en tv\u00e5spr\u00e5kig Tammerfors-baserad \nkonstn\u00e4r som arbetar inom ett brett utbud av olika medium s\u00e5som \nfotografi, video, ljud, skulptur och installation. Jokitalos konst \n\u00f6verv\u00e4ger den iscensatta illusionen och sp\u00e4nningen av tvivel p\u00e5 ett \nlekfullt s\u00e4tt. Hon utnyttjar hantverk med digitalt arbetsfl\u00f6de f\u00f6r att \nutv\u00e4rdera den fysiska n\u00e4rvaron av konstverkets tema. Konceptet av hennes\n arbete \u00e4r p\u00e5verkad av det<br>audiovisuella spr\u00e5ket i teater och performance.<\/p>\n\n\n\n<p>Jokitalo\n har en M.A. i ljusdesign fr\u00e5n Teaterh\u00f6gskolan i Finland. Hon har \u00e4ven \nstuderat fotokonst vid TAMK och nu senast, tv\u00e5 \u00e5rs studier om \nsamtidskonst vid Nordiska Konstskolan i Karleby, Finland. Hennes verk \nhar publicerats och f\u00e5tt erk\u00e4nnande, hon<br>har \u00e4ven st\u00e4llt ut i gallerior och festivaler utomlands.<\/p>","protected":false},"excerpt":{"rendered":"<p>Tina JokitaloPrelude 5.1.-28.1.2019 Avajaiset 4.1.2019 klo 17-19 Taiteilijatapaamiset 13, 20 ja 27.1 klo 14.30 Scroll down for English | Skrolla ner f\u00f6r svenska Tina Jokitalon Prelude -n\u00e4yttelyn tematiikka k\u00e4sittelee ekologista tietosuutta. N\u00e4yttelyn veistokselliset teokset viittaavat ilmaston l\u00e4mpenemiseen ja ymp\u00e4rist\u00f6nmuutokseen. Prelude tarkoittaa toimintaa tai tapahtumaa, jonka teht\u00e4v\u00e4n\u00e4 on toimia esittelyn\u00e4 t\u00e4rke\u00e4mp\u00e4\u00e4 varten, kuten positiivista toimintaa muutoksen [&hellip;]<\/p>\n","protected":false},"author":6,"featured_media":2919,"comment_status":"closed","ping_status":"closed","sticky":false,"template":"","format":"standard","meta":{"iawp_total_views":5,"footnotes":""},"categories":[4],"tags":[],"class_list":["post-2852","post","type-post","status-publish","format-standard","has-post-thumbnail","hentry","category-menneet"],"yoast_head":"<!-- This site is optimized with the Yoast SEO plugin v27.5 - https:\/\/yoast.com\/product\/yoast-seo-wordpress\/ -->\n<title>Tina Jokitalo: Prelude - Valokuvakeskus Nykyaika<\/title>\n<meta name=\"robots\" content=\"index, follow, max-snippet:-1, max-image-preview:large, max-video-preview:-1\" \/>\n<link rel=\"canonical\" href=\"https:\/\/valokuvakeskusnykyaika.fi\/en\/tina-jokitalo-prelude\/\" \/>\n<meta property=\"og:locale\" content=\"en_GB\" \/>\n<meta property=\"og:type\" content=\"article\" \/>\n<meta property=\"og:title\" content=\"Tina Jokitalo: Prelude - Valokuvakeskus Nykyaika\" \/>\n<meta property=\"og:description\" content=\"Tina JokitaloPrelude 5.1.-28.1.2019 Avajaiset 4.1.2019 klo 17-19 Taiteilijatapaamiset 13, 20 ja 27.1 klo 14.30 Scroll down for English | Skrolla ner f\u00f6r svenska Tina Jokitalon Prelude -n\u00e4yttelyn tematiikka k\u00e4sittelee ekologista tietosuutta. N\u00e4yttelyn veistokselliset teokset viittaavat ilmaston l\u00e4mpenemiseen ja ymp\u00e4rist\u00f6nmuutokseen. Prelude tarkoittaa toimintaa tai tapahtumaa, jonka teht\u00e4v\u00e4n\u00e4 on toimia esittelyn\u00e4 t\u00e4rke\u00e4mp\u00e4\u00e4 varten, kuten positiivista toimintaa muutoksen [&hellip;]\" \/>\n<meta property=\"og:url\" content=\"https:\/\/valokuvakeskusnykyaika.fi\/en\/tina-jokitalo-prelude\/\" \/>\n<meta property=\"og:site_name\" content=\"Valokuvakeskus Nykyaika\" \/>\n<meta property=\"article:publisher\" content=\"https:\/\/www.facebook.com\/valokuvakeskus.nykyaika\/\" \/>\n<meta property=\"article:published_time\" content=\"2019-01-03T13:22:38+00:00\" \/>\n<meta property=\"article:modified_time\" content=\"2019-02-10T13:44:51+00:00\" \/>\n<meta property=\"og:image\" content=\"https:\/\/valokuvakeskusnykyaika.fi\/wp-content\/uploads\/2018\/12\/Wither_fossil_wp.jpg\" \/>\n\t<meta property=\"og:image:width\" content=\"1920\" \/>\n\t<meta property=\"og:image:height\" content=\"2880\" \/>\n\t<meta property=\"og:image:type\" content=\"image\/jpeg\" \/>\n<meta name=\"author\" content=\"info.nykyaika@backlight.fi\" \/>\n<meta name=\"twitter:card\" content=\"summary_large_image\" \/>\n<meta name=\"twitter:creator\" content=\"@nykyaika\" \/>\n<meta name=\"twitter:site\" content=\"@nykyaika\" \/>\n<meta name=\"twitter:label1\" content=\"Written by\" \/>\n\t<meta name=\"twitter:data1\" content=\"info.nykyaika@backlight.fi\" \/>\n\t<meta name=\"twitter:label2\" content=\"Estimated reading time\" \/>\n\t<meta name=\"twitter:data2\" content=\"3 minutes\" \/>\n<script type=\"application\/ld+json\" class=\"yoast-schema-graph\">{\"@context\":\"https:\\\/\\\/schema.org\",\"@graph\":[{\"@type\":\"Article\",\"@id\":\"https:\\\/\\\/valokuvakeskusnykyaika.fi\\\/tina-jokitalo-prelude\\\/#article\",\"isPartOf\":{\"@id\":\"https:\\\/\\\/valokuvakeskusnykyaika.fi\\\/tina-jokitalo-prelude\\\/\"},\"author\":{\"name\":\"info.nykyaika@backlight.fi\",\"@id\":\"https:\\\/\\\/valokuvakeskusnykyaika.fi\\\/#\\\/schema\\\/person\\\/41ef90f7d89984ccaca756c8d4241c19\"},\"headline\":\"Tina Jokitalo: Prelude\",\"datePublished\":\"2019-01-03T13:22:38+00:00\",\"dateModified\":\"2019-02-10T13:44:51+00:00\",\"mainEntityOfPage\":{\"@id\":\"https:\\\/\\\/valokuvakeskusnykyaika.fi\\\/tina-jokitalo-prelude\\\/\"},\"wordCount\":602,\"publisher\":{\"@id\":\"https:\\\/\\\/valokuvakeskusnykyaika.fi\\\/#organization\"},\"image\":{\"@id\":\"https:\\\/\\\/valokuvakeskusnykyaika.fi\\\/tina-jokitalo-prelude\\\/#primaryimage\"},\"thumbnailUrl\":\"https:\\\/\\\/valokuvakeskusnykyaika.fi\\\/wp-content\\\/uploads\\\/2018\\\/12\\\/Wither_fossil_wp.jpg\",\"articleSection\":[\"Menneet\"],\"inLanguage\":\"en-GB\"},{\"@type\":\"WebPage\",\"@id\":\"https:\\\/\\\/valokuvakeskusnykyaika.fi\\\/tina-jokitalo-prelude\\\/\",\"url\":\"https:\\\/\\\/valokuvakeskusnykyaika.fi\\\/tina-jokitalo-prelude\\\/\",\"name\":\"Tina Jokitalo: Prelude - Valokuvakeskus Nykyaika\",\"isPartOf\":{\"@id\":\"https:\\\/\\\/valokuvakeskusnykyaika.fi\\\/#website\"},\"primaryImageOfPage\":{\"@id\":\"https:\\\/\\\/valokuvakeskusnykyaika.fi\\\/tina-jokitalo-prelude\\\/#primaryimage\"},\"image\":{\"@id\":\"https:\\\/\\\/valokuvakeskusnykyaika.fi\\\/tina-jokitalo-prelude\\\/#primaryimage\"},\"thumbnailUrl\":\"https:\\\/\\\/valokuvakeskusnykyaika.fi\\\/wp-content\\\/uploads\\\/2018\\\/12\\\/Wither_fossil_wp.jpg\",\"datePublished\":\"2019-01-03T13:22:38+00:00\",\"dateModified\":\"2019-02-10T13:44:51+00:00\",\"breadcrumb\":{\"@id\":\"https:\\\/\\\/valokuvakeskusnykyaika.fi\\\/tina-jokitalo-prelude\\\/#breadcrumb\"},\"inLanguage\":\"en-GB\",\"potentialAction\":[{\"@type\":\"ReadAction\",\"target\":[\"https:\\\/\\\/valokuvakeskusnykyaika.fi\\\/tina-jokitalo-prelude\\\/\"]}]},{\"@type\":\"ImageObject\",\"inLanguage\":\"en-GB\",\"@id\":\"https:\\\/\\\/valokuvakeskusnykyaika.fi\\\/tina-jokitalo-prelude\\\/#primaryimage\",\"url\":\"https:\\\/\\\/valokuvakeskusnykyaika.fi\\\/wp-content\\\/uploads\\\/2018\\\/12\\\/Wither_fossil_wp.jpg\",\"contentUrl\":\"https:\\\/\\\/valokuvakeskusnykyaika.fi\\\/wp-content\\\/uploads\\\/2018\\\/12\\\/Wither_fossil_wp.jpg\",\"width\":1920,\"height\":2880},{\"@type\":\"BreadcrumbList\",\"@id\":\"https:\\\/\\\/valokuvakeskusnykyaika.fi\\\/tina-jokitalo-prelude\\\/#breadcrumb\",\"itemListElement\":[{\"@type\":\"ListItem\",\"position\":1,\"name\":\"Etusivu\",\"item\":\"https:\\\/\\\/valokuvakeskusnykyaika.fi\\\/\"},{\"@type\":\"ListItem\",\"position\":2,\"name\":\"Tina Jokitalo: Prelude\"}]},{\"@type\":\"WebSite\",\"@id\":\"https:\\\/\\\/valokuvakeskusnykyaika.fi\\\/#website\",\"url\":\"https:\\\/\\\/valokuvakeskusnykyaika.fi\\\/\",\"name\":\"Valokuvakeskus Nykyaika\",\"description\":\"Nykyaika on avoin kohtaamispaikka kaikille valokuvataiteen yst\u00e4ville\",\"publisher\":{\"@id\":\"https:\\\/\\\/valokuvakeskusnykyaika.fi\\\/#organization\"},\"potentialAction\":[{\"@type\":\"SearchAction\",\"target\":{\"@type\":\"EntryPoint\",\"urlTemplate\":\"https:\\\/\\\/valokuvakeskusnykyaika.fi\\\/?s={search_term_string}\"},\"query-input\":{\"@type\":\"PropertyValueSpecification\",\"valueRequired\":true,\"valueName\":\"search_term_string\"}}],\"inLanguage\":\"en-GB\"},{\"@type\":\"Organization\",\"@id\":\"https:\\\/\\\/valokuvakeskusnykyaika.fi\\\/#organization\",\"name\":\"Valokuvakeskus Nykyaika\",\"url\":\"https:\\\/\\\/valokuvakeskusnykyaika.fi\\\/\",\"logo\":{\"@type\":\"ImageObject\",\"inLanguage\":\"en-GB\",\"@id\":\"https:\\\/\\\/valokuvakeskusnykyaika.fi\\\/#\\\/schema\\\/logo\\\/image\\\/\",\"url\":\"https:\\\/\\\/valokuvakeskusnykyaika.fi\\\/wp-content\\\/uploads\\\/2019\\\/01\\\/NY-Valokuvakeskus-logo-pieni.png\",\"contentUrl\":\"https:\\\/\\\/valokuvakeskusnykyaika.fi\\\/wp-content\\\/uploads\\\/2019\\\/01\\\/NY-Valokuvakeskus-logo-pieni.png\",\"width\":300,\"height\":314,\"caption\":\"Valokuvakeskus Nykyaika\"},\"image\":{\"@id\":\"https:\\\/\\\/valokuvakeskusnykyaika.fi\\\/#\\\/schema\\\/logo\\\/image\\\/\"},\"sameAs\":[\"https:\\\/\\\/www.facebook.com\\\/valokuvakeskus.nykyaika\\\/\",\"https:\\\/\\\/x.com\\\/nykyaika\",\"https:\\\/\\\/www.instagram.com\\\/nykyaika\\\/\"]},{\"@type\":\"Person\",\"@id\":\"https:\\\/\\\/valokuvakeskusnykyaika.fi\\\/#\\\/schema\\\/person\\\/41ef90f7d89984ccaca756c8d4241c19\",\"name\":\"info.nykyaika@backlight.fi\",\"url\":\"https:\\\/\\\/valokuvakeskusnykyaika.fi\\\/en\\\/author\\\/info-nykyaikabacklight-fi\\\/\"}]}<\/script>\n<!-- \/ Yoast SEO plugin. -->","yoast_head_json":{"title":"Tina Jokitalo: Prelude - Valokuvakeskus Nykyaika","robots":{"index":"index","follow":"follow","max-snippet":"max-snippet:-1","max-image-preview":"max-image-preview:large","max-video-preview":"max-video-preview:-1"},"canonical":"https:\/\/valokuvakeskusnykyaika.fi\/en\/tina-jokitalo-prelude\/","og_locale":"en_GB","og_type":"article","og_title":"Tina Jokitalo: Prelude - Valokuvakeskus Nykyaika","og_description":"Tina JokitaloPrelude 5.1.-28.1.2019 Avajaiset 4.1.2019 klo 17-19 Taiteilijatapaamiset 13, 20 ja 27.1 klo 14.30 Scroll down for English | Skrolla ner f\u00f6r svenska Tina Jokitalon Prelude -n\u00e4yttelyn tematiikka k\u00e4sittelee ekologista tietosuutta. N\u00e4yttelyn veistokselliset teokset viittaavat ilmaston l\u00e4mpenemiseen ja ymp\u00e4rist\u00f6nmuutokseen. Prelude tarkoittaa toimintaa tai tapahtumaa, jonka teht\u00e4v\u00e4n\u00e4 on toimia esittelyn\u00e4 t\u00e4rke\u00e4mp\u00e4\u00e4 varten, kuten positiivista toimintaa muutoksen [&hellip;]","og_url":"https:\/\/valokuvakeskusnykyaika.fi\/en\/tina-jokitalo-prelude\/","og_site_name":"Valokuvakeskus Nykyaika","article_publisher":"https:\/\/www.facebook.com\/valokuvakeskus.nykyaika\/","article_published_time":"2019-01-03T13:22:38+00:00","article_modified_time":"2019-02-10T13:44:51+00:00","og_image":[{"width":1920,"height":2880,"url":"https:\/\/valokuvakeskusnykyaika.fi\/wp-content\/uploads\/2018\/12\/Wither_fossil_wp.jpg","type":"image\/jpeg"}],"author":"info.nykyaika@backlight.fi","twitter_card":"summary_large_image","twitter_creator":"@nykyaika","twitter_site":"@nykyaika","twitter_misc":{"Written by":"info.nykyaika@backlight.fi","Estimated reading time":"3 minutes"},"schema":{"@context":"https:\/\/schema.org","@graph":[{"@type":"Article","@id":"https:\/\/valokuvakeskusnykyaika.fi\/tina-jokitalo-prelude\/#article","isPartOf":{"@id":"https:\/\/valokuvakeskusnykyaika.fi\/tina-jokitalo-prelude\/"},"author":{"name":"info.nykyaika@backlight.fi","@id":"https:\/\/valokuvakeskusnykyaika.fi\/#\/schema\/person\/41ef90f7d89984ccaca756c8d4241c19"},"headline":"Tina Jokitalo: Prelude","datePublished":"2019-01-03T13:22:38+00:00","dateModified":"2019-02-10T13:44:51+00:00","mainEntityOfPage":{"@id":"https:\/\/valokuvakeskusnykyaika.fi\/tina-jokitalo-prelude\/"},"wordCount":602,"publisher":{"@id":"https:\/\/valokuvakeskusnykyaika.fi\/#organization"},"image":{"@id":"https:\/\/valokuvakeskusnykyaika.fi\/tina-jokitalo-prelude\/#primaryimage"},"thumbnailUrl":"https:\/\/valokuvakeskusnykyaika.fi\/wp-content\/uploads\/2018\/12\/Wither_fossil_wp.jpg","articleSection":["Menneet"],"inLanguage":"en-GB"},{"@type":"WebPage","@id":"https:\/\/valokuvakeskusnykyaika.fi\/tina-jokitalo-prelude\/","url":"https:\/\/valokuvakeskusnykyaika.fi\/tina-jokitalo-prelude\/","name":"Tina Jokitalo: Prelude - Valokuvakeskus Nykyaika","isPartOf":{"@id":"https:\/\/valokuvakeskusnykyaika.fi\/#website"},"primaryImageOfPage":{"@id":"https:\/\/valokuvakeskusnykyaika.fi\/tina-jokitalo-prelude\/#primaryimage"},"image":{"@id":"https:\/\/valokuvakeskusnykyaika.fi\/tina-jokitalo-prelude\/#primaryimage"},"thumbnailUrl":"https:\/\/valokuvakeskusnykyaika.fi\/wp-content\/uploads\/2018\/12\/Wither_fossil_wp.jpg","datePublished":"2019-01-03T13:22:38+00:00","dateModified":"2019-02-10T13:44:51+00:00","breadcrumb":{"@id":"https:\/\/valokuvakeskusnykyaika.fi\/tina-jokitalo-prelude\/#breadcrumb"},"inLanguage":"en-GB","potentialAction":[{"@type":"ReadAction","target":["https:\/\/valokuvakeskusnykyaika.fi\/tina-jokitalo-prelude\/"]}]},{"@type":"ImageObject","inLanguage":"en-GB","@id":"https:\/\/valokuvakeskusnykyaika.fi\/tina-jokitalo-prelude\/#primaryimage","url":"https:\/\/valokuvakeskusnykyaika.fi\/wp-content\/uploads\/2018\/12\/Wither_fossil_wp.jpg","contentUrl":"https:\/\/valokuvakeskusnykyaika.fi\/wp-content\/uploads\/2018\/12\/Wither_fossil_wp.jpg","width":1920,"height":2880},{"@type":"BreadcrumbList","@id":"https:\/\/valokuvakeskusnykyaika.fi\/tina-jokitalo-prelude\/#breadcrumb","itemListElement":[{"@type":"ListItem","position":1,"name":"Etusivu","item":"https:\/\/valokuvakeskusnykyaika.fi\/"},{"@type":"ListItem","position":2,"name":"Tina Jokitalo: Prelude"}]},{"@type":"WebSite","@id":"https:\/\/valokuvakeskusnykyaika.fi\/#website","url":"https:\/\/valokuvakeskusnykyaika.fi\/","name":"Photographic Centre Nykyaika","description":"Nykyaika on avoin kohtaamispaikka kaikille valokuvataiteen yst\u00e4ville","publisher":{"@id":"https:\/\/valokuvakeskusnykyaika.fi\/#organization"},"potentialAction":[{"@type":"SearchAction","target":{"@type":"EntryPoint","urlTemplate":"https:\/\/valokuvakeskusnykyaika.fi\/?s={search_term_string}"},"query-input":{"@type":"PropertyValueSpecification","valueRequired":true,"valueName":"search_term_string"}}],"inLanguage":"en-GB"},{"@type":"Organization","@id":"https:\/\/valokuvakeskusnykyaika.fi\/#organization","name":"Photographic Centre Nykyaika","url":"https:\/\/valokuvakeskusnykyaika.fi\/","logo":{"@type":"ImageObject","inLanguage":"en-GB","@id":"https:\/\/valokuvakeskusnykyaika.fi\/#\/schema\/logo\/image\/","url":"https:\/\/valokuvakeskusnykyaika.fi\/wp-content\/uploads\/2019\/01\/NY-Valokuvakeskus-logo-pieni.png","contentUrl":"https:\/\/valokuvakeskusnykyaika.fi\/wp-content\/uploads\/2019\/01\/NY-Valokuvakeskus-logo-pieni.png","width":300,"height":314,"caption":"Valokuvakeskus Nykyaika"},"image":{"@id":"https:\/\/valokuvakeskusnykyaika.fi\/#\/schema\/logo\/image\/"},"sameAs":["https:\/\/www.facebook.com\/valokuvakeskus.nykyaika\/","https:\/\/x.com\/nykyaika","https:\/\/www.instagram.com\/nykyaika\/"]},{"@type":"Person","@id":"https:\/\/valokuvakeskusnykyaika.fi\/#\/schema\/person\/41ef90f7d89984ccaca756c8d4241c19","name":"info.nykyaika@backlight.fi","url":"https:\/\/valokuvakeskusnykyaika.fi\/en\/author\/info-nykyaikabacklight-fi\/"}]}},"_links":{"self":[{"href":"https:\/\/valokuvakeskusnykyaika.fi\/en\/wp-json\/wp\/v2\/posts\/2852","targetHints":{"allow":["GET"]}}],"collection":[{"href":"https:\/\/valokuvakeskusnykyaika.fi\/en\/wp-json\/wp\/v2\/posts"}],"about":[{"href":"https:\/\/valokuvakeskusnykyaika.fi\/en\/wp-json\/wp\/v2\/types\/post"}],"author":[{"embeddable":true,"href":"https:\/\/valokuvakeskusnykyaika.fi\/en\/wp-json\/wp\/v2\/users\/6"}],"replies":[{"embeddable":true,"href":"https:\/\/valokuvakeskusnykyaika.fi\/en\/wp-json\/wp\/v2\/comments?post=2852"}],"version-history":[{"count":7,"href":"https:\/\/valokuvakeskusnykyaika.fi\/en\/wp-json\/wp\/v2\/posts\/2852\/revisions"}],"predecessor-version":[{"id":2956,"href":"https:\/\/valokuvakeskusnykyaika.fi\/en\/wp-json\/wp\/v2\/posts\/2852\/revisions\/2956"}],"wp:featuredmedia":[{"embeddable":true,"href":"https:\/\/valokuvakeskusnykyaika.fi\/en\/wp-json\/wp\/v2\/media\/2919"}],"wp:attachment":[{"href":"https:\/\/valokuvakeskusnykyaika.fi\/en\/wp-json\/wp\/v2\/media?parent=2852"}],"wp:term":[{"taxonomy":"category","embeddable":true,"href":"https:\/\/valokuvakeskusnykyaika.fi\/en\/wp-json\/wp\/v2\/categories?post=2852"},{"taxonomy":"post_tag","embeddable":true,"href":"https:\/\/valokuvakeskusnykyaika.fi\/en\/wp-json\/wp\/v2\/tags?post=2852"}],"curies":[{"name":"wp","href":"https:\/\/api.w.org\/{rel}","templated":true}]}}