{"id":3977,"date":"2019-09-05T13:54:14","date_gmt":"2019-09-05T10:54:14","guid":{"rendered":"https:\/\/valokuvakeskusnykyaika.fi\/?p=3977"},"modified":"2019-11-02T13:50:07","modified_gmt":"2019-11-02T11:50:07","slug":"tero-puha-splitting-the-mirror","status":"publish","type":"post","link":"https:\/\/valokuvakeskusnykyaika.fi\/en\/tero-puha-splitting-the-mirror\/","title":{"rendered":"Tero Puha: Splitting the Mirror"},"content":{"rendered":"<p>Tero Puha: <br>Splitting the Mirror <\/p>\n\n\n\n<p>N\u00e4yttely I Exhibition  5.\u201328.10.2019 Nykyajan galleriassa. <br>Avajaiset perjantaina I Vernissage on Friday 4.10.2019 klo 17-19, tervetuloa! I Welcome!<br>(For English summary -&gt; please scroll)<\/p>\n\n\n\n<p>Tero Puhan uudessa n\u00e4yttelyss\u00e4 n\u00e4hd\u00e4\u00e4n maailman ensi-iltansa Nykyajassa saava lyhytelokuva Original, sek\u00e4 ennenn\u00e4kem\u00e4tt\u00f6mi\u00e4 valokuvateoksia vuosilta 1995-2019. <\/p>\n\n\n\n<p>Nykytaiteen kent\u00e4ll\u00e4 toimiva Puha tunnetaan kuvamanipulaatioita, graafisia elementtej\u00e4 sek\u00e4 performansseja sis\u00e4lt\u00e4vist\u00e4 monitaidekokonaisuuksistaan. Nyt esill\u00e4 on tarinallinen ja surrealistinen lyhytelokuva sek\u00e4 taiteilijan puhtaasti valokuvallista tuotantoa. Filmille kuvatut muotokuvat esitet\u00e4\u00e4n ilman manipulaatioita, jolloin kuvaajan n\u00e4kemys korostuu erityisell\u00e4 tavalla. N\u00e4yttely\u00e4 varten Puha on k\u00e4ynyt kuvamateriaaliaan l\u00e4pi vuodesta 1995 alkaen aina uusimpiin kuviin, jotka ovat vuodelta 2019. Kaikki kuvat ovat esill\u00e4 ensimm\u00e4ist\u00e4 kertaa. <\/p>\n\n\n\n<p>Puha on vuosien kuluessa kuvannut miehi\u00e4 Suomessa sek\u00e4 ulkomailla: yst\u00e4vi\u00e4, partnereita, tuttavia ja vieraita. \u201cT\u00e4ss\u00e4 kokonaisuudessa n\u00e4hd\u00e4\u00e4n vain autenttista old-school valokuvaa. Huomio on valossa, kompositiossa ja oikean hetken tallentamisessa: tunnekokemuksessa. Analoginen prosessi on vaativa ja aikaaviev\u00e4. Koen mielenkiintoisena rinnastaa kuvia eri vuosilta ja katsoa miten ne keskustelevat\u201d.<\/p>\n\n\n\n<p>Uusi Madridissa kuvattu lyhytelokuva tutkii miehen\u00e4 ja yksil\u00f6n\u00e4 olemisen haasteita nyky-yhteiskunnassa. Original -lyhytelokuvassa kauniiseen espanjalaiseen puistoon lintuja tarkkailemaan tullutta, komeasta ja persoonallisesta ulkon\u00e4\u00f6st\u00e4\u00e4n tietoista miest\u00e4 odottaa puiston uumenissa suuri yll\u00e4tys.<\/p>\n\n\n\n<p>Puhan ty\u00f6skentely\u00e4 on tukenut Suomen kulttuurirahaston Uudenmaan rahasto. <br>N\u00e4yttely\u00e4 on tukenut Taiteen edist\u00e4miskeskus.<br>Lyhytelokuvaa on tukenut AVEK.<br><\/p>\n\n\n\n<p>TERO PUHA (S.1971) on monialainen kuvataiteilija, jonka p\u00e4\u00e4asiallisia medioita ovat valokuva, video, elokuva, digitaalinen taide, sek\u00e4 performanssi. H\u00e4nen teoksiaan on esitetty maailmanlaajuisesti ja niit\u00e4 on n\u00e4ytill\u00e4 useiden museoiden kokoelmissa kuten Nykytaiteen museo Kiasmassa, Helsingin taidemuseossa, Amos Andersonin taidemuseossa ja EMMA:ssa. Puha on valmistunut valokuvataiteen maisteriksi Taideteollisesta korkeakoulusta vuonna 2000. Vuonna 2014 h\u00e4n sai valokuvataiteen valtionpalkinnon. Puha asui Lontoossa l\u00e4hes 12 vuotta ja palasi Suomeen pari vuotta sitten. Taiteilija kiteytt\u00e4\u00e4 ty\u00f6skentelyns\u00e4 ydinteemaa: Identiteetti\u00e4 ja el\u00e4m\u00e4n tarkoitusta etsiv\u00e4n nykyihmisen pyrkimykset l\u00f6yt\u00e4\u00e4 tasapaino luonnollisen ja luonnottoman v\u00e4lill\u00e4 luovat v\u00e4ist\u00e4m\u00e4tt\u00e4 paineita ja ristiriitoja. N\u00e4m\u00e4 paradoksit toimivat kimmokkeina teoksilleni. <\/p>\n\n\n\n<p>*<\/p>\n\n\n\n<p>Tero Puha (b.1971) a photographer, visual artist and filmmaker working with digital and analog media.<br>In his creative work, he often explores the life of the modern individual, focusing on body image, identity, gender roles and consumerism. Attempts to define the line between the natural and the unnatural are bound to create conflicts and pressures for the modern individual in search of identity and purpose in life.They are the sources of Puha\u2019s inspiration.<br>Puha has worked in Helsinki, London, Paris, Berlin and New York. His art has been exhibited internationally and can be found in the collections of several art museums. Puha was awarded with Finnish State Prizein Photographic Arts in 2014.<\/p>\n\n\n\n<p><a href=\"https:\/\/www.teropuha.com\">https:\/\/www.teropuha.com<\/a><\/p>","protected":false},"excerpt":{"rendered":"<p>Tero Puha: Splitting the Mirror N\u00e4yttely I Exhibition 5.\u201328.10.2019 Nykyajan galleriassa. Avajaiset perjantaina I Vernissage on Friday 4.10.2019 klo 17-19, tervetuloa! I Welcome!(For English summary -&gt; please scroll) Tero Puhan uudessa n\u00e4yttelyss\u00e4 n\u00e4hd\u00e4\u00e4n maailman ensi-iltansa Nykyajassa saava lyhytelokuva Original, sek\u00e4 ennenn\u00e4kem\u00e4tt\u00f6mi\u00e4 valokuvateoksia vuosilta 1995-2019. Nykytaiteen kent\u00e4ll\u00e4 toimiva Puha tunnetaan kuvamanipulaatioita, graafisia elementtej\u00e4 sek\u00e4 performansseja sis\u00e4lt\u00e4vist\u00e4 [&hellip;]<\/p>\n","protected":false},"author":6,"featured_media":3979,"comment_status":"closed","ping_status":"closed","sticky":false,"template":"","format":"standard","meta":{"iawp_total_views":7,"footnotes":""},"categories":[4],"tags":[],"class_list":["post-3977","post","type-post","status-publish","format-standard","has-post-thumbnail","hentry","category-menneet"],"yoast_head":"<!-- This site is optimized with the Yoast SEO plugin v27.5 - https:\/\/yoast.com\/product\/yoast-seo-wordpress\/ -->\n<title>Tero Puha: Splitting the Mirror - Valokuvakeskus Nykyaika<\/title>\n<meta name=\"robots\" content=\"index, follow, max-snippet:-1, max-image-preview:large, max-video-preview:-1\" \/>\n<link rel=\"canonical\" href=\"https:\/\/valokuvakeskusnykyaika.fi\/en\/tero-puha-splitting-the-mirror\/\" \/>\n<meta property=\"og:locale\" content=\"en_GB\" \/>\n<meta property=\"og:type\" content=\"article\" \/>\n<meta property=\"og:title\" content=\"Tero Puha: Splitting the Mirror - Valokuvakeskus Nykyaika\" \/>\n<meta property=\"og:description\" content=\"Tero Puha: Splitting the Mirror N\u00e4yttely I Exhibition 5.\u201328.10.2019 Nykyajan galleriassa. Avajaiset perjantaina I Vernissage on Friday 4.10.2019 klo 17-19, tervetuloa! I Welcome!(For English summary -&gt; please scroll) Tero Puhan uudessa n\u00e4yttelyss\u00e4 n\u00e4hd\u00e4\u00e4n maailman ensi-iltansa Nykyajassa saava lyhytelokuva Original, sek\u00e4 ennenn\u00e4kem\u00e4tt\u00f6mi\u00e4 valokuvateoksia vuosilta 1995-2019. Nykytaiteen kent\u00e4ll\u00e4 toimiva Puha tunnetaan kuvamanipulaatioita, graafisia elementtej\u00e4 sek\u00e4 performansseja sis\u00e4lt\u00e4vist\u00e4 [&hellip;]\" \/>\n<meta property=\"og:url\" content=\"https:\/\/valokuvakeskusnykyaika.fi\/en\/tero-puha-splitting-the-mirror\/\" \/>\n<meta property=\"og:site_name\" content=\"Valokuvakeskus Nykyaika\" \/>\n<meta property=\"article:publisher\" content=\"https:\/\/www.facebook.com\/valokuvakeskus.nykyaika\/\" \/>\n<meta property=\"article:published_time\" content=\"2019-09-05T10:54:14+00:00\" \/>\n<meta property=\"article:modified_time\" content=\"2019-11-02T11:50:07+00:00\" \/>\n<meta property=\"og:image\" content=\"https:\/\/valokuvakeskusnykyaika.fi\/wp-content\/uploads\/2019\/09\/puha_wp-1.jpg\" \/>\n\t<meta property=\"og:image:width\" content=\"1540\" \/>\n\t<meta property=\"og:image:height\" content=\"1920\" \/>\n\t<meta property=\"og:image:type\" content=\"image\/jpeg\" \/>\n<meta name=\"author\" content=\"info.nykyaika@backlight.fi\" \/>\n<meta name=\"twitter:card\" content=\"summary_large_image\" \/>\n<meta name=\"twitter:creator\" content=\"@nykyaika\" \/>\n<meta name=\"twitter:site\" content=\"@nykyaika\" \/>\n<meta name=\"twitter:label1\" content=\"Written by\" \/>\n\t<meta name=\"twitter:data1\" content=\"info.nykyaika@backlight.fi\" \/>\n\t<meta name=\"twitter:label2\" content=\"Estimated reading time\" \/>\n\t<meta name=\"twitter:data2\" content=\"2 minutes\" \/>\n<script type=\"application\/ld+json\" class=\"yoast-schema-graph\">{\"@context\":\"https:\\\/\\\/schema.org\",\"@graph\":[{\"@type\":\"Article\",\"@id\":\"https:\\\/\\\/valokuvakeskusnykyaika.fi\\\/tero-puha-splitting-the-mirror\\\/#article\",\"isPartOf\":{\"@id\":\"https:\\\/\\\/valokuvakeskusnykyaika.fi\\\/tero-puha-splitting-the-mirror\\\/\"},\"author\":{\"name\":\"info.nykyaika@backlight.fi\",\"@id\":\"https:\\\/\\\/valokuvakeskusnykyaika.fi\\\/#\\\/schema\\\/person\\\/41ef90f7d89984ccaca756c8d4241c19\"},\"headline\":\"Tero Puha: Splitting the Mirror\",\"datePublished\":\"2019-09-05T10:54:14+00:00\",\"dateModified\":\"2019-11-02T11:50:07+00:00\",\"mainEntityOfPage\":{\"@id\":\"https:\\\/\\\/valokuvakeskusnykyaika.fi\\\/tero-puha-splitting-the-mirror\\\/\"},\"wordCount\":451,\"publisher\":{\"@id\":\"https:\\\/\\\/valokuvakeskusnykyaika.fi\\\/#organization\"},\"image\":{\"@id\":\"https:\\\/\\\/valokuvakeskusnykyaika.fi\\\/tero-puha-splitting-the-mirror\\\/#primaryimage\"},\"thumbnailUrl\":\"https:\\\/\\\/valokuvakeskusnykyaika.fi\\\/wp-content\\\/uploads\\\/2019\\\/09\\\/puha_wp-1.jpg\",\"articleSection\":[\"Menneet\"],\"inLanguage\":\"en-GB\"},{\"@type\":\"WebPage\",\"@id\":\"https:\\\/\\\/valokuvakeskusnykyaika.fi\\\/tero-puha-splitting-the-mirror\\\/\",\"url\":\"https:\\\/\\\/valokuvakeskusnykyaika.fi\\\/tero-puha-splitting-the-mirror\\\/\",\"name\":\"Tero Puha: Splitting the Mirror - Valokuvakeskus Nykyaika\",\"isPartOf\":{\"@id\":\"https:\\\/\\\/valokuvakeskusnykyaika.fi\\\/#website\"},\"primaryImageOfPage\":{\"@id\":\"https:\\\/\\\/valokuvakeskusnykyaika.fi\\\/tero-puha-splitting-the-mirror\\\/#primaryimage\"},\"image\":{\"@id\":\"https:\\\/\\\/valokuvakeskusnykyaika.fi\\\/tero-puha-splitting-the-mirror\\\/#primaryimage\"},\"thumbnailUrl\":\"https:\\\/\\\/valokuvakeskusnykyaika.fi\\\/wp-content\\\/uploads\\\/2019\\\/09\\\/puha_wp-1.jpg\",\"datePublished\":\"2019-09-05T10:54:14+00:00\",\"dateModified\":\"2019-11-02T11:50:07+00:00\",\"breadcrumb\":{\"@id\":\"https:\\\/\\\/valokuvakeskusnykyaika.fi\\\/tero-puha-splitting-the-mirror\\\/#breadcrumb\"},\"inLanguage\":\"en-GB\",\"potentialAction\":[{\"@type\":\"ReadAction\",\"target\":[\"https:\\\/\\\/valokuvakeskusnykyaika.fi\\\/tero-puha-splitting-the-mirror\\\/\"]}]},{\"@type\":\"ImageObject\",\"inLanguage\":\"en-GB\",\"@id\":\"https:\\\/\\\/valokuvakeskusnykyaika.fi\\\/tero-puha-splitting-the-mirror\\\/#primaryimage\",\"url\":\"https:\\\/\\\/valokuvakeskusnykyaika.fi\\\/wp-content\\\/uploads\\\/2019\\\/09\\\/puha_wp-1.jpg\",\"contentUrl\":\"https:\\\/\\\/valokuvakeskusnykyaika.fi\\\/wp-content\\\/uploads\\\/2019\\\/09\\\/puha_wp-1.jpg\",\"width\":1540,\"height\":1920,\"caption\":\"Tero Puha\"},{\"@type\":\"BreadcrumbList\",\"@id\":\"https:\\\/\\\/valokuvakeskusnykyaika.fi\\\/tero-puha-splitting-the-mirror\\\/#breadcrumb\",\"itemListElement\":[{\"@type\":\"ListItem\",\"position\":1,\"name\":\"Etusivu\",\"item\":\"https:\\\/\\\/valokuvakeskusnykyaika.fi\\\/\"},{\"@type\":\"ListItem\",\"position\":2,\"name\":\"Tero Puha: Splitting the Mirror\"}]},{\"@type\":\"WebSite\",\"@id\":\"https:\\\/\\\/valokuvakeskusnykyaika.fi\\\/#website\",\"url\":\"https:\\\/\\\/valokuvakeskusnykyaika.fi\\\/\",\"name\":\"Valokuvakeskus Nykyaika\",\"description\":\"Nykyaika on avoin kohtaamispaikka kaikille valokuvataiteen yst\u00e4ville\",\"publisher\":{\"@id\":\"https:\\\/\\\/valokuvakeskusnykyaika.fi\\\/#organization\"},\"potentialAction\":[{\"@type\":\"SearchAction\",\"target\":{\"@type\":\"EntryPoint\",\"urlTemplate\":\"https:\\\/\\\/valokuvakeskusnykyaika.fi\\\/?s={search_term_string}\"},\"query-input\":{\"@type\":\"PropertyValueSpecification\",\"valueRequired\":true,\"valueName\":\"search_term_string\"}}],\"inLanguage\":\"en-GB\"},{\"@type\":\"Organization\",\"@id\":\"https:\\\/\\\/valokuvakeskusnykyaika.fi\\\/#organization\",\"name\":\"Valokuvakeskus Nykyaika\",\"url\":\"https:\\\/\\\/valokuvakeskusnykyaika.fi\\\/\",\"logo\":{\"@type\":\"ImageObject\",\"inLanguage\":\"en-GB\",\"@id\":\"https:\\\/\\\/valokuvakeskusnykyaika.fi\\\/#\\\/schema\\\/logo\\\/image\\\/\",\"url\":\"https:\\\/\\\/valokuvakeskusnykyaika.fi\\\/wp-content\\\/uploads\\\/2019\\\/01\\\/NY-Valokuvakeskus-logo-pieni.png\",\"contentUrl\":\"https:\\\/\\\/valokuvakeskusnykyaika.fi\\\/wp-content\\\/uploads\\\/2019\\\/01\\\/NY-Valokuvakeskus-logo-pieni.png\",\"width\":300,\"height\":314,\"caption\":\"Valokuvakeskus Nykyaika\"},\"image\":{\"@id\":\"https:\\\/\\\/valokuvakeskusnykyaika.fi\\\/#\\\/schema\\\/logo\\\/image\\\/\"},\"sameAs\":[\"https:\\\/\\\/www.facebook.com\\\/valokuvakeskus.nykyaika\\\/\",\"https:\\\/\\\/x.com\\\/nykyaika\",\"https:\\\/\\\/www.instagram.com\\\/nykyaika\\\/\"]},{\"@type\":\"Person\",\"@id\":\"https:\\\/\\\/valokuvakeskusnykyaika.fi\\\/#\\\/schema\\\/person\\\/41ef90f7d89984ccaca756c8d4241c19\",\"name\":\"info.nykyaika@backlight.fi\",\"url\":\"https:\\\/\\\/valokuvakeskusnykyaika.fi\\\/en\\\/author\\\/info-nykyaikabacklight-fi\\\/\"}]}<\/script>\n<!-- \/ Yoast SEO plugin. -->","yoast_head_json":{"title":"Tero Puha: Splitting the Mirror - Valokuvakeskus Nykyaika","robots":{"index":"index","follow":"follow","max-snippet":"max-snippet:-1","max-image-preview":"max-image-preview:large","max-video-preview":"max-video-preview:-1"},"canonical":"https:\/\/valokuvakeskusnykyaika.fi\/en\/tero-puha-splitting-the-mirror\/","og_locale":"en_GB","og_type":"article","og_title":"Tero Puha: Splitting the Mirror - Valokuvakeskus Nykyaika","og_description":"Tero Puha: Splitting the Mirror N\u00e4yttely I Exhibition 5.\u201328.10.2019 Nykyajan galleriassa. Avajaiset perjantaina I Vernissage on Friday 4.10.2019 klo 17-19, tervetuloa! I Welcome!(For English summary -&gt; please scroll) Tero Puhan uudessa n\u00e4yttelyss\u00e4 n\u00e4hd\u00e4\u00e4n maailman ensi-iltansa Nykyajassa saava lyhytelokuva Original, sek\u00e4 ennenn\u00e4kem\u00e4tt\u00f6mi\u00e4 valokuvateoksia vuosilta 1995-2019. Nykytaiteen kent\u00e4ll\u00e4 toimiva Puha tunnetaan kuvamanipulaatioita, graafisia elementtej\u00e4 sek\u00e4 performansseja sis\u00e4lt\u00e4vist\u00e4 [&hellip;]","og_url":"https:\/\/valokuvakeskusnykyaika.fi\/en\/tero-puha-splitting-the-mirror\/","og_site_name":"Valokuvakeskus Nykyaika","article_publisher":"https:\/\/www.facebook.com\/valokuvakeskus.nykyaika\/","article_published_time":"2019-09-05T10:54:14+00:00","article_modified_time":"2019-11-02T11:50:07+00:00","og_image":[{"width":1540,"height":1920,"url":"https:\/\/valokuvakeskusnykyaika.fi\/wp-content\/uploads\/2019\/09\/puha_wp-1.jpg","type":"image\/jpeg"}],"author":"info.nykyaika@backlight.fi","twitter_card":"summary_large_image","twitter_creator":"@nykyaika","twitter_site":"@nykyaika","twitter_misc":{"Written by":"info.nykyaika@backlight.fi","Estimated reading time":"2 minutes"},"schema":{"@context":"https:\/\/schema.org","@graph":[{"@type":"Article","@id":"https:\/\/valokuvakeskusnykyaika.fi\/tero-puha-splitting-the-mirror\/#article","isPartOf":{"@id":"https:\/\/valokuvakeskusnykyaika.fi\/tero-puha-splitting-the-mirror\/"},"author":{"name":"info.nykyaika@backlight.fi","@id":"https:\/\/valokuvakeskusnykyaika.fi\/#\/schema\/person\/41ef90f7d89984ccaca756c8d4241c19"},"headline":"Tero Puha: Splitting the Mirror","datePublished":"2019-09-05T10:54:14+00:00","dateModified":"2019-11-02T11:50:07+00:00","mainEntityOfPage":{"@id":"https:\/\/valokuvakeskusnykyaika.fi\/tero-puha-splitting-the-mirror\/"},"wordCount":451,"publisher":{"@id":"https:\/\/valokuvakeskusnykyaika.fi\/#organization"},"image":{"@id":"https:\/\/valokuvakeskusnykyaika.fi\/tero-puha-splitting-the-mirror\/#primaryimage"},"thumbnailUrl":"https:\/\/valokuvakeskusnykyaika.fi\/wp-content\/uploads\/2019\/09\/puha_wp-1.jpg","articleSection":["Menneet"],"inLanguage":"en-GB"},{"@type":"WebPage","@id":"https:\/\/valokuvakeskusnykyaika.fi\/tero-puha-splitting-the-mirror\/","url":"https:\/\/valokuvakeskusnykyaika.fi\/tero-puha-splitting-the-mirror\/","name":"Tero Puha: Splitting the Mirror - Valokuvakeskus Nykyaika","isPartOf":{"@id":"https:\/\/valokuvakeskusnykyaika.fi\/#website"},"primaryImageOfPage":{"@id":"https:\/\/valokuvakeskusnykyaika.fi\/tero-puha-splitting-the-mirror\/#primaryimage"},"image":{"@id":"https:\/\/valokuvakeskusnykyaika.fi\/tero-puha-splitting-the-mirror\/#primaryimage"},"thumbnailUrl":"https:\/\/valokuvakeskusnykyaika.fi\/wp-content\/uploads\/2019\/09\/puha_wp-1.jpg","datePublished":"2019-09-05T10:54:14+00:00","dateModified":"2019-11-02T11:50:07+00:00","breadcrumb":{"@id":"https:\/\/valokuvakeskusnykyaika.fi\/tero-puha-splitting-the-mirror\/#breadcrumb"},"inLanguage":"en-GB","potentialAction":[{"@type":"ReadAction","target":["https:\/\/valokuvakeskusnykyaika.fi\/tero-puha-splitting-the-mirror\/"]}]},{"@type":"ImageObject","inLanguage":"en-GB","@id":"https:\/\/valokuvakeskusnykyaika.fi\/tero-puha-splitting-the-mirror\/#primaryimage","url":"https:\/\/valokuvakeskusnykyaika.fi\/wp-content\/uploads\/2019\/09\/puha_wp-1.jpg","contentUrl":"https:\/\/valokuvakeskusnykyaika.fi\/wp-content\/uploads\/2019\/09\/puha_wp-1.jpg","width":1540,"height":1920,"caption":"Tero Puha"},{"@type":"BreadcrumbList","@id":"https:\/\/valokuvakeskusnykyaika.fi\/tero-puha-splitting-the-mirror\/#breadcrumb","itemListElement":[{"@type":"ListItem","position":1,"name":"Etusivu","item":"https:\/\/valokuvakeskusnykyaika.fi\/"},{"@type":"ListItem","position":2,"name":"Tero Puha: Splitting the Mirror"}]},{"@type":"WebSite","@id":"https:\/\/valokuvakeskusnykyaika.fi\/#website","url":"https:\/\/valokuvakeskusnykyaika.fi\/","name":"Photographic Centre Nykyaika","description":"Nykyaika on avoin kohtaamispaikka kaikille valokuvataiteen yst\u00e4ville","publisher":{"@id":"https:\/\/valokuvakeskusnykyaika.fi\/#organization"},"potentialAction":[{"@type":"SearchAction","target":{"@type":"EntryPoint","urlTemplate":"https:\/\/valokuvakeskusnykyaika.fi\/?s={search_term_string}"},"query-input":{"@type":"PropertyValueSpecification","valueRequired":true,"valueName":"search_term_string"}}],"inLanguage":"en-GB"},{"@type":"Organization","@id":"https:\/\/valokuvakeskusnykyaika.fi\/#organization","name":"Photographic Centre Nykyaika","url":"https:\/\/valokuvakeskusnykyaika.fi\/","logo":{"@type":"ImageObject","inLanguage":"en-GB","@id":"https:\/\/valokuvakeskusnykyaika.fi\/#\/schema\/logo\/image\/","url":"https:\/\/valokuvakeskusnykyaika.fi\/wp-content\/uploads\/2019\/01\/NY-Valokuvakeskus-logo-pieni.png","contentUrl":"https:\/\/valokuvakeskusnykyaika.fi\/wp-content\/uploads\/2019\/01\/NY-Valokuvakeskus-logo-pieni.png","width":300,"height":314,"caption":"Valokuvakeskus Nykyaika"},"image":{"@id":"https:\/\/valokuvakeskusnykyaika.fi\/#\/schema\/logo\/image\/"},"sameAs":["https:\/\/www.facebook.com\/valokuvakeskus.nykyaika\/","https:\/\/x.com\/nykyaika","https:\/\/www.instagram.com\/nykyaika\/"]},{"@type":"Person","@id":"https:\/\/valokuvakeskusnykyaika.fi\/#\/schema\/person\/41ef90f7d89984ccaca756c8d4241c19","name":"info.nykyaika@backlight.fi","url":"https:\/\/valokuvakeskusnykyaika.fi\/en\/author\/info-nykyaikabacklight-fi\/"}]}},"_links":{"self":[{"href":"https:\/\/valokuvakeskusnykyaika.fi\/en\/wp-json\/wp\/v2\/posts\/3977","targetHints":{"allow":["GET"]}}],"collection":[{"href":"https:\/\/valokuvakeskusnykyaika.fi\/en\/wp-json\/wp\/v2\/posts"}],"about":[{"href":"https:\/\/valokuvakeskusnykyaika.fi\/en\/wp-json\/wp\/v2\/types\/post"}],"author":[{"embeddable":true,"href":"https:\/\/valokuvakeskusnykyaika.fi\/en\/wp-json\/wp\/v2\/users\/6"}],"replies":[{"embeddable":true,"href":"https:\/\/valokuvakeskusnykyaika.fi\/en\/wp-json\/wp\/v2\/comments?post=3977"}],"version-history":[{"count":5,"href":"https:\/\/valokuvakeskusnykyaika.fi\/en\/wp-json\/wp\/v2\/posts\/3977\/revisions"}],"predecessor-version":[{"id":4069,"href":"https:\/\/valokuvakeskusnykyaika.fi\/en\/wp-json\/wp\/v2\/posts\/3977\/revisions\/4069"}],"wp:featuredmedia":[{"embeddable":true,"href":"https:\/\/valokuvakeskusnykyaika.fi\/en\/wp-json\/wp\/v2\/media\/3979"}],"wp:attachment":[{"href":"https:\/\/valokuvakeskusnykyaika.fi\/en\/wp-json\/wp\/v2\/media?parent=3977"}],"wp:term":[{"taxonomy":"category","embeddable":true,"href":"https:\/\/valokuvakeskusnykyaika.fi\/en\/wp-json\/wp\/v2\/categories?post=3977"},{"taxonomy":"post_tag","embeddable":true,"href":"https:\/\/valokuvakeskusnykyaika.fi\/en\/wp-json\/wp\/v2\/tags?post=3977"}],"curies":[{"name":"wp","href":"https:\/\/api.w.org\/{rel}","templated":true}]}}