{"id":3981,"date":"2019-09-05T15:27:11","date_gmt":"2019-09-05T12:27:11","guid":{"rendered":"https:\/\/valokuvakeskusnykyaika.fi\/?p=3981"},"modified":"2019-11-02T13:50:22","modified_gmt":"2019-11-02T11:50:22","slug":"tuomas-linna-silverstar-keksijanuorukainen-silvo-sokka","status":"publish","type":"post","link":"https:\/\/valokuvakeskusnykyaika.fi\/en\/tuomas-linna-silverstar-keksijanuorukainen-silvo-sokka\/","title":{"rendered":"Tuomas Linna: Silverstar \u2013 Keksij\u00e4nuorukainen Silvo Sokka"},"content":{"rendered":"<p>Tuomas Linna:<br>Silverstar \u2013 Keksij\u00e4nuorukainen Silvo Sokka <br>Silverstar &#8211; The young inventor Silvo Sokka<\/p>\n\n\n\n<p>N\u00e4yttely I Exhibition 5.10.\u201328.10.2019 Nykyajan studiossa. <br>Avajaiset perjantaina I Vernissage on Friday 4.10. klo 17.00-19.00, Tervetuloa! I Welcome!<\/p>\n\n\n\n<p>(For English summary -&gt; please scroll)<\/p>\n\n\n\n<p>K\u00e4vin is\u00e4ni j\u00e4\u00e4mist\u00f6\u00e4 l\u00e4pi. L\u00f6ysin h\u00e4nen arkistoistaan ruskeassa kirjekuoressa olevan puheen ja puheeseen liittyv\u00e4n aineiston. Puheessa is\u00e4ni k\u00e4sitteli asuinymp\u00e4rist\u00f6\u00e4mme, joka oli toiminut sensaatiomaisen rakettilennon yhten\u00e4 n\u00e4ytt\u00e4m\u00f6ist\u00e4.<br>Vuosien p\u00e4\u00e4st\u00e4 aloin etsim\u00e4\u00e4n tietoa tarinasta &#8211; hy\u00f6dynt\u00e4en is\u00e4ni lahjaksi j\u00e4tt\u00e4m\u00e4\u00e4 aineistoa.<\/p>\n\n\n\n<p>Tuomas Linnan Silverstar &#8211; Keksij\u00e4nuoruokainen Silvo Sokka -n\u00e4yttely k\u00e4sittelee lokakuussa 1948 tapahtunutta sensaatiomaista rakettilentoa. 17-vuotias Silvo Sauli Sakari Sokka lensi omatekoisella reaktiok\u00e4ytt\u00f6isell\u00e4 raketilla 3,5 minuutissa 50 kilometrin matkan Kuopiosta Suonenjoelle.<br>Silvo Sokka oli niin kansallisen kuin kansainv\u00e4lisen lehdist\u00f6n valokeilassa. Viikonlopun kest\u00e4neen lehdist\u00f6n uutisoinnin ja poliisikuulusteluiden j\u00e4lkeen Sokka tunnusti keksineens\u00e4 koko tarinan.<br>Reaktiok\u00e4ytt\u00f6inen raketti olikin ollut polkupy\u00f6r\u00e4 ja k\u00e4ytetyt minuutit tunteja.<\/p>\n\n\n\n<p>Linnan Silverstar &#8211; Keksij\u00e4nuorukainen Silvo Sokka -n\u00e4yttelyss\u00e4 on esill\u00e4 Silverstar -raketin pienoismalli. Pienoismalli, jonka Kauppaneuvos Hallman lupautui kustantamaan kuopiolaisen ammuslataamon suorittamana jo lokakuussa 1948.<br>Interaktiivisessa \u00e4\u00e4ni-installaatiossa kuullaan Silvo Sokan apuna ty\u00f6skennelleen saksalaisen insin\u00f6\u00f6rin Ganzeugen allekirjoittama kirje, mik\u00e4 oli toimitettu Savo -lehden konttoriin lokakuussa 1948.<br>\u00c4\u00e4nen teokselle on antanut saksalaisen avaruusinsin\u00f6\u00f6rin Adolf Busemannin sukulainen ja Etel\u00e4-Savon huvilalla kesi\u00e4 viett\u00e4v\u00e4 Carsten Krage.<\/p>\n\n\n\n<p>Vaikka Silvo Sokka tunnusti keksineens\u00e4 koko tarinan, Linna kysyy Helsingin Sanomien k\u00e4ytt\u00e4mill\u00e4 sanoilla: Onko yll\u00e4tt\u00e4v\u00e4 k\u00e4\u00e4nne silti viel\u00e4 mahdollinen? Onko Silvo Sokka sittenkin lent\u00e4nyt suunnittelemallaan raketilla? Ja oliko Ganzeugen vain salanimi Busemannille?<\/p>\n\n\n\n<p>Nero Silvo Sokka ainakin oli, kuten kuopiolainen kenraali tiesi kertoa vuonna 1948.<\/p>\n\n\n\n<p>Tuomas Linna (s. 1985) asuu ja ty\u00f6skentelee Espoossa. Valokuvakeskus Nykyajassa oleva Silverstar &#8211; Keksij\u00e4nuorukainen Silvo Sokka -n\u00e4yttely on j\u00e4rjestyksess\u00e4\u00e4n toinen. Ensimm\u00e4inen n\u00e4yttely oli esill\u00e4 7.10.2018, tarkalleen 70-vuotta tapahtuman j\u00e4lkeen, Third Space Galleriassa, Helsingiss\u00e4. Juhlan\u00e4yttelyn yhteydess\u00e4 Linna julkaisi sensaatiomaista rakettilentoa k\u00e4sittelev\u00e4n taiteilijakirjan. Silverstar &#8211; Keksij\u00e4nuorukainen Silvo Sokka -taiteilijakirjaa sek\u00e4 Linnan ty\u00f6skentely\u00e4 on tukenut ja tukee Taiteen Edist\u00e4miskeskus.<\/p>\n\n\n\n<p>\/\/<\/p>\n\n\n\n<p>Lauantaina 5.10.2019 klo 14 j\u00e4rjestet\u00e4\u00e4n Silverstar &#8211; Keksij\u00e4nuorukainen Silvo Sokka -keskustelutilaisuus Valokuvakeskus Nykyajassa. Keskustelutilaisuuteen osallistuu Tuomas Linnan lis\u00e4ksi Silvo Sokan rakettilennosta Hopeat\u00e4hden lento -kirjan julkaissut Paavo Romppainen, sed\u00e4st\u00e4\u00e4n Silvo Sokasta romaanin kirjoittanut Riitta Salke sek\u00e4 Silvo Sokan uskomaton rakettilento -dokumentti-sarjan Ylelle toimittanut toimittaja-dokumentaristi Sakari Silvola.<\/p>\n\n\n\n<p>*<\/p>\n\n\n\n<p>On October 7th, 1948, the young inventor Silvo Sokka carried out his \u201cSensational rocket flight from Kuopio to Suonenjoki \u2013 50km distance in 3,5 minutes with a self-made reactive machine.<\/p>\n\n\n\n<p>Tuomas Linna (b. 1985) lives and works in Espoo.<\/p>\n\n\n\n<p><a href=\"https:\/\/www.tuomaslinna.com\">https:\/\/www.tuomaslinna.com<\/a><\/p>","protected":false},"excerpt":{"rendered":"<p>Tuomas Linna:Silverstar \u2013 Keksij\u00e4nuorukainen Silvo Sokka Silverstar &#8211; The young inventor Silvo Sokka N\u00e4yttely I Exhibition 5.10.\u201328.10.2019 Nykyajan studiossa. Avajaiset perjantaina I Vernissage on Friday 4.10. klo 17.00-19.00, Tervetuloa! I Welcome! (For English summary -&gt; please scroll) K\u00e4vin is\u00e4ni j\u00e4\u00e4mist\u00f6\u00e4 l\u00e4pi. L\u00f6ysin h\u00e4nen arkistoistaan ruskeassa kirjekuoressa olevan puheen ja puheeseen liittyv\u00e4n aineiston. Puheessa is\u00e4ni k\u00e4sitteli [&hellip;]<\/p>\n","protected":false},"author":6,"featured_media":3989,"comment_status":"closed","ping_status":"closed","sticky":false,"template":"","format":"standard","meta":{"iawp_total_views":56,"footnotes":""},"categories":[4],"tags":[],"class_list":["post-3981","post","type-post","status-publish","format-standard","has-post-thumbnail","hentry","category-menneet"],"yoast_head":"<!-- This site is optimized with the Yoast SEO plugin v27.5 - https:\/\/yoast.com\/product\/yoast-seo-wordpress\/ -->\n<title>Tuomas Linna: Silverstar \u2013 Keksij\u00e4nuorukainen Silvo Sokka - Valokuvakeskus Nykyaika<\/title>\n<meta name=\"robots\" content=\"index, follow, max-snippet:-1, max-image-preview:large, max-video-preview:-1\" \/>\n<link rel=\"canonical\" href=\"https:\/\/valokuvakeskusnykyaika.fi\/en\/tuomas-linna-silverstar-keksijanuorukainen-silvo-sokka\/\" \/>\n<meta property=\"og:locale\" content=\"en_GB\" \/>\n<meta property=\"og:type\" content=\"article\" \/>\n<meta property=\"og:title\" content=\"Tuomas Linna: Silverstar \u2013 Keksij\u00e4nuorukainen Silvo Sokka - Valokuvakeskus Nykyaika\" \/>\n<meta property=\"og:description\" content=\"Tuomas Linna:Silverstar \u2013 Keksij\u00e4nuorukainen Silvo Sokka Silverstar &#8211; The young inventor Silvo Sokka N\u00e4yttely I Exhibition 5.10.\u201328.10.2019 Nykyajan studiossa. Avajaiset perjantaina I Vernissage on Friday 4.10. klo 17.00-19.00, Tervetuloa! I Welcome! (For English summary -&gt; please scroll) K\u00e4vin is\u00e4ni j\u00e4\u00e4mist\u00f6\u00e4 l\u00e4pi. L\u00f6ysin h\u00e4nen arkistoistaan ruskeassa kirjekuoressa olevan puheen ja puheeseen liittyv\u00e4n aineiston. Puheessa is\u00e4ni k\u00e4sitteli [&hellip;]\" \/>\n<meta property=\"og:url\" content=\"https:\/\/valokuvakeskusnykyaika.fi\/en\/tuomas-linna-silverstar-keksijanuorukainen-silvo-sokka\/\" \/>\n<meta property=\"og:site_name\" content=\"Valokuvakeskus Nykyaika\" \/>\n<meta property=\"article:publisher\" content=\"https:\/\/www.facebook.com\/valokuvakeskus.nykyaika\/\" \/>\n<meta property=\"article:published_time\" content=\"2019-09-05T12:27:11+00:00\" \/>\n<meta property=\"article:modified_time\" content=\"2019-11-02T11:50:22+00:00\" \/>\n<meta property=\"og:image\" content=\"https:\/\/valokuvakeskusnykyaika.fi\/wp-content\/uploads\/2019\/09\/Tuomas-Linna-Silverstar-Keksijanuorukainen-Silvo-Sokka-001.jpg\" \/>\n\t<meta property=\"og:image:width\" content=\"2723\" \/>\n\t<meta property=\"og:image:height\" content=\"2042\" \/>\n\t<meta property=\"og:image:type\" content=\"image\/jpeg\" \/>\n<meta name=\"author\" content=\"info.nykyaika@backlight.fi\" \/>\n<meta name=\"twitter:card\" content=\"summary_large_image\" \/>\n<meta name=\"twitter:creator\" content=\"@nykyaika\" \/>\n<meta name=\"twitter:site\" content=\"@nykyaika\" \/>\n<meta name=\"twitter:label1\" content=\"Written by\" \/>\n\t<meta name=\"twitter:data1\" content=\"info.nykyaika@backlight.fi\" \/>\n\t<meta name=\"twitter:label2\" content=\"Estimated reading time\" \/>\n\t<meta name=\"twitter:data2\" content=\"2 minutes\" \/>\n<script type=\"application\/ld+json\" class=\"yoast-schema-graph\">{\"@context\":\"https:\\\/\\\/schema.org\",\"@graph\":[{\"@type\":\"Article\",\"@id\":\"https:\\\/\\\/valokuvakeskusnykyaika.fi\\\/tuomas-linna-silverstar-keksijanuorukainen-silvo-sokka\\\/#article\",\"isPartOf\":{\"@id\":\"https:\\\/\\\/valokuvakeskusnykyaika.fi\\\/tuomas-linna-silverstar-keksijanuorukainen-silvo-sokka\\\/\"},\"author\":{\"name\":\"info.nykyaika@backlight.fi\",\"@id\":\"https:\\\/\\\/valokuvakeskusnykyaika.fi\\\/#\\\/schema\\\/person\\\/41ef90f7d89984ccaca756c8d4241c19\"},\"headline\":\"Tuomas Linna: Silverstar \u2013 Keksij\u00e4nuorukainen Silvo Sokka\",\"datePublished\":\"2019-09-05T12:27:11+00:00\",\"dateModified\":\"2019-11-02T11:50:22+00:00\",\"mainEntityOfPage\":{\"@id\":\"https:\\\/\\\/valokuvakeskusnykyaika.fi\\\/tuomas-linna-silverstar-keksijanuorukainen-silvo-sokka\\\/\"},\"wordCount\":446,\"publisher\":{\"@id\":\"https:\\\/\\\/valokuvakeskusnykyaika.fi\\\/#organization\"},\"image\":{\"@id\":\"https:\\\/\\\/valokuvakeskusnykyaika.fi\\\/tuomas-linna-silverstar-keksijanuorukainen-silvo-sokka\\\/#primaryimage\"},\"thumbnailUrl\":\"https:\\\/\\\/valokuvakeskusnykyaika.fi\\\/wp-content\\\/uploads\\\/2019\\\/09\\\/Tuomas-Linna-Silverstar-Keksijanuorukainen-Silvo-Sokka-001.jpg\",\"articleSection\":[\"Menneet\"],\"inLanguage\":\"en-GB\"},{\"@type\":\"WebPage\",\"@id\":\"https:\\\/\\\/valokuvakeskusnykyaika.fi\\\/tuomas-linna-silverstar-keksijanuorukainen-silvo-sokka\\\/\",\"url\":\"https:\\\/\\\/valokuvakeskusnykyaika.fi\\\/tuomas-linna-silverstar-keksijanuorukainen-silvo-sokka\\\/\",\"name\":\"Tuomas Linna: Silverstar \u2013 Keksij\u00e4nuorukainen Silvo Sokka - Valokuvakeskus Nykyaika\",\"isPartOf\":{\"@id\":\"https:\\\/\\\/valokuvakeskusnykyaika.fi\\\/#website\"},\"primaryImageOfPage\":{\"@id\":\"https:\\\/\\\/valokuvakeskusnykyaika.fi\\\/tuomas-linna-silverstar-keksijanuorukainen-silvo-sokka\\\/#primaryimage\"},\"image\":{\"@id\":\"https:\\\/\\\/valokuvakeskusnykyaika.fi\\\/tuomas-linna-silverstar-keksijanuorukainen-silvo-sokka\\\/#primaryimage\"},\"thumbnailUrl\":\"https:\\\/\\\/valokuvakeskusnykyaika.fi\\\/wp-content\\\/uploads\\\/2019\\\/09\\\/Tuomas-Linna-Silverstar-Keksijanuorukainen-Silvo-Sokka-001.jpg\",\"datePublished\":\"2019-09-05T12:27:11+00:00\",\"dateModified\":\"2019-11-02T11:50:22+00:00\",\"breadcrumb\":{\"@id\":\"https:\\\/\\\/valokuvakeskusnykyaika.fi\\\/tuomas-linna-silverstar-keksijanuorukainen-silvo-sokka\\\/#breadcrumb\"},\"inLanguage\":\"en-GB\",\"potentialAction\":[{\"@type\":\"ReadAction\",\"target\":[\"https:\\\/\\\/valokuvakeskusnykyaika.fi\\\/tuomas-linna-silverstar-keksijanuorukainen-silvo-sokka\\\/\"]}]},{\"@type\":\"ImageObject\",\"inLanguage\":\"en-GB\",\"@id\":\"https:\\\/\\\/valokuvakeskusnykyaika.fi\\\/tuomas-linna-silverstar-keksijanuorukainen-silvo-sokka\\\/#primaryimage\",\"url\":\"https:\\\/\\\/valokuvakeskusnykyaika.fi\\\/wp-content\\\/uploads\\\/2019\\\/09\\\/Tuomas-Linna-Silverstar-Keksijanuorukainen-Silvo-Sokka-001.jpg\",\"contentUrl\":\"https:\\\/\\\/valokuvakeskusnykyaika.fi\\\/wp-content\\\/uploads\\\/2019\\\/09\\\/Tuomas-Linna-Silverstar-Keksijanuorukainen-Silvo-Sokka-001.jpg\",\"width\":2723,\"height\":2042},{\"@type\":\"BreadcrumbList\",\"@id\":\"https:\\\/\\\/valokuvakeskusnykyaika.fi\\\/tuomas-linna-silverstar-keksijanuorukainen-silvo-sokka\\\/#breadcrumb\",\"itemListElement\":[{\"@type\":\"ListItem\",\"position\":1,\"name\":\"Etusivu\",\"item\":\"https:\\\/\\\/valokuvakeskusnykyaika.fi\\\/\"},{\"@type\":\"ListItem\",\"position\":2,\"name\":\"Tuomas Linna: Silverstar \u2013 Keksij\u00e4nuorukainen Silvo Sokka\"}]},{\"@type\":\"WebSite\",\"@id\":\"https:\\\/\\\/valokuvakeskusnykyaika.fi\\\/#website\",\"url\":\"https:\\\/\\\/valokuvakeskusnykyaika.fi\\\/\",\"name\":\"Valokuvakeskus Nykyaika\",\"description\":\"Nykyaika on avoin kohtaamispaikka kaikille valokuvataiteen yst\u00e4ville\",\"publisher\":{\"@id\":\"https:\\\/\\\/valokuvakeskusnykyaika.fi\\\/#organization\"},\"potentialAction\":[{\"@type\":\"SearchAction\",\"target\":{\"@type\":\"EntryPoint\",\"urlTemplate\":\"https:\\\/\\\/valokuvakeskusnykyaika.fi\\\/?s={search_term_string}\"},\"query-input\":{\"@type\":\"PropertyValueSpecification\",\"valueRequired\":true,\"valueName\":\"search_term_string\"}}],\"inLanguage\":\"en-GB\"},{\"@type\":\"Organization\",\"@id\":\"https:\\\/\\\/valokuvakeskusnykyaika.fi\\\/#organization\",\"name\":\"Valokuvakeskus Nykyaika\",\"url\":\"https:\\\/\\\/valokuvakeskusnykyaika.fi\\\/\",\"logo\":{\"@type\":\"ImageObject\",\"inLanguage\":\"en-GB\",\"@id\":\"https:\\\/\\\/valokuvakeskusnykyaika.fi\\\/#\\\/schema\\\/logo\\\/image\\\/\",\"url\":\"https:\\\/\\\/valokuvakeskusnykyaika.fi\\\/wp-content\\\/uploads\\\/2019\\\/01\\\/NY-Valokuvakeskus-logo-pieni.png\",\"contentUrl\":\"https:\\\/\\\/valokuvakeskusnykyaika.fi\\\/wp-content\\\/uploads\\\/2019\\\/01\\\/NY-Valokuvakeskus-logo-pieni.png\",\"width\":300,\"height\":314,\"caption\":\"Valokuvakeskus Nykyaika\"},\"image\":{\"@id\":\"https:\\\/\\\/valokuvakeskusnykyaika.fi\\\/#\\\/schema\\\/logo\\\/image\\\/\"},\"sameAs\":[\"https:\\\/\\\/www.facebook.com\\\/valokuvakeskus.nykyaika\\\/\",\"https:\\\/\\\/x.com\\\/nykyaika\",\"https:\\\/\\\/www.instagram.com\\\/nykyaika\\\/\"]},{\"@type\":\"Person\",\"@id\":\"https:\\\/\\\/valokuvakeskusnykyaika.fi\\\/#\\\/schema\\\/person\\\/41ef90f7d89984ccaca756c8d4241c19\",\"name\":\"info.nykyaika@backlight.fi\",\"url\":\"https:\\\/\\\/valokuvakeskusnykyaika.fi\\\/en\\\/author\\\/info-nykyaikabacklight-fi\\\/\"}]}<\/script>\n<!-- \/ Yoast SEO plugin. -->","yoast_head_json":{"title":"Tuomas Linna: Silverstar \u2013 Keksij\u00e4nuorukainen Silvo Sokka - Valokuvakeskus Nykyaika","robots":{"index":"index","follow":"follow","max-snippet":"max-snippet:-1","max-image-preview":"max-image-preview:large","max-video-preview":"max-video-preview:-1"},"canonical":"https:\/\/valokuvakeskusnykyaika.fi\/en\/tuomas-linna-silverstar-keksijanuorukainen-silvo-sokka\/","og_locale":"en_GB","og_type":"article","og_title":"Tuomas Linna: Silverstar \u2013 Keksij\u00e4nuorukainen Silvo Sokka - Valokuvakeskus Nykyaika","og_description":"Tuomas Linna:Silverstar \u2013 Keksij\u00e4nuorukainen Silvo Sokka Silverstar &#8211; The young inventor Silvo Sokka N\u00e4yttely I Exhibition 5.10.\u201328.10.2019 Nykyajan studiossa. Avajaiset perjantaina I Vernissage on Friday 4.10. klo 17.00-19.00, Tervetuloa! I Welcome! (For English summary -&gt; please scroll) K\u00e4vin is\u00e4ni j\u00e4\u00e4mist\u00f6\u00e4 l\u00e4pi. L\u00f6ysin h\u00e4nen arkistoistaan ruskeassa kirjekuoressa olevan puheen ja puheeseen liittyv\u00e4n aineiston. Puheessa is\u00e4ni k\u00e4sitteli [&hellip;]","og_url":"https:\/\/valokuvakeskusnykyaika.fi\/en\/tuomas-linna-silverstar-keksijanuorukainen-silvo-sokka\/","og_site_name":"Valokuvakeskus Nykyaika","article_publisher":"https:\/\/www.facebook.com\/valokuvakeskus.nykyaika\/","article_published_time":"2019-09-05T12:27:11+00:00","article_modified_time":"2019-11-02T11:50:22+00:00","og_image":[{"width":2723,"height":2042,"url":"https:\/\/valokuvakeskusnykyaika.fi\/wp-content\/uploads\/2019\/09\/Tuomas-Linna-Silverstar-Keksijanuorukainen-Silvo-Sokka-001.jpg","type":"image\/jpeg"}],"author":"info.nykyaika@backlight.fi","twitter_card":"summary_large_image","twitter_creator":"@nykyaika","twitter_site":"@nykyaika","twitter_misc":{"Written by":"info.nykyaika@backlight.fi","Estimated reading time":"2 minutes"},"schema":{"@context":"https:\/\/schema.org","@graph":[{"@type":"Article","@id":"https:\/\/valokuvakeskusnykyaika.fi\/tuomas-linna-silverstar-keksijanuorukainen-silvo-sokka\/#article","isPartOf":{"@id":"https:\/\/valokuvakeskusnykyaika.fi\/tuomas-linna-silverstar-keksijanuorukainen-silvo-sokka\/"},"author":{"name":"info.nykyaika@backlight.fi","@id":"https:\/\/valokuvakeskusnykyaika.fi\/#\/schema\/person\/41ef90f7d89984ccaca756c8d4241c19"},"headline":"Tuomas Linna: Silverstar \u2013 Keksij\u00e4nuorukainen Silvo Sokka","datePublished":"2019-09-05T12:27:11+00:00","dateModified":"2019-11-02T11:50:22+00:00","mainEntityOfPage":{"@id":"https:\/\/valokuvakeskusnykyaika.fi\/tuomas-linna-silverstar-keksijanuorukainen-silvo-sokka\/"},"wordCount":446,"publisher":{"@id":"https:\/\/valokuvakeskusnykyaika.fi\/#organization"},"image":{"@id":"https:\/\/valokuvakeskusnykyaika.fi\/tuomas-linna-silverstar-keksijanuorukainen-silvo-sokka\/#primaryimage"},"thumbnailUrl":"https:\/\/valokuvakeskusnykyaika.fi\/wp-content\/uploads\/2019\/09\/Tuomas-Linna-Silverstar-Keksijanuorukainen-Silvo-Sokka-001.jpg","articleSection":["Menneet"],"inLanguage":"en-GB"},{"@type":"WebPage","@id":"https:\/\/valokuvakeskusnykyaika.fi\/tuomas-linna-silverstar-keksijanuorukainen-silvo-sokka\/","url":"https:\/\/valokuvakeskusnykyaika.fi\/tuomas-linna-silverstar-keksijanuorukainen-silvo-sokka\/","name":"Tuomas Linna: Silverstar \u2013 Keksij\u00e4nuorukainen Silvo Sokka - Valokuvakeskus Nykyaika","isPartOf":{"@id":"https:\/\/valokuvakeskusnykyaika.fi\/#website"},"primaryImageOfPage":{"@id":"https:\/\/valokuvakeskusnykyaika.fi\/tuomas-linna-silverstar-keksijanuorukainen-silvo-sokka\/#primaryimage"},"image":{"@id":"https:\/\/valokuvakeskusnykyaika.fi\/tuomas-linna-silverstar-keksijanuorukainen-silvo-sokka\/#primaryimage"},"thumbnailUrl":"https:\/\/valokuvakeskusnykyaika.fi\/wp-content\/uploads\/2019\/09\/Tuomas-Linna-Silverstar-Keksijanuorukainen-Silvo-Sokka-001.jpg","datePublished":"2019-09-05T12:27:11+00:00","dateModified":"2019-11-02T11:50:22+00:00","breadcrumb":{"@id":"https:\/\/valokuvakeskusnykyaika.fi\/tuomas-linna-silverstar-keksijanuorukainen-silvo-sokka\/#breadcrumb"},"inLanguage":"en-GB","potentialAction":[{"@type":"ReadAction","target":["https:\/\/valokuvakeskusnykyaika.fi\/tuomas-linna-silverstar-keksijanuorukainen-silvo-sokka\/"]}]},{"@type":"ImageObject","inLanguage":"en-GB","@id":"https:\/\/valokuvakeskusnykyaika.fi\/tuomas-linna-silverstar-keksijanuorukainen-silvo-sokka\/#primaryimage","url":"https:\/\/valokuvakeskusnykyaika.fi\/wp-content\/uploads\/2019\/09\/Tuomas-Linna-Silverstar-Keksijanuorukainen-Silvo-Sokka-001.jpg","contentUrl":"https:\/\/valokuvakeskusnykyaika.fi\/wp-content\/uploads\/2019\/09\/Tuomas-Linna-Silverstar-Keksijanuorukainen-Silvo-Sokka-001.jpg","width":2723,"height":2042},{"@type":"BreadcrumbList","@id":"https:\/\/valokuvakeskusnykyaika.fi\/tuomas-linna-silverstar-keksijanuorukainen-silvo-sokka\/#breadcrumb","itemListElement":[{"@type":"ListItem","position":1,"name":"Etusivu","item":"https:\/\/valokuvakeskusnykyaika.fi\/"},{"@type":"ListItem","position":2,"name":"Tuomas Linna: Silverstar \u2013 Keksij\u00e4nuorukainen Silvo Sokka"}]},{"@type":"WebSite","@id":"https:\/\/valokuvakeskusnykyaika.fi\/#website","url":"https:\/\/valokuvakeskusnykyaika.fi\/","name":"Photographic Centre Nykyaika","description":"Nykyaika on avoin kohtaamispaikka kaikille valokuvataiteen yst\u00e4ville","publisher":{"@id":"https:\/\/valokuvakeskusnykyaika.fi\/#organization"},"potentialAction":[{"@type":"SearchAction","target":{"@type":"EntryPoint","urlTemplate":"https:\/\/valokuvakeskusnykyaika.fi\/?s={search_term_string}"},"query-input":{"@type":"PropertyValueSpecification","valueRequired":true,"valueName":"search_term_string"}}],"inLanguage":"en-GB"},{"@type":"Organization","@id":"https:\/\/valokuvakeskusnykyaika.fi\/#organization","name":"Photographic Centre Nykyaika","url":"https:\/\/valokuvakeskusnykyaika.fi\/","logo":{"@type":"ImageObject","inLanguage":"en-GB","@id":"https:\/\/valokuvakeskusnykyaika.fi\/#\/schema\/logo\/image\/","url":"https:\/\/valokuvakeskusnykyaika.fi\/wp-content\/uploads\/2019\/01\/NY-Valokuvakeskus-logo-pieni.png","contentUrl":"https:\/\/valokuvakeskusnykyaika.fi\/wp-content\/uploads\/2019\/01\/NY-Valokuvakeskus-logo-pieni.png","width":300,"height":314,"caption":"Valokuvakeskus Nykyaika"},"image":{"@id":"https:\/\/valokuvakeskusnykyaika.fi\/#\/schema\/logo\/image\/"},"sameAs":["https:\/\/www.facebook.com\/valokuvakeskus.nykyaika\/","https:\/\/x.com\/nykyaika","https:\/\/www.instagram.com\/nykyaika\/"]},{"@type":"Person","@id":"https:\/\/valokuvakeskusnykyaika.fi\/#\/schema\/person\/41ef90f7d89984ccaca756c8d4241c19","name":"info.nykyaika@backlight.fi","url":"https:\/\/valokuvakeskusnykyaika.fi\/en\/author\/info-nykyaikabacklight-fi\/"}]}},"_links":{"self":[{"href":"https:\/\/valokuvakeskusnykyaika.fi\/en\/wp-json\/wp\/v2\/posts\/3981","targetHints":{"allow":["GET"]}}],"collection":[{"href":"https:\/\/valokuvakeskusnykyaika.fi\/en\/wp-json\/wp\/v2\/posts"}],"about":[{"href":"https:\/\/valokuvakeskusnykyaika.fi\/en\/wp-json\/wp\/v2\/types\/post"}],"author":[{"embeddable":true,"href":"https:\/\/valokuvakeskusnykyaika.fi\/en\/wp-json\/wp\/v2\/users\/6"}],"replies":[{"embeddable":true,"href":"https:\/\/valokuvakeskusnykyaika.fi\/en\/wp-json\/wp\/v2\/comments?post=3981"}],"version-history":[{"count":3,"href":"https:\/\/valokuvakeskusnykyaika.fi\/en\/wp-json\/wp\/v2\/posts\/3981\/revisions"}],"predecessor-version":[{"id":4002,"href":"https:\/\/valokuvakeskusnykyaika.fi\/en\/wp-json\/wp\/v2\/posts\/3981\/revisions\/4002"}],"wp:featuredmedia":[{"embeddable":true,"href":"https:\/\/valokuvakeskusnykyaika.fi\/en\/wp-json\/wp\/v2\/media\/3989"}],"wp:attachment":[{"href":"https:\/\/valokuvakeskusnykyaika.fi\/en\/wp-json\/wp\/v2\/media?parent=3981"}],"wp:term":[{"taxonomy":"category","embeddable":true,"href":"https:\/\/valokuvakeskusnykyaika.fi\/en\/wp-json\/wp\/v2\/categories?post=3981"},{"taxonomy":"post_tag","embeddable":true,"href":"https:\/\/valokuvakeskusnykyaika.fi\/en\/wp-json\/wp\/v2\/tags?post=3981"}],"curies":[{"name":"wp","href":"https:\/\/api.w.org\/{rel}","templated":true}]}}