{"id":411,"date":"2013-05-24T13:42:44","date_gmt":"2013-05-24T13:42:44","guid":{"rendered":"http:\/\/valokuvakeskusnykyaika.fi\/?p=411"},"modified":"2013-05-24T13:42:27","modified_gmt":"2013-05-24T13:42:27","slug":"sami-kulju-epalineaarinen-paivakirja-2008-2013","status":"publish","type":"post","link":"https:\/\/valokuvakeskusnykyaika.fi\/en\/sami-kulju-epalineaarinen-paivakirja-2008-2013\/","title":{"rendered":"Sami Kulju: Ep\u00e4lineaarinen P\u00e4iv\u00e4kirja 2008 &#8211; 2013"},"content":{"rendered":"<p><strong>TR1 Taidehalli, parvi 17.8.-15.9.2013<\/strong><\/p>\n<p>Visuaalinen havainto muuttuu l\u00f6yd\u00f6ksi. Sen \u00e4rsyke on alitajunnassa ja kuvastaa sen hetken tunteita, mielialaa ja niit\u00e4 ajatuksia jotka kiert\u00e4v\u00e4t juuri ja juuri pinnan alla. Min\u00e4 uskon t\u00e4h\u00e4n. Tallentamalla nuo l\u00f6yd\u00f6t valokuviksi haluan tutkia t\u00e4m\u00e4n uskomukseni ja todellisuuden suhdetta. Pitk\u00e4ll\u00e4 aikav\u00e4lill\u00e4 usko ei riit\u00e4. Tarvitsen todisteita.<\/p>\n<p>Kuvallinen p\u00e4iv\u00e4kirja on p\u00e4tev\u00e4 siin\u00e4 kuin kirjallinenkin. Mahdollisesti jopa tarkempi koska sit\u00e4 ei h\u00e4m\u00e4rr\u00e4 mahdollisuus sanoilla leikkimiseen.<\/p>\n\n\t\t<style type=\"text\/css\">\n\t\t\t#gallery-1 {\n\t\t\t\tmargin: auto;\n\t\t\t}\n\t\t\t#gallery-1 .gallery-item {\n\t\t\t\tfloat: left;\n\t\t\t\tmargin-top: 10px;\n\t\t\t\ttext-align: center;\n\t\t\t\twidth: 33%;\n\t\t\t}\n\t\t\t#gallery-1 img {\n\t\t\t\tborder: 2px solid #cfcfcf;\n\t\t\t}\n\t\t\t#gallery-1 .gallery-caption {\n\t\t\t\tmargin-left: 0;\n\t\t\t}\n\t\t\t\/* see gallery_shortcode() in wp-includes\/media.php *\/\n\t\t<\/style>\n\t\t<div id='gallery-1' class='gallery galleryid-411 gallery-columns-3 gallery-size-thumbnail'><dl class='gallery-item'>\n\t\t\t<dt class='gallery-icon landscape'>\n\t\t\t\t<a href='https:\/\/valokuvakeskusnykyaika.fi\/wp-content\/uploads\/2013\/05\/22.2.2012_S.K..jpg'><img loading=\"lazy\" decoding=\"async\" width=\"290\" height=\"290\" src=\"https:\/\/valokuvakeskusnykyaika.fi\/wp-content\/uploads\/2013\/05\/22.2.2012_S.K.-290x290.jpg\" class=\"attachment-thumbnail size-thumbnail\" alt=\"\" \/><\/a>\n\t\t\t<\/dt><\/dl><dl class='gallery-item'>\n\t\t\t<dt class='gallery-icon landscape'>\n\t\t\t\t<a href='https:\/\/valokuvakeskusnykyaika.fi\/wp-content\/uploads\/2013\/05\/28.12.2011_S.K..jpg'><img loading=\"lazy\" decoding=\"async\" width=\"290\" height=\"290\" src=\"https:\/\/valokuvakeskusnykyaika.fi\/wp-content\/uploads\/2013\/05\/28.12.2011_S.K.-290x290.jpg\" class=\"attachment-thumbnail size-thumbnail\" alt=\"\" \/><\/a>\n\t\t\t<\/dt><\/dl><dl class='gallery-item'>\n\t\t\t<dt class='gallery-icon portrait'>\n\t\t\t\t<a href='https:\/\/valokuvakeskusnykyaika.fi\/wp-content\/uploads\/2013\/05\/31.12.2008_S.K..jpg'><img loading=\"lazy\" decoding=\"async\" width=\"290\" height=\"290\" src=\"https:\/\/valokuvakeskusnykyaika.fi\/wp-content\/uploads\/2013\/05\/31.12.2008_S.K.-290x290.jpg\" class=\"attachment-thumbnail size-thumbnail\" alt=\"\" \/><\/a>\n\t\t\t<\/dt><\/dl><br style=\"clear: both\" \/><dl class='gallery-item'>\n\t\t\t<dt class='gallery-icon landscape'>\n\t\t\t\t<a href='https:\/\/valokuvakeskusnykyaika.fi\/wp-content\/uploads\/2013\/05\/28.4.2013_S.K.1.jpg'><img loading=\"lazy\" decoding=\"async\" width=\"290\" height=\"290\" src=\"https:\/\/valokuvakeskusnykyaika.fi\/wp-content\/uploads\/2013\/05\/28.4.2013_S.K.1-290x290.jpg\" class=\"attachment-thumbnail size-thumbnail\" alt=\"\" \/><\/a>\n\t\t\t<\/dt><\/dl><dl class='gallery-item'>\n\t\t\t<dt class='gallery-icon landscape'>\n\t\t\t\t<a href='https:\/\/valokuvakeskusnykyaika.fi\/wp-content\/uploads\/2013\/05\/11.10.2012_S.K..jpg'><img loading=\"lazy\" decoding=\"async\" width=\"290\" height=\"290\" src=\"https:\/\/valokuvakeskusnykyaika.fi\/wp-content\/uploads\/2013\/05\/11.10.2012_S.K.-290x290.jpg\" class=\"attachment-thumbnail size-thumbnail\" alt=\"\" \/><\/a>\n\t\t\t<\/dt><\/dl>\n\t\t\t<br style='clear: both' \/>\n\t\t<\/div>","protected":false},"excerpt":{"rendered":"<p>TR1 Taidehalli, parvi 17.8.-15.9.2013 Visuaalinen havainto muuttuu l\u00f6yd\u00f6ksi. Sen \u00e4rsyke on alitajunnassa ja kuvastaa sen hetken tunteita, mielialaa ja niit\u00e4 ajatuksia jotka kiert\u00e4v\u00e4t juuri ja juuri pinnan alla. Min\u00e4 uskon t\u00e4h\u00e4n. Tallentamalla nuo l\u00f6yd\u00f6t valokuviksi haluan tutkia t\u00e4m\u00e4n uskomukseni ja todellisuuden suhdetta. Pitk\u00e4ll\u00e4 aikav\u00e4lill\u00e4 usko ei riit\u00e4. Tarvitsen todisteita. Kuvallinen p\u00e4iv\u00e4kirja on p\u00e4tev\u00e4 siin\u00e4 kuin [&hellip;]<\/p>\n","protected":false},"author":6,"featured_media":415,"comment_status":"closed","ping_status":"closed","sticky":false,"template":"","format":"standard","meta":{"iawp_total_views":7,"footnotes":""},"categories":[4,8],"tags":[],"class_list":["post-411","post","type-post","status-publish","format-standard","has-post-thumbnail","hentry","category-menneet","category-tr1"],"yoast_head":"<!-- This site is optimized with the Yoast SEO plugin v27.5 - https:\/\/yoast.com\/product\/yoast-seo-wordpress\/ -->\n<title>Sami Kulju: Ep\u00e4lineaarinen P\u00e4iv\u00e4kirja 2008 - 2013 - Valokuvakeskus Nykyaika<\/title>\n<meta name=\"robots\" content=\"index, follow, max-snippet:-1, max-image-preview:large, max-video-preview:-1\" \/>\n<link rel=\"canonical\" href=\"https:\/\/valokuvakeskusnykyaika.fi\/en\/sami-kulju-epalineaarinen-paivakirja-2008-2013\/\" \/>\n<meta property=\"og:locale\" content=\"en_GB\" \/>\n<meta property=\"og:type\" content=\"article\" \/>\n<meta property=\"og:title\" content=\"Sami Kulju: Ep\u00e4lineaarinen P\u00e4iv\u00e4kirja 2008 - 2013 - Valokuvakeskus Nykyaika\" \/>\n<meta property=\"og:description\" content=\"TR1 Taidehalli, parvi 17.8.-15.9.2013 Visuaalinen havainto muuttuu l\u00f6yd\u00f6ksi. Sen \u00e4rsyke on alitajunnassa ja kuvastaa sen hetken tunteita, mielialaa ja niit\u00e4 ajatuksia jotka kiert\u00e4v\u00e4t juuri ja juuri pinnan alla. Min\u00e4 uskon t\u00e4h\u00e4n. Tallentamalla nuo l\u00f6yd\u00f6t valokuviksi haluan tutkia t\u00e4m\u00e4n uskomukseni ja todellisuuden suhdetta. Pitk\u00e4ll\u00e4 aikav\u00e4lill\u00e4 usko ei riit\u00e4. Tarvitsen todisteita. Kuvallinen p\u00e4iv\u00e4kirja on p\u00e4tev\u00e4 siin\u00e4 kuin [&hellip;]\" \/>\n<meta property=\"og:url\" content=\"https:\/\/valokuvakeskusnykyaika.fi\/en\/sami-kulju-epalineaarinen-paivakirja-2008-2013\/\" \/>\n<meta property=\"og:site_name\" content=\"Valokuvakeskus Nykyaika\" \/>\n<meta property=\"article:publisher\" content=\"https:\/\/www.facebook.com\/valokuvakeskus.nykyaika\/\" \/>\n<meta property=\"article:published_time\" content=\"2013-05-24T13:42:44+00:00\" \/>\n<meta property=\"og:image\" content=\"https:\/\/valokuvakeskusnykyaika.fi\/wp-content\/uploads\/2013\/05\/28.4.2013_S.K..jpg\" \/>\n\t<meta property=\"og:image:width\" content=\"1772\" \/>\n\t<meta property=\"og:image:height\" content=\"1772\" \/>\n\t<meta property=\"og:image:type\" content=\"image\/jpeg\" \/>\n<meta name=\"author\" content=\"info.nykyaika@backlight.fi\" \/>\n<meta name=\"twitter:card\" content=\"summary_large_image\" \/>\n<meta name=\"twitter:creator\" content=\"@nykyaika\" \/>\n<meta name=\"twitter:site\" content=\"@nykyaika\" \/>\n<meta name=\"twitter:label1\" content=\"Written by\" \/>\n\t<meta name=\"twitter:data1\" content=\"info.nykyaika@backlight.fi\" \/>\n<script type=\"application\/ld+json\" class=\"yoast-schema-graph\">{\"@context\":\"https:\\\/\\\/schema.org\",\"@graph\":[{\"@type\":\"Article\",\"@id\":\"https:\\\/\\\/valokuvakeskusnykyaika.fi\\\/sami-kulju-epalineaarinen-paivakirja-2008-2013\\\/#article\",\"isPartOf\":{\"@id\":\"https:\\\/\\\/valokuvakeskusnykyaika.fi\\\/sami-kulju-epalineaarinen-paivakirja-2008-2013\\\/\"},\"author\":{\"name\":\"info.nykyaika@backlight.fi\",\"@id\":\"https:\\\/\\\/valokuvakeskusnykyaika.fi\\\/#\\\/schema\\\/person\\\/41ef90f7d89984ccaca756c8d4241c19\"},\"headline\":\"Sami Kulju: Ep\u00e4lineaarinen P\u00e4iv\u00e4kirja 2008 &#8211; 2013\",\"datePublished\":\"2013-05-24T13:42:44+00:00\",\"mainEntityOfPage\":{\"@id\":\"https:\\\/\\\/valokuvakeskusnykyaika.fi\\\/sami-kulju-epalineaarinen-paivakirja-2008-2013\\\/\"},\"wordCount\":97,\"publisher\":{\"@id\":\"https:\\\/\\\/valokuvakeskusnykyaika.fi\\\/#organization\"},\"image\":{\"@id\":\"https:\\\/\\\/valokuvakeskusnykyaika.fi\\\/sami-kulju-epalineaarinen-paivakirja-2008-2013\\\/#primaryimage\"},\"thumbnailUrl\":\"https:\\\/\\\/valokuvakeskusnykyaika.fi\\\/wp-content\\\/uploads\\\/2013\\\/05\\\/28.4.2013_S.K..jpg\",\"articleSection\":[\"Menneet\",\"TR1\"],\"inLanguage\":\"en-GB\"},{\"@type\":\"WebPage\",\"@id\":\"https:\\\/\\\/valokuvakeskusnykyaika.fi\\\/sami-kulju-epalineaarinen-paivakirja-2008-2013\\\/\",\"url\":\"https:\\\/\\\/valokuvakeskusnykyaika.fi\\\/sami-kulju-epalineaarinen-paivakirja-2008-2013\\\/\",\"name\":\"Sami Kulju: Ep\u00e4lineaarinen P\u00e4iv\u00e4kirja 2008 - 2013 - Valokuvakeskus Nykyaika\",\"isPartOf\":{\"@id\":\"https:\\\/\\\/valokuvakeskusnykyaika.fi\\\/#website\"},\"primaryImageOfPage\":{\"@id\":\"https:\\\/\\\/valokuvakeskusnykyaika.fi\\\/sami-kulju-epalineaarinen-paivakirja-2008-2013\\\/#primaryimage\"},\"image\":{\"@id\":\"https:\\\/\\\/valokuvakeskusnykyaika.fi\\\/sami-kulju-epalineaarinen-paivakirja-2008-2013\\\/#primaryimage\"},\"thumbnailUrl\":\"https:\\\/\\\/valokuvakeskusnykyaika.fi\\\/wp-content\\\/uploads\\\/2013\\\/05\\\/28.4.2013_S.K..jpg\",\"datePublished\":\"2013-05-24T13:42:44+00:00\",\"breadcrumb\":{\"@id\":\"https:\\\/\\\/valokuvakeskusnykyaika.fi\\\/sami-kulju-epalineaarinen-paivakirja-2008-2013\\\/#breadcrumb\"},\"inLanguage\":\"en-GB\",\"potentialAction\":[{\"@type\":\"ReadAction\",\"target\":[\"https:\\\/\\\/valokuvakeskusnykyaika.fi\\\/sami-kulju-epalineaarinen-paivakirja-2008-2013\\\/\"]}]},{\"@type\":\"ImageObject\",\"inLanguage\":\"en-GB\",\"@id\":\"https:\\\/\\\/valokuvakeskusnykyaika.fi\\\/sami-kulju-epalineaarinen-paivakirja-2008-2013\\\/#primaryimage\",\"url\":\"https:\\\/\\\/valokuvakeskusnykyaika.fi\\\/wp-content\\\/uploads\\\/2013\\\/05\\\/28.4.2013_S.K..jpg\",\"contentUrl\":\"https:\\\/\\\/valokuvakeskusnykyaika.fi\\\/wp-content\\\/uploads\\\/2013\\\/05\\\/28.4.2013_S.K..jpg\",\"width\":1772,\"height\":1772},{\"@type\":\"BreadcrumbList\",\"@id\":\"https:\\\/\\\/valokuvakeskusnykyaika.fi\\\/sami-kulju-epalineaarinen-paivakirja-2008-2013\\\/#breadcrumb\",\"itemListElement\":[{\"@type\":\"ListItem\",\"position\":1,\"name\":\"Etusivu\",\"item\":\"https:\\\/\\\/valokuvakeskusnykyaika.fi\\\/\"},{\"@type\":\"ListItem\",\"position\":2,\"name\":\"Sami Kulju: Ep\u00e4lineaarinen P\u00e4iv\u00e4kirja 2008 &#8211; 2013\"}]},{\"@type\":\"WebSite\",\"@id\":\"https:\\\/\\\/valokuvakeskusnykyaika.fi\\\/#website\",\"url\":\"https:\\\/\\\/valokuvakeskusnykyaika.fi\\\/\",\"name\":\"Valokuvakeskus Nykyaika\",\"description\":\"Nykyaika on avoin kohtaamispaikka kaikille valokuvataiteen yst\u00e4ville\",\"publisher\":{\"@id\":\"https:\\\/\\\/valokuvakeskusnykyaika.fi\\\/#organization\"},\"potentialAction\":[{\"@type\":\"SearchAction\",\"target\":{\"@type\":\"EntryPoint\",\"urlTemplate\":\"https:\\\/\\\/valokuvakeskusnykyaika.fi\\\/?s={search_term_string}\"},\"query-input\":{\"@type\":\"PropertyValueSpecification\",\"valueRequired\":true,\"valueName\":\"search_term_string\"}}],\"inLanguage\":\"en-GB\"},{\"@type\":\"Organization\",\"@id\":\"https:\\\/\\\/valokuvakeskusnykyaika.fi\\\/#organization\",\"name\":\"Valokuvakeskus Nykyaika\",\"url\":\"https:\\\/\\\/valokuvakeskusnykyaika.fi\\\/\",\"logo\":{\"@type\":\"ImageObject\",\"inLanguage\":\"en-GB\",\"@id\":\"https:\\\/\\\/valokuvakeskusnykyaika.fi\\\/#\\\/schema\\\/logo\\\/image\\\/\",\"url\":\"https:\\\/\\\/valokuvakeskusnykyaika.fi\\\/wp-content\\\/uploads\\\/2019\\\/01\\\/NY-Valokuvakeskus-logo-pieni.png\",\"contentUrl\":\"https:\\\/\\\/valokuvakeskusnykyaika.fi\\\/wp-content\\\/uploads\\\/2019\\\/01\\\/NY-Valokuvakeskus-logo-pieni.png\",\"width\":300,\"height\":314,\"caption\":\"Valokuvakeskus Nykyaika\"},\"image\":{\"@id\":\"https:\\\/\\\/valokuvakeskusnykyaika.fi\\\/#\\\/schema\\\/logo\\\/image\\\/\"},\"sameAs\":[\"https:\\\/\\\/www.facebook.com\\\/valokuvakeskus.nykyaika\\\/\",\"https:\\\/\\\/x.com\\\/nykyaika\",\"https:\\\/\\\/www.instagram.com\\\/nykyaika\\\/\"]},{\"@type\":\"Person\",\"@id\":\"https:\\\/\\\/valokuvakeskusnykyaika.fi\\\/#\\\/schema\\\/person\\\/41ef90f7d89984ccaca756c8d4241c19\",\"name\":\"info.nykyaika@backlight.fi\",\"url\":\"https:\\\/\\\/valokuvakeskusnykyaika.fi\\\/en\\\/author\\\/info-nykyaikabacklight-fi\\\/\"}]}<\/script>\n<!-- \/ Yoast SEO plugin. -->","yoast_head_json":{"title":"Sami Kulju: Ep\u00e4lineaarinen P\u00e4iv\u00e4kirja 2008 - 2013 - Valokuvakeskus Nykyaika","robots":{"index":"index","follow":"follow","max-snippet":"max-snippet:-1","max-image-preview":"max-image-preview:large","max-video-preview":"max-video-preview:-1"},"canonical":"https:\/\/valokuvakeskusnykyaika.fi\/en\/sami-kulju-epalineaarinen-paivakirja-2008-2013\/","og_locale":"en_GB","og_type":"article","og_title":"Sami Kulju: Ep\u00e4lineaarinen P\u00e4iv\u00e4kirja 2008 - 2013 - Valokuvakeskus Nykyaika","og_description":"TR1 Taidehalli, parvi 17.8.-15.9.2013 Visuaalinen havainto muuttuu l\u00f6yd\u00f6ksi. Sen \u00e4rsyke on alitajunnassa ja kuvastaa sen hetken tunteita, mielialaa ja niit\u00e4 ajatuksia jotka kiert\u00e4v\u00e4t juuri ja juuri pinnan alla. Min\u00e4 uskon t\u00e4h\u00e4n. Tallentamalla nuo l\u00f6yd\u00f6t valokuviksi haluan tutkia t\u00e4m\u00e4n uskomukseni ja todellisuuden suhdetta. Pitk\u00e4ll\u00e4 aikav\u00e4lill\u00e4 usko ei riit\u00e4. Tarvitsen todisteita. Kuvallinen p\u00e4iv\u00e4kirja on p\u00e4tev\u00e4 siin\u00e4 kuin [&hellip;]","og_url":"https:\/\/valokuvakeskusnykyaika.fi\/en\/sami-kulju-epalineaarinen-paivakirja-2008-2013\/","og_site_name":"Valokuvakeskus Nykyaika","article_publisher":"https:\/\/www.facebook.com\/valokuvakeskus.nykyaika\/","article_published_time":"2013-05-24T13:42:44+00:00","og_image":[{"width":1772,"height":1772,"url":"https:\/\/valokuvakeskusnykyaika.fi\/wp-content\/uploads\/2013\/05\/28.4.2013_S.K..jpg","type":"image\/jpeg"}],"author":"info.nykyaika@backlight.fi","twitter_card":"summary_large_image","twitter_creator":"@nykyaika","twitter_site":"@nykyaika","twitter_misc":{"Written by":"info.nykyaika@backlight.fi"},"schema":{"@context":"https:\/\/schema.org","@graph":[{"@type":"Article","@id":"https:\/\/valokuvakeskusnykyaika.fi\/sami-kulju-epalineaarinen-paivakirja-2008-2013\/#article","isPartOf":{"@id":"https:\/\/valokuvakeskusnykyaika.fi\/sami-kulju-epalineaarinen-paivakirja-2008-2013\/"},"author":{"name":"info.nykyaika@backlight.fi","@id":"https:\/\/valokuvakeskusnykyaika.fi\/#\/schema\/person\/41ef90f7d89984ccaca756c8d4241c19"},"headline":"Sami Kulju: Ep\u00e4lineaarinen P\u00e4iv\u00e4kirja 2008 &#8211; 2013","datePublished":"2013-05-24T13:42:44+00:00","mainEntityOfPage":{"@id":"https:\/\/valokuvakeskusnykyaika.fi\/sami-kulju-epalineaarinen-paivakirja-2008-2013\/"},"wordCount":97,"publisher":{"@id":"https:\/\/valokuvakeskusnykyaika.fi\/#organization"},"image":{"@id":"https:\/\/valokuvakeskusnykyaika.fi\/sami-kulju-epalineaarinen-paivakirja-2008-2013\/#primaryimage"},"thumbnailUrl":"https:\/\/valokuvakeskusnykyaika.fi\/wp-content\/uploads\/2013\/05\/28.4.2013_S.K..jpg","articleSection":["Menneet","TR1"],"inLanguage":"en-GB"},{"@type":"WebPage","@id":"https:\/\/valokuvakeskusnykyaika.fi\/sami-kulju-epalineaarinen-paivakirja-2008-2013\/","url":"https:\/\/valokuvakeskusnykyaika.fi\/sami-kulju-epalineaarinen-paivakirja-2008-2013\/","name":"Sami Kulju: Ep\u00e4lineaarinen P\u00e4iv\u00e4kirja 2008 - 2013 - Valokuvakeskus Nykyaika","isPartOf":{"@id":"https:\/\/valokuvakeskusnykyaika.fi\/#website"},"primaryImageOfPage":{"@id":"https:\/\/valokuvakeskusnykyaika.fi\/sami-kulju-epalineaarinen-paivakirja-2008-2013\/#primaryimage"},"image":{"@id":"https:\/\/valokuvakeskusnykyaika.fi\/sami-kulju-epalineaarinen-paivakirja-2008-2013\/#primaryimage"},"thumbnailUrl":"https:\/\/valokuvakeskusnykyaika.fi\/wp-content\/uploads\/2013\/05\/28.4.2013_S.K..jpg","datePublished":"2013-05-24T13:42:44+00:00","breadcrumb":{"@id":"https:\/\/valokuvakeskusnykyaika.fi\/sami-kulju-epalineaarinen-paivakirja-2008-2013\/#breadcrumb"},"inLanguage":"en-GB","potentialAction":[{"@type":"ReadAction","target":["https:\/\/valokuvakeskusnykyaika.fi\/sami-kulju-epalineaarinen-paivakirja-2008-2013\/"]}]},{"@type":"ImageObject","inLanguage":"en-GB","@id":"https:\/\/valokuvakeskusnykyaika.fi\/sami-kulju-epalineaarinen-paivakirja-2008-2013\/#primaryimage","url":"https:\/\/valokuvakeskusnykyaika.fi\/wp-content\/uploads\/2013\/05\/28.4.2013_S.K..jpg","contentUrl":"https:\/\/valokuvakeskusnykyaika.fi\/wp-content\/uploads\/2013\/05\/28.4.2013_S.K..jpg","width":1772,"height":1772},{"@type":"BreadcrumbList","@id":"https:\/\/valokuvakeskusnykyaika.fi\/sami-kulju-epalineaarinen-paivakirja-2008-2013\/#breadcrumb","itemListElement":[{"@type":"ListItem","position":1,"name":"Etusivu","item":"https:\/\/valokuvakeskusnykyaika.fi\/"},{"@type":"ListItem","position":2,"name":"Sami Kulju: Ep\u00e4lineaarinen P\u00e4iv\u00e4kirja 2008 &#8211; 2013"}]},{"@type":"WebSite","@id":"https:\/\/valokuvakeskusnykyaika.fi\/#website","url":"https:\/\/valokuvakeskusnykyaika.fi\/","name":"Photographic Centre Nykyaika","description":"Nykyaika on avoin kohtaamispaikka kaikille valokuvataiteen yst\u00e4ville","publisher":{"@id":"https:\/\/valokuvakeskusnykyaika.fi\/#organization"},"potentialAction":[{"@type":"SearchAction","target":{"@type":"EntryPoint","urlTemplate":"https:\/\/valokuvakeskusnykyaika.fi\/?s={search_term_string}"},"query-input":{"@type":"PropertyValueSpecification","valueRequired":true,"valueName":"search_term_string"}}],"inLanguage":"en-GB"},{"@type":"Organization","@id":"https:\/\/valokuvakeskusnykyaika.fi\/#organization","name":"Photographic Centre Nykyaika","url":"https:\/\/valokuvakeskusnykyaika.fi\/","logo":{"@type":"ImageObject","inLanguage":"en-GB","@id":"https:\/\/valokuvakeskusnykyaika.fi\/#\/schema\/logo\/image\/","url":"https:\/\/valokuvakeskusnykyaika.fi\/wp-content\/uploads\/2019\/01\/NY-Valokuvakeskus-logo-pieni.png","contentUrl":"https:\/\/valokuvakeskusnykyaika.fi\/wp-content\/uploads\/2019\/01\/NY-Valokuvakeskus-logo-pieni.png","width":300,"height":314,"caption":"Valokuvakeskus Nykyaika"},"image":{"@id":"https:\/\/valokuvakeskusnykyaika.fi\/#\/schema\/logo\/image\/"},"sameAs":["https:\/\/www.facebook.com\/valokuvakeskus.nykyaika\/","https:\/\/x.com\/nykyaika","https:\/\/www.instagram.com\/nykyaika\/"]},{"@type":"Person","@id":"https:\/\/valokuvakeskusnykyaika.fi\/#\/schema\/person\/41ef90f7d89984ccaca756c8d4241c19","name":"info.nykyaika@backlight.fi","url":"https:\/\/valokuvakeskusnykyaika.fi\/en\/author\/info-nykyaikabacklight-fi\/"}]}},"_links":{"self":[{"href":"https:\/\/valokuvakeskusnykyaika.fi\/en\/wp-json\/wp\/v2\/posts\/411","targetHints":{"allow":["GET"]}}],"collection":[{"href":"https:\/\/valokuvakeskusnykyaika.fi\/en\/wp-json\/wp\/v2\/posts"}],"about":[{"href":"https:\/\/valokuvakeskusnykyaika.fi\/en\/wp-json\/wp\/v2\/types\/post"}],"author":[{"embeddable":true,"href":"https:\/\/valokuvakeskusnykyaika.fi\/en\/wp-json\/wp\/v2\/users\/6"}],"replies":[{"embeddable":true,"href":"https:\/\/valokuvakeskusnykyaika.fi\/en\/wp-json\/wp\/v2\/comments?post=411"}],"version-history":[{"count":7,"href":"https:\/\/valokuvakeskusnykyaika.fi\/en\/wp-json\/wp\/v2\/posts\/411\/revisions"}],"predecessor-version":[{"id":464,"href":"https:\/\/valokuvakeskusnykyaika.fi\/en\/wp-json\/wp\/v2\/posts\/411\/revisions\/464"}],"wp:featuredmedia":[{"embeddable":true,"href":"https:\/\/valokuvakeskusnykyaika.fi\/en\/wp-json\/wp\/v2\/media\/415"}],"wp:attachment":[{"href":"https:\/\/valokuvakeskusnykyaika.fi\/en\/wp-json\/wp\/v2\/media?parent=411"}],"wp:term":[{"taxonomy":"category","embeddable":true,"href":"https:\/\/valokuvakeskusnykyaika.fi\/en\/wp-json\/wp\/v2\/categories?post=411"},{"taxonomy":"post_tag","embeddable":true,"href":"https:\/\/valokuvakeskusnykyaika.fi\/en\/wp-json\/wp\/v2\/tags?post=411"}],"curies":[{"name":"wp","href":"https:\/\/api.w.org\/{rel}","templated":true}]}}