{"id":4166,"date":"2020-01-08T11:30:56","date_gmt":"2020-01-08T09:30:56","guid":{"rendered":"https:\/\/valokuvakeskusnykyaika.fi\/?p=4166"},"modified":"2020-03-05T12:48:39","modified_gmt":"2020-03-05T10:48:39","slug":"jarmo-koponen","status":"publish","type":"post","link":"https:\/\/valokuvakeskusnykyaika.fi\/en\/jarmo-koponen\/","title":{"rendered":"Jarmo Koponen: Someplace"},"content":{"rendered":"<p>Someplace -n\u00e4yttelyn kuvat ovat syntyneet eri puolilla maailmaa paikoissa, jotka ovat saaneet taiteilijan pys\u00e4htym\u00e4\u00e4n. Muuttaessaan kaupungeista, maista ja mantereista toisiin, Jarmo Koponen on kohdannut paikkoja, jotka ovat saaneet h\u00e4net viipym\u00e4\u00e4n hetken. Osa paikoista on ollut visuaalisesti silmiinpist\u00e4vi\u00e4, toiset hyvin tavallisia, mutta niille on aina ollut yhteist\u00e4 voimakas paikan tuntu. Ne tuntuvat merkitt\u00e4vilt\u00e4, jokainen omalla, usein selitt\u00e4m\u00e4tt\u00f6m\u00e4ll\u00e4 tavallaan. N\u00e4ist\u00e4 kuvista on ajan my\u00f6t\u00e4 syntynyt kokonaisuus Someplace. N\u00e4yttelyn kuvat ovat ensisijaisesti kuvia ajasta ja paikasta, mutta ne ovat my\u00f6s tutkielmia siit\u00e4, mit\u00e4 taiteilija pit\u00e4\u00e4 esteettisesti kiinnostavana. <\/p>\n\n\n\n<p>\u201dKyse on kuvanottohetkell\u00e4 minun ja paikan v\u00e4lisest\u00e4 kanssak\u00e4ymisest\u00e4, ja my\u00f6hemmin katsojan, teoksen, ja teoksen esitt\u00e4m\u00e4n paikan suhteesta. J\u00e4t\u00e4n tarkoituksella ihmiset pois kuvistani, koska heid\u00e4n l\u00e4sn\u00e4olonsa helposti muuttaa katsojan sivulliseksi, joka tutkii jonkun muun maailmaa. Siihen meill\u00e4 on jo liikaakin mahdollisuuksia sosiaalisen median ansiosta. En pyri v\u00e4litt\u00e4m\u00e4\u00e4n tarinaa, vaan esitt\u00e4m\u00e4\u00e4n n\u00e4m\u00e4 paikat mahdollisimman todenmukaisesti pienimpi\u00e4 yksityiskohtia my\u00f6ten, jotta katsoja voi reagoida niihin omalla tavallaan.\u201d<\/p>\n\n\n\n<p>Jarmo Koponen on suomalais-amerikkalainen kuvataiteilija, jolle kamera on yksi monista kuvan tekemisen v\u00e4lineist\u00e4. Valokuvan lis\u00e4ksi Koponen ty\u00f6skentelee useiden eri tekniikoiden parissa.<\/p>","protected":false},"excerpt":{"rendered":"<p>Someplace -n\u00e4yttelyn kuvat ovat syntyneet eri puolilla maailmaa paikoissa, jotka ovat saaneet taiteilijan pys\u00e4htym\u00e4\u00e4n. Muuttaessaan kaupungeista, maista ja mantereista toisiin, Jarmo Koponen on kohdannut paikkoja, jotka ovat saaneet h\u00e4net viipym\u00e4\u00e4n hetken. Osa paikoista on ollut visuaalisesti silmiinpist\u00e4vi\u00e4, toiset hyvin tavallisia, mutta niille on aina ollut yhteist\u00e4 voimakas paikan tuntu. Ne tuntuvat merkitt\u00e4vilt\u00e4, jokainen omalla, usein [&hellip;]<\/p>\n","protected":false},"author":6,"featured_media":4167,"comment_status":"closed","ping_status":"closed","sticky":false,"template":"","format":"standard","meta":{"iawp_total_views":13,"footnotes":""},"categories":[4],"tags":[],"class_list":["post-4166","post","type-post","status-publish","format-standard","has-post-thumbnail","hentry","category-menneet"],"yoast_head":"<!-- This site is optimized with the Yoast SEO plugin v27.5 - https:\/\/yoast.com\/product\/yoast-seo-wordpress\/ -->\n<title>Jarmo Koponen: Someplace - Valokuvakeskus Nykyaika<\/title>\n<meta name=\"robots\" content=\"index, follow, max-snippet:-1, max-image-preview:large, max-video-preview:-1\" \/>\n<link rel=\"canonical\" href=\"https:\/\/valokuvakeskusnykyaika.fi\/en\/jarmo-koponen\/\" \/>\n<meta property=\"og:locale\" content=\"en_GB\" \/>\n<meta property=\"og:type\" content=\"article\" \/>\n<meta property=\"og:title\" content=\"Jarmo Koponen: Someplace - Valokuvakeskus Nykyaika\" \/>\n<meta property=\"og:description\" content=\"Someplace -n\u00e4yttelyn kuvat ovat syntyneet eri puolilla maailmaa paikoissa, jotka ovat saaneet taiteilijan pys\u00e4htym\u00e4\u00e4n. Muuttaessaan kaupungeista, maista ja mantereista toisiin, Jarmo Koponen on kohdannut paikkoja, jotka ovat saaneet h\u00e4net viipym\u00e4\u00e4n hetken. Osa paikoista on ollut visuaalisesti silmiinpist\u00e4vi\u00e4, toiset hyvin tavallisia, mutta niille on aina ollut yhteist\u00e4 voimakas paikan tuntu. Ne tuntuvat merkitt\u00e4vilt\u00e4, jokainen omalla, usein [&hellip;]\" \/>\n<meta property=\"og:url\" content=\"https:\/\/valokuvakeskusnykyaika.fi\/en\/jarmo-koponen\/\" \/>\n<meta property=\"og:site_name\" content=\"Valokuvakeskus Nykyaika\" \/>\n<meta property=\"article:publisher\" content=\"https:\/\/www.facebook.com\/valokuvakeskus.nykyaika\/\" \/>\n<meta property=\"article:published_time\" content=\"2020-01-08T09:30:56+00:00\" \/>\n<meta property=\"article:modified_time\" content=\"2020-03-05T10:48:39+00:00\" \/>\n<meta property=\"og:image\" content=\"https:\/\/valokuvakeskusnykyaika.fi\/wp-content\/uploads\/2020\/01\/Koponen_Jarmo_Itiquira_Falls_nettiin-640x512.jpg\" \/>\n\t<meta property=\"og:image:width\" content=\"640\" \/>\n\t<meta property=\"og:image:height\" content=\"512\" \/>\n\t<meta property=\"og:image:type\" content=\"image\/jpeg\" \/>\n<meta name=\"author\" content=\"info.nykyaika@backlight.fi\" \/>\n<meta name=\"twitter:card\" content=\"summary_large_image\" \/>\n<meta name=\"twitter:creator\" content=\"@nykyaika\" \/>\n<meta name=\"twitter:site\" content=\"@nykyaika\" \/>\n<meta name=\"twitter:label1\" content=\"Written by\" \/>\n\t<meta name=\"twitter:data1\" content=\"info.nykyaika@backlight.fi\" \/>\n\t<meta name=\"twitter:label2\" content=\"Estimated reading time\" \/>\n\t<meta name=\"twitter:data2\" content=\"1 minute\" \/>\n<script type=\"application\/ld+json\" class=\"yoast-schema-graph\">{\"@context\":\"https:\\\/\\\/schema.org\",\"@graph\":[{\"@type\":\"Article\",\"@id\":\"https:\\\/\\\/valokuvakeskusnykyaika.fi\\\/jarmo-koponen\\\/#article\",\"isPartOf\":{\"@id\":\"https:\\\/\\\/valokuvakeskusnykyaika.fi\\\/jarmo-koponen\\\/\"},\"author\":{\"name\":\"info.nykyaika@backlight.fi\",\"@id\":\"https:\\\/\\\/valokuvakeskusnykyaika.fi\\\/#\\\/schema\\\/person\\\/41ef90f7d89984ccaca756c8d4241c19\"},\"headline\":\"Jarmo Koponen: Someplace\",\"datePublished\":\"2020-01-08T09:30:56+00:00\",\"dateModified\":\"2020-03-05T10:48:39+00:00\",\"mainEntityOfPage\":{\"@id\":\"https:\\\/\\\/valokuvakeskusnykyaika.fi\\\/jarmo-koponen\\\/\"},\"wordCount\":206,\"publisher\":{\"@id\":\"https:\\\/\\\/valokuvakeskusnykyaika.fi\\\/#organization\"},\"image\":{\"@id\":\"https:\\\/\\\/valokuvakeskusnykyaika.fi\\\/jarmo-koponen\\\/#primaryimage\"},\"thumbnailUrl\":\"https:\\\/\\\/valokuvakeskusnykyaika.fi\\\/wp-content\\\/uploads\\\/2020\\\/01\\\/Koponen_Jarmo_Itiquira_Falls_nettiin.jpg\",\"articleSection\":[\"Menneet\"],\"inLanguage\":\"en-GB\"},{\"@type\":\"WebPage\",\"@id\":\"https:\\\/\\\/valokuvakeskusnykyaika.fi\\\/jarmo-koponen\\\/\",\"url\":\"https:\\\/\\\/valokuvakeskusnykyaika.fi\\\/jarmo-koponen\\\/\",\"name\":\"Jarmo Koponen: Someplace - Valokuvakeskus Nykyaika\",\"isPartOf\":{\"@id\":\"https:\\\/\\\/valokuvakeskusnykyaika.fi\\\/#website\"},\"primaryImageOfPage\":{\"@id\":\"https:\\\/\\\/valokuvakeskusnykyaika.fi\\\/jarmo-koponen\\\/#primaryimage\"},\"image\":{\"@id\":\"https:\\\/\\\/valokuvakeskusnykyaika.fi\\\/jarmo-koponen\\\/#primaryimage\"},\"thumbnailUrl\":\"https:\\\/\\\/valokuvakeskusnykyaika.fi\\\/wp-content\\\/uploads\\\/2020\\\/01\\\/Koponen_Jarmo_Itiquira_Falls_nettiin.jpg\",\"datePublished\":\"2020-01-08T09:30:56+00:00\",\"dateModified\":\"2020-03-05T10:48:39+00:00\",\"breadcrumb\":{\"@id\":\"https:\\\/\\\/valokuvakeskusnykyaika.fi\\\/jarmo-koponen\\\/#breadcrumb\"},\"inLanguage\":\"en-GB\",\"potentialAction\":[{\"@type\":\"ReadAction\",\"target\":[\"https:\\\/\\\/valokuvakeskusnykyaika.fi\\\/jarmo-koponen\\\/\"]}]},{\"@type\":\"ImageObject\",\"inLanguage\":\"en-GB\",\"@id\":\"https:\\\/\\\/valokuvakeskusnykyaika.fi\\\/jarmo-koponen\\\/#primaryimage\",\"url\":\"https:\\\/\\\/valokuvakeskusnykyaika.fi\\\/wp-content\\\/uploads\\\/2020\\\/01\\\/Koponen_Jarmo_Itiquira_Falls_nettiin.jpg\",\"contentUrl\":\"https:\\\/\\\/valokuvakeskusnykyaika.fi\\\/wp-content\\\/uploads\\\/2020\\\/01\\\/Koponen_Jarmo_Itiquira_Falls_nettiin.jpg\",\"width\":1920,\"height\":1536,\"caption\":\"Jarmo Koponen\"},{\"@type\":\"BreadcrumbList\",\"@id\":\"https:\\\/\\\/valokuvakeskusnykyaika.fi\\\/jarmo-koponen\\\/#breadcrumb\",\"itemListElement\":[{\"@type\":\"ListItem\",\"position\":1,\"name\":\"Etusivu\",\"item\":\"https:\\\/\\\/valokuvakeskusnykyaika.fi\\\/\"},{\"@type\":\"ListItem\",\"position\":2,\"name\":\"Jarmo Koponen: Someplace\"}]},{\"@type\":\"WebSite\",\"@id\":\"https:\\\/\\\/valokuvakeskusnykyaika.fi\\\/#website\",\"url\":\"https:\\\/\\\/valokuvakeskusnykyaika.fi\\\/\",\"name\":\"Valokuvakeskus Nykyaika\",\"description\":\"Nykyaika on avoin kohtaamispaikka kaikille valokuvataiteen yst\u00e4ville\",\"publisher\":{\"@id\":\"https:\\\/\\\/valokuvakeskusnykyaika.fi\\\/#organization\"},\"potentialAction\":[{\"@type\":\"SearchAction\",\"target\":{\"@type\":\"EntryPoint\",\"urlTemplate\":\"https:\\\/\\\/valokuvakeskusnykyaika.fi\\\/?s={search_term_string}\"},\"query-input\":{\"@type\":\"PropertyValueSpecification\",\"valueRequired\":true,\"valueName\":\"search_term_string\"}}],\"inLanguage\":\"en-GB\"},{\"@type\":\"Organization\",\"@id\":\"https:\\\/\\\/valokuvakeskusnykyaika.fi\\\/#organization\",\"name\":\"Valokuvakeskus Nykyaika\",\"url\":\"https:\\\/\\\/valokuvakeskusnykyaika.fi\\\/\",\"logo\":{\"@type\":\"ImageObject\",\"inLanguage\":\"en-GB\",\"@id\":\"https:\\\/\\\/valokuvakeskusnykyaika.fi\\\/#\\\/schema\\\/logo\\\/image\\\/\",\"url\":\"https:\\\/\\\/valokuvakeskusnykyaika.fi\\\/wp-content\\\/uploads\\\/2019\\\/01\\\/NY-Valokuvakeskus-logo-pieni.png\",\"contentUrl\":\"https:\\\/\\\/valokuvakeskusnykyaika.fi\\\/wp-content\\\/uploads\\\/2019\\\/01\\\/NY-Valokuvakeskus-logo-pieni.png\",\"width\":300,\"height\":314,\"caption\":\"Valokuvakeskus Nykyaika\"},\"image\":{\"@id\":\"https:\\\/\\\/valokuvakeskusnykyaika.fi\\\/#\\\/schema\\\/logo\\\/image\\\/\"},\"sameAs\":[\"https:\\\/\\\/www.facebook.com\\\/valokuvakeskus.nykyaika\\\/\",\"https:\\\/\\\/x.com\\\/nykyaika\",\"https:\\\/\\\/www.instagram.com\\\/nykyaika\\\/\"]},{\"@type\":\"Person\",\"@id\":\"https:\\\/\\\/valokuvakeskusnykyaika.fi\\\/#\\\/schema\\\/person\\\/41ef90f7d89984ccaca756c8d4241c19\",\"name\":\"info.nykyaika@backlight.fi\",\"url\":\"https:\\\/\\\/valokuvakeskusnykyaika.fi\\\/en\\\/author\\\/info-nykyaikabacklight-fi\\\/\"}]}<\/script>\n<!-- \/ Yoast SEO plugin. -->","yoast_head_json":{"title":"Jarmo Koponen: Someplace - Valokuvakeskus Nykyaika","robots":{"index":"index","follow":"follow","max-snippet":"max-snippet:-1","max-image-preview":"max-image-preview:large","max-video-preview":"max-video-preview:-1"},"canonical":"https:\/\/valokuvakeskusnykyaika.fi\/en\/jarmo-koponen\/","og_locale":"en_GB","og_type":"article","og_title":"Jarmo Koponen: Someplace - Valokuvakeskus Nykyaika","og_description":"Someplace -n\u00e4yttelyn kuvat ovat syntyneet eri puolilla maailmaa paikoissa, jotka ovat saaneet taiteilijan pys\u00e4htym\u00e4\u00e4n. Muuttaessaan kaupungeista, maista ja mantereista toisiin, Jarmo Koponen on kohdannut paikkoja, jotka ovat saaneet h\u00e4net viipym\u00e4\u00e4n hetken. Osa paikoista on ollut visuaalisesti silmiinpist\u00e4vi\u00e4, toiset hyvin tavallisia, mutta niille on aina ollut yhteist\u00e4 voimakas paikan tuntu. Ne tuntuvat merkitt\u00e4vilt\u00e4, jokainen omalla, usein [&hellip;]","og_url":"https:\/\/valokuvakeskusnykyaika.fi\/en\/jarmo-koponen\/","og_site_name":"Valokuvakeskus Nykyaika","article_publisher":"https:\/\/www.facebook.com\/valokuvakeskus.nykyaika\/","article_published_time":"2020-01-08T09:30:56+00:00","article_modified_time":"2020-03-05T10:48:39+00:00","og_image":[{"width":640,"height":512,"url":"https:\/\/valokuvakeskusnykyaika.fi\/wp-content\/uploads\/2020\/01\/Koponen_Jarmo_Itiquira_Falls_nettiin-640x512.jpg","type":"image\/jpeg"}],"author":"info.nykyaika@backlight.fi","twitter_card":"summary_large_image","twitter_creator":"@nykyaika","twitter_site":"@nykyaika","twitter_misc":{"Written by":"info.nykyaika@backlight.fi","Estimated reading time":"1 minute"},"schema":{"@context":"https:\/\/schema.org","@graph":[{"@type":"Article","@id":"https:\/\/valokuvakeskusnykyaika.fi\/jarmo-koponen\/#article","isPartOf":{"@id":"https:\/\/valokuvakeskusnykyaika.fi\/jarmo-koponen\/"},"author":{"name":"info.nykyaika@backlight.fi","@id":"https:\/\/valokuvakeskusnykyaika.fi\/#\/schema\/person\/41ef90f7d89984ccaca756c8d4241c19"},"headline":"Jarmo Koponen: Someplace","datePublished":"2020-01-08T09:30:56+00:00","dateModified":"2020-03-05T10:48:39+00:00","mainEntityOfPage":{"@id":"https:\/\/valokuvakeskusnykyaika.fi\/jarmo-koponen\/"},"wordCount":206,"publisher":{"@id":"https:\/\/valokuvakeskusnykyaika.fi\/#organization"},"image":{"@id":"https:\/\/valokuvakeskusnykyaika.fi\/jarmo-koponen\/#primaryimage"},"thumbnailUrl":"https:\/\/valokuvakeskusnykyaika.fi\/wp-content\/uploads\/2020\/01\/Koponen_Jarmo_Itiquira_Falls_nettiin.jpg","articleSection":["Menneet"],"inLanguage":"en-GB"},{"@type":"WebPage","@id":"https:\/\/valokuvakeskusnykyaika.fi\/jarmo-koponen\/","url":"https:\/\/valokuvakeskusnykyaika.fi\/jarmo-koponen\/","name":"Jarmo Koponen: Someplace - Valokuvakeskus Nykyaika","isPartOf":{"@id":"https:\/\/valokuvakeskusnykyaika.fi\/#website"},"primaryImageOfPage":{"@id":"https:\/\/valokuvakeskusnykyaika.fi\/jarmo-koponen\/#primaryimage"},"image":{"@id":"https:\/\/valokuvakeskusnykyaika.fi\/jarmo-koponen\/#primaryimage"},"thumbnailUrl":"https:\/\/valokuvakeskusnykyaika.fi\/wp-content\/uploads\/2020\/01\/Koponen_Jarmo_Itiquira_Falls_nettiin.jpg","datePublished":"2020-01-08T09:30:56+00:00","dateModified":"2020-03-05T10:48:39+00:00","breadcrumb":{"@id":"https:\/\/valokuvakeskusnykyaika.fi\/jarmo-koponen\/#breadcrumb"},"inLanguage":"en-GB","potentialAction":[{"@type":"ReadAction","target":["https:\/\/valokuvakeskusnykyaika.fi\/jarmo-koponen\/"]}]},{"@type":"ImageObject","inLanguage":"en-GB","@id":"https:\/\/valokuvakeskusnykyaika.fi\/jarmo-koponen\/#primaryimage","url":"https:\/\/valokuvakeskusnykyaika.fi\/wp-content\/uploads\/2020\/01\/Koponen_Jarmo_Itiquira_Falls_nettiin.jpg","contentUrl":"https:\/\/valokuvakeskusnykyaika.fi\/wp-content\/uploads\/2020\/01\/Koponen_Jarmo_Itiquira_Falls_nettiin.jpg","width":1920,"height":1536,"caption":"Jarmo Koponen"},{"@type":"BreadcrumbList","@id":"https:\/\/valokuvakeskusnykyaika.fi\/jarmo-koponen\/#breadcrumb","itemListElement":[{"@type":"ListItem","position":1,"name":"Etusivu","item":"https:\/\/valokuvakeskusnykyaika.fi\/"},{"@type":"ListItem","position":2,"name":"Jarmo Koponen: Someplace"}]},{"@type":"WebSite","@id":"https:\/\/valokuvakeskusnykyaika.fi\/#website","url":"https:\/\/valokuvakeskusnykyaika.fi\/","name":"Photographic Centre Nykyaika","description":"Nykyaika on avoin kohtaamispaikka kaikille valokuvataiteen yst\u00e4ville","publisher":{"@id":"https:\/\/valokuvakeskusnykyaika.fi\/#organization"},"potentialAction":[{"@type":"SearchAction","target":{"@type":"EntryPoint","urlTemplate":"https:\/\/valokuvakeskusnykyaika.fi\/?s={search_term_string}"},"query-input":{"@type":"PropertyValueSpecification","valueRequired":true,"valueName":"search_term_string"}}],"inLanguage":"en-GB"},{"@type":"Organization","@id":"https:\/\/valokuvakeskusnykyaika.fi\/#organization","name":"Photographic Centre Nykyaika","url":"https:\/\/valokuvakeskusnykyaika.fi\/","logo":{"@type":"ImageObject","inLanguage":"en-GB","@id":"https:\/\/valokuvakeskusnykyaika.fi\/#\/schema\/logo\/image\/","url":"https:\/\/valokuvakeskusnykyaika.fi\/wp-content\/uploads\/2019\/01\/NY-Valokuvakeskus-logo-pieni.png","contentUrl":"https:\/\/valokuvakeskusnykyaika.fi\/wp-content\/uploads\/2019\/01\/NY-Valokuvakeskus-logo-pieni.png","width":300,"height":314,"caption":"Valokuvakeskus Nykyaika"},"image":{"@id":"https:\/\/valokuvakeskusnykyaika.fi\/#\/schema\/logo\/image\/"},"sameAs":["https:\/\/www.facebook.com\/valokuvakeskus.nykyaika\/","https:\/\/x.com\/nykyaika","https:\/\/www.instagram.com\/nykyaika\/"]},{"@type":"Person","@id":"https:\/\/valokuvakeskusnykyaika.fi\/#\/schema\/person\/41ef90f7d89984ccaca756c8d4241c19","name":"info.nykyaika@backlight.fi","url":"https:\/\/valokuvakeskusnykyaika.fi\/en\/author\/info-nykyaikabacklight-fi\/"}]}},"_links":{"self":[{"href":"https:\/\/valokuvakeskusnykyaika.fi\/en\/wp-json\/wp\/v2\/posts\/4166","targetHints":{"allow":["GET"]}}],"collection":[{"href":"https:\/\/valokuvakeskusnykyaika.fi\/en\/wp-json\/wp\/v2\/posts"}],"about":[{"href":"https:\/\/valokuvakeskusnykyaika.fi\/en\/wp-json\/wp\/v2\/types\/post"}],"author":[{"embeddable":true,"href":"https:\/\/valokuvakeskusnykyaika.fi\/en\/wp-json\/wp\/v2\/users\/6"}],"replies":[{"embeddable":true,"href":"https:\/\/valokuvakeskusnykyaika.fi\/en\/wp-json\/wp\/v2\/comments?post=4166"}],"version-history":[{"count":3,"href":"https:\/\/valokuvakeskusnykyaika.fi\/en\/wp-json\/wp\/v2\/posts\/4166\/revisions"}],"predecessor-version":[{"id":4182,"href":"https:\/\/valokuvakeskusnykyaika.fi\/en\/wp-json\/wp\/v2\/posts\/4166\/revisions\/4182"}],"wp:featuredmedia":[{"embeddable":true,"href":"https:\/\/valokuvakeskusnykyaika.fi\/en\/wp-json\/wp\/v2\/media\/4167"}],"wp:attachment":[{"href":"https:\/\/valokuvakeskusnykyaika.fi\/en\/wp-json\/wp\/v2\/media?parent=4166"}],"wp:term":[{"taxonomy":"category","embeddable":true,"href":"https:\/\/valokuvakeskusnykyaika.fi\/en\/wp-json\/wp\/v2\/categories?post=4166"},{"taxonomy":"post_tag","embeddable":true,"href":"https:\/\/valokuvakeskusnykyaika.fi\/en\/wp-json\/wp\/v2\/tags?post=4166"}],"curies":[{"name":"wp","href":"https:\/\/api.w.org\/{rel}","templated":true}]}}