{"id":4305,"date":"2020-04-01T13:20:21","date_gmt":"2020-04-01T10:20:21","guid":{"rendered":"https:\/\/valokuvakeskusnykyaika.fi\/?p=4305"},"modified":"2020-09-22T13:21:28","modified_gmt":"2020-09-22T10:21:28","slug":"4305-2","status":"publish","type":"post","link":"https:\/\/valokuvakeskusnykyaika.fi\/en\/4305-2\/","title":{"rendered":"Mass isolation project"},"content":{"rendered":"<p><strong>Pohjoinen valokuvakeskus ja Valokuvakeskus Nykyaika kutsuvat kuvaajat tallentamaan korona-arkea Mass Isolation projektiin<\/strong><\/p>\n\n\n\n<p><\/p>\n\n\n\n<p>Mass isolation Project on saanut alkunsa Irlannissa Gallery of Photography Ireland aloitteesta.  He ovat kutsuneet valokuva-alan toimijoita eri puolilta maailmaa osallistumaan kuvahankkeeseen, jossa kartoitetaan globaalisti koronaviruksen levi\u00e4misen est\u00e4misen vaikutuksia ihmisten arjessa. Irlannissa projekti on esill\u00e4 osoitteessa <a href=\"https:\/\/z-p42.www.instagram.com\/mass_isolation_irl\/\">https:\/\/z-p42.www.instagram.com\/mass_isolation_irl\/<\/a><br>Maailmanlaajuisesti hanketta voi seurata h\u00e4st\u00e4gill\u00e4 #massisolation.<\/p>\n\n\n\n<p>Suomessa hanke toteutetaan Pohjoisen valokuvakeskuksen ja Valokuvakeskus Nykyajan yhteisty\u00f6n\u00e4. Vuoroviikoin Oulun aloittaessa 30.3. ja Tampereen jatkaessa 13.4. instagram-tili <a href=\"https:\/\/www.instagram.com\/massisolationprojectfi\/\">https:\/\/www.instagram.com\/massisolationprojectfi\/<\/a> t\u00e4yttyy pohjoisen kuvaajien ja Pirkanmaan kuvaajien arjen dokumentoinneista. Hankkeen tarkoituksena on n\u00e4ytt\u00e4\u00e4, millaista ihmisten arki on keskell\u00e4 koronaviruksen levi\u00e4misen est\u00e4misen aiheuttamia poikkeuksellisia olosuhteita? Mink\u00e4laista on arki, kun liikkumista ja ihmisen v\u00e4lisi\u00e4 sosiaalisia suhteita pit\u00e4\u00e4 v\u00e4hent\u00e4\u00e4? Mink\u00e4laisissa ymp\u00e4rist\u00f6iss\u00e4 tehd\u00e4\u00e4n et\u00e4ty\u00f6t\u00e4 ja opiskellaan kotikoulussa? Miten k\u00e4yd\u00e4\u00e4n kaupassa ja asioilla? Miten sujuu yhteiskunnallisesti v\u00e4ltt\u00e4m\u00e4t\u00f6n ty\u00f6 terveydenhuollossa, pelastustoimessa, ruokakaupoissa ja erilaisissa siivousteht\u00e4viss\u00e4? Miten huolehditaan yst\u00e4vyys- ja sukulaissuhteista? Miten muuttuu vapaa-aika?<\/p>\n\n\n\n<p>Projektilla\nhalutaan my\u00f6s osallistua valokuvateoreettiseen keskusteluun siit\u00e4,\nmiten valokuva tallentaa ja muovaa ymm\u00e4rryst\u00e4mme historiallisista\ntilanteista. Globaalista yhteishankkeesta muodostuu merkitt\u00e4v\u00e4\nvisuaalinen arkisto t\u00e4st\u00e4 poikkeuksellista tilanteesta, jossa me\nkaikki nyt el\u00e4mme.<\/p>\n\n\n\n<p><strong>N\u00e4in\nosallistut <\/strong>\n<\/p>\n\n\n\n<p>Oletpa\nsitten ammattilainen, valokuvataiteilija, valokuvauksen harrastaja\ntai kotikuvaaja niin merkitse instagramissa korona-arkea koskevia\nkuvia @massisolationprojectfi Instagram profiilin seuraavilla\nh\u00e4st\u00e4geill\u00e4 #massisolationfi #massisolationoulu\n#massisolationtampere, sek\u00e4 #massisolationproject ja #massisolation.\nKansainv\u00e4listen h\u00e4st\u00e4gien kautta kuvat osallistuvat maailman\nlaajuiseen projektiin. Oulussa kuvattuihin julkaisuihin toivotaan\nlinkitett\u00e4v\u00e4n my\u00f6s #oulu, #Oulu2026 #munoulu ja\n#pohjoinenvalokuvakeskus. Tampereella kuvattuihin kuviin #tampere,\n#valokuvakeskusnykyaika #tampere2026<\/p>\n\n\n\n<p>T\u00e4g\u00e4\u00e4m\u00e4ll\u00e4\nkuvan annat luvan kuvan uudelleen jakamiseen @massisolationprojectfi\ntilill\u00e4.<\/p>\n\n\n\n<p><strong>Organisaatiot<\/strong><\/p>\n\n\n\n<p>Tule\nmukaan luomaan arkistoa t\u00e4st\u00e4 ennenn\u00e4kem\u00e4tt\u00f6m\u00e4st\u00e4\npoikkeustilasta. Haluatko mukaan organisaatiosi tai kaupunkisi\nkanssa? Laita s\u00e4hk\u00f6postia <a href=\"mailto:info@photonorth.fi\">info@photonorth.fi<\/a>\nniin saat tarkemmat ohjeet osallistumiseen.<\/p>","protected":false},"excerpt":{"rendered":"<p>Pohjoinen valokuvakeskus ja Valokuvakeskus Nykyaika kutsuvat kuvaajat tallentamaan korona-arkea Mass Isolation projektiin Mass isolation Project on saanut alkunsa Irlannissa Gallery of Photography Ireland aloitteesta. He ovat kutsuneet valokuva-alan toimijoita eri puolilta maailmaa osallistumaan kuvahankkeeseen, jossa kartoitetaan globaalisti koronaviruksen levi\u00e4misen est\u00e4misen vaikutuksia ihmisten arjessa. Irlannissa projekti on esill\u00e4 osoitteessa https:\/\/z-p42.www.instagram.com\/mass_isolation_irl\/Maailmanlaajuisesti hanketta voi seurata h\u00e4st\u00e4gill\u00e4 #massisolation. Suomessa [&hellip;]<\/p>\n","protected":false},"author":6,"featured_media":4306,"comment_status":"closed","ping_status":"closed","sticky":false,"template":"","format":"standard","meta":{"iawp_total_views":89,"footnotes":""},"categories":[4],"tags":[],"class_list":["post-4305","post","type-post","status-publish","format-standard","has-post-thumbnail","hentry","category-menneet"],"yoast_head":"<!-- This site is optimized with the Yoast SEO plugin v27.5 - https:\/\/yoast.com\/product\/yoast-seo-wordpress\/ -->\n<title>Mass isolation project - Valokuvakeskus Nykyaika<\/title>\n<meta name=\"robots\" content=\"index, follow, max-snippet:-1, max-image-preview:large, max-video-preview:-1\" \/>\n<link rel=\"canonical\" href=\"https:\/\/valokuvakeskusnykyaika.fi\/en\/4305-2\/\" \/>\n<meta property=\"og:locale\" content=\"en_GB\" \/>\n<meta property=\"og:type\" content=\"article\" \/>\n<meta property=\"og:title\" content=\"Mass isolation project - Valokuvakeskus Nykyaika\" \/>\n<meta property=\"og:description\" content=\"Pohjoinen valokuvakeskus ja Valokuvakeskus Nykyaika kutsuvat kuvaajat tallentamaan korona-arkea Mass Isolation projektiin Mass isolation Project on saanut alkunsa Irlannissa Gallery of Photography Ireland aloitteesta. He ovat kutsuneet valokuva-alan toimijoita eri puolilta maailmaa osallistumaan kuvahankkeeseen, jossa kartoitetaan globaalisti koronaviruksen levi\u00e4misen est\u00e4misen vaikutuksia ihmisten arjessa. Irlannissa projekti on esill\u00e4 osoitteessa https:\/\/z-p42.www.instagram.com\/mass_isolation_irl\/Maailmanlaajuisesti hanketta voi seurata h\u00e4st\u00e4gill\u00e4 #massisolation. Suomessa [&hellip;]\" \/>\n<meta property=\"og:url\" content=\"https:\/\/valokuvakeskusnykyaika.fi\/en\/4305-2\/\" \/>\n<meta property=\"og:site_name\" content=\"Valokuvakeskus Nykyaika\" \/>\n<meta property=\"article:publisher\" content=\"https:\/\/www.facebook.com\/valokuvakeskus.nykyaika\/\" \/>\n<meta property=\"article:published_time\" content=\"2020-04-01T10:20:21+00:00\" \/>\n<meta property=\"article:modified_time\" content=\"2020-09-22T10:21:28+00:00\" \/>\n<meta property=\"og:image\" content=\"https:\/\/valokuvakeskusnykyaika.fi\/wp-content\/uploads\/2020\/04\/massisolation1920x1080.jpg\" \/>\n\t<meta property=\"og:image:width\" content=\"3000\" \/>\n\t<meta property=\"og:image:height\" content=\"1687\" \/>\n\t<meta property=\"og:image:type\" content=\"image\/jpeg\" \/>\n<meta name=\"author\" content=\"info.nykyaika@backlight.fi\" \/>\n<meta name=\"twitter:card\" content=\"summary_large_image\" \/>\n<meta name=\"twitter:creator\" content=\"@nykyaika\" \/>\n<meta name=\"twitter:site\" content=\"@nykyaika\" \/>\n<meta name=\"twitter:label1\" content=\"Written by\" \/>\n\t<meta name=\"twitter:data1\" content=\"info.nykyaika@backlight.fi\" \/>\n\t<meta name=\"twitter:label2\" content=\"Estimated reading time\" \/>\n\t<meta name=\"twitter:data2\" content=\"2 minutes\" \/>\n<script type=\"application\/ld+json\" class=\"yoast-schema-graph\">{\"@context\":\"https:\\\/\\\/schema.org\",\"@graph\":[{\"@type\":\"Article\",\"@id\":\"https:\\\/\\\/valokuvakeskusnykyaika.fi\\\/4305-2\\\/#article\",\"isPartOf\":{\"@id\":\"https:\\\/\\\/valokuvakeskusnykyaika.fi\\\/4305-2\\\/\"},\"author\":{\"name\":\"info.nykyaika@backlight.fi\",\"@id\":\"https:\\\/\\\/valokuvakeskusnykyaika.fi\\\/#\\\/schema\\\/person\\\/41ef90f7d89984ccaca756c8d4241c19\"},\"headline\":\"Mass isolation project\",\"datePublished\":\"2020-04-01T10:20:21+00:00\",\"dateModified\":\"2020-09-22T10:21:28+00:00\",\"mainEntityOfPage\":{\"@id\":\"https:\\\/\\\/valokuvakeskusnykyaika.fi\\\/4305-2\\\/\"},\"wordCount\":318,\"publisher\":{\"@id\":\"https:\\\/\\\/valokuvakeskusnykyaika.fi\\\/#organization\"},\"image\":{\"@id\":\"https:\\\/\\\/valokuvakeskusnykyaika.fi\\\/4305-2\\\/#primaryimage\"},\"thumbnailUrl\":\"https:\\\/\\\/valokuvakeskusnykyaika.fi\\\/wp-content\\\/uploads\\\/2020\\\/04\\\/massisolation1920x1080.jpg\",\"articleSection\":[\"Menneet\"],\"inLanguage\":\"en-GB\"},{\"@type\":\"WebPage\",\"@id\":\"https:\\\/\\\/valokuvakeskusnykyaika.fi\\\/4305-2\\\/\",\"url\":\"https:\\\/\\\/valokuvakeskusnykyaika.fi\\\/4305-2\\\/\",\"name\":\"Mass isolation project - Valokuvakeskus Nykyaika\",\"isPartOf\":{\"@id\":\"https:\\\/\\\/valokuvakeskusnykyaika.fi\\\/#website\"},\"primaryImageOfPage\":{\"@id\":\"https:\\\/\\\/valokuvakeskusnykyaika.fi\\\/4305-2\\\/#primaryimage\"},\"image\":{\"@id\":\"https:\\\/\\\/valokuvakeskusnykyaika.fi\\\/4305-2\\\/#primaryimage\"},\"thumbnailUrl\":\"https:\\\/\\\/valokuvakeskusnykyaika.fi\\\/wp-content\\\/uploads\\\/2020\\\/04\\\/massisolation1920x1080.jpg\",\"datePublished\":\"2020-04-01T10:20:21+00:00\",\"dateModified\":\"2020-09-22T10:21:28+00:00\",\"breadcrumb\":{\"@id\":\"https:\\\/\\\/valokuvakeskusnykyaika.fi\\\/4305-2\\\/#breadcrumb\"},\"inLanguage\":\"en-GB\",\"potentialAction\":[{\"@type\":\"ReadAction\",\"target\":[\"https:\\\/\\\/valokuvakeskusnykyaika.fi\\\/4305-2\\\/\"]}]},{\"@type\":\"ImageObject\",\"inLanguage\":\"en-GB\",\"@id\":\"https:\\\/\\\/valokuvakeskusnykyaika.fi\\\/4305-2\\\/#primaryimage\",\"url\":\"https:\\\/\\\/valokuvakeskusnykyaika.fi\\\/wp-content\\\/uploads\\\/2020\\\/04\\\/massisolation1920x1080.jpg\",\"contentUrl\":\"https:\\\/\\\/valokuvakeskusnykyaika.fi\\\/wp-content\\\/uploads\\\/2020\\\/04\\\/massisolation1920x1080.jpg\",\"width\":3000,\"height\":1687},{\"@type\":\"BreadcrumbList\",\"@id\":\"https:\\\/\\\/valokuvakeskusnykyaika.fi\\\/4305-2\\\/#breadcrumb\",\"itemListElement\":[{\"@type\":\"ListItem\",\"position\":1,\"name\":\"Etusivu\",\"item\":\"https:\\\/\\\/valokuvakeskusnykyaika.fi\\\/\"},{\"@type\":\"ListItem\",\"position\":2,\"name\":\"Mass isolation project\"}]},{\"@type\":\"WebSite\",\"@id\":\"https:\\\/\\\/valokuvakeskusnykyaika.fi\\\/#website\",\"url\":\"https:\\\/\\\/valokuvakeskusnykyaika.fi\\\/\",\"name\":\"Valokuvakeskus Nykyaika\",\"description\":\"Nykyaika on avoin kohtaamispaikka kaikille valokuvataiteen yst\u00e4ville\",\"publisher\":{\"@id\":\"https:\\\/\\\/valokuvakeskusnykyaika.fi\\\/#organization\"},\"potentialAction\":[{\"@type\":\"SearchAction\",\"target\":{\"@type\":\"EntryPoint\",\"urlTemplate\":\"https:\\\/\\\/valokuvakeskusnykyaika.fi\\\/?s={search_term_string}\"},\"query-input\":{\"@type\":\"PropertyValueSpecification\",\"valueRequired\":true,\"valueName\":\"search_term_string\"}}],\"inLanguage\":\"en-GB\"},{\"@type\":\"Organization\",\"@id\":\"https:\\\/\\\/valokuvakeskusnykyaika.fi\\\/#organization\",\"name\":\"Valokuvakeskus Nykyaika\",\"url\":\"https:\\\/\\\/valokuvakeskusnykyaika.fi\\\/\",\"logo\":{\"@type\":\"ImageObject\",\"inLanguage\":\"en-GB\",\"@id\":\"https:\\\/\\\/valokuvakeskusnykyaika.fi\\\/#\\\/schema\\\/logo\\\/image\\\/\",\"url\":\"https:\\\/\\\/valokuvakeskusnykyaika.fi\\\/wp-content\\\/uploads\\\/2019\\\/01\\\/NY-Valokuvakeskus-logo-pieni.png\",\"contentUrl\":\"https:\\\/\\\/valokuvakeskusnykyaika.fi\\\/wp-content\\\/uploads\\\/2019\\\/01\\\/NY-Valokuvakeskus-logo-pieni.png\",\"width\":300,\"height\":314,\"caption\":\"Valokuvakeskus Nykyaika\"},\"image\":{\"@id\":\"https:\\\/\\\/valokuvakeskusnykyaika.fi\\\/#\\\/schema\\\/logo\\\/image\\\/\"},\"sameAs\":[\"https:\\\/\\\/www.facebook.com\\\/valokuvakeskus.nykyaika\\\/\",\"https:\\\/\\\/x.com\\\/nykyaika\",\"https:\\\/\\\/www.instagram.com\\\/nykyaika\\\/\"]},{\"@type\":\"Person\",\"@id\":\"https:\\\/\\\/valokuvakeskusnykyaika.fi\\\/#\\\/schema\\\/person\\\/41ef90f7d89984ccaca756c8d4241c19\",\"name\":\"info.nykyaika@backlight.fi\",\"url\":\"https:\\\/\\\/valokuvakeskusnykyaika.fi\\\/en\\\/author\\\/info-nykyaikabacklight-fi\\\/\"}]}<\/script>\n<!-- \/ Yoast SEO plugin. -->","yoast_head_json":{"title":"Mass isolation project - Valokuvakeskus Nykyaika","robots":{"index":"index","follow":"follow","max-snippet":"max-snippet:-1","max-image-preview":"max-image-preview:large","max-video-preview":"max-video-preview:-1"},"canonical":"https:\/\/valokuvakeskusnykyaika.fi\/en\/4305-2\/","og_locale":"en_GB","og_type":"article","og_title":"Mass isolation project - Valokuvakeskus Nykyaika","og_description":"Pohjoinen valokuvakeskus ja Valokuvakeskus Nykyaika kutsuvat kuvaajat tallentamaan korona-arkea Mass Isolation projektiin Mass isolation Project on saanut alkunsa Irlannissa Gallery of Photography Ireland aloitteesta. He ovat kutsuneet valokuva-alan toimijoita eri puolilta maailmaa osallistumaan kuvahankkeeseen, jossa kartoitetaan globaalisti koronaviruksen levi\u00e4misen est\u00e4misen vaikutuksia ihmisten arjessa. Irlannissa projekti on esill\u00e4 osoitteessa https:\/\/z-p42.www.instagram.com\/mass_isolation_irl\/Maailmanlaajuisesti hanketta voi seurata h\u00e4st\u00e4gill\u00e4 #massisolation. Suomessa [&hellip;]","og_url":"https:\/\/valokuvakeskusnykyaika.fi\/en\/4305-2\/","og_site_name":"Valokuvakeskus Nykyaika","article_publisher":"https:\/\/www.facebook.com\/valokuvakeskus.nykyaika\/","article_published_time":"2020-04-01T10:20:21+00:00","article_modified_time":"2020-09-22T10:21:28+00:00","og_image":[{"width":3000,"height":1687,"url":"https:\/\/valokuvakeskusnykyaika.fi\/wp-content\/uploads\/2020\/04\/massisolation1920x1080.jpg","type":"image\/jpeg"}],"author":"info.nykyaika@backlight.fi","twitter_card":"summary_large_image","twitter_creator":"@nykyaika","twitter_site":"@nykyaika","twitter_misc":{"Written by":"info.nykyaika@backlight.fi","Estimated reading time":"2 minutes"},"schema":{"@context":"https:\/\/schema.org","@graph":[{"@type":"Article","@id":"https:\/\/valokuvakeskusnykyaika.fi\/4305-2\/#article","isPartOf":{"@id":"https:\/\/valokuvakeskusnykyaika.fi\/4305-2\/"},"author":{"name":"info.nykyaika@backlight.fi","@id":"https:\/\/valokuvakeskusnykyaika.fi\/#\/schema\/person\/41ef90f7d89984ccaca756c8d4241c19"},"headline":"Mass isolation project","datePublished":"2020-04-01T10:20:21+00:00","dateModified":"2020-09-22T10:21:28+00:00","mainEntityOfPage":{"@id":"https:\/\/valokuvakeskusnykyaika.fi\/4305-2\/"},"wordCount":318,"publisher":{"@id":"https:\/\/valokuvakeskusnykyaika.fi\/#organization"},"image":{"@id":"https:\/\/valokuvakeskusnykyaika.fi\/4305-2\/#primaryimage"},"thumbnailUrl":"https:\/\/valokuvakeskusnykyaika.fi\/wp-content\/uploads\/2020\/04\/massisolation1920x1080.jpg","articleSection":["Menneet"],"inLanguage":"en-GB"},{"@type":"WebPage","@id":"https:\/\/valokuvakeskusnykyaika.fi\/4305-2\/","url":"https:\/\/valokuvakeskusnykyaika.fi\/4305-2\/","name":"Mass isolation project - Valokuvakeskus Nykyaika","isPartOf":{"@id":"https:\/\/valokuvakeskusnykyaika.fi\/#website"},"primaryImageOfPage":{"@id":"https:\/\/valokuvakeskusnykyaika.fi\/4305-2\/#primaryimage"},"image":{"@id":"https:\/\/valokuvakeskusnykyaika.fi\/4305-2\/#primaryimage"},"thumbnailUrl":"https:\/\/valokuvakeskusnykyaika.fi\/wp-content\/uploads\/2020\/04\/massisolation1920x1080.jpg","datePublished":"2020-04-01T10:20:21+00:00","dateModified":"2020-09-22T10:21:28+00:00","breadcrumb":{"@id":"https:\/\/valokuvakeskusnykyaika.fi\/4305-2\/#breadcrumb"},"inLanguage":"en-GB","potentialAction":[{"@type":"ReadAction","target":["https:\/\/valokuvakeskusnykyaika.fi\/4305-2\/"]}]},{"@type":"ImageObject","inLanguage":"en-GB","@id":"https:\/\/valokuvakeskusnykyaika.fi\/4305-2\/#primaryimage","url":"https:\/\/valokuvakeskusnykyaika.fi\/wp-content\/uploads\/2020\/04\/massisolation1920x1080.jpg","contentUrl":"https:\/\/valokuvakeskusnykyaika.fi\/wp-content\/uploads\/2020\/04\/massisolation1920x1080.jpg","width":3000,"height":1687},{"@type":"BreadcrumbList","@id":"https:\/\/valokuvakeskusnykyaika.fi\/4305-2\/#breadcrumb","itemListElement":[{"@type":"ListItem","position":1,"name":"Etusivu","item":"https:\/\/valokuvakeskusnykyaika.fi\/"},{"@type":"ListItem","position":2,"name":"Mass isolation project"}]},{"@type":"WebSite","@id":"https:\/\/valokuvakeskusnykyaika.fi\/#website","url":"https:\/\/valokuvakeskusnykyaika.fi\/","name":"Photographic Centre Nykyaika","description":"Nykyaika on avoin kohtaamispaikka kaikille valokuvataiteen yst\u00e4ville","publisher":{"@id":"https:\/\/valokuvakeskusnykyaika.fi\/#organization"},"potentialAction":[{"@type":"SearchAction","target":{"@type":"EntryPoint","urlTemplate":"https:\/\/valokuvakeskusnykyaika.fi\/?s={search_term_string}"},"query-input":{"@type":"PropertyValueSpecification","valueRequired":true,"valueName":"search_term_string"}}],"inLanguage":"en-GB"},{"@type":"Organization","@id":"https:\/\/valokuvakeskusnykyaika.fi\/#organization","name":"Photographic Centre Nykyaika","url":"https:\/\/valokuvakeskusnykyaika.fi\/","logo":{"@type":"ImageObject","inLanguage":"en-GB","@id":"https:\/\/valokuvakeskusnykyaika.fi\/#\/schema\/logo\/image\/","url":"https:\/\/valokuvakeskusnykyaika.fi\/wp-content\/uploads\/2019\/01\/NY-Valokuvakeskus-logo-pieni.png","contentUrl":"https:\/\/valokuvakeskusnykyaika.fi\/wp-content\/uploads\/2019\/01\/NY-Valokuvakeskus-logo-pieni.png","width":300,"height":314,"caption":"Valokuvakeskus Nykyaika"},"image":{"@id":"https:\/\/valokuvakeskusnykyaika.fi\/#\/schema\/logo\/image\/"},"sameAs":["https:\/\/www.facebook.com\/valokuvakeskus.nykyaika\/","https:\/\/x.com\/nykyaika","https:\/\/www.instagram.com\/nykyaika\/"]},{"@type":"Person","@id":"https:\/\/valokuvakeskusnykyaika.fi\/#\/schema\/person\/41ef90f7d89984ccaca756c8d4241c19","name":"info.nykyaika@backlight.fi","url":"https:\/\/valokuvakeskusnykyaika.fi\/en\/author\/info-nykyaikabacklight-fi\/"}]}},"_links":{"self":[{"href":"https:\/\/valokuvakeskusnykyaika.fi\/en\/wp-json\/wp\/v2\/posts\/4305","targetHints":{"allow":["GET"]}}],"collection":[{"href":"https:\/\/valokuvakeskusnykyaika.fi\/en\/wp-json\/wp\/v2\/posts"}],"about":[{"href":"https:\/\/valokuvakeskusnykyaika.fi\/en\/wp-json\/wp\/v2\/types\/post"}],"author":[{"embeddable":true,"href":"https:\/\/valokuvakeskusnykyaika.fi\/en\/wp-json\/wp\/v2\/users\/6"}],"replies":[{"embeddable":true,"href":"https:\/\/valokuvakeskusnykyaika.fi\/en\/wp-json\/wp\/v2\/comments?post=4305"}],"version-history":[{"count":5,"href":"https:\/\/valokuvakeskusnykyaika.fi\/en\/wp-json\/wp\/v2\/posts\/4305\/revisions"}],"predecessor-version":[{"id":4312,"href":"https:\/\/valokuvakeskusnykyaika.fi\/en\/wp-json\/wp\/v2\/posts\/4305\/revisions\/4312"}],"wp:featuredmedia":[{"embeddable":true,"href":"https:\/\/valokuvakeskusnykyaika.fi\/en\/wp-json\/wp\/v2\/media\/4306"}],"wp:attachment":[{"href":"https:\/\/valokuvakeskusnykyaika.fi\/en\/wp-json\/wp\/v2\/media?parent=4305"}],"wp:term":[{"taxonomy":"category","embeddable":true,"href":"https:\/\/valokuvakeskusnykyaika.fi\/en\/wp-json\/wp\/v2\/categories?post=4305"},{"taxonomy":"post_tag","embeddable":true,"href":"https:\/\/valokuvakeskusnykyaika.fi\/en\/wp-json\/wp\/v2\/tags?post=4305"}],"curies":[{"name":"wp","href":"https:\/\/api.w.org\/{rel}","templated":true}]}}