{"id":4393,"date":"2020-06-09T12:28:46","date_gmt":"2020-06-09T09:28:46","guid":{"rendered":"https:\/\/valokuvakeskusnykyaika.fi\/?p=4393"},"modified":"2020-07-11T14:47:34","modified_gmt":"2020-07-11T11:47:34","slug":"likella","status":"publish","type":"post","link":"https:\/\/valokuvakeskusnykyaika.fi\/en\/likella\/","title":{"rendered":"Likell\u00e4"},"content":{"rendered":"<p>Nykyajan j\u00e4senist\u00f6n popup-n\u00e4yttely: Likell\u00e4<br>N\u00e4yttely I Exhibition 6.6.-29.6.2020<br>Suljettu juhannuksena 18.6. &#8211; 22.6. I Exhibition is closed during<br>Midsummer from 18th to 22nd June<br>Tervetuloa! I Welcome!<\/p>\n\n\n\n<p>L\u00e4heisyys; t\u00e4n\u00e4 kev\u00e4\u00e4n\u00e4 sen l\u00e4sn\u00e4- ja poissaolo on korostunut meist\u00e4 useimpien el\u00e4m\u00e4ss\u00e4. Kuluva kev\u00e4t on muuttanut sosiaalisia suhteitamme ja toisaalta saanut kaipaamaan aikaa, jolloin sai olla viel\u00e4 likell\u00e4. N\u00e4yttelyn teokset hahmottavat l\u00e4heisyys-teemaa eri n\u00e4k\u00f6kulmista.<br>N\u00e4yttelyss\u00e4 on mukana teoksia seuraavilta taiteilijoilta:<br>Miska Allonen<br>Eijaa Heikkinen<br>Aimo Hyv\u00e4rinen<br>John Lenick<br>Jana Machackova-Oey<br>Liisa M\u00e4kinen<br>Petri Nuutinen<br>Mirja Paljakka<br>Maria Piril\u00e4<br>Luiza Preda<br>Miina Puolitaival<br>Antti-Kristian P\u00e4rn\u00e4nen<br>Jaana Tyrmi<\/p>\n\n\n\n<p>***<\/p>\n\n\n\n<p>Intimacy; this spring its presence and absence has been highlighted in the lives of most of us. This spring has changed our social relations and, on the other hand, made us miss the time when we were still near each other. The works in the exhibition outline the intimacy theme from different perspectives.<br>The exhibition presents works by the following artists: <br>Miska Allonen<br>Eijaa Heikkinen<br>Aimo Hyv\u00e4rinen<br>John Lenick<br>Jana Machackova-Oey<br>Liisa M\u00e4kinen<br>Petri Nuutinen<br>Mirja Paljakka<br>Maria Piril\u00e4<br>Luiza Preda<br>Miina Puolitaival<br>Antti-Kristian P\u00e4rn\u00e4nen<br>Jaana Tyrmi<\/p>","protected":false},"excerpt":{"rendered":"<p>Nykyajan j\u00e4senist\u00f6n popup-n\u00e4yttely: Likell\u00e4N\u00e4yttely I Exhibition 6.6.-29.6.2020Suljettu juhannuksena 18.6. &#8211; 22.6. I Exhibition is closed duringMidsummer from 18th to 22nd JuneTervetuloa! I Welcome! L\u00e4heisyys; t\u00e4n\u00e4 kev\u00e4\u00e4n\u00e4 sen l\u00e4sn\u00e4- ja poissaolo on korostunut meist\u00e4 useimpien el\u00e4m\u00e4ss\u00e4. Kuluva kev\u00e4t on muuttanut sosiaalisia suhteitamme ja toisaalta saanut kaipaamaan aikaa, jolloin sai olla viel\u00e4 likell\u00e4. N\u00e4yttelyn teokset hahmottavat l\u00e4heisyys-teemaa [&hellip;]<\/p>\n","protected":false},"author":6,"featured_media":4394,"comment_status":"closed","ping_status":"closed","sticky":false,"template":"","format":"standard","meta":{"iawp_total_views":6,"footnotes":""},"categories":[4],"tags":[],"class_list":["post-4393","post","type-post","status-publish","format-standard","has-post-thumbnail","hentry","category-menneet"],"yoast_head":"<!-- This site is optimized with the Yoast SEO plugin v27.4 - https:\/\/yoast.com\/product\/yoast-seo-wordpress\/ -->\n<title>Likell\u00e4 - Valokuvakeskus Nykyaika<\/title>\n<meta name=\"robots\" content=\"index, follow, max-snippet:-1, max-image-preview:large, max-video-preview:-1\" \/>\n<link rel=\"canonical\" href=\"https:\/\/valokuvakeskusnykyaika.fi\/en\/likella\/\" \/>\n<meta property=\"og:locale\" content=\"en_GB\" \/>\n<meta property=\"og:type\" content=\"article\" \/>\n<meta property=\"og:title\" content=\"Likell\u00e4 - Valokuvakeskus Nykyaika\" \/>\n<meta property=\"og:description\" content=\"Nykyajan j\u00e4senist\u00f6n popup-n\u00e4yttely: Likell\u00e4N\u00e4yttely I Exhibition 6.6.-29.6.2020Suljettu juhannuksena 18.6. &#8211; 22.6. I Exhibition is closed duringMidsummer from 18th to 22nd JuneTervetuloa! I Welcome! L\u00e4heisyys; t\u00e4n\u00e4 kev\u00e4\u00e4n\u00e4 sen l\u00e4sn\u00e4- ja poissaolo on korostunut meist\u00e4 useimpien el\u00e4m\u00e4ss\u00e4. Kuluva kev\u00e4t on muuttanut sosiaalisia suhteitamme ja toisaalta saanut kaipaamaan aikaa, jolloin sai olla viel\u00e4 likell\u00e4. N\u00e4yttelyn teokset hahmottavat l\u00e4heisyys-teemaa [&hellip;]\" \/>\n<meta property=\"og:url\" content=\"https:\/\/valokuvakeskusnykyaika.fi\/en\/likella\/\" \/>\n<meta property=\"og:site_name\" content=\"Valokuvakeskus Nykyaika\" \/>\n<meta property=\"article:publisher\" content=\"https:\/\/www.facebook.com\/valokuvakeskus.nykyaika\/\" \/>\n<meta property=\"article:published_time\" content=\"2020-06-09T09:28:46+00:00\" \/>\n<meta property=\"article:modified_time\" content=\"2020-07-11T11:47:34+00:00\" \/>\n<meta property=\"og:image\" content=\"https:\/\/valokuvakeskusnykyaika.fi\/wp-content\/uploads\/2020\/06\/06_pop_up-453x640.jpg\" \/>\n\t<meta property=\"og:image:width\" content=\"453\" \/>\n\t<meta property=\"og:image:height\" content=\"640\" \/>\n\t<meta property=\"og:image:type\" content=\"image\/jpeg\" \/>\n<meta name=\"author\" content=\"info.nykyaika@backlight.fi\" \/>\n<meta name=\"twitter:card\" content=\"summary_large_image\" \/>\n<meta name=\"twitter:creator\" content=\"@nykyaika\" \/>\n<meta name=\"twitter:site\" content=\"@nykyaika\" \/>\n<meta name=\"twitter:label1\" content=\"Written by\" \/>\n\t<meta name=\"twitter:data1\" content=\"info.nykyaika@backlight.fi\" \/>\n\t<meta name=\"twitter:label2\" content=\"Estimated reading time\" \/>\n\t<meta name=\"twitter:data2\" content=\"1 minute\" \/>\n<script type=\"application\/ld+json\" class=\"yoast-schema-graph\">{\"@context\":\"https:\\\/\\\/schema.org\",\"@graph\":[{\"@type\":\"Article\",\"@id\":\"https:\\\/\\\/valokuvakeskusnykyaika.fi\\\/likella\\\/#article\",\"isPartOf\":{\"@id\":\"https:\\\/\\\/valokuvakeskusnykyaika.fi\\\/likella\\\/\"},\"author\":{\"name\":\"info.nykyaika@backlight.fi\",\"@id\":\"https:\\\/\\\/valokuvakeskusnykyaika.fi\\\/#\\\/schema\\\/person\\\/41ef90f7d89984ccaca756c8d4241c19\"},\"headline\":\"Likell\u00e4\",\"datePublished\":\"2020-06-09T09:28:46+00:00\",\"dateModified\":\"2020-07-11T11:47:34+00:00\",\"mainEntityOfPage\":{\"@id\":\"https:\\\/\\\/valokuvakeskusnykyaika.fi\\\/likella\\\/\"},\"wordCount\":180,\"publisher\":{\"@id\":\"https:\\\/\\\/valokuvakeskusnykyaika.fi\\\/#organization\"},\"image\":{\"@id\":\"https:\\\/\\\/valokuvakeskusnykyaika.fi\\\/likella\\\/#primaryimage\"},\"thumbnailUrl\":\"https:\\\/\\\/valokuvakeskusnykyaika.fi\\\/wp-content\\\/uploads\\\/2020\\\/06\\\/06_pop_up.jpg\",\"articleSection\":[\"Menneet\"],\"inLanguage\":\"en-GB\"},{\"@type\":\"WebPage\",\"@id\":\"https:\\\/\\\/valokuvakeskusnykyaika.fi\\\/likella\\\/\",\"url\":\"https:\\\/\\\/valokuvakeskusnykyaika.fi\\\/likella\\\/\",\"name\":\"Likell\u00e4 - Valokuvakeskus Nykyaika\",\"isPartOf\":{\"@id\":\"https:\\\/\\\/valokuvakeskusnykyaika.fi\\\/#website\"},\"primaryImageOfPage\":{\"@id\":\"https:\\\/\\\/valokuvakeskusnykyaika.fi\\\/likella\\\/#primaryimage\"},\"image\":{\"@id\":\"https:\\\/\\\/valokuvakeskusnykyaika.fi\\\/likella\\\/#primaryimage\"},\"thumbnailUrl\":\"https:\\\/\\\/valokuvakeskusnykyaika.fi\\\/wp-content\\\/uploads\\\/2020\\\/06\\\/06_pop_up.jpg\",\"datePublished\":\"2020-06-09T09:28:46+00:00\",\"dateModified\":\"2020-07-11T11:47:34+00:00\",\"breadcrumb\":{\"@id\":\"https:\\\/\\\/valokuvakeskusnykyaika.fi\\\/likella\\\/#breadcrumb\"},\"inLanguage\":\"en-GB\",\"potentialAction\":[{\"@type\":\"ReadAction\",\"target\":[\"https:\\\/\\\/valokuvakeskusnykyaika.fi\\\/likella\\\/\"]}]},{\"@type\":\"ImageObject\",\"inLanguage\":\"en-GB\",\"@id\":\"https:\\\/\\\/valokuvakeskusnykyaika.fi\\\/likella\\\/#primaryimage\",\"url\":\"https:\\\/\\\/valokuvakeskusnykyaika.fi\\\/wp-content\\\/uploads\\\/2020\\\/06\\\/06_pop_up.jpg\",\"contentUrl\":\"https:\\\/\\\/valokuvakeskusnykyaika.fi\\\/wp-content\\\/uploads\\\/2020\\\/06\\\/06_pop_up.jpg\",\"width\":2923,\"height\":4134},{\"@type\":\"BreadcrumbList\",\"@id\":\"https:\\\/\\\/valokuvakeskusnykyaika.fi\\\/likella\\\/#breadcrumb\",\"itemListElement\":[{\"@type\":\"ListItem\",\"position\":1,\"name\":\"Etusivu\",\"item\":\"https:\\\/\\\/valokuvakeskusnykyaika.fi\\\/\"},{\"@type\":\"ListItem\",\"position\":2,\"name\":\"Likell\u00e4\"}]},{\"@type\":\"WebSite\",\"@id\":\"https:\\\/\\\/valokuvakeskusnykyaika.fi\\\/#website\",\"url\":\"https:\\\/\\\/valokuvakeskusnykyaika.fi\\\/\",\"name\":\"Valokuvakeskus Nykyaika\",\"description\":\"Nykyaika on avoin kohtaamispaikka kaikille valokuvataiteen yst\u00e4ville\",\"publisher\":{\"@id\":\"https:\\\/\\\/valokuvakeskusnykyaika.fi\\\/#organization\"},\"potentialAction\":[{\"@type\":\"SearchAction\",\"target\":{\"@type\":\"EntryPoint\",\"urlTemplate\":\"https:\\\/\\\/valokuvakeskusnykyaika.fi\\\/?s={search_term_string}\"},\"query-input\":{\"@type\":\"PropertyValueSpecification\",\"valueRequired\":true,\"valueName\":\"search_term_string\"}}],\"inLanguage\":\"en-GB\"},{\"@type\":\"Organization\",\"@id\":\"https:\\\/\\\/valokuvakeskusnykyaika.fi\\\/#organization\",\"name\":\"Valokuvakeskus Nykyaika\",\"url\":\"https:\\\/\\\/valokuvakeskusnykyaika.fi\\\/\",\"logo\":{\"@type\":\"ImageObject\",\"inLanguage\":\"en-GB\",\"@id\":\"https:\\\/\\\/valokuvakeskusnykyaika.fi\\\/#\\\/schema\\\/logo\\\/image\\\/\",\"url\":\"https:\\\/\\\/valokuvakeskusnykyaika.fi\\\/wp-content\\\/uploads\\\/2019\\\/01\\\/NY-Valokuvakeskus-logo-pieni.png\",\"contentUrl\":\"https:\\\/\\\/valokuvakeskusnykyaika.fi\\\/wp-content\\\/uploads\\\/2019\\\/01\\\/NY-Valokuvakeskus-logo-pieni.png\",\"width\":300,\"height\":314,\"caption\":\"Valokuvakeskus Nykyaika\"},\"image\":{\"@id\":\"https:\\\/\\\/valokuvakeskusnykyaika.fi\\\/#\\\/schema\\\/logo\\\/image\\\/\"},\"sameAs\":[\"https:\\\/\\\/www.facebook.com\\\/valokuvakeskus.nykyaika\\\/\",\"https:\\\/\\\/x.com\\\/nykyaika\",\"https:\\\/\\\/www.instagram.com\\\/nykyaika\\\/\"]},{\"@type\":\"Person\",\"@id\":\"https:\\\/\\\/valokuvakeskusnykyaika.fi\\\/#\\\/schema\\\/person\\\/41ef90f7d89984ccaca756c8d4241c19\",\"name\":\"info.nykyaika@backlight.fi\",\"url\":\"https:\\\/\\\/valokuvakeskusnykyaika.fi\\\/en\\\/author\\\/info-nykyaikabacklight-fi\\\/\"}]}<\/script>\n<!-- \/ Yoast SEO plugin. -->","yoast_head_json":{"title":"Likell\u00e4 - Valokuvakeskus Nykyaika","robots":{"index":"index","follow":"follow","max-snippet":"max-snippet:-1","max-image-preview":"max-image-preview:large","max-video-preview":"max-video-preview:-1"},"canonical":"https:\/\/valokuvakeskusnykyaika.fi\/en\/likella\/","og_locale":"en_GB","og_type":"article","og_title":"Likell\u00e4 - Valokuvakeskus Nykyaika","og_description":"Nykyajan j\u00e4senist\u00f6n popup-n\u00e4yttely: Likell\u00e4N\u00e4yttely I Exhibition 6.6.-29.6.2020Suljettu juhannuksena 18.6. &#8211; 22.6. I Exhibition is closed duringMidsummer from 18th to 22nd JuneTervetuloa! I Welcome! L\u00e4heisyys; t\u00e4n\u00e4 kev\u00e4\u00e4n\u00e4 sen l\u00e4sn\u00e4- ja poissaolo on korostunut meist\u00e4 useimpien el\u00e4m\u00e4ss\u00e4. Kuluva kev\u00e4t on muuttanut sosiaalisia suhteitamme ja toisaalta saanut kaipaamaan aikaa, jolloin sai olla viel\u00e4 likell\u00e4. N\u00e4yttelyn teokset hahmottavat l\u00e4heisyys-teemaa [&hellip;]","og_url":"https:\/\/valokuvakeskusnykyaika.fi\/en\/likella\/","og_site_name":"Valokuvakeskus Nykyaika","article_publisher":"https:\/\/www.facebook.com\/valokuvakeskus.nykyaika\/","article_published_time":"2020-06-09T09:28:46+00:00","article_modified_time":"2020-07-11T11:47:34+00:00","og_image":[{"width":453,"height":640,"url":"https:\/\/valokuvakeskusnykyaika.fi\/wp-content\/uploads\/2020\/06\/06_pop_up-453x640.jpg","type":"image\/jpeg"}],"author":"info.nykyaika@backlight.fi","twitter_card":"summary_large_image","twitter_creator":"@nykyaika","twitter_site":"@nykyaika","twitter_misc":{"Written by":"info.nykyaika@backlight.fi","Estimated reading time":"1 minute"},"schema":{"@context":"https:\/\/schema.org","@graph":[{"@type":"Article","@id":"https:\/\/valokuvakeskusnykyaika.fi\/likella\/#article","isPartOf":{"@id":"https:\/\/valokuvakeskusnykyaika.fi\/likella\/"},"author":{"name":"info.nykyaika@backlight.fi","@id":"https:\/\/valokuvakeskusnykyaika.fi\/#\/schema\/person\/41ef90f7d89984ccaca756c8d4241c19"},"headline":"Likell\u00e4","datePublished":"2020-06-09T09:28:46+00:00","dateModified":"2020-07-11T11:47:34+00:00","mainEntityOfPage":{"@id":"https:\/\/valokuvakeskusnykyaika.fi\/likella\/"},"wordCount":180,"publisher":{"@id":"https:\/\/valokuvakeskusnykyaika.fi\/#organization"},"image":{"@id":"https:\/\/valokuvakeskusnykyaika.fi\/likella\/#primaryimage"},"thumbnailUrl":"https:\/\/valokuvakeskusnykyaika.fi\/wp-content\/uploads\/2020\/06\/06_pop_up.jpg","articleSection":["Menneet"],"inLanguage":"en-GB"},{"@type":"WebPage","@id":"https:\/\/valokuvakeskusnykyaika.fi\/likella\/","url":"https:\/\/valokuvakeskusnykyaika.fi\/likella\/","name":"Likell\u00e4 - Valokuvakeskus Nykyaika","isPartOf":{"@id":"https:\/\/valokuvakeskusnykyaika.fi\/#website"},"primaryImageOfPage":{"@id":"https:\/\/valokuvakeskusnykyaika.fi\/likella\/#primaryimage"},"image":{"@id":"https:\/\/valokuvakeskusnykyaika.fi\/likella\/#primaryimage"},"thumbnailUrl":"https:\/\/valokuvakeskusnykyaika.fi\/wp-content\/uploads\/2020\/06\/06_pop_up.jpg","datePublished":"2020-06-09T09:28:46+00:00","dateModified":"2020-07-11T11:47:34+00:00","breadcrumb":{"@id":"https:\/\/valokuvakeskusnykyaika.fi\/likella\/#breadcrumb"},"inLanguage":"en-GB","potentialAction":[{"@type":"ReadAction","target":["https:\/\/valokuvakeskusnykyaika.fi\/likella\/"]}]},{"@type":"ImageObject","inLanguage":"en-GB","@id":"https:\/\/valokuvakeskusnykyaika.fi\/likella\/#primaryimage","url":"https:\/\/valokuvakeskusnykyaika.fi\/wp-content\/uploads\/2020\/06\/06_pop_up.jpg","contentUrl":"https:\/\/valokuvakeskusnykyaika.fi\/wp-content\/uploads\/2020\/06\/06_pop_up.jpg","width":2923,"height":4134},{"@type":"BreadcrumbList","@id":"https:\/\/valokuvakeskusnykyaika.fi\/likella\/#breadcrumb","itemListElement":[{"@type":"ListItem","position":1,"name":"Etusivu","item":"https:\/\/valokuvakeskusnykyaika.fi\/"},{"@type":"ListItem","position":2,"name":"Likell\u00e4"}]},{"@type":"WebSite","@id":"https:\/\/valokuvakeskusnykyaika.fi\/#website","url":"https:\/\/valokuvakeskusnykyaika.fi\/","name":"Photographic Centre Nykyaika","description":"Nykyaika on avoin kohtaamispaikka kaikille valokuvataiteen yst\u00e4ville","publisher":{"@id":"https:\/\/valokuvakeskusnykyaika.fi\/#organization"},"potentialAction":[{"@type":"SearchAction","target":{"@type":"EntryPoint","urlTemplate":"https:\/\/valokuvakeskusnykyaika.fi\/?s={search_term_string}"},"query-input":{"@type":"PropertyValueSpecification","valueRequired":true,"valueName":"search_term_string"}}],"inLanguage":"en-GB"},{"@type":"Organization","@id":"https:\/\/valokuvakeskusnykyaika.fi\/#organization","name":"Photographic Centre Nykyaika","url":"https:\/\/valokuvakeskusnykyaika.fi\/","logo":{"@type":"ImageObject","inLanguage":"en-GB","@id":"https:\/\/valokuvakeskusnykyaika.fi\/#\/schema\/logo\/image\/","url":"https:\/\/valokuvakeskusnykyaika.fi\/wp-content\/uploads\/2019\/01\/NY-Valokuvakeskus-logo-pieni.png","contentUrl":"https:\/\/valokuvakeskusnykyaika.fi\/wp-content\/uploads\/2019\/01\/NY-Valokuvakeskus-logo-pieni.png","width":300,"height":314,"caption":"Valokuvakeskus Nykyaika"},"image":{"@id":"https:\/\/valokuvakeskusnykyaika.fi\/#\/schema\/logo\/image\/"},"sameAs":["https:\/\/www.facebook.com\/valokuvakeskus.nykyaika\/","https:\/\/x.com\/nykyaika","https:\/\/www.instagram.com\/nykyaika\/"]},{"@type":"Person","@id":"https:\/\/valokuvakeskusnykyaika.fi\/#\/schema\/person\/41ef90f7d89984ccaca756c8d4241c19","name":"info.nykyaika@backlight.fi","url":"https:\/\/valokuvakeskusnykyaika.fi\/en\/author\/info-nykyaikabacklight-fi\/"}]}},"_links":{"self":[{"href":"https:\/\/valokuvakeskusnykyaika.fi\/en\/wp-json\/wp\/v2\/posts\/4393","targetHints":{"allow":["GET"]}}],"collection":[{"href":"https:\/\/valokuvakeskusnykyaika.fi\/en\/wp-json\/wp\/v2\/posts"}],"about":[{"href":"https:\/\/valokuvakeskusnykyaika.fi\/en\/wp-json\/wp\/v2\/types\/post"}],"author":[{"embeddable":true,"href":"https:\/\/valokuvakeskusnykyaika.fi\/en\/wp-json\/wp\/v2\/users\/6"}],"replies":[{"embeddable":true,"href":"https:\/\/valokuvakeskusnykyaika.fi\/en\/wp-json\/wp\/v2\/comments?post=4393"}],"version-history":[{"count":3,"href":"https:\/\/valokuvakeskusnykyaika.fi\/en\/wp-json\/wp\/v2\/posts\/4393\/revisions"}],"predecessor-version":[{"id":4420,"href":"https:\/\/valokuvakeskusnykyaika.fi\/en\/wp-json\/wp\/v2\/posts\/4393\/revisions\/4420"}],"wp:featuredmedia":[{"embeddable":true,"href":"https:\/\/valokuvakeskusnykyaika.fi\/en\/wp-json\/wp\/v2\/media\/4394"}],"wp:attachment":[{"href":"https:\/\/valokuvakeskusnykyaika.fi\/en\/wp-json\/wp\/v2\/media?parent=4393"}],"wp:term":[{"taxonomy":"category","embeddable":true,"href":"https:\/\/valokuvakeskusnykyaika.fi\/en\/wp-json\/wp\/v2\/categories?post=4393"},{"taxonomy":"post_tag","embeddable":true,"href":"https:\/\/valokuvakeskusnykyaika.fi\/en\/wp-json\/wp\/v2\/tags?post=4393"}],"curies":[{"name":"wp","href":"https:\/\/api.w.org\/{rel}","templated":true}]}}