{"id":4490,"date":"2020-09-22T13:25:52","date_gmt":"2020-09-22T10:25:52","guid":{"rendered":"https:\/\/valokuvakeskusnykyaika.fi\/?p=4490"},"modified":"2020-10-27T12:37:28","modified_gmt":"2020-10-27T10:37:28","slug":"ollipekka-kangas-in-time","status":"publish","type":"post","link":"https:\/\/valokuvakeskusnykyaika.fi\/en\/ollipekka-kangas-in-time\/","title":{"rendered":"Ollipekka Kangas: In Time"},"content":{"rendered":"<p>Kamerani  liikkuu kuudesta  kahteentoista sekuntia maalaten aikaa ja maisemaa.  Hidas suljinaika muotoilee ja pelkist\u00e4\u00e4 kuvan kokemukseksi maisemasta.  Yksityiskohtien kadottua j\u00e4ljelle j\u00e4\u00e4 olennainen sek\u00e4 kuvaajan liike  tilassa ja ajassa. <\/p>\n\n\n\n<p><br>Valokuva  perusmuodossaan pys\u00e4ytt\u00e4\u00e4 aikaa, mit\u00e4 lyhyempi siivu aikaa tallentuu,  sit\u00e4 tarkempi hetki pys\u00e4htyy digikameran kennolle. Toimin kuvatessani  siis p\u00e4invastoin, venyt\u00e4n aikaa. Pitk\u00e4n suljinajan ansiosta liikeviivat,  suhju ja ep\u00e4ter\u00e4vyys n\u00e4ytt\u00e4v\u00e4t minulle  toisenlaisen kuvan ajan ja  paikan suhteesta. K\u00e4nnyk\u00e4n kamera mahdollistaa v\u00e4litt\u00f6m\u00e4n kokemuksen  tallentamisen ja jatkok\u00e4sittelyyn. Toimin tavallaan maalarin tavoin,  voin vaikuttaa k\u00e4sieni ja jalkojeni liikkeell\u00e4 tallentuvaan kuvaan. Olen  valolla maalaava kuvaaja tai oikeastaan kameraa k\u00e4ytt\u00e4v\u00e4 maalari.<\/p>\n\n\n\n<p><br>Kuvaan  k\u00e4nnyk\u00e4ll\u00e4 sen k\u00e4tev\u00e4n, mukana kulkevan koon ja uniikin j\u00e4ljen vuoksi.  En p\u00e4\u00e4se samaan j\u00e4rjestelm\u00e4kameralla vaan pid\u00e4n juuri k\u00e4ytt\u00e4m\u00e4ni Slow  Shutter Cam- appin j\u00e4ljest\u00e4, se liimaa siis p\u00e4\u00e4llekk\u00e4in kuvia ja simuloi  pitk\u00e4\u00e4 valoitusaikaa ainutlaatuisella tavalla.<\/p>\n\n\n\n<p><br>Sy\u00f6ksyess\u00e4ni  autolla halki maanteiden tallennan n\u00e4enn\u00e4isen tyls\u00e4\u00e4 tiet\u00e4 ja taivasta.  En sommittele kuvia kuvatessani. Kuvaamisessa on satunnaisuutta, en  l\u00e4hde erikseen kuvausretkille. Olen kuvannut n\u00e4it\u00e4 slowshutter-otoksia  jo viiden vuoden ajan. Auton liike on paljon nopeampaa kuin k\u00e4vely. Jos  auton vauhti on  sata kilometri\u00e4 tunnissa eli 27,8 metri\u00e4 sekunnissa,  niin yhdess\u00e4 kuvassa liikuttu matka on kuuden sekunnin valotuksen aikana  noin 167 metri\u00e4. <\/p>\n\n\n\n<p><br>Kuvassa  on aina kaksi ulottuvuutta: leveys ja korkeus. Kolmas ulottuvuus, tila  ja syvyys on aina illuusio. Valokuvassa on l\u00e4sn\u00e4 my\u00f6s nelj\u00e4s ulottuvuus  eli aika. Pyrin kohti valokuvauksen katoamispistett\u00e4, miss\u00e4 kulkee  maalauksen ja valokuvan raja?<\/p>\n\n\n\n<p><br><br>Ollipekka  Kangas s. 1965 on Turkulainen kuvataiteen yliopisto-opettaja, taiteen  maisteri ja kuvataiteilija. H\u00e4n k\u00e4ytt\u00e4\u00e4 valokuvaa ja mediaa osana  nykytaiteen projekteja. Yksityisn\u00e4yttelyit\u00e4 niin maalauksen, valokuvan  kuin grafiikan alalta on kertynyt lukuisia vuodesta 1991. <br><br><\/p>","protected":false},"excerpt":{"rendered":"<p>Kamerani liikkuu kuudesta kahteentoista sekuntia maalaten aikaa ja maisemaa. Hidas suljinaika muotoilee ja pelkist\u00e4\u00e4 kuvan kokemukseksi maisemasta. Yksityiskohtien kadottua j\u00e4ljelle j\u00e4\u00e4 olennainen sek\u00e4 kuvaajan liike tilassa ja ajassa. Valokuva perusmuodossaan pys\u00e4ytt\u00e4\u00e4 aikaa, mit\u00e4 lyhyempi siivu aikaa tallentuu, sit\u00e4 tarkempi hetki pys\u00e4htyy digikameran kennolle. Toimin kuvatessani siis p\u00e4invastoin, venyt\u00e4n aikaa. Pitk\u00e4n suljinajan ansiosta liikeviivat, suhju ja [&hellip;]<\/p>\n","protected":false},"author":6,"featured_media":4491,"comment_status":"closed","ping_status":"closed","sticky":false,"template":"","format":"standard","meta":{"iawp_total_views":23,"footnotes":""},"categories":[4],"tags":[],"class_list":["post-4490","post","type-post","status-publish","format-standard","has-post-thumbnail","hentry","category-menneet"],"yoast_head":"<!-- This site is optimized with the Yoast SEO plugin v27.5 - https:\/\/yoast.com\/product\/yoast-seo-wordpress\/ -->\n<title>Ollipekka Kangas: In Time - Valokuvakeskus Nykyaika<\/title>\n<meta name=\"robots\" content=\"index, follow, max-snippet:-1, max-image-preview:large, max-video-preview:-1\" \/>\n<link rel=\"canonical\" href=\"https:\/\/valokuvakeskusnykyaika.fi\/en\/ollipekka-kangas-in-time\/\" \/>\n<meta property=\"og:locale\" content=\"en_GB\" \/>\n<meta property=\"og:type\" content=\"article\" \/>\n<meta property=\"og:title\" content=\"Ollipekka Kangas: In Time - Valokuvakeskus Nykyaika\" \/>\n<meta property=\"og:description\" content=\"Kamerani liikkuu kuudesta kahteentoista sekuntia maalaten aikaa ja maisemaa. Hidas suljinaika muotoilee ja pelkist\u00e4\u00e4 kuvan kokemukseksi maisemasta. Yksityiskohtien kadottua j\u00e4ljelle j\u00e4\u00e4 olennainen sek\u00e4 kuvaajan liike tilassa ja ajassa. Valokuva perusmuodossaan pys\u00e4ytt\u00e4\u00e4 aikaa, mit\u00e4 lyhyempi siivu aikaa tallentuu, sit\u00e4 tarkempi hetki pys\u00e4htyy digikameran kennolle. Toimin kuvatessani siis p\u00e4invastoin, venyt\u00e4n aikaa. Pitk\u00e4n suljinajan ansiosta liikeviivat, suhju ja [&hellip;]\" \/>\n<meta property=\"og:url\" content=\"https:\/\/valokuvakeskusnykyaika.fi\/en\/ollipekka-kangas-in-time\/\" \/>\n<meta property=\"og:site_name\" content=\"Valokuvakeskus Nykyaika\" \/>\n<meta property=\"article:publisher\" content=\"https:\/\/www.facebook.com\/valokuvakeskus.nykyaika\/\" \/>\n<meta property=\"article:published_time\" content=\"2020-09-22T10:25:52+00:00\" \/>\n<meta property=\"article:modified_time\" content=\"2020-10-27T10:37:28+00:00\" \/>\n<meta property=\"og:image\" content=\"https:\/\/valokuvakeskusnykyaika.fi\/wp-content\/uploads\/2020\/09\/Kangas2.jpg\" \/>\n\t<meta property=\"og:image:width\" content=\"1920\" \/>\n\t<meta property=\"og:image:height\" content=\"1080\" \/>\n\t<meta property=\"og:image:type\" content=\"image\/jpeg\" \/>\n<meta name=\"author\" content=\"info.nykyaika@backlight.fi\" \/>\n<meta name=\"twitter:card\" content=\"summary_large_image\" \/>\n<meta name=\"twitter:creator\" content=\"@nykyaika\" \/>\n<meta name=\"twitter:site\" content=\"@nykyaika\" \/>\n<meta name=\"twitter:label1\" content=\"Written by\" \/>\n\t<meta name=\"twitter:data1\" content=\"info.nykyaika@backlight.fi\" \/>\n\t<meta name=\"twitter:label2\" content=\"Estimated reading time\" \/>\n\t<meta name=\"twitter:data2\" content=\"1 minute\" \/>\n<script type=\"application\/ld+json\" class=\"yoast-schema-graph\">{\"@context\":\"https:\\\/\\\/schema.org\",\"@graph\":[{\"@type\":\"Article\",\"@id\":\"https:\\\/\\\/valokuvakeskusnykyaika.fi\\\/ollipekka-kangas-in-time\\\/#article\",\"isPartOf\":{\"@id\":\"https:\\\/\\\/valokuvakeskusnykyaika.fi\\\/ollipekka-kangas-in-time\\\/\"},\"author\":{\"name\":\"info.nykyaika@backlight.fi\",\"@id\":\"https:\\\/\\\/valokuvakeskusnykyaika.fi\\\/#\\\/schema\\\/person\\\/41ef90f7d89984ccaca756c8d4241c19\"},\"headline\":\"Ollipekka Kangas: In Time\",\"datePublished\":\"2020-09-22T10:25:52+00:00\",\"dateModified\":\"2020-10-27T10:37:28+00:00\",\"mainEntityOfPage\":{\"@id\":\"https:\\\/\\\/valokuvakeskusnykyaika.fi\\\/ollipekka-kangas-in-time\\\/\"},\"wordCount\":302,\"publisher\":{\"@id\":\"https:\\\/\\\/valokuvakeskusnykyaika.fi\\\/#organization\"},\"image\":{\"@id\":\"https:\\\/\\\/valokuvakeskusnykyaika.fi\\\/ollipekka-kangas-in-time\\\/#primaryimage\"},\"thumbnailUrl\":\"https:\\\/\\\/valokuvakeskusnykyaika.fi\\\/wp-content\\\/uploads\\\/2020\\\/09\\\/Kangas2.jpg\",\"articleSection\":[\"Menneet\"],\"inLanguage\":\"en-GB\"},{\"@type\":\"WebPage\",\"@id\":\"https:\\\/\\\/valokuvakeskusnykyaika.fi\\\/ollipekka-kangas-in-time\\\/\",\"url\":\"https:\\\/\\\/valokuvakeskusnykyaika.fi\\\/ollipekka-kangas-in-time\\\/\",\"name\":\"Ollipekka Kangas: In Time - Valokuvakeskus Nykyaika\",\"isPartOf\":{\"@id\":\"https:\\\/\\\/valokuvakeskusnykyaika.fi\\\/#website\"},\"primaryImageOfPage\":{\"@id\":\"https:\\\/\\\/valokuvakeskusnykyaika.fi\\\/ollipekka-kangas-in-time\\\/#primaryimage\"},\"image\":{\"@id\":\"https:\\\/\\\/valokuvakeskusnykyaika.fi\\\/ollipekka-kangas-in-time\\\/#primaryimage\"},\"thumbnailUrl\":\"https:\\\/\\\/valokuvakeskusnykyaika.fi\\\/wp-content\\\/uploads\\\/2020\\\/09\\\/Kangas2.jpg\",\"datePublished\":\"2020-09-22T10:25:52+00:00\",\"dateModified\":\"2020-10-27T10:37:28+00:00\",\"breadcrumb\":{\"@id\":\"https:\\\/\\\/valokuvakeskusnykyaika.fi\\\/ollipekka-kangas-in-time\\\/#breadcrumb\"},\"inLanguage\":\"en-GB\",\"potentialAction\":[{\"@type\":\"ReadAction\",\"target\":[\"https:\\\/\\\/valokuvakeskusnykyaika.fi\\\/ollipekka-kangas-in-time\\\/\"]}]},{\"@type\":\"ImageObject\",\"inLanguage\":\"en-GB\",\"@id\":\"https:\\\/\\\/valokuvakeskusnykyaika.fi\\\/ollipekka-kangas-in-time\\\/#primaryimage\",\"url\":\"https:\\\/\\\/valokuvakeskusnykyaika.fi\\\/wp-content\\\/uploads\\\/2020\\\/09\\\/Kangas2.jpg\",\"contentUrl\":\"https:\\\/\\\/valokuvakeskusnykyaika.fi\\\/wp-content\\\/uploads\\\/2020\\\/09\\\/Kangas2.jpg\",\"width\":1920,\"height\":1080,\"caption\":\"Ollipekka Kangas\"},{\"@type\":\"BreadcrumbList\",\"@id\":\"https:\\\/\\\/valokuvakeskusnykyaika.fi\\\/ollipekka-kangas-in-time\\\/#breadcrumb\",\"itemListElement\":[{\"@type\":\"ListItem\",\"position\":1,\"name\":\"Etusivu\",\"item\":\"https:\\\/\\\/valokuvakeskusnykyaika.fi\\\/\"},{\"@type\":\"ListItem\",\"position\":2,\"name\":\"Ollipekka Kangas: In Time\"}]},{\"@type\":\"WebSite\",\"@id\":\"https:\\\/\\\/valokuvakeskusnykyaika.fi\\\/#website\",\"url\":\"https:\\\/\\\/valokuvakeskusnykyaika.fi\\\/\",\"name\":\"Valokuvakeskus Nykyaika\",\"description\":\"Nykyaika on avoin kohtaamispaikka kaikille valokuvataiteen yst\u00e4ville\",\"publisher\":{\"@id\":\"https:\\\/\\\/valokuvakeskusnykyaika.fi\\\/#organization\"},\"potentialAction\":[{\"@type\":\"SearchAction\",\"target\":{\"@type\":\"EntryPoint\",\"urlTemplate\":\"https:\\\/\\\/valokuvakeskusnykyaika.fi\\\/?s={search_term_string}\"},\"query-input\":{\"@type\":\"PropertyValueSpecification\",\"valueRequired\":true,\"valueName\":\"search_term_string\"}}],\"inLanguage\":\"en-GB\"},{\"@type\":\"Organization\",\"@id\":\"https:\\\/\\\/valokuvakeskusnykyaika.fi\\\/#organization\",\"name\":\"Valokuvakeskus Nykyaika\",\"url\":\"https:\\\/\\\/valokuvakeskusnykyaika.fi\\\/\",\"logo\":{\"@type\":\"ImageObject\",\"inLanguage\":\"en-GB\",\"@id\":\"https:\\\/\\\/valokuvakeskusnykyaika.fi\\\/#\\\/schema\\\/logo\\\/image\\\/\",\"url\":\"https:\\\/\\\/valokuvakeskusnykyaika.fi\\\/wp-content\\\/uploads\\\/2019\\\/01\\\/NY-Valokuvakeskus-logo-pieni.png\",\"contentUrl\":\"https:\\\/\\\/valokuvakeskusnykyaika.fi\\\/wp-content\\\/uploads\\\/2019\\\/01\\\/NY-Valokuvakeskus-logo-pieni.png\",\"width\":300,\"height\":314,\"caption\":\"Valokuvakeskus Nykyaika\"},\"image\":{\"@id\":\"https:\\\/\\\/valokuvakeskusnykyaika.fi\\\/#\\\/schema\\\/logo\\\/image\\\/\"},\"sameAs\":[\"https:\\\/\\\/www.facebook.com\\\/valokuvakeskus.nykyaika\\\/\",\"https:\\\/\\\/x.com\\\/nykyaika\",\"https:\\\/\\\/www.instagram.com\\\/nykyaika\\\/\"]},{\"@type\":\"Person\",\"@id\":\"https:\\\/\\\/valokuvakeskusnykyaika.fi\\\/#\\\/schema\\\/person\\\/41ef90f7d89984ccaca756c8d4241c19\",\"name\":\"info.nykyaika@backlight.fi\",\"url\":\"https:\\\/\\\/valokuvakeskusnykyaika.fi\\\/en\\\/author\\\/info-nykyaikabacklight-fi\\\/\"}]}<\/script>\n<!-- \/ Yoast SEO plugin. -->","yoast_head_json":{"title":"Ollipekka Kangas: In Time - Valokuvakeskus Nykyaika","robots":{"index":"index","follow":"follow","max-snippet":"max-snippet:-1","max-image-preview":"max-image-preview:large","max-video-preview":"max-video-preview:-1"},"canonical":"https:\/\/valokuvakeskusnykyaika.fi\/en\/ollipekka-kangas-in-time\/","og_locale":"en_GB","og_type":"article","og_title":"Ollipekka Kangas: In Time - Valokuvakeskus Nykyaika","og_description":"Kamerani liikkuu kuudesta kahteentoista sekuntia maalaten aikaa ja maisemaa. Hidas suljinaika muotoilee ja pelkist\u00e4\u00e4 kuvan kokemukseksi maisemasta. Yksityiskohtien kadottua j\u00e4ljelle j\u00e4\u00e4 olennainen sek\u00e4 kuvaajan liike tilassa ja ajassa. Valokuva perusmuodossaan pys\u00e4ytt\u00e4\u00e4 aikaa, mit\u00e4 lyhyempi siivu aikaa tallentuu, sit\u00e4 tarkempi hetki pys\u00e4htyy digikameran kennolle. Toimin kuvatessani siis p\u00e4invastoin, venyt\u00e4n aikaa. Pitk\u00e4n suljinajan ansiosta liikeviivat, suhju ja [&hellip;]","og_url":"https:\/\/valokuvakeskusnykyaika.fi\/en\/ollipekka-kangas-in-time\/","og_site_name":"Valokuvakeskus Nykyaika","article_publisher":"https:\/\/www.facebook.com\/valokuvakeskus.nykyaika\/","article_published_time":"2020-09-22T10:25:52+00:00","article_modified_time":"2020-10-27T10:37:28+00:00","og_image":[{"width":1920,"height":1080,"url":"https:\/\/valokuvakeskusnykyaika.fi\/wp-content\/uploads\/2020\/09\/Kangas2.jpg","type":"image\/jpeg"}],"author":"info.nykyaika@backlight.fi","twitter_card":"summary_large_image","twitter_creator":"@nykyaika","twitter_site":"@nykyaika","twitter_misc":{"Written by":"info.nykyaika@backlight.fi","Estimated reading time":"1 minute"},"schema":{"@context":"https:\/\/schema.org","@graph":[{"@type":"Article","@id":"https:\/\/valokuvakeskusnykyaika.fi\/ollipekka-kangas-in-time\/#article","isPartOf":{"@id":"https:\/\/valokuvakeskusnykyaika.fi\/ollipekka-kangas-in-time\/"},"author":{"name":"info.nykyaika@backlight.fi","@id":"https:\/\/valokuvakeskusnykyaika.fi\/#\/schema\/person\/41ef90f7d89984ccaca756c8d4241c19"},"headline":"Ollipekka Kangas: In Time","datePublished":"2020-09-22T10:25:52+00:00","dateModified":"2020-10-27T10:37:28+00:00","mainEntityOfPage":{"@id":"https:\/\/valokuvakeskusnykyaika.fi\/ollipekka-kangas-in-time\/"},"wordCount":302,"publisher":{"@id":"https:\/\/valokuvakeskusnykyaika.fi\/#organization"},"image":{"@id":"https:\/\/valokuvakeskusnykyaika.fi\/ollipekka-kangas-in-time\/#primaryimage"},"thumbnailUrl":"https:\/\/valokuvakeskusnykyaika.fi\/wp-content\/uploads\/2020\/09\/Kangas2.jpg","articleSection":["Menneet"],"inLanguage":"en-GB"},{"@type":"WebPage","@id":"https:\/\/valokuvakeskusnykyaika.fi\/ollipekka-kangas-in-time\/","url":"https:\/\/valokuvakeskusnykyaika.fi\/ollipekka-kangas-in-time\/","name":"Ollipekka Kangas: In Time - Valokuvakeskus Nykyaika","isPartOf":{"@id":"https:\/\/valokuvakeskusnykyaika.fi\/#website"},"primaryImageOfPage":{"@id":"https:\/\/valokuvakeskusnykyaika.fi\/ollipekka-kangas-in-time\/#primaryimage"},"image":{"@id":"https:\/\/valokuvakeskusnykyaika.fi\/ollipekka-kangas-in-time\/#primaryimage"},"thumbnailUrl":"https:\/\/valokuvakeskusnykyaika.fi\/wp-content\/uploads\/2020\/09\/Kangas2.jpg","datePublished":"2020-09-22T10:25:52+00:00","dateModified":"2020-10-27T10:37:28+00:00","breadcrumb":{"@id":"https:\/\/valokuvakeskusnykyaika.fi\/ollipekka-kangas-in-time\/#breadcrumb"},"inLanguage":"en-GB","potentialAction":[{"@type":"ReadAction","target":["https:\/\/valokuvakeskusnykyaika.fi\/ollipekka-kangas-in-time\/"]}]},{"@type":"ImageObject","inLanguage":"en-GB","@id":"https:\/\/valokuvakeskusnykyaika.fi\/ollipekka-kangas-in-time\/#primaryimage","url":"https:\/\/valokuvakeskusnykyaika.fi\/wp-content\/uploads\/2020\/09\/Kangas2.jpg","contentUrl":"https:\/\/valokuvakeskusnykyaika.fi\/wp-content\/uploads\/2020\/09\/Kangas2.jpg","width":1920,"height":1080,"caption":"Ollipekka Kangas"},{"@type":"BreadcrumbList","@id":"https:\/\/valokuvakeskusnykyaika.fi\/ollipekka-kangas-in-time\/#breadcrumb","itemListElement":[{"@type":"ListItem","position":1,"name":"Etusivu","item":"https:\/\/valokuvakeskusnykyaika.fi\/"},{"@type":"ListItem","position":2,"name":"Ollipekka Kangas: In Time"}]},{"@type":"WebSite","@id":"https:\/\/valokuvakeskusnykyaika.fi\/#website","url":"https:\/\/valokuvakeskusnykyaika.fi\/","name":"Photographic Centre Nykyaika","description":"Nykyaika on avoin kohtaamispaikka kaikille valokuvataiteen yst\u00e4ville","publisher":{"@id":"https:\/\/valokuvakeskusnykyaika.fi\/#organization"},"potentialAction":[{"@type":"SearchAction","target":{"@type":"EntryPoint","urlTemplate":"https:\/\/valokuvakeskusnykyaika.fi\/?s={search_term_string}"},"query-input":{"@type":"PropertyValueSpecification","valueRequired":true,"valueName":"search_term_string"}}],"inLanguage":"en-GB"},{"@type":"Organization","@id":"https:\/\/valokuvakeskusnykyaika.fi\/#organization","name":"Photographic Centre Nykyaika","url":"https:\/\/valokuvakeskusnykyaika.fi\/","logo":{"@type":"ImageObject","inLanguage":"en-GB","@id":"https:\/\/valokuvakeskusnykyaika.fi\/#\/schema\/logo\/image\/","url":"https:\/\/valokuvakeskusnykyaika.fi\/wp-content\/uploads\/2019\/01\/NY-Valokuvakeskus-logo-pieni.png","contentUrl":"https:\/\/valokuvakeskusnykyaika.fi\/wp-content\/uploads\/2019\/01\/NY-Valokuvakeskus-logo-pieni.png","width":300,"height":314,"caption":"Valokuvakeskus Nykyaika"},"image":{"@id":"https:\/\/valokuvakeskusnykyaika.fi\/#\/schema\/logo\/image\/"},"sameAs":["https:\/\/www.facebook.com\/valokuvakeskus.nykyaika\/","https:\/\/x.com\/nykyaika","https:\/\/www.instagram.com\/nykyaika\/"]},{"@type":"Person","@id":"https:\/\/valokuvakeskusnykyaika.fi\/#\/schema\/person\/41ef90f7d89984ccaca756c8d4241c19","name":"info.nykyaika@backlight.fi","url":"https:\/\/valokuvakeskusnykyaika.fi\/en\/author\/info-nykyaikabacklight-fi\/"}]}},"_links":{"self":[{"href":"https:\/\/valokuvakeskusnykyaika.fi\/en\/wp-json\/wp\/v2\/posts\/4490","targetHints":{"allow":["GET"]}}],"collection":[{"href":"https:\/\/valokuvakeskusnykyaika.fi\/en\/wp-json\/wp\/v2\/posts"}],"about":[{"href":"https:\/\/valokuvakeskusnykyaika.fi\/en\/wp-json\/wp\/v2\/types\/post"}],"author":[{"embeddable":true,"href":"https:\/\/valokuvakeskusnykyaika.fi\/en\/wp-json\/wp\/v2\/users\/6"}],"replies":[{"embeddable":true,"href":"https:\/\/valokuvakeskusnykyaika.fi\/en\/wp-json\/wp\/v2\/comments?post=4490"}],"version-history":[{"count":2,"href":"https:\/\/valokuvakeskusnykyaika.fi\/en\/wp-json\/wp\/v2\/posts\/4490\/revisions"}],"predecessor-version":[{"id":4497,"href":"https:\/\/valokuvakeskusnykyaika.fi\/en\/wp-json\/wp\/v2\/posts\/4490\/revisions\/4497"}],"wp:featuredmedia":[{"embeddable":true,"href":"https:\/\/valokuvakeskusnykyaika.fi\/en\/wp-json\/wp\/v2\/media\/4491"}],"wp:attachment":[{"href":"https:\/\/valokuvakeskusnykyaika.fi\/en\/wp-json\/wp\/v2\/media?parent=4490"}],"wp:term":[{"taxonomy":"category","embeddable":true,"href":"https:\/\/valokuvakeskusnykyaika.fi\/en\/wp-json\/wp\/v2\/categories?post=4490"},{"taxonomy":"post_tag","embeddable":true,"href":"https:\/\/valokuvakeskusnykyaika.fi\/en\/wp-json\/wp\/v2\/tags?post=4490"}],"curies":[{"name":"wp","href":"https:\/\/api.w.org\/{rel}","templated":true}]}}