{"id":4587,"date":"2021-02-10T17:41:09","date_gmt":"2021-02-10T15:41:09","guid":{"rendered":"https:\/\/valokuvakeskusnykyaika.fi\/?p=4587"},"modified":"2021-04-09T16:16:10","modified_gmt":"2021-04-09T13:16:10","slug":"ella-kiviniemi-elias-lahtinen-flatland-harman-aukeilta","status":"publish","type":"post","link":"https:\/\/valokuvakeskusnykyaika.fi\/en\/ella-kiviniemi-elias-lahtinen-flatland-harman-aukeilta\/","title":{"rendered":"Ella Kiviniemi &#038; Elias Lahtinen: Flatland \u2013 H\u00e4rm\u00e4n aukeilta"},"content":{"rendered":"<p>N\u00e4yttely avoinna 6.3.-5.4.<\/p>\n\n\n\n<p>Maanlaveassa makaa joki. Se yhdist\u00e4\u00e4 Ylih\u00e4rm\u00e4n ja Alah\u00e4rm\u00e4n. Lakeus on peltoa. Kes\u00e4- ja\npakkasaamuina se peittyy vaaleanpunaiseen usvaan. Kiuru kikattaa korkeuksissa ja alhaalla\nihmiset tekev\u00e4t t\u00f6it\u00e4: kynt\u00e4v\u00e4t ja kylv\u00e4v\u00e4t. Ter\u00e4ssaha halkaisee putkenpalasen. Vierailija ly\u00f6\ngolfpallon saviseen peltoon ja l\u00e4htee huvipuistoon. Kes\u00e4ll\u00e4 maantiet ovat moottoripy\u00f6rien\np\u00e4rin\u00e4n \u00e4\u00e4ninauhaa. Maanviljelij\u00e4 her\u00e4\u00e4 aikaisin myrkytt\u00e4m\u00e4\u00e4n. Pitk\u00e4n vuoristoradan vaunu\nk\u00e4ynnistyy. Rekat kokoontuvat vet\u00e4m\u00e4\u00e4n rautaa. P\u00e4\u00e4si\u00e4isen\u00e4 vanhat asiat unohdetaan.<\/p>\n\n\n\n<p>Ella Kiviniemen ja Elias Lahtisen dokumentaarinen valokuvateos Flatland \u2013 H\u00e4rm\u00e4n aukeilta\non kuvaajien henkil\u00f6kohtainen tutkimusmatka H\u00e4rm\u00e4\u00e4n. He tutustuvat etel\u00e4pohjalaisiin juuriinsa\nja niihin mielikuviin, joita he ovat tottuneet h\u00e4rm\u00e4l\u00e4isyyteen liitt\u00e4m\u00e4\u00e4n.<\/p>\n\n\n\n<p>Suomen Texasina tunnetussa puukkojunkkarien maassa legendat el\u00e4v\u00e4t vahvoina. H\u00e4rm\u00e4 on\nkuitenkin enemm\u00e4n kuin h\u00e4jyns\u00e4. Valokuvat viev\u00e4t l\u00e4hemm\u00e4ksi pienen paikkakunnan ihmisi\u00e4,\nperinteit\u00e4 ja ihmeit\u00e4.<\/p>\n\n\n\n<p>Valokuvat ja esineet heijastavat kuvaajien, kuvattavien ja katsojan ajatuksia ja odotuksia\nH\u00e4rm\u00e4st\u00e4. Kokonaisuus pohtii identiteetin, legendojen ja tarinoiden liikett\u00e4 ajassa. Ovatko\nh\u00e4rm\u00e4l\u00e4iset luoneet tarinansa vai tarinat h\u00e4rm\u00e4l\u00e4iset? Millainen tarina syntyy nyt?<\/p>\n\n\n\n<p>Kansatieteilij\u00e4 Samuli Paulaharjun (1875\u20131944) kirjallinen teos H\u00e4rm\u00e4n aukeilta (1932) on\ninspiroinut valokuvaajia prosessin aikana ja toiminut matkaoppaana H\u00e4rm\u00e4\u00e4 tutkiessa.\nN\u00e4yttelyn kuvat on otettu Yli- ja Alah\u00e4rm\u00e4ss\u00e4 vuosina 2018\u20132020 ja esineet on ker\u00e4tty samoilta\nseuduilta.<\/p>\n\n\n\n<p>Taiteilijoista Ella Kiviniemi (s. 1991) opiskelee valokuvataidetta Aalto-yliopiston valokuvataiteen\nmaisteriohjelmassa Helsingiss\u00e4. N\u00e4yttely on Kiviniemen taiteellinen opinn\u00e4ytety\u00f6. Elias Lahtinen\n(s.1990) on tamperelainen valokuvaaja ja kuvajournalismin opettaja Tampereen yliopistossa,\njosta h\u00e4n on valmistunut yhteiskuntatieteiden maisteriksi.<\/p>\n\n\n\n<p>Ty\u00f6skentely\u00e4 ja n\u00e4yttely\u00e4 ovat tukeneet Suomen Kulttuurirahaston Etel\u00e4-Pohjanmaan rahasto,\nSuomen kulttuurirahasto sek\u00e4 Aalto-yliopisto.<\/p>\n\n\n\n<p><br><\/p>","protected":false},"excerpt":{"rendered":"<p>N\u00e4yttely avoinna 6.3.-5.4. Maanlaveassa makaa joki. Se yhdist\u00e4\u00e4 Ylih\u00e4rm\u00e4n ja Alah\u00e4rm\u00e4n. Lakeus on peltoa. Kes\u00e4- ja pakkasaamuina se peittyy vaaleanpunaiseen usvaan. Kiuru kikattaa korkeuksissa ja alhaalla ihmiset tekev\u00e4t t\u00f6it\u00e4: kynt\u00e4v\u00e4t ja kylv\u00e4v\u00e4t. Ter\u00e4ssaha halkaisee putkenpalasen. Vierailija ly\u00f6 golfpallon saviseen peltoon ja l\u00e4htee huvipuistoon. Kes\u00e4ll\u00e4 maantiet ovat moottoripy\u00f6rien p\u00e4rin\u00e4n \u00e4\u00e4ninauhaa. Maanviljelij\u00e4 her\u00e4\u00e4 aikaisin myrkytt\u00e4m\u00e4\u00e4n. Pitk\u00e4n vuoristoradan [&hellip;]<\/p>\n","protected":false},"author":6,"featured_media":4588,"comment_status":"closed","ping_status":"closed","sticky":false,"template":"","format":"standard","meta":{"iawp_total_views":193,"footnotes":""},"categories":[4],"tags":[],"class_list":["post-4587","post","type-post","status-publish","format-standard","has-post-thumbnail","hentry","category-menneet"],"yoast_head":"<!-- This site is optimized with the Yoast SEO plugin v27.5 - https:\/\/yoast.com\/product\/yoast-seo-wordpress\/ -->\n<title>Ella Kiviniemi &amp; Elias Lahtinen: Flatland \u2013 H\u00e4rm\u00e4n aukeilta - Valokuvakeskus Nykyaika<\/title>\n<meta name=\"robots\" content=\"index, follow, max-snippet:-1, max-image-preview:large, max-video-preview:-1\" \/>\n<link rel=\"canonical\" href=\"https:\/\/valokuvakeskusnykyaika.fi\/en\/ella-kiviniemi-elias-lahtinen-flatland-harman-aukeilta\/\" \/>\n<meta property=\"og:locale\" content=\"en_GB\" \/>\n<meta property=\"og:type\" content=\"article\" \/>\n<meta property=\"og:title\" content=\"Ella Kiviniemi &amp; Elias Lahtinen: Flatland \u2013 H\u00e4rm\u00e4n aukeilta - Valokuvakeskus Nykyaika\" \/>\n<meta property=\"og:description\" content=\"N\u00e4yttely avoinna 6.3.-5.4. Maanlaveassa makaa joki. Se yhdist\u00e4\u00e4 Ylih\u00e4rm\u00e4n ja Alah\u00e4rm\u00e4n. Lakeus on peltoa. Kes\u00e4- ja pakkasaamuina se peittyy vaaleanpunaiseen usvaan. Kiuru kikattaa korkeuksissa ja alhaalla ihmiset tekev\u00e4t t\u00f6it\u00e4: kynt\u00e4v\u00e4t ja kylv\u00e4v\u00e4t. Ter\u00e4ssaha halkaisee putkenpalasen. Vierailija ly\u00f6 golfpallon saviseen peltoon ja l\u00e4htee huvipuistoon. Kes\u00e4ll\u00e4 maantiet ovat moottoripy\u00f6rien p\u00e4rin\u00e4n \u00e4\u00e4ninauhaa. Maanviljelij\u00e4 her\u00e4\u00e4 aikaisin myrkytt\u00e4m\u00e4\u00e4n. Pitk\u00e4n vuoristoradan [&hellip;]\" \/>\n<meta property=\"og:url\" content=\"https:\/\/valokuvakeskusnykyaika.fi\/en\/ella-kiviniemi-elias-lahtinen-flatland-harman-aukeilta\/\" \/>\n<meta property=\"og:site_name\" content=\"Valokuvakeskus Nykyaika\" \/>\n<meta property=\"article:publisher\" content=\"https:\/\/www.facebook.com\/valokuvakeskus.nykyaika\/\" \/>\n<meta property=\"article:published_time\" content=\"2021-02-10T15:41:09+00:00\" \/>\n<meta property=\"article:modified_time\" content=\"2021-04-09T13:16:10+00:00\" \/>\n<meta property=\"og:image\" content=\"https:\/\/valokuvakeskusnykyaika.fi\/wp-content\/uploads\/2021\/02\/flatland_nykyaika_elias_lahtinen_web-640x512.jpg\" \/>\n\t<meta property=\"og:image:width\" content=\"640\" \/>\n\t<meta property=\"og:image:height\" content=\"512\" \/>\n\t<meta property=\"og:image:type\" content=\"image\/jpeg\" \/>\n<meta name=\"author\" content=\"info.nykyaika@backlight.fi\" \/>\n<meta name=\"twitter:card\" content=\"summary_large_image\" \/>\n<meta name=\"twitter:creator\" content=\"@nykyaika\" \/>\n<meta name=\"twitter:site\" content=\"@nykyaika\" \/>\n<meta name=\"twitter:label1\" content=\"Written by\" \/>\n\t<meta name=\"twitter:data1\" content=\"info.nykyaika@backlight.fi\" \/>\n\t<meta name=\"twitter:label2\" content=\"Estimated reading time\" \/>\n\t<meta name=\"twitter:data2\" content=\"1 minute\" \/>\n<script type=\"application\/ld+json\" class=\"yoast-schema-graph\">{\"@context\":\"https:\\\/\\\/schema.org\",\"@graph\":[{\"@type\":\"Article\",\"@id\":\"https:\\\/\\\/valokuvakeskusnykyaika.fi\\\/ella-kiviniemi-elias-lahtinen-flatland-harman-aukeilta\\\/#article\",\"isPartOf\":{\"@id\":\"https:\\\/\\\/valokuvakeskusnykyaika.fi\\\/ella-kiviniemi-elias-lahtinen-flatland-harman-aukeilta\\\/\"},\"author\":{\"name\":\"info.nykyaika@backlight.fi\",\"@id\":\"https:\\\/\\\/valokuvakeskusnykyaika.fi\\\/#\\\/schema\\\/person\\\/41ef90f7d89984ccaca756c8d4241c19\"},\"headline\":\"Ella Kiviniemi &#038; Elias Lahtinen: Flatland \u2013 H\u00e4rm\u00e4n aukeilta\",\"datePublished\":\"2021-02-10T15:41:09+00:00\",\"dateModified\":\"2021-04-09T13:16:10+00:00\",\"mainEntityOfPage\":{\"@id\":\"https:\\\/\\\/valokuvakeskusnykyaika.fi\\\/ella-kiviniemi-elias-lahtinen-flatland-harman-aukeilta\\\/\"},\"wordCount\":298,\"publisher\":{\"@id\":\"https:\\\/\\\/valokuvakeskusnykyaika.fi\\\/#organization\"},\"image\":{\"@id\":\"https:\\\/\\\/valokuvakeskusnykyaika.fi\\\/ella-kiviniemi-elias-lahtinen-flatland-harman-aukeilta\\\/#primaryimage\"},\"thumbnailUrl\":\"https:\\\/\\\/valokuvakeskusnykyaika.fi\\\/wp-content\\\/uploads\\\/2021\\\/02\\\/flatland_nykyaika_elias_lahtinen_web.jpg\",\"articleSection\":[\"Menneet\"],\"inLanguage\":\"en-GB\"},{\"@type\":\"WebPage\",\"@id\":\"https:\\\/\\\/valokuvakeskusnykyaika.fi\\\/ella-kiviniemi-elias-lahtinen-flatland-harman-aukeilta\\\/\",\"url\":\"https:\\\/\\\/valokuvakeskusnykyaika.fi\\\/ella-kiviniemi-elias-lahtinen-flatland-harman-aukeilta\\\/\",\"name\":\"Ella Kiviniemi & Elias Lahtinen: Flatland \u2013 H\u00e4rm\u00e4n aukeilta - Valokuvakeskus Nykyaika\",\"isPartOf\":{\"@id\":\"https:\\\/\\\/valokuvakeskusnykyaika.fi\\\/#website\"},\"primaryImageOfPage\":{\"@id\":\"https:\\\/\\\/valokuvakeskusnykyaika.fi\\\/ella-kiviniemi-elias-lahtinen-flatland-harman-aukeilta\\\/#primaryimage\"},\"image\":{\"@id\":\"https:\\\/\\\/valokuvakeskusnykyaika.fi\\\/ella-kiviniemi-elias-lahtinen-flatland-harman-aukeilta\\\/#primaryimage\"},\"thumbnailUrl\":\"https:\\\/\\\/valokuvakeskusnykyaika.fi\\\/wp-content\\\/uploads\\\/2021\\\/02\\\/flatland_nykyaika_elias_lahtinen_web.jpg\",\"datePublished\":\"2021-02-10T15:41:09+00:00\",\"dateModified\":\"2021-04-09T13:16:10+00:00\",\"breadcrumb\":{\"@id\":\"https:\\\/\\\/valokuvakeskusnykyaika.fi\\\/ella-kiviniemi-elias-lahtinen-flatland-harman-aukeilta\\\/#breadcrumb\"},\"inLanguage\":\"en-GB\",\"potentialAction\":[{\"@type\":\"ReadAction\",\"target\":[\"https:\\\/\\\/valokuvakeskusnykyaika.fi\\\/ella-kiviniemi-elias-lahtinen-flatland-harman-aukeilta\\\/\"]}]},{\"@type\":\"ImageObject\",\"inLanguage\":\"en-GB\",\"@id\":\"https:\\\/\\\/valokuvakeskusnykyaika.fi\\\/ella-kiviniemi-elias-lahtinen-flatland-harman-aukeilta\\\/#primaryimage\",\"url\":\"https:\\\/\\\/valokuvakeskusnykyaika.fi\\\/wp-content\\\/uploads\\\/2021\\\/02\\\/flatland_nykyaika_elias_lahtinen_web.jpg\",\"contentUrl\":\"https:\\\/\\\/valokuvakeskusnykyaika.fi\\\/wp-content\\\/uploads\\\/2021\\\/02\\\/flatland_nykyaika_elias_lahtinen_web.jpg\",\"width\":1920,\"height\":1537,\"caption\":\"Elias Lahtinen: Hein\u00e4paaleja Kankaankyl\u00e4ll\u00e4, Ylih\u00e4rm\u00e4 2019\"},{\"@type\":\"BreadcrumbList\",\"@id\":\"https:\\\/\\\/valokuvakeskusnykyaika.fi\\\/ella-kiviniemi-elias-lahtinen-flatland-harman-aukeilta\\\/#breadcrumb\",\"itemListElement\":[{\"@type\":\"ListItem\",\"position\":1,\"name\":\"Etusivu\",\"item\":\"https:\\\/\\\/valokuvakeskusnykyaika.fi\\\/\"},{\"@type\":\"ListItem\",\"position\":2,\"name\":\"Ella Kiviniemi &#038; Elias Lahtinen: Flatland \u2013 H\u00e4rm\u00e4n aukeilta\"}]},{\"@type\":\"WebSite\",\"@id\":\"https:\\\/\\\/valokuvakeskusnykyaika.fi\\\/#website\",\"url\":\"https:\\\/\\\/valokuvakeskusnykyaika.fi\\\/\",\"name\":\"Valokuvakeskus Nykyaika\",\"description\":\"Nykyaika on avoin kohtaamispaikka kaikille valokuvataiteen yst\u00e4ville\",\"publisher\":{\"@id\":\"https:\\\/\\\/valokuvakeskusnykyaika.fi\\\/#organization\"},\"potentialAction\":[{\"@type\":\"SearchAction\",\"target\":{\"@type\":\"EntryPoint\",\"urlTemplate\":\"https:\\\/\\\/valokuvakeskusnykyaika.fi\\\/?s={search_term_string}\"},\"query-input\":{\"@type\":\"PropertyValueSpecification\",\"valueRequired\":true,\"valueName\":\"search_term_string\"}}],\"inLanguage\":\"en-GB\"},{\"@type\":\"Organization\",\"@id\":\"https:\\\/\\\/valokuvakeskusnykyaika.fi\\\/#organization\",\"name\":\"Valokuvakeskus Nykyaika\",\"url\":\"https:\\\/\\\/valokuvakeskusnykyaika.fi\\\/\",\"logo\":{\"@type\":\"ImageObject\",\"inLanguage\":\"en-GB\",\"@id\":\"https:\\\/\\\/valokuvakeskusnykyaika.fi\\\/#\\\/schema\\\/logo\\\/image\\\/\",\"url\":\"https:\\\/\\\/valokuvakeskusnykyaika.fi\\\/wp-content\\\/uploads\\\/2019\\\/01\\\/NY-Valokuvakeskus-logo-pieni.png\",\"contentUrl\":\"https:\\\/\\\/valokuvakeskusnykyaika.fi\\\/wp-content\\\/uploads\\\/2019\\\/01\\\/NY-Valokuvakeskus-logo-pieni.png\",\"width\":300,\"height\":314,\"caption\":\"Valokuvakeskus Nykyaika\"},\"image\":{\"@id\":\"https:\\\/\\\/valokuvakeskusnykyaika.fi\\\/#\\\/schema\\\/logo\\\/image\\\/\"},\"sameAs\":[\"https:\\\/\\\/www.facebook.com\\\/valokuvakeskus.nykyaika\\\/\",\"https:\\\/\\\/x.com\\\/nykyaika\",\"https:\\\/\\\/www.instagram.com\\\/nykyaika\\\/\"]},{\"@type\":\"Person\",\"@id\":\"https:\\\/\\\/valokuvakeskusnykyaika.fi\\\/#\\\/schema\\\/person\\\/41ef90f7d89984ccaca756c8d4241c19\",\"name\":\"info.nykyaika@backlight.fi\",\"url\":\"https:\\\/\\\/valokuvakeskusnykyaika.fi\\\/en\\\/author\\\/info-nykyaikabacklight-fi\\\/\"}]}<\/script>\n<!-- \/ Yoast SEO plugin. -->","yoast_head_json":{"title":"Ella Kiviniemi & Elias Lahtinen: Flatland \u2013 H\u00e4rm\u00e4n aukeilta - Valokuvakeskus Nykyaika","robots":{"index":"index","follow":"follow","max-snippet":"max-snippet:-1","max-image-preview":"max-image-preview:large","max-video-preview":"max-video-preview:-1"},"canonical":"https:\/\/valokuvakeskusnykyaika.fi\/en\/ella-kiviniemi-elias-lahtinen-flatland-harman-aukeilta\/","og_locale":"en_GB","og_type":"article","og_title":"Ella Kiviniemi & Elias Lahtinen: Flatland \u2013 H\u00e4rm\u00e4n aukeilta - Valokuvakeskus Nykyaika","og_description":"N\u00e4yttely avoinna 6.3.-5.4. Maanlaveassa makaa joki. Se yhdist\u00e4\u00e4 Ylih\u00e4rm\u00e4n ja Alah\u00e4rm\u00e4n. Lakeus on peltoa. Kes\u00e4- ja pakkasaamuina se peittyy vaaleanpunaiseen usvaan. Kiuru kikattaa korkeuksissa ja alhaalla ihmiset tekev\u00e4t t\u00f6it\u00e4: kynt\u00e4v\u00e4t ja kylv\u00e4v\u00e4t. Ter\u00e4ssaha halkaisee putkenpalasen. Vierailija ly\u00f6 golfpallon saviseen peltoon ja l\u00e4htee huvipuistoon. Kes\u00e4ll\u00e4 maantiet ovat moottoripy\u00f6rien p\u00e4rin\u00e4n \u00e4\u00e4ninauhaa. Maanviljelij\u00e4 her\u00e4\u00e4 aikaisin myrkytt\u00e4m\u00e4\u00e4n. Pitk\u00e4n vuoristoradan [&hellip;]","og_url":"https:\/\/valokuvakeskusnykyaika.fi\/en\/ella-kiviniemi-elias-lahtinen-flatland-harman-aukeilta\/","og_site_name":"Valokuvakeskus Nykyaika","article_publisher":"https:\/\/www.facebook.com\/valokuvakeskus.nykyaika\/","article_published_time":"2021-02-10T15:41:09+00:00","article_modified_time":"2021-04-09T13:16:10+00:00","og_image":[{"width":640,"height":512,"url":"https:\/\/valokuvakeskusnykyaika.fi\/wp-content\/uploads\/2021\/02\/flatland_nykyaika_elias_lahtinen_web-640x512.jpg","type":"image\/jpeg"}],"author":"info.nykyaika@backlight.fi","twitter_card":"summary_large_image","twitter_creator":"@nykyaika","twitter_site":"@nykyaika","twitter_misc":{"Written by":"info.nykyaika@backlight.fi","Estimated reading time":"1 minute"},"schema":{"@context":"https:\/\/schema.org","@graph":[{"@type":"Article","@id":"https:\/\/valokuvakeskusnykyaika.fi\/ella-kiviniemi-elias-lahtinen-flatland-harman-aukeilta\/#article","isPartOf":{"@id":"https:\/\/valokuvakeskusnykyaika.fi\/ella-kiviniemi-elias-lahtinen-flatland-harman-aukeilta\/"},"author":{"name":"info.nykyaika@backlight.fi","@id":"https:\/\/valokuvakeskusnykyaika.fi\/#\/schema\/person\/41ef90f7d89984ccaca756c8d4241c19"},"headline":"Ella Kiviniemi &#038; Elias Lahtinen: Flatland \u2013 H\u00e4rm\u00e4n aukeilta","datePublished":"2021-02-10T15:41:09+00:00","dateModified":"2021-04-09T13:16:10+00:00","mainEntityOfPage":{"@id":"https:\/\/valokuvakeskusnykyaika.fi\/ella-kiviniemi-elias-lahtinen-flatland-harman-aukeilta\/"},"wordCount":298,"publisher":{"@id":"https:\/\/valokuvakeskusnykyaika.fi\/#organization"},"image":{"@id":"https:\/\/valokuvakeskusnykyaika.fi\/ella-kiviniemi-elias-lahtinen-flatland-harman-aukeilta\/#primaryimage"},"thumbnailUrl":"https:\/\/valokuvakeskusnykyaika.fi\/wp-content\/uploads\/2021\/02\/flatland_nykyaika_elias_lahtinen_web.jpg","articleSection":["Menneet"],"inLanguage":"en-GB"},{"@type":"WebPage","@id":"https:\/\/valokuvakeskusnykyaika.fi\/ella-kiviniemi-elias-lahtinen-flatland-harman-aukeilta\/","url":"https:\/\/valokuvakeskusnykyaika.fi\/ella-kiviniemi-elias-lahtinen-flatland-harman-aukeilta\/","name":"Ella Kiviniemi & Elias Lahtinen: Flatland \u2013 H\u00e4rm\u00e4n aukeilta - Valokuvakeskus Nykyaika","isPartOf":{"@id":"https:\/\/valokuvakeskusnykyaika.fi\/#website"},"primaryImageOfPage":{"@id":"https:\/\/valokuvakeskusnykyaika.fi\/ella-kiviniemi-elias-lahtinen-flatland-harman-aukeilta\/#primaryimage"},"image":{"@id":"https:\/\/valokuvakeskusnykyaika.fi\/ella-kiviniemi-elias-lahtinen-flatland-harman-aukeilta\/#primaryimage"},"thumbnailUrl":"https:\/\/valokuvakeskusnykyaika.fi\/wp-content\/uploads\/2021\/02\/flatland_nykyaika_elias_lahtinen_web.jpg","datePublished":"2021-02-10T15:41:09+00:00","dateModified":"2021-04-09T13:16:10+00:00","breadcrumb":{"@id":"https:\/\/valokuvakeskusnykyaika.fi\/ella-kiviniemi-elias-lahtinen-flatland-harman-aukeilta\/#breadcrumb"},"inLanguage":"en-GB","potentialAction":[{"@type":"ReadAction","target":["https:\/\/valokuvakeskusnykyaika.fi\/ella-kiviniemi-elias-lahtinen-flatland-harman-aukeilta\/"]}]},{"@type":"ImageObject","inLanguage":"en-GB","@id":"https:\/\/valokuvakeskusnykyaika.fi\/ella-kiviniemi-elias-lahtinen-flatland-harman-aukeilta\/#primaryimage","url":"https:\/\/valokuvakeskusnykyaika.fi\/wp-content\/uploads\/2021\/02\/flatland_nykyaika_elias_lahtinen_web.jpg","contentUrl":"https:\/\/valokuvakeskusnykyaika.fi\/wp-content\/uploads\/2021\/02\/flatland_nykyaika_elias_lahtinen_web.jpg","width":1920,"height":1537,"caption":"Elias Lahtinen: Hein\u00e4paaleja Kankaankyl\u00e4ll\u00e4, Ylih\u00e4rm\u00e4 2019"},{"@type":"BreadcrumbList","@id":"https:\/\/valokuvakeskusnykyaika.fi\/ella-kiviniemi-elias-lahtinen-flatland-harman-aukeilta\/#breadcrumb","itemListElement":[{"@type":"ListItem","position":1,"name":"Etusivu","item":"https:\/\/valokuvakeskusnykyaika.fi\/"},{"@type":"ListItem","position":2,"name":"Ella Kiviniemi &#038; Elias Lahtinen: Flatland \u2013 H\u00e4rm\u00e4n aukeilta"}]},{"@type":"WebSite","@id":"https:\/\/valokuvakeskusnykyaika.fi\/#website","url":"https:\/\/valokuvakeskusnykyaika.fi\/","name":"Photographic Centre Nykyaika","description":"Nykyaika on avoin kohtaamispaikka kaikille valokuvataiteen yst\u00e4ville","publisher":{"@id":"https:\/\/valokuvakeskusnykyaika.fi\/#organization"},"potentialAction":[{"@type":"SearchAction","target":{"@type":"EntryPoint","urlTemplate":"https:\/\/valokuvakeskusnykyaika.fi\/?s={search_term_string}"},"query-input":{"@type":"PropertyValueSpecification","valueRequired":true,"valueName":"search_term_string"}}],"inLanguage":"en-GB"},{"@type":"Organization","@id":"https:\/\/valokuvakeskusnykyaika.fi\/#organization","name":"Photographic Centre Nykyaika","url":"https:\/\/valokuvakeskusnykyaika.fi\/","logo":{"@type":"ImageObject","inLanguage":"en-GB","@id":"https:\/\/valokuvakeskusnykyaika.fi\/#\/schema\/logo\/image\/","url":"https:\/\/valokuvakeskusnykyaika.fi\/wp-content\/uploads\/2019\/01\/NY-Valokuvakeskus-logo-pieni.png","contentUrl":"https:\/\/valokuvakeskusnykyaika.fi\/wp-content\/uploads\/2019\/01\/NY-Valokuvakeskus-logo-pieni.png","width":300,"height":314,"caption":"Valokuvakeskus Nykyaika"},"image":{"@id":"https:\/\/valokuvakeskusnykyaika.fi\/#\/schema\/logo\/image\/"},"sameAs":["https:\/\/www.facebook.com\/valokuvakeskus.nykyaika\/","https:\/\/x.com\/nykyaika","https:\/\/www.instagram.com\/nykyaika\/"]},{"@type":"Person","@id":"https:\/\/valokuvakeskusnykyaika.fi\/#\/schema\/person\/41ef90f7d89984ccaca756c8d4241c19","name":"info.nykyaika@backlight.fi","url":"https:\/\/valokuvakeskusnykyaika.fi\/en\/author\/info-nykyaikabacklight-fi\/"}]}},"_links":{"self":[{"href":"https:\/\/valokuvakeskusnykyaika.fi\/en\/wp-json\/wp\/v2\/posts\/4587","targetHints":{"allow":["GET"]}}],"collection":[{"href":"https:\/\/valokuvakeskusnykyaika.fi\/en\/wp-json\/wp\/v2\/posts"}],"about":[{"href":"https:\/\/valokuvakeskusnykyaika.fi\/en\/wp-json\/wp\/v2\/types\/post"}],"author":[{"embeddable":true,"href":"https:\/\/valokuvakeskusnykyaika.fi\/en\/wp-json\/wp\/v2\/users\/6"}],"replies":[{"embeddable":true,"href":"https:\/\/valokuvakeskusnykyaika.fi\/en\/wp-json\/wp\/v2\/comments?post=4587"}],"version-history":[{"count":2,"href":"https:\/\/valokuvakeskusnykyaika.fi\/en\/wp-json\/wp\/v2\/posts\/4587\/revisions"}],"predecessor-version":[{"id":4601,"href":"https:\/\/valokuvakeskusnykyaika.fi\/en\/wp-json\/wp\/v2\/posts\/4587\/revisions\/4601"}],"wp:featuredmedia":[{"embeddable":true,"href":"https:\/\/valokuvakeskusnykyaika.fi\/en\/wp-json\/wp\/v2\/media\/4588"}],"wp:attachment":[{"href":"https:\/\/valokuvakeskusnykyaika.fi\/en\/wp-json\/wp\/v2\/media?parent=4587"}],"wp:term":[{"taxonomy":"category","embeddable":true,"href":"https:\/\/valokuvakeskusnykyaika.fi\/en\/wp-json\/wp\/v2\/categories?post=4587"},{"taxonomy":"post_tag","embeddable":true,"href":"https:\/\/valokuvakeskusnykyaika.fi\/en\/wp-json\/wp\/v2\/tags?post=4587"}],"curies":[{"name":"wp","href":"https:\/\/api.w.org\/{rel}","templated":true}]}}