{"id":4602,"date":"2021-03-09T15:54:32","date_gmt":"2021-03-09T13:54:32","guid":{"rendered":"https:\/\/valokuvakeskusnykyaika.fi\/?p=4602"},"modified":"2021-05-04T11:04:39","modified_gmt":"2021-05-04T08:04:39","slug":"hanna-rast-aftermath","status":"publish","type":"post","link":"https:\/\/valokuvakeskusnykyaika.fi\/en\/hanna-rast-aftermath\/","title":{"rendered":"Hanna R\u00e5st: Aftermath"},"content":{"rendered":"<p>10.4.-3.5.2021<\/p>\n\n\n\n<p><em>Aftermath<\/em><\/p>\n\n\n\n<p>Mill\u00e4 tavoin havaitsemme ajan kerrostumia\nvalokuvallisen materiaalin kautta? Kuvat merkkaavat menneisyyden olemassaoloa,\nmutta voivatko ne viitata my\u00f6s tulevaan? Mit\u00e4 lopulta\nmeist\u00e4 ja kuvakulttuuristamme j\u00e4\u00e4 j\u00e4ljelle?<\/p>\n\n\n\n<p><em>Aftermath<\/em> n\u00e4yttely\nk\u00e4sittelee historioiden, muistojen ja narratiivin hajoamista valokuvan ja\narkistomateriaalin kautta. Se on kokoelma teoksia eri vuosilta ja eri\nsarjoista. Teoksia yhdist\u00e4\u00e4 pirstaleinen, purkautunut ja s\u00e4r\u00f6inen tekemisen\ntapa, joka on taiteellisen ty\u00f6skentelyni keski\u00f6ss\u00e4. Mit\u00e4 n\u00e4m\u00e4 s\u00e4r\u00f6t ja murtumat\nmerkitsev\u00e4t? Teokset ovat jatkuvassa muutoksessa, jossa ne kierr\u00e4ttyv\u00e4t,\nvarioivat ja sulautuvat yhteen kadottaen alkuper\u00e4ns\u00e4. Nimi <em>Aftermath<\/em>\nviittaa j\u00e4lkiseurauksiin, jollaisia n\u00e4m\u00e4 muutokset tuovat tullessaan.<\/p>\n\n\n\n<p>Valokuva koetaan nykyp\u00e4iv\u00e4n\u00e4 usein nopeana virtana n\u00e4ytt\u00f6p\u00e4\u00e4tteill\u00e4mme. Ehk\u00e4\nosittain unohdamme, millaista materiaalisuutta kuvaan liittyy: kameroita,\n\u00e4lypuhelimia, kymppikuvia, muistikortteja, kaapeleita, tai vanhoja\nvalokuva-albumeita, jotka periytyv\u00e4t sukupolvelta toiselle. Materiasta\nhuolimatta itse kuva haalistuu tai muuttuu k\u00e4ytt\u00f6kelvottomaksi esimerkiksi\nvanhan tiedostomuodon kautta. Juuri t\u00e4h\u00e4n muutoksen ja katoamisen prosessiin\nn\u00e4yttelyni keskittyy: kuva repeytyy, haalistuu, peittyy, muuttuu kivettyneeksi\nfossiiliksi tai on vain hienovarainen j\u00e4lki itsest\u00e4\u00e4n. Teokset esitt\u00e4v\u00e4t eri\nasteista kuvan h\u00e4vi\u00e4mist\u00e4 ja unohtumista, todellisia ja kuviteltuja\nskenaarioita.<\/p>\n\n\n\n<p>N\u00e4yttelyss\u00e4 n\u00e4ht\u00e4v\u00e4t teokset ovat jatkumoa ty\u00f6skentelylle, jossa tutkin kuvan\nja arkistomateriaalien yhteytt\u00e4 arkeologiaan, muistoihin ja historiaan. Pohdin,\nmillainen merkitys kuvilla on t\u00e4n\u00e4 p\u00e4iv\u00e4n\u00e4 erilaisten viestien, muistojen ja\nkertomusten luojana. Katsoessamme kuvia, voisi niiden ajatella olevan kuin\nfossiileja, er\u00e4\u00e4nlaisia historian tallenteita. Mutta toisin kuin miljoonien\nvuosien aikana syntyv\u00e4t fossiilit, valokuva\nsyntyy hetkess\u00e4 ja siksi sit\u00e4 voi luonnehtia ajan fossilisoitumiseksi. N\u00e4yttely on kokoelma muovautuneita kuvia, jotka eiv\u00e4t en\u00e4\u00e4\nviittaa mihink\u00e4\u00e4n tiettyyn hetkeen tai tapahtumaan, vaan muodostavat uusia,\nkuviteltuja historioita. <\/p>\n\n\n\n<p><em>Bio<\/em><\/p>\n\n\n\n<p><strong>Hanna R\u00e5st<\/strong> on helsinkil\u00e4inen\nkuvataiteilija. H\u00e4nen teoksissaan jokin usein k\u00e4tkeytyy, j\u00e4tet\u00e4\u00e4n n\u00e4ytt\u00e4m\u00e4tt\u00e4\ntai on vain osittain esill\u00e4. Teokset ovat fragmentteja, jotka R\u00e5st valmistaa\neri materiaaleja hy\u00f6dynt\u00e4en. Kantavina teemoinaan h\u00e4n usein k\u00e4sittelee muistin\nhataruutta, kerrostuvaa aikaa ja arkisen huomaamattomia tapahtumia.<em><\/em><\/p>\n\n\n\n<p>R\u00e5stin t\u00f6iss\u00e4\narkistomateriaali ja valokuvallisuus toimivat l\u00e4ht\u00f6kohtina. Teoksissa jokin on\nkuitenkin poissaolevaa, v\u00e4\u00e4rintulkittua ja hajanaista \u00ad\u2013 aivan kuten omat\nmuistimme, k\u00e4sityskykymme ja havaintomme rajat. T\u00e4m\u00e4 poissaolevuus tukee R\u00e5stin\najatusta arkistomateriaalista j\u00e4lken\u00e4, joka j\u00e4tt\u00e4\u00e4 paljon tilaa tulkinnalle\nollessaan irrotettu alkuper\u00e4isest\u00e4 kontekstistaan. J\u00e4ljet ovat vihjeit\u00e4,\nl\u00f6yt\u00f6j\u00e4 tai muistoja \u00ad\u2013 palasia, jotka eiv\u00e4t muodosta ehe\u00e4\u00e4 kuvaa, vaan\nkartaston, jossa tyhjyydell\u00e4 ja v\u00e4litiloilla on iso merkitys.<\/p>\n\n\n\n<p>Kes\u00e4ll\u00e4\n2021 R\u00e5stin teoksia n\u00e4hd\u00e4\u00e4n my\u00f6s M\u00e4nt\u00e4n kuvataideviikoilla. Molempia n\u00e4yttelyit\u00e4 ja ty\u00f6skentely\u00e4 on\ntukenut Taiteen edist\u00e4miskeskus. <\/p>","protected":false},"excerpt":{"rendered":"<p>10.4.-3.5.2021 Aftermath Mill\u00e4 tavoin havaitsemme ajan kerrostumia valokuvallisen materiaalin kautta? Kuvat merkkaavat menneisyyden olemassaoloa, mutta voivatko ne viitata my\u00f6s tulevaan? Mit\u00e4 lopulta meist\u00e4 ja kuvakulttuuristamme j\u00e4\u00e4 j\u00e4ljelle? Aftermath n\u00e4yttely k\u00e4sittelee historioiden, muistojen ja narratiivin hajoamista valokuvan ja arkistomateriaalin kautta. Se on kokoelma teoksia eri vuosilta ja eri sarjoista. Teoksia yhdist\u00e4\u00e4 pirstaleinen, purkautunut ja s\u00e4r\u00f6inen tekemisen [&hellip;]<\/p>\n","protected":false},"author":6,"featured_media":4603,"comment_status":"closed","ping_status":"closed","sticky":false,"template":"","format":"standard","meta":{"iawp_total_views":38,"footnotes":""},"categories":[4],"tags":[],"class_list":["post-4602","post","type-post","status-publish","format-standard","has-post-thumbnail","hentry","category-menneet"],"yoast_head":"<!-- This site is optimized with the Yoast SEO plugin v27.5 - https:\/\/yoast.com\/product\/yoast-seo-wordpress\/ -->\n<title>Hanna R\u00e5st: Aftermath - Valokuvakeskus Nykyaika<\/title>\n<meta name=\"robots\" content=\"index, follow, max-snippet:-1, max-image-preview:large, max-video-preview:-1\" \/>\n<link rel=\"canonical\" href=\"https:\/\/valokuvakeskusnykyaika.fi\/en\/hanna-rast-aftermath\/\" \/>\n<meta property=\"og:locale\" content=\"en_GB\" \/>\n<meta property=\"og:type\" content=\"article\" \/>\n<meta property=\"og:title\" content=\"Hanna R\u00e5st: Aftermath - Valokuvakeskus Nykyaika\" \/>\n<meta property=\"og:description\" content=\"10.4.-3.5.2021 Aftermath Mill\u00e4 tavoin havaitsemme ajan kerrostumia valokuvallisen materiaalin kautta? Kuvat merkkaavat menneisyyden olemassaoloa, mutta voivatko ne viitata my\u00f6s tulevaan? Mit\u00e4 lopulta meist\u00e4 ja kuvakulttuuristamme j\u00e4\u00e4 j\u00e4ljelle? Aftermath n\u00e4yttely k\u00e4sittelee historioiden, muistojen ja narratiivin hajoamista valokuvan ja arkistomateriaalin kautta. Se on kokoelma teoksia eri vuosilta ja eri sarjoista. Teoksia yhdist\u00e4\u00e4 pirstaleinen, purkautunut ja s\u00e4r\u00f6inen tekemisen [&hellip;]\" \/>\n<meta property=\"og:url\" content=\"https:\/\/valokuvakeskusnykyaika.fi\/en\/hanna-rast-aftermath\/\" \/>\n<meta property=\"og:site_name\" content=\"Valokuvakeskus Nykyaika\" \/>\n<meta property=\"article:publisher\" content=\"https:\/\/www.facebook.com\/valokuvakeskus.nykyaika\/\" \/>\n<meta property=\"article:published_time\" content=\"2021-03-09T13:54:32+00:00\" \/>\n<meta property=\"article:modified_time\" content=\"2021-05-04T08:04:39+00:00\" \/>\n<meta property=\"og:image\" content=\"https:\/\/valokuvakeskusnykyaika.fi\/wp-content\/uploads\/2021\/03\/Sonar_HannaRast_WEB.jpg\" \/>\n\t<meta property=\"og:image:width\" content=\"1032\" \/>\n\t<meta property=\"og:image:height\" content=\"1378\" \/>\n\t<meta property=\"og:image:type\" content=\"image\/jpeg\" \/>\n<meta name=\"author\" content=\"info.nykyaika@backlight.fi\" \/>\n<meta name=\"twitter:card\" content=\"summary_large_image\" \/>\n<meta name=\"twitter:creator\" content=\"@nykyaika\" \/>\n<meta name=\"twitter:site\" content=\"@nykyaika\" \/>\n<meta name=\"twitter:label1\" content=\"Written by\" \/>\n\t<meta name=\"twitter:data1\" content=\"info.nykyaika@backlight.fi\" \/>\n\t<meta name=\"twitter:label2\" content=\"Estimated reading time\" \/>\n\t<meta name=\"twitter:data2\" content=\"2 minutes\" \/>\n<script type=\"application\/ld+json\" class=\"yoast-schema-graph\">{\"@context\":\"https:\\\/\\\/schema.org\",\"@graph\":[{\"@type\":\"Article\",\"@id\":\"https:\\\/\\\/valokuvakeskusnykyaika.fi\\\/hanna-rast-aftermath\\\/#article\",\"isPartOf\":{\"@id\":\"https:\\\/\\\/valokuvakeskusnykyaika.fi\\\/hanna-rast-aftermath\\\/\"},\"author\":{\"name\":\"info.nykyaika@backlight.fi\",\"@id\":\"https:\\\/\\\/valokuvakeskusnykyaika.fi\\\/#\\\/schema\\\/person\\\/41ef90f7d89984ccaca756c8d4241c19\"},\"headline\":\"Hanna R\u00e5st: Aftermath\",\"datePublished\":\"2021-03-09T13:54:32+00:00\",\"dateModified\":\"2021-05-04T08:04:39+00:00\",\"mainEntityOfPage\":{\"@id\":\"https:\\\/\\\/valokuvakeskusnykyaika.fi\\\/hanna-rast-aftermath\\\/\"},\"wordCount\":444,\"publisher\":{\"@id\":\"https:\\\/\\\/valokuvakeskusnykyaika.fi\\\/#organization\"},\"image\":{\"@id\":\"https:\\\/\\\/valokuvakeskusnykyaika.fi\\\/hanna-rast-aftermath\\\/#primaryimage\"},\"thumbnailUrl\":\"https:\\\/\\\/valokuvakeskusnykyaika.fi\\\/wp-content\\\/uploads\\\/2021\\\/03\\\/Sonar_HannaRast_WEB.jpg\",\"articleSection\":[\"Menneet\"],\"inLanguage\":\"en-GB\"},{\"@type\":\"WebPage\",\"@id\":\"https:\\\/\\\/valokuvakeskusnykyaika.fi\\\/hanna-rast-aftermath\\\/\",\"url\":\"https:\\\/\\\/valokuvakeskusnykyaika.fi\\\/hanna-rast-aftermath\\\/\",\"name\":\"Hanna R\u00e5st: Aftermath - Valokuvakeskus Nykyaika\",\"isPartOf\":{\"@id\":\"https:\\\/\\\/valokuvakeskusnykyaika.fi\\\/#website\"},\"primaryImageOfPage\":{\"@id\":\"https:\\\/\\\/valokuvakeskusnykyaika.fi\\\/hanna-rast-aftermath\\\/#primaryimage\"},\"image\":{\"@id\":\"https:\\\/\\\/valokuvakeskusnykyaika.fi\\\/hanna-rast-aftermath\\\/#primaryimage\"},\"thumbnailUrl\":\"https:\\\/\\\/valokuvakeskusnykyaika.fi\\\/wp-content\\\/uploads\\\/2021\\\/03\\\/Sonar_HannaRast_WEB.jpg\",\"datePublished\":\"2021-03-09T13:54:32+00:00\",\"dateModified\":\"2021-05-04T08:04:39+00:00\",\"breadcrumb\":{\"@id\":\"https:\\\/\\\/valokuvakeskusnykyaika.fi\\\/hanna-rast-aftermath\\\/#breadcrumb\"},\"inLanguage\":\"en-GB\",\"potentialAction\":[{\"@type\":\"ReadAction\",\"target\":[\"https:\\\/\\\/valokuvakeskusnykyaika.fi\\\/hanna-rast-aftermath\\\/\"]}]},{\"@type\":\"ImageObject\",\"inLanguage\":\"en-GB\",\"@id\":\"https:\\\/\\\/valokuvakeskusnykyaika.fi\\\/hanna-rast-aftermath\\\/#primaryimage\",\"url\":\"https:\\\/\\\/valokuvakeskusnykyaika.fi\\\/wp-content\\\/uploads\\\/2021\\\/03\\\/Sonar_HannaRast_WEB.jpg\",\"contentUrl\":\"https:\\\/\\\/valokuvakeskusnykyaika.fi\\\/wp-content\\\/uploads\\\/2021\\\/03\\\/Sonar_HannaRast_WEB.jpg\",\"width\":1032,\"height\":1378},{\"@type\":\"BreadcrumbList\",\"@id\":\"https:\\\/\\\/valokuvakeskusnykyaika.fi\\\/hanna-rast-aftermath\\\/#breadcrumb\",\"itemListElement\":[{\"@type\":\"ListItem\",\"position\":1,\"name\":\"Etusivu\",\"item\":\"https:\\\/\\\/valokuvakeskusnykyaika.fi\\\/\"},{\"@type\":\"ListItem\",\"position\":2,\"name\":\"Hanna R\u00e5st: Aftermath\"}]},{\"@type\":\"WebSite\",\"@id\":\"https:\\\/\\\/valokuvakeskusnykyaika.fi\\\/#website\",\"url\":\"https:\\\/\\\/valokuvakeskusnykyaika.fi\\\/\",\"name\":\"Valokuvakeskus Nykyaika\",\"description\":\"Nykyaika on avoin kohtaamispaikka kaikille valokuvataiteen yst\u00e4ville\",\"publisher\":{\"@id\":\"https:\\\/\\\/valokuvakeskusnykyaika.fi\\\/#organization\"},\"potentialAction\":[{\"@type\":\"SearchAction\",\"target\":{\"@type\":\"EntryPoint\",\"urlTemplate\":\"https:\\\/\\\/valokuvakeskusnykyaika.fi\\\/?s={search_term_string}\"},\"query-input\":{\"@type\":\"PropertyValueSpecification\",\"valueRequired\":true,\"valueName\":\"search_term_string\"}}],\"inLanguage\":\"en-GB\"},{\"@type\":\"Organization\",\"@id\":\"https:\\\/\\\/valokuvakeskusnykyaika.fi\\\/#organization\",\"name\":\"Valokuvakeskus Nykyaika\",\"url\":\"https:\\\/\\\/valokuvakeskusnykyaika.fi\\\/\",\"logo\":{\"@type\":\"ImageObject\",\"inLanguage\":\"en-GB\",\"@id\":\"https:\\\/\\\/valokuvakeskusnykyaika.fi\\\/#\\\/schema\\\/logo\\\/image\\\/\",\"url\":\"https:\\\/\\\/valokuvakeskusnykyaika.fi\\\/wp-content\\\/uploads\\\/2019\\\/01\\\/NY-Valokuvakeskus-logo-pieni.png\",\"contentUrl\":\"https:\\\/\\\/valokuvakeskusnykyaika.fi\\\/wp-content\\\/uploads\\\/2019\\\/01\\\/NY-Valokuvakeskus-logo-pieni.png\",\"width\":300,\"height\":314,\"caption\":\"Valokuvakeskus Nykyaika\"},\"image\":{\"@id\":\"https:\\\/\\\/valokuvakeskusnykyaika.fi\\\/#\\\/schema\\\/logo\\\/image\\\/\"},\"sameAs\":[\"https:\\\/\\\/www.facebook.com\\\/valokuvakeskus.nykyaika\\\/\",\"https:\\\/\\\/x.com\\\/nykyaika\",\"https:\\\/\\\/www.instagram.com\\\/nykyaika\\\/\"]},{\"@type\":\"Person\",\"@id\":\"https:\\\/\\\/valokuvakeskusnykyaika.fi\\\/#\\\/schema\\\/person\\\/41ef90f7d89984ccaca756c8d4241c19\",\"name\":\"info.nykyaika@backlight.fi\",\"url\":\"https:\\\/\\\/valokuvakeskusnykyaika.fi\\\/en\\\/author\\\/info-nykyaikabacklight-fi\\\/\"}]}<\/script>\n<!-- \/ Yoast SEO plugin. -->","yoast_head_json":{"title":"Hanna R\u00e5st: Aftermath - Valokuvakeskus Nykyaika","robots":{"index":"index","follow":"follow","max-snippet":"max-snippet:-1","max-image-preview":"max-image-preview:large","max-video-preview":"max-video-preview:-1"},"canonical":"https:\/\/valokuvakeskusnykyaika.fi\/en\/hanna-rast-aftermath\/","og_locale":"en_GB","og_type":"article","og_title":"Hanna R\u00e5st: Aftermath - Valokuvakeskus Nykyaika","og_description":"10.4.-3.5.2021 Aftermath Mill\u00e4 tavoin havaitsemme ajan kerrostumia valokuvallisen materiaalin kautta? Kuvat merkkaavat menneisyyden olemassaoloa, mutta voivatko ne viitata my\u00f6s tulevaan? Mit\u00e4 lopulta meist\u00e4 ja kuvakulttuuristamme j\u00e4\u00e4 j\u00e4ljelle? Aftermath n\u00e4yttely k\u00e4sittelee historioiden, muistojen ja narratiivin hajoamista valokuvan ja arkistomateriaalin kautta. Se on kokoelma teoksia eri vuosilta ja eri sarjoista. Teoksia yhdist\u00e4\u00e4 pirstaleinen, purkautunut ja s\u00e4r\u00f6inen tekemisen [&hellip;]","og_url":"https:\/\/valokuvakeskusnykyaika.fi\/en\/hanna-rast-aftermath\/","og_site_name":"Valokuvakeskus Nykyaika","article_publisher":"https:\/\/www.facebook.com\/valokuvakeskus.nykyaika\/","article_published_time":"2021-03-09T13:54:32+00:00","article_modified_time":"2021-05-04T08:04:39+00:00","og_image":[{"width":1032,"height":1378,"url":"https:\/\/valokuvakeskusnykyaika.fi\/wp-content\/uploads\/2021\/03\/Sonar_HannaRast_WEB.jpg","type":"image\/jpeg"}],"author":"info.nykyaika@backlight.fi","twitter_card":"summary_large_image","twitter_creator":"@nykyaika","twitter_site":"@nykyaika","twitter_misc":{"Written by":"info.nykyaika@backlight.fi","Estimated reading time":"2 minutes"},"schema":{"@context":"https:\/\/schema.org","@graph":[{"@type":"Article","@id":"https:\/\/valokuvakeskusnykyaika.fi\/hanna-rast-aftermath\/#article","isPartOf":{"@id":"https:\/\/valokuvakeskusnykyaika.fi\/hanna-rast-aftermath\/"},"author":{"name":"info.nykyaika@backlight.fi","@id":"https:\/\/valokuvakeskusnykyaika.fi\/#\/schema\/person\/41ef90f7d89984ccaca756c8d4241c19"},"headline":"Hanna R\u00e5st: Aftermath","datePublished":"2021-03-09T13:54:32+00:00","dateModified":"2021-05-04T08:04:39+00:00","mainEntityOfPage":{"@id":"https:\/\/valokuvakeskusnykyaika.fi\/hanna-rast-aftermath\/"},"wordCount":444,"publisher":{"@id":"https:\/\/valokuvakeskusnykyaika.fi\/#organization"},"image":{"@id":"https:\/\/valokuvakeskusnykyaika.fi\/hanna-rast-aftermath\/#primaryimage"},"thumbnailUrl":"https:\/\/valokuvakeskusnykyaika.fi\/wp-content\/uploads\/2021\/03\/Sonar_HannaRast_WEB.jpg","articleSection":["Menneet"],"inLanguage":"en-GB"},{"@type":"WebPage","@id":"https:\/\/valokuvakeskusnykyaika.fi\/hanna-rast-aftermath\/","url":"https:\/\/valokuvakeskusnykyaika.fi\/hanna-rast-aftermath\/","name":"Hanna R\u00e5st: Aftermath - Valokuvakeskus Nykyaika","isPartOf":{"@id":"https:\/\/valokuvakeskusnykyaika.fi\/#website"},"primaryImageOfPage":{"@id":"https:\/\/valokuvakeskusnykyaika.fi\/hanna-rast-aftermath\/#primaryimage"},"image":{"@id":"https:\/\/valokuvakeskusnykyaika.fi\/hanna-rast-aftermath\/#primaryimage"},"thumbnailUrl":"https:\/\/valokuvakeskusnykyaika.fi\/wp-content\/uploads\/2021\/03\/Sonar_HannaRast_WEB.jpg","datePublished":"2021-03-09T13:54:32+00:00","dateModified":"2021-05-04T08:04:39+00:00","breadcrumb":{"@id":"https:\/\/valokuvakeskusnykyaika.fi\/hanna-rast-aftermath\/#breadcrumb"},"inLanguage":"en-GB","potentialAction":[{"@type":"ReadAction","target":["https:\/\/valokuvakeskusnykyaika.fi\/hanna-rast-aftermath\/"]}]},{"@type":"ImageObject","inLanguage":"en-GB","@id":"https:\/\/valokuvakeskusnykyaika.fi\/hanna-rast-aftermath\/#primaryimage","url":"https:\/\/valokuvakeskusnykyaika.fi\/wp-content\/uploads\/2021\/03\/Sonar_HannaRast_WEB.jpg","contentUrl":"https:\/\/valokuvakeskusnykyaika.fi\/wp-content\/uploads\/2021\/03\/Sonar_HannaRast_WEB.jpg","width":1032,"height":1378},{"@type":"BreadcrumbList","@id":"https:\/\/valokuvakeskusnykyaika.fi\/hanna-rast-aftermath\/#breadcrumb","itemListElement":[{"@type":"ListItem","position":1,"name":"Etusivu","item":"https:\/\/valokuvakeskusnykyaika.fi\/"},{"@type":"ListItem","position":2,"name":"Hanna R\u00e5st: Aftermath"}]},{"@type":"WebSite","@id":"https:\/\/valokuvakeskusnykyaika.fi\/#website","url":"https:\/\/valokuvakeskusnykyaika.fi\/","name":"Photographic Centre Nykyaika","description":"Nykyaika on avoin kohtaamispaikka kaikille valokuvataiteen yst\u00e4ville","publisher":{"@id":"https:\/\/valokuvakeskusnykyaika.fi\/#organization"},"potentialAction":[{"@type":"SearchAction","target":{"@type":"EntryPoint","urlTemplate":"https:\/\/valokuvakeskusnykyaika.fi\/?s={search_term_string}"},"query-input":{"@type":"PropertyValueSpecification","valueRequired":true,"valueName":"search_term_string"}}],"inLanguage":"en-GB"},{"@type":"Organization","@id":"https:\/\/valokuvakeskusnykyaika.fi\/#organization","name":"Photographic Centre Nykyaika","url":"https:\/\/valokuvakeskusnykyaika.fi\/","logo":{"@type":"ImageObject","inLanguage":"en-GB","@id":"https:\/\/valokuvakeskusnykyaika.fi\/#\/schema\/logo\/image\/","url":"https:\/\/valokuvakeskusnykyaika.fi\/wp-content\/uploads\/2019\/01\/NY-Valokuvakeskus-logo-pieni.png","contentUrl":"https:\/\/valokuvakeskusnykyaika.fi\/wp-content\/uploads\/2019\/01\/NY-Valokuvakeskus-logo-pieni.png","width":300,"height":314,"caption":"Valokuvakeskus Nykyaika"},"image":{"@id":"https:\/\/valokuvakeskusnykyaika.fi\/#\/schema\/logo\/image\/"},"sameAs":["https:\/\/www.facebook.com\/valokuvakeskus.nykyaika\/","https:\/\/x.com\/nykyaika","https:\/\/www.instagram.com\/nykyaika\/"]},{"@type":"Person","@id":"https:\/\/valokuvakeskusnykyaika.fi\/#\/schema\/person\/41ef90f7d89984ccaca756c8d4241c19","name":"info.nykyaika@backlight.fi","url":"https:\/\/valokuvakeskusnykyaika.fi\/en\/author\/info-nykyaikabacklight-fi\/"}]}},"_links":{"self":[{"href":"https:\/\/valokuvakeskusnykyaika.fi\/en\/wp-json\/wp\/v2\/posts\/4602","targetHints":{"allow":["GET"]}}],"collection":[{"href":"https:\/\/valokuvakeskusnykyaika.fi\/en\/wp-json\/wp\/v2\/posts"}],"about":[{"href":"https:\/\/valokuvakeskusnykyaika.fi\/en\/wp-json\/wp\/v2\/types\/post"}],"author":[{"embeddable":true,"href":"https:\/\/valokuvakeskusnykyaika.fi\/en\/wp-json\/wp\/v2\/users\/6"}],"replies":[{"embeddable":true,"href":"https:\/\/valokuvakeskusnykyaika.fi\/en\/wp-json\/wp\/v2\/comments?post=4602"}],"version-history":[{"count":2,"href":"https:\/\/valokuvakeskusnykyaika.fi\/en\/wp-json\/wp\/v2\/posts\/4602\/revisions"}],"predecessor-version":[{"id":4616,"href":"https:\/\/valokuvakeskusnykyaika.fi\/en\/wp-json\/wp\/v2\/posts\/4602\/revisions\/4616"}],"wp:featuredmedia":[{"embeddable":true,"href":"https:\/\/valokuvakeskusnykyaika.fi\/en\/wp-json\/wp\/v2\/media\/4603"}],"wp:attachment":[{"href":"https:\/\/valokuvakeskusnykyaika.fi\/en\/wp-json\/wp\/v2\/media?parent=4602"}],"wp:term":[{"taxonomy":"category","embeddable":true,"href":"https:\/\/valokuvakeskusnykyaika.fi\/en\/wp-json\/wp\/v2\/categories?post=4602"},{"taxonomy":"post_tag","embeddable":true,"href":"https:\/\/valokuvakeskusnykyaika.fi\/en\/wp-json\/wp\/v2\/tags?post=4602"}],"curies":[{"name":"wp","href":"https:\/\/api.w.org\/{rel}","templated":true}]}}