{"id":4731,"date":"2021-05-11T09:23:31","date_gmt":"2021-05-11T06:23:31","guid":{"rendered":"https:\/\/valokuvakeskusnykyaika.fi\/?p=4731"},"modified":"2021-07-08T10:33:34","modified_gmt":"2021-07-08T07:33:34","slug":"ilias-sipsas-apollon-glykas-syzygy-spatial-cuts-and-merging-orbits","status":"publish","type":"post","link":"https:\/\/valokuvakeskusnykyaika.fi\/en\/ilias-sipsas-apollon-glykas-syzygy-spatial-cuts-and-merging-orbits\/","title":{"rendered":"Ilias Sipsas &#038; Apollonas Glykas: Syzygy &#8211; Spatial cuts and merging orbits"},"content":{"rendered":"<p>5.6.-5.7.2021<\/p>\n<p>SYZYGY &#8211; Spatial cuts and merging orbits -n\u00e4yttelyss\u00e4 Apollonas Glykas ja Ilias Sipsas kyseenalaistavat valokuvan rajoja yhdist\u00e4m\u00e4ll\u00e4 valokuvaa ja kuvanveistoa. Hy\u00f6dynt\u00e4m\u00e4ll\u00e4 valokuvauksen kyseenalaista mainetta todellisuuden t\u00e4sm\u00e4llisen\u00e4 dokumentaationa, kreikkalaistaiteilijat ovat toteuttaneet kokonaisen erikoisten olentojen, uusien p\u00e4\u00e4m\u00e4\u00e4rien ja tilallisten sovitelmien maailman.<\/p>\n<p>Apollonas Glykas (s. 1983) on opiskellut valokuvausta Leica Akatemiassa ja valmistunut Ateenan kuvataidekoulusta vuonna 2011. H\u00e4n ty\u00f6skentelee kuvanveiston, installaation, maalauksen ja valokuvauksen parissa.<\/p>\n<p>Glykas on kiinnostunut odottamattomista kohtaamisista, jotka toimivat viestein\u00e4 menneisyydest\u00e4. Tunnistamattomat muodot, jotka n\u00e4ytt\u00e4v\u00e4t antenneilta, k\u00e4sivarsilta, putkilta tai jalansijoilta, luovat kuvakehyksen, joka toimii my\u00f6s teosten veistoksellisena elementtin\u00e4.<\/p>\n<p>Ilias Sipsas (s. 1981) on opiskellut Tinoksen kuvataidekoulussa 2005-2008 ja George Lappasin kuvanveisto-osastolla Ateenan kuvataidekoulussa 2008-2016. Sipsasin ty\u00f6skentely t\u00e4ht\u00e4\u00e4 hetken l\u00f6yt\u00e4miseen, jossa menneisyys ja tulevaisuus voivat kohdata ja kehitty\u00e4 rinnakkain. Ty\u00f6st\u00e4m\u00e4ll\u00e4 ja vahingoittamalla negatiiveja pimi\u00f6ss\u00e4 h\u00e4n pyrkii muuttamaan tavanomaista tapaa tehd\u00e4 valokuvia.<\/p>\n<p>N\u00e4yttelyn kuraattori on Ateenassa asuva suomalainen kuvataiteen maisteri Sebastian Boulter<br \/>\nsebastianboulter@gmail.com<br \/>\n041 755 79 20<\/p>\n<p>N\u00e4yttely\u00e4 on tukenut Suomen Kreikan yst\u00e4vien liitto ry.<\/p>","protected":false},"excerpt":{"rendered":"<p>5.6.-5.7.2021 SYZYGY &#8211; Spatial cuts and merging orbits -n\u00e4yttelyss\u00e4 Apollonas Glykas ja Ilias Sipsas kyseenalaistavat valokuvan rajoja yhdist\u00e4m\u00e4ll\u00e4 valokuvaa ja kuvanveistoa. Hy\u00f6dynt\u00e4m\u00e4ll\u00e4 valokuvauksen kyseenalaista mainetta todellisuuden t\u00e4sm\u00e4llisen\u00e4 dokumentaationa, kreikkalaistaiteilijat ovat toteuttaneet kokonaisen erikoisten olentojen, uusien p\u00e4\u00e4m\u00e4\u00e4rien ja tilallisten sovitelmien maailman. Apollonas Glykas (s. 1983) on opiskellut valokuvausta Leica Akatemiassa ja valmistunut Ateenan kuvataidekoulusta vuonna 2011. [&hellip;]<\/p>\n","protected":false},"author":6,"featured_media":4732,"comment_status":"closed","ping_status":"closed","sticky":false,"template":"","format":"standard","meta":{"iawp_total_views":5,"footnotes":""},"categories":[4],"tags":[],"class_list":["post-4731","post","type-post","status-publish","format-standard","has-post-thumbnail","hentry","category-menneet"],"yoast_head":"<!-- This site is optimized with the Yoast SEO plugin v27.4 - https:\/\/yoast.com\/product\/yoast-seo-wordpress\/ -->\n<title>Ilias Sipsas &amp; Apollonas Glykas: Syzygy - Spatial cuts and merging orbits - Valokuvakeskus Nykyaika<\/title>\n<meta name=\"robots\" content=\"index, follow, max-snippet:-1, max-image-preview:large, max-video-preview:-1\" \/>\n<link rel=\"canonical\" href=\"https:\/\/valokuvakeskusnykyaika.fi\/en\/ilias-sipsas-apollon-glykas-syzygy-spatial-cuts-and-merging-orbits\/\" \/>\n<meta property=\"og:locale\" content=\"en_GB\" \/>\n<meta property=\"og:type\" content=\"article\" \/>\n<meta property=\"og:title\" content=\"Ilias Sipsas &amp; Apollonas Glykas: Syzygy - Spatial cuts and merging orbits - Valokuvakeskus Nykyaika\" \/>\n<meta property=\"og:description\" content=\"5.6.-5.7.2021 SYZYGY &#8211; Spatial cuts and merging orbits -n\u00e4yttelyss\u00e4 Apollonas Glykas ja Ilias Sipsas kyseenalaistavat valokuvan rajoja yhdist\u00e4m\u00e4ll\u00e4 valokuvaa ja kuvanveistoa. Hy\u00f6dynt\u00e4m\u00e4ll\u00e4 valokuvauksen kyseenalaista mainetta todellisuuden t\u00e4sm\u00e4llisen\u00e4 dokumentaationa, kreikkalaistaiteilijat ovat toteuttaneet kokonaisen erikoisten olentojen, uusien p\u00e4\u00e4m\u00e4\u00e4rien ja tilallisten sovitelmien maailman. Apollonas Glykas (s. 1983) on opiskellut valokuvausta Leica Akatemiassa ja valmistunut Ateenan kuvataidekoulusta vuonna 2011. [&hellip;]\" \/>\n<meta property=\"og:url\" content=\"https:\/\/valokuvakeskusnykyaika.fi\/en\/ilias-sipsas-apollon-glykas-syzygy-spatial-cuts-and-merging-orbits\/\" \/>\n<meta property=\"og:site_name\" content=\"Valokuvakeskus Nykyaika\" \/>\n<meta property=\"article:publisher\" content=\"https:\/\/www.facebook.com\/valokuvakeskus.nykyaika\/\" \/>\n<meta property=\"article:published_time\" content=\"2021-05-11T06:23:31+00:00\" \/>\n<meta property=\"article:modified_time\" content=\"2021-07-08T07:33:34+00:00\" \/>\n<meta property=\"og:image\" content=\"https:\/\/valokuvakeskusnykyaika.fi\/wp-content\/uploads\/2021\/05\/Apollon-Glykas-Suitors-Detail_web.jpg\" \/>\n\t<meta property=\"og:image:width\" content=\"1920\" \/>\n\t<meta property=\"og:image:height\" content=\"1459\" \/>\n\t<meta property=\"og:image:type\" content=\"image\/jpeg\" \/>\n<meta name=\"author\" content=\"info.nykyaika@backlight.fi\" \/>\n<meta name=\"twitter:card\" content=\"summary_large_image\" \/>\n<meta name=\"twitter:creator\" content=\"@nykyaika\" \/>\n<meta name=\"twitter:site\" content=\"@nykyaika\" \/>\n<meta name=\"twitter:label1\" content=\"Written by\" \/>\n\t<meta name=\"twitter:data1\" content=\"info.nykyaika@backlight.fi\" \/>\n\t<meta name=\"twitter:label2\" content=\"Estimated reading time\" \/>\n\t<meta name=\"twitter:data2\" content=\"1 minute\" \/>\n<script type=\"application\/ld+json\" class=\"yoast-schema-graph\">{\"@context\":\"https:\\\/\\\/schema.org\",\"@graph\":[{\"@type\":\"Article\",\"@id\":\"https:\\\/\\\/valokuvakeskusnykyaika.fi\\\/ilias-sipsas-apollon-glykas-syzygy-spatial-cuts-and-merging-orbits\\\/#article\",\"isPartOf\":{\"@id\":\"https:\\\/\\\/valokuvakeskusnykyaika.fi\\\/ilias-sipsas-apollon-glykas-syzygy-spatial-cuts-and-merging-orbits\\\/\"},\"author\":{\"name\":\"info.nykyaika@backlight.fi\",\"@id\":\"https:\\\/\\\/valokuvakeskusnykyaika.fi\\\/#\\\/schema\\\/person\\\/41ef90f7d89984ccaca756c8d4241c19\"},\"headline\":\"Ilias Sipsas &#038; Apollonas Glykas: Syzygy &#8211; Spatial cuts and merging orbits\",\"datePublished\":\"2021-05-11T06:23:31+00:00\",\"dateModified\":\"2021-07-08T07:33:34+00:00\",\"mainEntityOfPage\":{\"@id\":\"https:\\\/\\\/valokuvakeskusnykyaika.fi\\\/ilias-sipsas-apollon-glykas-syzygy-spatial-cuts-and-merging-orbits\\\/\"},\"wordCount\":189,\"publisher\":{\"@id\":\"https:\\\/\\\/valokuvakeskusnykyaika.fi\\\/#organization\"},\"image\":{\"@id\":\"https:\\\/\\\/valokuvakeskusnykyaika.fi\\\/ilias-sipsas-apollon-glykas-syzygy-spatial-cuts-and-merging-orbits\\\/#primaryimage\"},\"thumbnailUrl\":\"https:\\\/\\\/valokuvakeskusnykyaika.fi\\\/wp-content\\\/uploads\\\/2021\\\/05\\\/Apollon-Glykas-Suitors-Detail_web.jpg\",\"articleSection\":[\"Menneet\"],\"inLanguage\":\"en-GB\"},{\"@type\":\"WebPage\",\"@id\":\"https:\\\/\\\/valokuvakeskusnykyaika.fi\\\/ilias-sipsas-apollon-glykas-syzygy-spatial-cuts-and-merging-orbits\\\/\",\"url\":\"https:\\\/\\\/valokuvakeskusnykyaika.fi\\\/ilias-sipsas-apollon-glykas-syzygy-spatial-cuts-and-merging-orbits\\\/\",\"name\":\"Ilias Sipsas & Apollonas Glykas: Syzygy - Spatial cuts and merging orbits - Valokuvakeskus Nykyaika\",\"isPartOf\":{\"@id\":\"https:\\\/\\\/valokuvakeskusnykyaika.fi\\\/#website\"},\"primaryImageOfPage\":{\"@id\":\"https:\\\/\\\/valokuvakeskusnykyaika.fi\\\/ilias-sipsas-apollon-glykas-syzygy-spatial-cuts-and-merging-orbits\\\/#primaryimage\"},\"image\":{\"@id\":\"https:\\\/\\\/valokuvakeskusnykyaika.fi\\\/ilias-sipsas-apollon-glykas-syzygy-spatial-cuts-and-merging-orbits\\\/#primaryimage\"},\"thumbnailUrl\":\"https:\\\/\\\/valokuvakeskusnykyaika.fi\\\/wp-content\\\/uploads\\\/2021\\\/05\\\/Apollon-Glykas-Suitors-Detail_web.jpg\",\"datePublished\":\"2021-05-11T06:23:31+00:00\",\"dateModified\":\"2021-07-08T07:33:34+00:00\",\"breadcrumb\":{\"@id\":\"https:\\\/\\\/valokuvakeskusnykyaika.fi\\\/ilias-sipsas-apollon-glykas-syzygy-spatial-cuts-and-merging-orbits\\\/#breadcrumb\"},\"inLanguage\":\"en-GB\",\"potentialAction\":[{\"@type\":\"ReadAction\",\"target\":[\"https:\\\/\\\/valokuvakeskusnykyaika.fi\\\/ilias-sipsas-apollon-glykas-syzygy-spatial-cuts-and-merging-orbits\\\/\"]}]},{\"@type\":\"ImageObject\",\"inLanguage\":\"en-GB\",\"@id\":\"https:\\\/\\\/valokuvakeskusnykyaika.fi\\\/ilias-sipsas-apollon-glykas-syzygy-spatial-cuts-and-merging-orbits\\\/#primaryimage\",\"url\":\"https:\\\/\\\/valokuvakeskusnykyaika.fi\\\/wp-content\\\/uploads\\\/2021\\\/05\\\/Apollon-Glykas-Suitors-Detail_web.jpg\",\"contentUrl\":\"https:\\\/\\\/valokuvakeskusnykyaika.fi\\\/wp-content\\\/uploads\\\/2021\\\/05\\\/Apollon-Glykas-Suitors-Detail_web.jpg\",\"width\":1920,\"height\":1459,\"caption\":\"Apollon Glykas 'Suitors' (Detail)\"},{\"@type\":\"BreadcrumbList\",\"@id\":\"https:\\\/\\\/valokuvakeskusnykyaika.fi\\\/ilias-sipsas-apollon-glykas-syzygy-spatial-cuts-and-merging-orbits\\\/#breadcrumb\",\"itemListElement\":[{\"@type\":\"ListItem\",\"position\":1,\"name\":\"Etusivu\",\"item\":\"https:\\\/\\\/valokuvakeskusnykyaika.fi\\\/\"},{\"@type\":\"ListItem\",\"position\":2,\"name\":\"Ilias Sipsas &#038; Apollonas Glykas: Syzygy &#8211; Spatial cuts and merging orbits\"}]},{\"@type\":\"WebSite\",\"@id\":\"https:\\\/\\\/valokuvakeskusnykyaika.fi\\\/#website\",\"url\":\"https:\\\/\\\/valokuvakeskusnykyaika.fi\\\/\",\"name\":\"Valokuvakeskus Nykyaika\",\"description\":\"Nykyaika on avoin kohtaamispaikka kaikille valokuvataiteen yst\u00e4ville\",\"publisher\":{\"@id\":\"https:\\\/\\\/valokuvakeskusnykyaika.fi\\\/#organization\"},\"potentialAction\":[{\"@type\":\"SearchAction\",\"target\":{\"@type\":\"EntryPoint\",\"urlTemplate\":\"https:\\\/\\\/valokuvakeskusnykyaika.fi\\\/?s={search_term_string}\"},\"query-input\":{\"@type\":\"PropertyValueSpecification\",\"valueRequired\":true,\"valueName\":\"search_term_string\"}}],\"inLanguage\":\"en-GB\"},{\"@type\":\"Organization\",\"@id\":\"https:\\\/\\\/valokuvakeskusnykyaika.fi\\\/#organization\",\"name\":\"Valokuvakeskus Nykyaika\",\"url\":\"https:\\\/\\\/valokuvakeskusnykyaika.fi\\\/\",\"logo\":{\"@type\":\"ImageObject\",\"inLanguage\":\"en-GB\",\"@id\":\"https:\\\/\\\/valokuvakeskusnykyaika.fi\\\/#\\\/schema\\\/logo\\\/image\\\/\",\"url\":\"https:\\\/\\\/valokuvakeskusnykyaika.fi\\\/wp-content\\\/uploads\\\/2019\\\/01\\\/NY-Valokuvakeskus-logo-pieni.png\",\"contentUrl\":\"https:\\\/\\\/valokuvakeskusnykyaika.fi\\\/wp-content\\\/uploads\\\/2019\\\/01\\\/NY-Valokuvakeskus-logo-pieni.png\",\"width\":300,\"height\":314,\"caption\":\"Valokuvakeskus Nykyaika\"},\"image\":{\"@id\":\"https:\\\/\\\/valokuvakeskusnykyaika.fi\\\/#\\\/schema\\\/logo\\\/image\\\/\"},\"sameAs\":[\"https:\\\/\\\/www.facebook.com\\\/valokuvakeskus.nykyaika\\\/\",\"https:\\\/\\\/x.com\\\/nykyaika\",\"https:\\\/\\\/www.instagram.com\\\/nykyaika\\\/\"]},{\"@type\":\"Person\",\"@id\":\"https:\\\/\\\/valokuvakeskusnykyaika.fi\\\/#\\\/schema\\\/person\\\/41ef90f7d89984ccaca756c8d4241c19\",\"name\":\"info.nykyaika@backlight.fi\",\"url\":\"https:\\\/\\\/valokuvakeskusnykyaika.fi\\\/en\\\/author\\\/info-nykyaikabacklight-fi\\\/\"}]}<\/script>\n<!-- \/ Yoast SEO plugin. -->","yoast_head_json":{"title":"Ilias Sipsas & Apollonas Glykas: Syzygy - Spatial cuts and merging orbits - Valokuvakeskus Nykyaika","robots":{"index":"index","follow":"follow","max-snippet":"max-snippet:-1","max-image-preview":"max-image-preview:large","max-video-preview":"max-video-preview:-1"},"canonical":"https:\/\/valokuvakeskusnykyaika.fi\/en\/ilias-sipsas-apollon-glykas-syzygy-spatial-cuts-and-merging-orbits\/","og_locale":"en_GB","og_type":"article","og_title":"Ilias Sipsas & Apollonas Glykas: Syzygy - Spatial cuts and merging orbits - Valokuvakeskus Nykyaika","og_description":"5.6.-5.7.2021 SYZYGY &#8211; Spatial cuts and merging orbits -n\u00e4yttelyss\u00e4 Apollonas Glykas ja Ilias Sipsas kyseenalaistavat valokuvan rajoja yhdist\u00e4m\u00e4ll\u00e4 valokuvaa ja kuvanveistoa. Hy\u00f6dynt\u00e4m\u00e4ll\u00e4 valokuvauksen kyseenalaista mainetta todellisuuden t\u00e4sm\u00e4llisen\u00e4 dokumentaationa, kreikkalaistaiteilijat ovat toteuttaneet kokonaisen erikoisten olentojen, uusien p\u00e4\u00e4m\u00e4\u00e4rien ja tilallisten sovitelmien maailman. Apollonas Glykas (s. 1983) on opiskellut valokuvausta Leica Akatemiassa ja valmistunut Ateenan kuvataidekoulusta vuonna 2011. [&hellip;]","og_url":"https:\/\/valokuvakeskusnykyaika.fi\/en\/ilias-sipsas-apollon-glykas-syzygy-spatial-cuts-and-merging-orbits\/","og_site_name":"Valokuvakeskus Nykyaika","article_publisher":"https:\/\/www.facebook.com\/valokuvakeskus.nykyaika\/","article_published_time":"2021-05-11T06:23:31+00:00","article_modified_time":"2021-07-08T07:33:34+00:00","og_image":[{"width":1920,"height":1459,"url":"https:\/\/valokuvakeskusnykyaika.fi\/wp-content\/uploads\/2021\/05\/Apollon-Glykas-Suitors-Detail_web.jpg","type":"image\/jpeg"}],"author":"info.nykyaika@backlight.fi","twitter_card":"summary_large_image","twitter_creator":"@nykyaika","twitter_site":"@nykyaika","twitter_misc":{"Written by":"info.nykyaika@backlight.fi","Estimated reading time":"1 minute"},"schema":{"@context":"https:\/\/schema.org","@graph":[{"@type":"Article","@id":"https:\/\/valokuvakeskusnykyaika.fi\/ilias-sipsas-apollon-glykas-syzygy-spatial-cuts-and-merging-orbits\/#article","isPartOf":{"@id":"https:\/\/valokuvakeskusnykyaika.fi\/ilias-sipsas-apollon-glykas-syzygy-spatial-cuts-and-merging-orbits\/"},"author":{"name":"info.nykyaika@backlight.fi","@id":"https:\/\/valokuvakeskusnykyaika.fi\/#\/schema\/person\/41ef90f7d89984ccaca756c8d4241c19"},"headline":"Ilias Sipsas &#038; Apollonas Glykas: Syzygy &#8211; Spatial cuts and merging orbits","datePublished":"2021-05-11T06:23:31+00:00","dateModified":"2021-07-08T07:33:34+00:00","mainEntityOfPage":{"@id":"https:\/\/valokuvakeskusnykyaika.fi\/ilias-sipsas-apollon-glykas-syzygy-spatial-cuts-and-merging-orbits\/"},"wordCount":189,"publisher":{"@id":"https:\/\/valokuvakeskusnykyaika.fi\/#organization"},"image":{"@id":"https:\/\/valokuvakeskusnykyaika.fi\/ilias-sipsas-apollon-glykas-syzygy-spatial-cuts-and-merging-orbits\/#primaryimage"},"thumbnailUrl":"https:\/\/valokuvakeskusnykyaika.fi\/wp-content\/uploads\/2021\/05\/Apollon-Glykas-Suitors-Detail_web.jpg","articleSection":["Menneet"],"inLanguage":"en-GB"},{"@type":"WebPage","@id":"https:\/\/valokuvakeskusnykyaika.fi\/ilias-sipsas-apollon-glykas-syzygy-spatial-cuts-and-merging-orbits\/","url":"https:\/\/valokuvakeskusnykyaika.fi\/ilias-sipsas-apollon-glykas-syzygy-spatial-cuts-and-merging-orbits\/","name":"Ilias Sipsas & Apollonas Glykas: Syzygy - Spatial cuts and merging orbits - Valokuvakeskus Nykyaika","isPartOf":{"@id":"https:\/\/valokuvakeskusnykyaika.fi\/#website"},"primaryImageOfPage":{"@id":"https:\/\/valokuvakeskusnykyaika.fi\/ilias-sipsas-apollon-glykas-syzygy-spatial-cuts-and-merging-orbits\/#primaryimage"},"image":{"@id":"https:\/\/valokuvakeskusnykyaika.fi\/ilias-sipsas-apollon-glykas-syzygy-spatial-cuts-and-merging-orbits\/#primaryimage"},"thumbnailUrl":"https:\/\/valokuvakeskusnykyaika.fi\/wp-content\/uploads\/2021\/05\/Apollon-Glykas-Suitors-Detail_web.jpg","datePublished":"2021-05-11T06:23:31+00:00","dateModified":"2021-07-08T07:33:34+00:00","breadcrumb":{"@id":"https:\/\/valokuvakeskusnykyaika.fi\/ilias-sipsas-apollon-glykas-syzygy-spatial-cuts-and-merging-orbits\/#breadcrumb"},"inLanguage":"en-GB","potentialAction":[{"@type":"ReadAction","target":["https:\/\/valokuvakeskusnykyaika.fi\/ilias-sipsas-apollon-glykas-syzygy-spatial-cuts-and-merging-orbits\/"]}]},{"@type":"ImageObject","inLanguage":"en-GB","@id":"https:\/\/valokuvakeskusnykyaika.fi\/ilias-sipsas-apollon-glykas-syzygy-spatial-cuts-and-merging-orbits\/#primaryimage","url":"https:\/\/valokuvakeskusnykyaika.fi\/wp-content\/uploads\/2021\/05\/Apollon-Glykas-Suitors-Detail_web.jpg","contentUrl":"https:\/\/valokuvakeskusnykyaika.fi\/wp-content\/uploads\/2021\/05\/Apollon-Glykas-Suitors-Detail_web.jpg","width":1920,"height":1459,"caption":"Apollon Glykas 'Suitors' (Detail)"},{"@type":"BreadcrumbList","@id":"https:\/\/valokuvakeskusnykyaika.fi\/ilias-sipsas-apollon-glykas-syzygy-spatial-cuts-and-merging-orbits\/#breadcrumb","itemListElement":[{"@type":"ListItem","position":1,"name":"Etusivu","item":"https:\/\/valokuvakeskusnykyaika.fi\/"},{"@type":"ListItem","position":2,"name":"Ilias Sipsas &#038; Apollonas Glykas: Syzygy &#8211; Spatial cuts and merging orbits"}]},{"@type":"WebSite","@id":"https:\/\/valokuvakeskusnykyaika.fi\/#website","url":"https:\/\/valokuvakeskusnykyaika.fi\/","name":"Photographic Centre Nykyaika","description":"Nykyaika on avoin kohtaamispaikka kaikille valokuvataiteen yst\u00e4ville","publisher":{"@id":"https:\/\/valokuvakeskusnykyaika.fi\/#organization"},"potentialAction":[{"@type":"SearchAction","target":{"@type":"EntryPoint","urlTemplate":"https:\/\/valokuvakeskusnykyaika.fi\/?s={search_term_string}"},"query-input":{"@type":"PropertyValueSpecification","valueRequired":true,"valueName":"search_term_string"}}],"inLanguage":"en-GB"},{"@type":"Organization","@id":"https:\/\/valokuvakeskusnykyaika.fi\/#organization","name":"Photographic Centre Nykyaika","url":"https:\/\/valokuvakeskusnykyaika.fi\/","logo":{"@type":"ImageObject","inLanguage":"en-GB","@id":"https:\/\/valokuvakeskusnykyaika.fi\/#\/schema\/logo\/image\/","url":"https:\/\/valokuvakeskusnykyaika.fi\/wp-content\/uploads\/2019\/01\/NY-Valokuvakeskus-logo-pieni.png","contentUrl":"https:\/\/valokuvakeskusnykyaika.fi\/wp-content\/uploads\/2019\/01\/NY-Valokuvakeskus-logo-pieni.png","width":300,"height":314,"caption":"Valokuvakeskus Nykyaika"},"image":{"@id":"https:\/\/valokuvakeskusnykyaika.fi\/#\/schema\/logo\/image\/"},"sameAs":["https:\/\/www.facebook.com\/valokuvakeskus.nykyaika\/","https:\/\/x.com\/nykyaika","https:\/\/www.instagram.com\/nykyaika\/"]},{"@type":"Person","@id":"https:\/\/valokuvakeskusnykyaika.fi\/#\/schema\/person\/41ef90f7d89984ccaca756c8d4241c19","name":"info.nykyaika@backlight.fi","url":"https:\/\/valokuvakeskusnykyaika.fi\/en\/author\/info-nykyaikabacklight-fi\/"}]}},"_links":{"self":[{"href":"https:\/\/valokuvakeskusnykyaika.fi\/en\/wp-json\/wp\/v2\/posts\/4731","targetHints":{"allow":["GET"]}}],"collection":[{"href":"https:\/\/valokuvakeskusnykyaika.fi\/en\/wp-json\/wp\/v2\/posts"}],"about":[{"href":"https:\/\/valokuvakeskusnykyaika.fi\/en\/wp-json\/wp\/v2\/types\/post"}],"author":[{"embeddable":true,"href":"https:\/\/valokuvakeskusnykyaika.fi\/en\/wp-json\/wp\/v2\/users\/6"}],"replies":[{"embeddable":true,"href":"https:\/\/valokuvakeskusnykyaika.fi\/en\/wp-json\/wp\/v2\/comments?post=4731"}],"version-history":[{"count":8,"href":"https:\/\/valokuvakeskusnykyaika.fi\/en\/wp-json\/wp\/v2\/posts\/4731\/revisions"}],"predecessor-version":[{"id":4772,"href":"https:\/\/valokuvakeskusnykyaika.fi\/en\/wp-json\/wp\/v2\/posts\/4731\/revisions\/4772"}],"wp:featuredmedia":[{"embeddable":true,"href":"https:\/\/valokuvakeskusnykyaika.fi\/en\/wp-json\/wp\/v2\/media\/4732"}],"wp:attachment":[{"href":"https:\/\/valokuvakeskusnykyaika.fi\/en\/wp-json\/wp\/v2\/media?parent=4731"}],"wp:term":[{"taxonomy":"category","embeddable":true,"href":"https:\/\/valokuvakeskusnykyaika.fi\/en\/wp-json\/wp\/v2\/categories?post=4731"},{"taxonomy":"post_tag","embeddable":true,"href":"https:\/\/valokuvakeskusnykyaika.fi\/en\/wp-json\/wp\/v2\/tags?post=4731"}],"curies":[{"name":"wp","href":"https:\/\/api.w.org\/{rel}","templated":true}]}}