{"id":4899,"date":"2021-08-30T12:17:00","date_gmt":"2021-08-30T09:17:00","guid":{"rendered":"https:\/\/valokuvakeskusnykyaika.fi\/?p=4899"},"modified":"2021-10-01T17:07:18","modified_gmt":"2021-10-01T14:07:18","slug":"nykyajan-jaseniston-nayttely-ballads","status":"publish","type":"post","link":"https:\/\/valokuvakeskusnykyaika.fi\/en\/nykyajan-jaseniston-nayttely-ballads\/","title":{"rendered":"Nykyajan j\u00e4senist\u00f6: Ballads"},"content":{"rendered":"<p>4.9.-27.9.2021<\/p>\n<p>Nykyajan Studion yhteisn\u00e4yttely <em>Ballads <\/em>koostuu valokuvakeskuksen j\u00e4senist\u00f6n valokuvallista balladeista. Balladit ovat lauluja yhteis\u00f6n j\u00e4senten el\u00e4mist\u00e4, taiteen tekemisest\u00e4 ja yksil\u00f6llisist\u00e4 olemisen ja kuvaamisen tavoista. Teosten lyyrinen ja romanttinen, mutta samaan aikaan synkk\u00e4kin maailma kertoo toisistaan hyvin erilaisia tarinoita. N\u00e4yttely kokoaa yhteen temaattisesti ja muodollisesti runsaan kokonaisuuden, jossa \u00e4\u00e4neen p\u00e4\u00e4sev\u00e4t Nykyajan j\u00e4senet.<\/p>\n<p>N\u00e4yttelyyn osallistuu sek\u00e4 kokeneempia ett\u00e4 nuorempia taiteentekij\u00f6it\u00e4, joiden teokset esitet\u00e4\u00e4n runollisena kollaasina. Balladien kertovuus hajoaa ripustuksessa s\u00e4keiksi, jotka vuorottelevat vaihtuvien s\u00e4vyjen ja muotojen v\u00e4lill\u00e4.<\/p>\n<p>Nykyajan j\u00e4senist\u00f6 koostuu eri tavoilla ja eri l\u00e4ht\u00f6kohdista valokuvaa hy\u00f6dynt\u00e4vist\u00e4 tekij\u00f6ist\u00e4. <em>Ballads-<\/em>yhteisn\u00e4yttelyss\u00e4 on mukana kuvia 18 eri taiteilijalta. Mukana ovat Miska Allonen, Maagi Grahn, Eijaa Heikkinen, Aimo Hyv\u00e4rinen, Sini Kallio, Ville Kurki, Heidi Kirjavainen, Harri Lundelin, Susanna Lyly, Jana Machackova-Oey, Liisa M\u00e4kinen, Mirja Paljakka, Miina Puolitaival, Nuutti P\u00e4\u00e4llysaho, Saara Sillanp\u00e4\u00e4, Marja-Liisa Torniainen, Jaana Tyrmi ja Hans Viebrock.<\/p>\n<p>IN ENGLISH:<\/p>\n<p>The members of Photographic Centre Nykyaika present a group exhibition <em>Ballads<\/em>. The ballads are visual poems or songs about the members\u2019 lives, creative processes and unique ways of being and expressing. The works build a lyrical and romantic, yet tragic, world that tells diverse narratives. The exhibition brings together thematically and formally lush collection of Nykyaika\u2019s members\u2019 voices.<\/p>\n<p>In <em>Ballads<\/em>, both younger and more experienced artists\u2019 works are presented as a poetic collage. The narration of these works is broken into verses that alternate between changing tones and forms. The exhibition includes both mythical and mundane material. In these photographic versions of ballads, that are accompanied by both tragic and romantic destinies, an aesthetic space is formed.<\/p>\n<p>The group exhibition features works from 18 different artist: Sini Kallio, Marja-Liisa Torniainen, Aimo Hyv\u00e4rinen,&nbsp; Mirja Paljakka,&nbsp; Jana Machackova-Oey,&nbsp; Hans Viebrock,&nbsp; Maagi Grahn, Harri Lundelin, Miska Allonen, Susanna Lyly, Miina Puolitaival, Eijaa Heikkinen, Nuutti P\u00e4\u00e4llysaho, Heidi Kirjavainen, Saara Sillanp\u00e4\u00e4, Ville Kurki, Jaana Tyrmi and Liisa M\u00e4kinen.<\/p>","protected":false},"excerpt":{"rendered":"<p>4.9.-27.9.2021 Nykyajan Studion yhteisn\u00e4yttely Ballads koostuu valokuvakeskuksen j\u00e4senist\u00f6n valokuvallista balladeista. Balladit ovat lauluja yhteis\u00f6n j\u00e4senten el\u00e4mist\u00e4, taiteen tekemisest\u00e4 ja yksil\u00f6llisist\u00e4 olemisen ja kuvaamisen tavoista. Teosten lyyrinen ja romanttinen, mutta samaan aikaan synkk\u00e4kin maailma kertoo toisistaan hyvin erilaisia tarinoita. N\u00e4yttely kokoaa yhteen temaattisesti ja muodollisesti runsaan kokonaisuuden, jossa \u00e4\u00e4neen p\u00e4\u00e4sev\u00e4t Nykyajan j\u00e4senet. N\u00e4yttelyyn osallistuu sek\u00e4 kokeneempia [&hellip;]<\/p>\n","protected":false},"author":6,"featured_media":4900,"comment_status":"closed","ping_status":"closed","sticky":false,"template":"","format":"standard","meta":{"iawp_total_views":20,"footnotes":""},"categories":[4],"tags":[],"class_list":["post-4899","post","type-post","status-publish","format-standard","has-post-thumbnail","hentry","category-menneet"],"yoast_head":"<!-- This site is optimized with the Yoast SEO plugin v27.5 - https:\/\/yoast.com\/product\/yoast-seo-wordpress\/ -->\n<title>Nykyajan j\u00e4senist\u00f6: Ballads - Valokuvakeskus Nykyaika<\/title>\n<meta name=\"robots\" content=\"index, follow, max-snippet:-1, max-image-preview:large, max-video-preview:-1\" \/>\n<link rel=\"canonical\" href=\"https:\/\/valokuvakeskusnykyaika.fi\/en\/nykyajan-jaseniston-nayttely-ballads\/\" \/>\n<meta property=\"og:locale\" content=\"en_GB\" \/>\n<meta property=\"og:type\" content=\"article\" \/>\n<meta property=\"og:title\" content=\"Nykyajan j\u00e4senist\u00f6: Ballads - Valokuvakeskus Nykyaika\" \/>\n<meta property=\"og:description\" content=\"4.9.-27.9.2021 Nykyajan Studion yhteisn\u00e4yttely Ballads koostuu valokuvakeskuksen j\u00e4senist\u00f6n valokuvallista balladeista. Balladit ovat lauluja yhteis\u00f6n j\u00e4senten el\u00e4mist\u00e4, taiteen tekemisest\u00e4 ja yksil\u00f6llisist\u00e4 olemisen ja kuvaamisen tavoista. Teosten lyyrinen ja romanttinen, mutta samaan aikaan synkk\u00e4kin maailma kertoo toisistaan hyvin erilaisia tarinoita. N\u00e4yttely kokoaa yhteen temaattisesti ja muodollisesti runsaan kokonaisuuden, jossa \u00e4\u00e4neen p\u00e4\u00e4sev\u00e4t Nykyajan j\u00e4senet. N\u00e4yttelyyn osallistuu sek\u00e4 kokeneempia [&hellip;]\" \/>\n<meta property=\"og:url\" content=\"https:\/\/valokuvakeskusnykyaika.fi\/en\/nykyajan-jaseniston-nayttely-ballads\/\" \/>\n<meta property=\"og:site_name\" content=\"Valokuvakeskus Nykyaika\" \/>\n<meta property=\"article:publisher\" content=\"https:\/\/www.facebook.com\/valokuvakeskus.nykyaika\/\" \/>\n<meta property=\"article:published_time\" content=\"2021-08-30T09:17:00+00:00\" \/>\n<meta property=\"article:modified_time\" content=\"2021-10-01T14:07:18+00:00\" \/>\n<meta property=\"og:image\" content=\"https:\/\/valokuvakeskusnykyaika.fi\/wp-content\/uploads\/2021\/08\/Emilperho.jpg\" \/>\n\t<meta property=\"og:image:width\" content=\"2448\" \/>\n\t<meta property=\"og:image:height\" content=\"3264\" \/>\n\t<meta property=\"og:image:type\" content=\"image\/jpeg\" \/>\n<meta name=\"author\" content=\"info.nykyaika@backlight.fi\" \/>\n<meta name=\"twitter:card\" content=\"summary_large_image\" \/>\n<meta name=\"twitter:creator\" content=\"@nykyaika\" \/>\n<meta name=\"twitter:site\" content=\"@nykyaika\" \/>\n<meta name=\"twitter:label1\" content=\"Written by\" \/>\n\t<meta name=\"twitter:data1\" content=\"info.nykyaika@backlight.fi\" \/>\n\t<meta name=\"twitter:label2\" content=\"Estimated reading time\" \/>\n\t<meta name=\"twitter:data2\" content=\"2 minutes\" \/>\n<script type=\"application\/ld+json\" class=\"yoast-schema-graph\">{\"@context\":\"https:\\\/\\\/schema.org\",\"@graph\":[{\"@type\":\"Article\",\"@id\":\"https:\\\/\\\/valokuvakeskusnykyaika.fi\\\/nykyajan-jaseniston-nayttely-ballads\\\/#article\",\"isPartOf\":{\"@id\":\"https:\\\/\\\/valokuvakeskusnykyaika.fi\\\/nykyajan-jaseniston-nayttely-ballads\\\/\"},\"author\":{\"name\":\"info.nykyaika@backlight.fi\",\"@id\":\"https:\\\/\\\/valokuvakeskusnykyaika.fi\\\/#\\\/schema\\\/person\\\/41ef90f7d89984ccaca756c8d4241c19\"},\"headline\":\"Nykyajan j\u00e4senist\u00f6: Ballads\",\"datePublished\":\"2021-08-30T09:17:00+00:00\",\"dateModified\":\"2021-10-01T14:07:18+00:00\",\"mainEntityOfPage\":{\"@id\":\"https:\\\/\\\/valokuvakeskusnykyaika.fi\\\/nykyajan-jaseniston-nayttely-ballads\\\/\"},\"wordCount\":335,\"publisher\":{\"@id\":\"https:\\\/\\\/valokuvakeskusnykyaika.fi\\\/#organization\"},\"image\":{\"@id\":\"https:\\\/\\\/valokuvakeskusnykyaika.fi\\\/nykyajan-jaseniston-nayttely-ballads\\\/#primaryimage\"},\"thumbnailUrl\":\"https:\\\/\\\/valokuvakeskusnykyaika.fi\\\/wp-content\\\/uploads\\\/2021\\\/08\\\/Emilperho.jpg\",\"articleSection\":[\"Menneet\"],\"inLanguage\":\"en-GB\"},{\"@type\":\"WebPage\",\"@id\":\"https:\\\/\\\/valokuvakeskusnykyaika.fi\\\/nykyajan-jaseniston-nayttely-ballads\\\/\",\"url\":\"https:\\\/\\\/valokuvakeskusnykyaika.fi\\\/nykyajan-jaseniston-nayttely-ballads\\\/\",\"name\":\"Nykyajan j\u00e4senist\u00f6: Ballads - Valokuvakeskus Nykyaika\",\"isPartOf\":{\"@id\":\"https:\\\/\\\/valokuvakeskusnykyaika.fi\\\/#website\"},\"primaryImageOfPage\":{\"@id\":\"https:\\\/\\\/valokuvakeskusnykyaika.fi\\\/nykyajan-jaseniston-nayttely-ballads\\\/#primaryimage\"},\"image\":{\"@id\":\"https:\\\/\\\/valokuvakeskusnykyaika.fi\\\/nykyajan-jaseniston-nayttely-ballads\\\/#primaryimage\"},\"thumbnailUrl\":\"https:\\\/\\\/valokuvakeskusnykyaika.fi\\\/wp-content\\\/uploads\\\/2021\\\/08\\\/Emilperho.jpg\",\"datePublished\":\"2021-08-30T09:17:00+00:00\",\"dateModified\":\"2021-10-01T14:07:18+00:00\",\"breadcrumb\":{\"@id\":\"https:\\\/\\\/valokuvakeskusnykyaika.fi\\\/nykyajan-jaseniston-nayttely-ballads\\\/#breadcrumb\"},\"inLanguage\":\"en-GB\",\"potentialAction\":[{\"@type\":\"ReadAction\",\"target\":[\"https:\\\/\\\/valokuvakeskusnykyaika.fi\\\/nykyajan-jaseniston-nayttely-ballads\\\/\"]}]},{\"@type\":\"ImageObject\",\"inLanguage\":\"en-GB\",\"@id\":\"https:\\\/\\\/valokuvakeskusnykyaika.fi\\\/nykyajan-jaseniston-nayttely-ballads\\\/#primaryimage\",\"url\":\"https:\\\/\\\/valokuvakeskusnykyaika.fi\\\/wp-content\\\/uploads\\\/2021\\\/08\\\/Emilperho.jpg\",\"contentUrl\":\"https:\\\/\\\/valokuvakeskusnykyaika.fi\\\/wp-content\\\/uploads\\\/2021\\\/08\\\/Emilperho.jpg\",\"width\":2448,\"height\":3264},{\"@type\":\"BreadcrumbList\",\"@id\":\"https:\\\/\\\/valokuvakeskusnykyaika.fi\\\/nykyajan-jaseniston-nayttely-ballads\\\/#breadcrumb\",\"itemListElement\":[{\"@type\":\"ListItem\",\"position\":1,\"name\":\"Etusivu\",\"item\":\"https:\\\/\\\/valokuvakeskusnykyaika.fi\\\/\"},{\"@type\":\"ListItem\",\"position\":2,\"name\":\"Nykyajan j\u00e4senist\u00f6: Ballads\"}]},{\"@type\":\"WebSite\",\"@id\":\"https:\\\/\\\/valokuvakeskusnykyaika.fi\\\/#website\",\"url\":\"https:\\\/\\\/valokuvakeskusnykyaika.fi\\\/\",\"name\":\"Valokuvakeskus Nykyaika\",\"description\":\"Nykyaika on avoin kohtaamispaikka kaikille valokuvataiteen yst\u00e4ville\",\"publisher\":{\"@id\":\"https:\\\/\\\/valokuvakeskusnykyaika.fi\\\/#organization\"},\"potentialAction\":[{\"@type\":\"SearchAction\",\"target\":{\"@type\":\"EntryPoint\",\"urlTemplate\":\"https:\\\/\\\/valokuvakeskusnykyaika.fi\\\/?s={search_term_string}\"},\"query-input\":{\"@type\":\"PropertyValueSpecification\",\"valueRequired\":true,\"valueName\":\"search_term_string\"}}],\"inLanguage\":\"en-GB\"},{\"@type\":\"Organization\",\"@id\":\"https:\\\/\\\/valokuvakeskusnykyaika.fi\\\/#organization\",\"name\":\"Valokuvakeskus Nykyaika\",\"url\":\"https:\\\/\\\/valokuvakeskusnykyaika.fi\\\/\",\"logo\":{\"@type\":\"ImageObject\",\"inLanguage\":\"en-GB\",\"@id\":\"https:\\\/\\\/valokuvakeskusnykyaika.fi\\\/#\\\/schema\\\/logo\\\/image\\\/\",\"url\":\"https:\\\/\\\/valokuvakeskusnykyaika.fi\\\/wp-content\\\/uploads\\\/2019\\\/01\\\/NY-Valokuvakeskus-logo-pieni.png\",\"contentUrl\":\"https:\\\/\\\/valokuvakeskusnykyaika.fi\\\/wp-content\\\/uploads\\\/2019\\\/01\\\/NY-Valokuvakeskus-logo-pieni.png\",\"width\":300,\"height\":314,\"caption\":\"Valokuvakeskus Nykyaika\"},\"image\":{\"@id\":\"https:\\\/\\\/valokuvakeskusnykyaika.fi\\\/#\\\/schema\\\/logo\\\/image\\\/\"},\"sameAs\":[\"https:\\\/\\\/www.facebook.com\\\/valokuvakeskus.nykyaika\\\/\",\"https:\\\/\\\/x.com\\\/nykyaika\",\"https:\\\/\\\/www.instagram.com\\\/nykyaika\\\/\"]},{\"@type\":\"Person\",\"@id\":\"https:\\\/\\\/valokuvakeskusnykyaika.fi\\\/#\\\/schema\\\/person\\\/41ef90f7d89984ccaca756c8d4241c19\",\"name\":\"info.nykyaika@backlight.fi\",\"url\":\"https:\\\/\\\/valokuvakeskusnykyaika.fi\\\/en\\\/author\\\/info-nykyaikabacklight-fi\\\/\"}]}<\/script>\n<!-- \/ Yoast SEO plugin. -->","yoast_head_json":{"title":"Nykyajan j\u00e4senist\u00f6: Ballads - Valokuvakeskus Nykyaika","robots":{"index":"index","follow":"follow","max-snippet":"max-snippet:-1","max-image-preview":"max-image-preview:large","max-video-preview":"max-video-preview:-1"},"canonical":"https:\/\/valokuvakeskusnykyaika.fi\/en\/nykyajan-jaseniston-nayttely-ballads\/","og_locale":"en_GB","og_type":"article","og_title":"Nykyajan j\u00e4senist\u00f6: Ballads - Valokuvakeskus Nykyaika","og_description":"4.9.-27.9.2021 Nykyajan Studion yhteisn\u00e4yttely Ballads koostuu valokuvakeskuksen j\u00e4senist\u00f6n valokuvallista balladeista. Balladit ovat lauluja yhteis\u00f6n j\u00e4senten el\u00e4mist\u00e4, taiteen tekemisest\u00e4 ja yksil\u00f6llisist\u00e4 olemisen ja kuvaamisen tavoista. Teosten lyyrinen ja romanttinen, mutta samaan aikaan synkk\u00e4kin maailma kertoo toisistaan hyvin erilaisia tarinoita. N\u00e4yttely kokoaa yhteen temaattisesti ja muodollisesti runsaan kokonaisuuden, jossa \u00e4\u00e4neen p\u00e4\u00e4sev\u00e4t Nykyajan j\u00e4senet. N\u00e4yttelyyn osallistuu sek\u00e4 kokeneempia [&hellip;]","og_url":"https:\/\/valokuvakeskusnykyaika.fi\/en\/nykyajan-jaseniston-nayttely-ballads\/","og_site_name":"Valokuvakeskus Nykyaika","article_publisher":"https:\/\/www.facebook.com\/valokuvakeskus.nykyaika\/","article_published_time":"2021-08-30T09:17:00+00:00","article_modified_time":"2021-10-01T14:07:18+00:00","og_image":[{"width":2448,"height":3264,"url":"https:\/\/valokuvakeskusnykyaika.fi\/wp-content\/uploads\/2021\/08\/Emilperho.jpg","type":"image\/jpeg"}],"author":"info.nykyaika@backlight.fi","twitter_card":"summary_large_image","twitter_creator":"@nykyaika","twitter_site":"@nykyaika","twitter_misc":{"Written by":"info.nykyaika@backlight.fi","Estimated reading time":"2 minutes"},"schema":{"@context":"https:\/\/schema.org","@graph":[{"@type":"Article","@id":"https:\/\/valokuvakeskusnykyaika.fi\/nykyajan-jaseniston-nayttely-ballads\/#article","isPartOf":{"@id":"https:\/\/valokuvakeskusnykyaika.fi\/nykyajan-jaseniston-nayttely-ballads\/"},"author":{"name":"info.nykyaika@backlight.fi","@id":"https:\/\/valokuvakeskusnykyaika.fi\/#\/schema\/person\/41ef90f7d89984ccaca756c8d4241c19"},"headline":"Nykyajan j\u00e4senist\u00f6: Ballads","datePublished":"2021-08-30T09:17:00+00:00","dateModified":"2021-10-01T14:07:18+00:00","mainEntityOfPage":{"@id":"https:\/\/valokuvakeskusnykyaika.fi\/nykyajan-jaseniston-nayttely-ballads\/"},"wordCount":335,"publisher":{"@id":"https:\/\/valokuvakeskusnykyaika.fi\/#organization"},"image":{"@id":"https:\/\/valokuvakeskusnykyaika.fi\/nykyajan-jaseniston-nayttely-ballads\/#primaryimage"},"thumbnailUrl":"https:\/\/valokuvakeskusnykyaika.fi\/wp-content\/uploads\/2021\/08\/Emilperho.jpg","articleSection":["Menneet"],"inLanguage":"en-GB"},{"@type":"WebPage","@id":"https:\/\/valokuvakeskusnykyaika.fi\/nykyajan-jaseniston-nayttely-ballads\/","url":"https:\/\/valokuvakeskusnykyaika.fi\/nykyajan-jaseniston-nayttely-ballads\/","name":"Nykyajan j\u00e4senist\u00f6: Ballads - Valokuvakeskus Nykyaika","isPartOf":{"@id":"https:\/\/valokuvakeskusnykyaika.fi\/#website"},"primaryImageOfPage":{"@id":"https:\/\/valokuvakeskusnykyaika.fi\/nykyajan-jaseniston-nayttely-ballads\/#primaryimage"},"image":{"@id":"https:\/\/valokuvakeskusnykyaika.fi\/nykyajan-jaseniston-nayttely-ballads\/#primaryimage"},"thumbnailUrl":"https:\/\/valokuvakeskusnykyaika.fi\/wp-content\/uploads\/2021\/08\/Emilperho.jpg","datePublished":"2021-08-30T09:17:00+00:00","dateModified":"2021-10-01T14:07:18+00:00","breadcrumb":{"@id":"https:\/\/valokuvakeskusnykyaika.fi\/nykyajan-jaseniston-nayttely-ballads\/#breadcrumb"},"inLanguage":"en-GB","potentialAction":[{"@type":"ReadAction","target":["https:\/\/valokuvakeskusnykyaika.fi\/nykyajan-jaseniston-nayttely-ballads\/"]}]},{"@type":"ImageObject","inLanguage":"en-GB","@id":"https:\/\/valokuvakeskusnykyaika.fi\/nykyajan-jaseniston-nayttely-ballads\/#primaryimage","url":"https:\/\/valokuvakeskusnykyaika.fi\/wp-content\/uploads\/2021\/08\/Emilperho.jpg","contentUrl":"https:\/\/valokuvakeskusnykyaika.fi\/wp-content\/uploads\/2021\/08\/Emilperho.jpg","width":2448,"height":3264},{"@type":"BreadcrumbList","@id":"https:\/\/valokuvakeskusnykyaika.fi\/nykyajan-jaseniston-nayttely-ballads\/#breadcrumb","itemListElement":[{"@type":"ListItem","position":1,"name":"Etusivu","item":"https:\/\/valokuvakeskusnykyaika.fi\/"},{"@type":"ListItem","position":2,"name":"Nykyajan j\u00e4senist\u00f6: Ballads"}]},{"@type":"WebSite","@id":"https:\/\/valokuvakeskusnykyaika.fi\/#website","url":"https:\/\/valokuvakeskusnykyaika.fi\/","name":"Photographic Centre Nykyaika","description":"Nykyaika on avoin kohtaamispaikka kaikille valokuvataiteen yst\u00e4ville","publisher":{"@id":"https:\/\/valokuvakeskusnykyaika.fi\/#organization"},"potentialAction":[{"@type":"SearchAction","target":{"@type":"EntryPoint","urlTemplate":"https:\/\/valokuvakeskusnykyaika.fi\/?s={search_term_string}"},"query-input":{"@type":"PropertyValueSpecification","valueRequired":true,"valueName":"search_term_string"}}],"inLanguage":"en-GB"},{"@type":"Organization","@id":"https:\/\/valokuvakeskusnykyaika.fi\/#organization","name":"Photographic Centre Nykyaika","url":"https:\/\/valokuvakeskusnykyaika.fi\/","logo":{"@type":"ImageObject","inLanguage":"en-GB","@id":"https:\/\/valokuvakeskusnykyaika.fi\/#\/schema\/logo\/image\/","url":"https:\/\/valokuvakeskusnykyaika.fi\/wp-content\/uploads\/2019\/01\/NY-Valokuvakeskus-logo-pieni.png","contentUrl":"https:\/\/valokuvakeskusnykyaika.fi\/wp-content\/uploads\/2019\/01\/NY-Valokuvakeskus-logo-pieni.png","width":300,"height":314,"caption":"Valokuvakeskus Nykyaika"},"image":{"@id":"https:\/\/valokuvakeskusnykyaika.fi\/#\/schema\/logo\/image\/"},"sameAs":["https:\/\/www.facebook.com\/valokuvakeskus.nykyaika\/","https:\/\/x.com\/nykyaika","https:\/\/www.instagram.com\/nykyaika\/"]},{"@type":"Person","@id":"https:\/\/valokuvakeskusnykyaika.fi\/#\/schema\/person\/41ef90f7d89984ccaca756c8d4241c19","name":"info.nykyaika@backlight.fi","url":"https:\/\/valokuvakeskusnykyaika.fi\/en\/author\/info-nykyaikabacklight-fi\/"}]}},"_links":{"self":[{"href":"https:\/\/valokuvakeskusnykyaika.fi\/en\/wp-json\/wp\/v2\/posts\/4899","targetHints":{"allow":["GET"]}}],"collection":[{"href":"https:\/\/valokuvakeskusnykyaika.fi\/en\/wp-json\/wp\/v2\/posts"}],"about":[{"href":"https:\/\/valokuvakeskusnykyaika.fi\/en\/wp-json\/wp\/v2\/types\/post"}],"author":[{"embeddable":true,"href":"https:\/\/valokuvakeskusnykyaika.fi\/en\/wp-json\/wp\/v2\/users\/6"}],"replies":[{"embeddable":true,"href":"https:\/\/valokuvakeskusnykyaika.fi\/en\/wp-json\/wp\/v2\/comments?post=4899"}],"version-history":[{"count":10,"href":"https:\/\/valokuvakeskusnykyaika.fi\/en\/wp-json\/wp\/v2\/posts\/4899\/revisions"}],"predecessor-version":[{"id":4943,"href":"https:\/\/valokuvakeskusnykyaika.fi\/en\/wp-json\/wp\/v2\/posts\/4899\/revisions\/4943"}],"wp:featuredmedia":[{"embeddable":true,"href":"https:\/\/valokuvakeskusnykyaika.fi\/en\/wp-json\/wp\/v2\/media\/4900"}],"wp:attachment":[{"href":"https:\/\/valokuvakeskusnykyaika.fi\/en\/wp-json\/wp\/v2\/media?parent=4899"}],"wp:term":[{"taxonomy":"category","embeddable":true,"href":"https:\/\/valokuvakeskusnykyaika.fi\/en\/wp-json\/wp\/v2\/categories?post=4899"},{"taxonomy":"post_tag","embeddable":true,"href":"https:\/\/valokuvakeskusnykyaika.fi\/en\/wp-json\/wp\/v2\/tags?post=4899"}],"curies":[{"name":"wp","href":"https:\/\/api.w.org\/{rel}","templated":true}]}}