{"id":5318,"date":"2022-06-22T15:28:57","date_gmt":"2022-06-22T12:28:57","guid":{"rendered":"https:\/\/valokuvakeskusnykyaika.fi\/?p=5318"},"modified":"2022-09-07T09:36:14","modified_gmt":"2022-09-07T06:36:14","slug":"harri-palviranta-vakivallan-koreografia","status":"publish","type":"post","link":"https:\/\/valokuvakeskusnykyaika.fi\/en\/harri-palviranta-vakivallan-koreografia\/","title":{"rendered":"Harri P\u00e4lviranta: V\u00e4kivallan koreografia \/ Choreography of Violence (2015-2020)"},"content":{"rendered":"<p>5.8.-5.9.2022<\/p>\n\n\n\n<p>Olen noin 20-vuotisen v\u00e4kivaltakiinnostukseni aikana aina silloin t\u00e4ll\u00f6in hankkinut historiallisia lehtikuvia erilaisista vastaan tulleista arkistoista. T\u00e4m\u00e4 pieni kokoelma tai arkisto k\u00e4sitt\u00e4\u00e4 toista sataa vanhaa lehtikuvaa, jotka kaikki kuvaavat konkreettisia v\u00e4kivallan tapahtumia ja tekoja, kuten 1950-luvun rasistisen v\u00e4kivallan kohteeksi joutunutta tummaihoista uhria, kadulla ammuttua miest\u00e4 1970-luvulta, poliisin hakkaamaa nuorta 1940-luvulta tai ammuttua 5-vuotiasta tytt\u00f6\u00e4 ambulanssissa 1970-luvulta.<\/p>\n\n\n\n<p>Kokoelma on kertomus ja esimerkki siit\u00e4, miten aktuaalista v\u00e4kivaltaa on kuvallistettu uutismediassa. Arkistoista esiin nostetuissa kuvissa toistuvat tietyt piirteet: ihmisi\u00e4 retuutetaan ja hakataan k\u00e4sin ja erilaisilla esineill\u00e4, kuvattujen suut ovat tuskanhuudosta auki, kuvissa esiintyy yleens\u00e4 tiiviisti pakkautunut ryhm\u00e4, jonka keskell\u00e4 uhri on, jne. Kuvat on kuvattu uutiskuvatyyliin, usein voimakkaalla salamalla. K\u00e4yt\u00e4nt\u00f6 viittaa hetken tallentamiseen ja alleviivaa autenttisuutta. Kaikki kuvat ovat mustavalkoisia.<\/p>\n\n\n\n<p>Olen analysoinut kokoelman kuvat ja tuloksiin perustuen ty\u00f6st\u00e4nyt niiden pohjalta uusia valokuvallisia teoksia. Kokonaisuus koostuu viidest\u00e4 toisiinsa liittyv\u00e4st\u00e4 osasta. Ensiksikin nostan esille osan kokoelmani kuvista. Toiseksi olen leikannut osasta kuvia uhrin irti, tehden kuvasta ik\u00e4\u00e4n kuin onton tai kaksitasoisen. Kolmanneksi olen tehnyt n\u00e4ist\u00e4 irtileikatuista uhreista er\u00e4\u00e4nlaisen kehotutkielman, toisin sanoen er\u00e4\u00e4nlaisen taksonomian loukatun ihmisvartalon asennoista. Nelj\u00e4nneksi olen kuvannut kokoelmakuvien rekontruktioita, uusia kuvia vanhojen perustalta. Lavastin tilanteita n\u00e4yttelij\u00f6iden kanssa ty\u00f6skennellen. Kuvasin tilanteet 4&#215;5 tuuman palkkikameralla \u2013 siis sill\u00e4 samalla tekniikalla mill\u00e4 monet kokoelmani kuvista on kuvattu \u2013 jolloin viittaan paitsi itse lehtikuviin my\u00f6s sosiaalisen dokumentarismin historiallisiin k\u00e4yt\u00e4nt\u00f6ihin. Viidenneksi osaksi n\u00e4yttely\u00e4 on tunkeutunut muutama itse kuvaamani autenttinen v\u00e4kivallan tapahtumaa esitt\u00e4v\u00e4 kuva.<\/p>\n\n\n\n<p><em>V\u00e4kivallan koreografia<\/em> -sarjassani tarkoituksenani on yksitt\u00e4isiin historiallisiin tapahtumiin tarkentaen siivil\u00f6id\u00e4 esiin ja tehd\u00e4 n\u00e4kyv\u00e4ksi tiettyj\u00e4 yleisi\u00e4 kosketuksiin perustuvia, nyky\u00e4\u00e4nkin toimivia ruumiillisen v\u00e4kivallan toimia. Teen kokoelmani kuvista visuaalisen tulkinnan: muunnan lehtikuvan historiaa ja tyypillisyyksi\u00e4 taidemuotoon. Poimin arkistoista yksitt\u00e4isi\u00e4 esimerkkej\u00e4 ja teen niist\u00e4 laajempia v\u00e4itt\u00e4mi\u00e4 kuvakulttuurista. Hankkeen keski\u00f6ss\u00e4 on v\u00e4kivaltaa esitt\u00e4v\u00e4 kuva, mutta tuota kuvaa tarkastellaan monitasoisesti. Lopulta n\u00e4yttely onkin taiteellinen kertomus konkreettisen ja julkisen ruumiillisen v\u00e4kivallan kuvallistumisesta.<\/p>\n\n\n\n<p>N\u00e4yttely\u00e4 ovat tukeneet Taike, SKR ja VISEK.<\/p>\n\n\n\n<p><\/p>\n\n\n\n<p>\/\/<\/p>\n\n\n\n<p><\/p>\n\n\n\n<p><em>Choreography of Violence<\/em> is a photographic project that visually reinterprets historical press photographs which depict actual acts of violence, consisting of new works and appropriated photographs.<br><br>For the last twenty years, Harri P\u00e4lviranta has been highly interested in the images of violence. He has occasionally purchased historical news photographs depicting actual acts of violence.&nbsp;This collection of odd and haunting press photographs now consists of some 120 pictures. They depict incidents such as racist assaults from the 1950s, a man shot in his stomach in front of a super- market from the 1970s, a boy beaten up by the police from the 1940s and a clash between students and the police in a demonstration from the 1960s.<br><br>The collection appears as a starting point for <em>Choreography of Violence<\/em> showing a visual narrative of how actual violence was depicted in mainstream news media in the B&amp;W press image era. Although P\u00e4lviranta\u2019s collection is neither comprehensive nor scientifically solid archive, it still reveals certain recurring features. P\u00e4lviranta has analysed the photos \u2013 paying special attention to how the victim is portrayed and how his body reacts to the use of force \u2013 and based on this analysis, created new works. Thus, the collection functions as a reference and a material. P\u00e4lviranta conserves, cuts, rephotographs and reinterprets the photos from the collection.<br><br>This manifold approach aims to visualize recurrent practices in depicting actual acts of violence. Modes of historical press photos may also mark the contemporary way of visualising violence. The project is research-based from its starting point and thus the \u2018research material\u2019 and the \u2018results\u2019 could be treated and presented in a very literal manner. However, instead of scientifically analysing the collection and writing an article about the conclusions, P\u00e4lviranta\u2019s final statement will be visual. This follows his belief that pictures are able to tell important stories and facts about our society with a very different grammar to texts: pictorial presentations open up alternative ways to \u2018conceptualize\u2019 and \u2018see\u2019 the world. Whereas written research reports have a tendency to try to rhetorically convince the reader, pictures articulate not only facts but also emotions, carnality, oddities, passions and uncertainty. Pictures appear more contradictory, cruel, intrusive and shocking than texts. They touch differently. In this manner, they may provoke more verisimilitude than conventional research reports.<br><br>The project has received support from Arts Promotion Centre Finland, Finnish Cultural Foundation and VISEK.<br><\/p>","protected":false},"excerpt":{"rendered":"<p>5.8.-5.9.2022 Olen noin 20-vuotisen v\u00e4kivaltakiinnostukseni aikana aina silloin t\u00e4ll\u00f6in hankkinut historiallisia lehtikuvia erilaisista vastaan tulleista arkistoista. T\u00e4m\u00e4 pieni kokoelma tai arkisto k\u00e4sitt\u00e4\u00e4 toista sataa vanhaa lehtikuvaa, jotka kaikki kuvaavat konkreettisia v\u00e4kivallan tapahtumia ja tekoja, kuten 1950-luvun rasistisen v\u00e4kivallan kohteeksi joutunutta tummaihoista uhria, kadulla ammuttua miest\u00e4 1970-luvulta, poliisin hakkaamaa nuorta 1940-luvulta tai ammuttua 5-vuotiasta tytt\u00f6\u00e4 ambulanssissa [&hellip;]<\/p>\n","protected":false},"author":6,"featured_media":5319,"comment_status":"closed","ping_status":"closed","sticky":false,"template":"","format":"standard","meta":{"iawp_total_views":5,"footnotes":""},"categories":[4],"tags":[],"class_list":["post-5318","post","type-post","status-publish","format-standard","has-post-thumbnail","hentry","category-menneet"],"yoast_head":"<!-- This site is optimized with the Yoast SEO plugin v27.5 - https:\/\/yoast.com\/product\/yoast-seo-wordpress\/ -->\n<title>Harri P\u00e4lviranta: V\u00e4kivallan koreografia \/ Choreography of Violence (2015-2020) - Valokuvakeskus Nykyaika<\/title>\n<meta name=\"robots\" content=\"index, follow, max-snippet:-1, max-image-preview:large, max-video-preview:-1\" \/>\n<link rel=\"canonical\" href=\"https:\/\/valokuvakeskusnykyaika.fi\/en\/harri-palviranta-vakivallan-koreografia\/\" \/>\n<meta property=\"og:locale\" content=\"en_GB\" \/>\n<meta property=\"og:type\" content=\"article\" \/>\n<meta property=\"og:title\" content=\"Harri P\u00e4lviranta: V\u00e4kivallan koreografia \/ Choreography of Violence (2015-2020) - Valokuvakeskus Nykyaika\" \/>\n<meta property=\"og:description\" content=\"5.8.-5.9.2022 Olen noin 20-vuotisen v\u00e4kivaltakiinnostukseni aikana aina silloin t\u00e4ll\u00f6in hankkinut historiallisia lehtikuvia erilaisista vastaan tulleista arkistoista. T\u00e4m\u00e4 pieni kokoelma tai arkisto k\u00e4sitt\u00e4\u00e4 toista sataa vanhaa lehtikuvaa, jotka kaikki kuvaavat konkreettisia v\u00e4kivallan tapahtumia ja tekoja, kuten 1950-luvun rasistisen v\u00e4kivallan kohteeksi joutunutta tummaihoista uhria, kadulla ammuttua miest\u00e4 1970-luvulta, poliisin hakkaamaa nuorta 1940-luvulta tai ammuttua 5-vuotiasta tytt\u00f6\u00e4 ambulanssissa [&hellip;]\" \/>\n<meta property=\"og:url\" content=\"https:\/\/valokuvakeskusnykyaika.fi\/en\/harri-palviranta-vakivallan-koreografia\/\" \/>\n<meta property=\"og:site_name\" content=\"Valokuvakeskus Nykyaika\" \/>\n<meta property=\"article:publisher\" content=\"https:\/\/www.facebook.com\/valokuvakeskus.nykyaika\/\" \/>\n<meta property=\"article:published_time\" content=\"2022-06-22T12:28:57+00:00\" \/>\n<meta property=\"article:modified_time\" content=\"2022-09-07T06:36:14+00:00\" \/>\n<meta property=\"og:image\" content=\"https:\/\/valokuvakeskusnykyaika.fi\/wp-content\/uploads\/2022\/06\/new_york_1948_ontto-scaled.jpg\" \/>\n\t<meta property=\"og:image:width\" content=\"2560\" \/>\n\t<meta property=\"og:image:height\" content=\"2075\" \/>\n\t<meta property=\"og:image:type\" content=\"image\/jpeg\" \/>\n<meta name=\"author\" content=\"info.nykyaika@backlight.fi\" \/>\n<meta name=\"twitter:card\" content=\"summary_large_image\" \/>\n<meta name=\"twitter:creator\" content=\"@nykyaika\" \/>\n<meta name=\"twitter:site\" content=\"@nykyaika\" \/>\n<meta name=\"twitter:label1\" content=\"Written by\" \/>\n\t<meta name=\"twitter:data1\" content=\"info.nykyaika@backlight.fi\" \/>\n\t<meta name=\"twitter:label2\" content=\"Estimated reading time\" \/>\n\t<meta name=\"twitter:data2\" content=\"4 minutes\" \/>\n<script type=\"application\/ld+json\" class=\"yoast-schema-graph\">{\"@context\":\"https:\\\/\\\/schema.org\",\"@graph\":[{\"@type\":\"Article\",\"@id\":\"https:\\\/\\\/valokuvakeskusnykyaika.fi\\\/harri-palviranta-vakivallan-koreografia\\\/#article\",\"isPartOf\":{\"@id\":\"https:\\\/\\\/valokuvakeskusnykyaika.fi\\\/harri-palviranta-vakivallan-koreografia\\\/\"},\"author\":{\"name\":\"info.nykyaika@backlight.fi\",\"@id\":\"https:\\\/\\\/valokuvakeskusnykyaika.fi\\\/#\\\/schema\\\/person\\\/41ef90f7d89984ccaca756c8d4241c19\"},\"headline\":\"Harri P\u00e4lviranta: V\u00e4kivallan koreografia \\\/ Choreography of Violence (2015-2020)\",\"datePublished\":\"2022-06-22T12:28:57+00:00\",\"dateModified\":\"2022-09-07T06:36:14+00:00\",\"mainEntityOfPage\":{\"@id\":\"https:\\\/\\\/valokuvakeskusnykyaika.fi\\\/harri-palviranta-vakivallan-koreografia\\\/\"},\"wordCount\":754,\"publisher\":{\"@id\":\"https:\\\/\\\/valokuvakeskusnykyaika.fi\\\/#organization\"},\"image\":{\"@id\":\"https:\\\/\\\/valokuvakeskusnykyaika.fi\\\/harri-palviranta-vakivallan-koreografia\\\/#primaryimage\"},\"thumbnailUrl\":\"https:\\\/\\\/valokuvakeskusnykyaika.fi\\\/wp-content\\\/uploads\\\/2022\\\/06\\\/new_york_1948_ontto-scaled.jpg\",\"articleSection\":[\"Menneet\"],\"inLanguage\":\"en-GB\"},{\"@type\":\"WebPage\",\"@id\":\"https:\\\/\\\/valokuvakeskusnykyaika.fi\\\/harri-palviranta-vakivallan-koreografia\\\/\",\"url\":\"https:\\\/\\\/valokuvakeskusnykyaika.fi\\\/harri-palviranta-vakivallan-koreografia\\\/\",\"name\":\"Harri P\u00e4lviranta: V\u00e4kivallan koreografia \\\/ Choreography of Violence (2015-2020) - Valokuvakeskus Nykyaika\",\"isPartOf\":{\"@id\":\"https:\\\/\\\/valokuvakeskusnykyaika.fi\\\/#website\"},\"primaryImageOfPage\":{\"@id\":\"https:\\\/\\\/valokuvakeskusnykyaika.fi\\\/harri-palviranta-vakivallan-koreografia\\\/#primaryimage\"},\"image\":{\"@id\":\"https:\\\/\\\/valokuvakeskusnykyaika.fi\\\/harri-palviranta-vakivallan-koreografia\\\/#primaryimage\"},\"thumbnailUrl\":\"https:\\\/\\\/valokuvakeskusnykyaika.fi\\\/wp-content\\\/uploads\\\/2022\\\/06\\\/new_york_1948_ontto-scaled.jpg\",\"datePublished\":\"2022-06-22T12:28:57+00:00\",\"dateModified\":\"2022-09-07T06:36:14+00:00\",\"breadcrumb\":{\"@id\":\"https:\\\/\\\/valokuvakeskusnykyaika.fi\\\/harri-palviranta-vakivallan-koreografia\\\/#breadcrumb\"},\"inLanguage\":\"en-GB\",\"potentialAction\":[{\"@type\":\"ReadAction\",\"target\":[\"https:\\\/\\\/valokuvakeskusnykyaika.fi\\\/harri-palviranta-vakivallan-koreografia\\\/\"]}]},{\"@type\":\"ImageObject\",\"inLanguage\":\"en-GB\",\"@id\":\"https:\\\/\\\/valokuvakeskusnykyaika.fi\\\/harri-palviranta-vakivallan-koreografia\\\/#primaryimage\",\"url\":\"https:\\\/\\\/valokuvakeskusnykyaika.fi\\\/wp-content\\\/uploads\\\/2022\\\/06\\\/new_york_1948_ontto-scaled.jpg\",\"contentUrl\":\"https:\\\/\\\/valokuvakeskusnykyaika.fi\\\/wp-content\\\/uploads\\\/2022\\\/06\\\/new_york_1948_ontto-scaled.jpg\",\"width\":2560,\"height\":2075},{\"@type\":\"BreadcrumbList\",\"@id\":\"https:\\\/\\\/valokuvakeskusnykyaika.fi\\\/harri-palviranta-vakivallan-koreografia\\\/#breadcrumb\",\"itemListElement\":[{\"@type\":\"ListItem\",\"position\":1,\"name\":\"Etusivu\",\"item\":\"https:\\\/\\\/valokuvakeskusnykyaika.fi\\\/\"},{\"@type\":\"ListItem\",\"position\":2,\"name\":\"Harri P\u00e4lviranta: V\u00e4kivallan koreografia \\\/ Choreography of Violence (2015-2020)\"}]},{\"@type\":\"WebSite\",\"@id\":\"https:\\\/\\\/valokuvakeskusnykyaika.fi\\\/#website\",\"url\":\"https:\\\/\\\/valokuvakeskusnykyaika.fi\\\/\",\"name\":\"Valokuvakeskus Nykyaika\",\"description\":\"Nykyaika on avoin kohtaamispaikka kaikille valokuvataiteen yst\u00e4ville\",\"publisher\":{\"@id\":\"https:\\\/\\\/valokuvakeskusnykyaika.fi\\\/#organization\"},\"potentialAction\":[{\"@type\":\"SearchAction\",\"target\":{\"@type\":\"EntryPoint\",\"urlTemplate\":\"https:\\\/\\\/valokuvakeskusnykyaika.fi\\\/?s={search_term_string}\"},\"query-input\":{\"@type\":\"PropertyValueSpecification\",\"valueRequired\":true,\"valueName\":\"search_term_string\"}}],\"inLanguage\":\"en-GB\"},{\"@type\":\"Organization\",\"@id\":\"https:\\\/\\\/valokuvakeskusnykyaika.fi\\\/#organization\",\"name\":\"Valokuvakeskus Nykyaika\",\"url\":\"https:\\\/\\\/valokuvakeskusnykyaika.fi\\\/\",\"logo\":{\"@type\":\"ImageObject\",\"inLanguage\":\"en-GB\",\"@id\":\"https:\\\/\\\/valokuvakeskusnykyaika.fi\\\/#\\\/schema\\\/logo\\\/image\\\/\",\"url\":\"https:\\\/\\\/valokuvakeskusnykyaika.fi\\\/wp-content\\\/uploads\\\/2019\\\/01\\\/NY-Valokuvakeskus-logo-pieni.png\",\"contentUrl\":\"https:\\\/\\\/valokuvakeskusnykyaika.fi\\\/wp-content\\\/uploads\\\/2019\\\/01\\\/NY-Valokuvakeskus-logo-pieni.png\",\"width\":300,\"height\":314,\"caption\":\"Valokuvakeskus Nykyaika\"},\"image\":{\"@id\":\"https:\\\/\\\/valokuvakeskusnykyaika.fi\\\/#\\\/schema\\\/logo\\\/image\\\/\"},\"sameAs\":[\"https:\\\/\\\/www.facebook.com\\\/valokuvakeskus.nykyaika\\\/\",\"https:\\\/\\\/x.com\\\/nykyaika\",\"https:\\\/\\\/www.instagram.com\\\/nykyaika\\\/\"]},{\"@type\":\"Person\",\"@id\":\"https:\\\/\\\/valokuvakeskusnykyaika.fi\\\/#\\\/schema\\\/person\\\/41ef90f7d89984ccaca756c8d4241c19\",\"name\":\"info.nykyaika@backlight.fi\",\"url\":\"https:\\\/\\\/valokuvakeskusnykyaika.fi\\\/en\\\/author\\\/info-nykyaikabacklight-fi\\\/\"}]}<\/script>\n<!-- \/ Yoast SEO plugin. -->","yoast_head_json":{"title":"Harri P\u00e4lviranta: V\u00e4kivallan koreografia \/ Choreography of Violence (2015-2020) - Valokuvakeskus Nykyaika","robots":{"index":"index","follow":"follow","max-snippet":"max-snippet:-1","max-image-preview":"max-image-preview:large","max-video-preview":"max-video-preview:-1"},"canonical":"https:\/\/valokuvakeskusnykyaika.fi\/en\/harri-palviranta-vakivallan-koreografia\/","og_locale":"en_GB","og_type":"article","og_title":"Harri P\u00e4lviranta: V\u00e4kivallan koreografia \/ Choreography of Violence (2015-2020) - Valokuvakeskus Nykyaika","og_description":"5.8.-5.9.2022 Olen noin 20-vuotisen v\u00e4kivaltakiinnostukseni aikana aina silloin t\u00e4ll\u00f6in hankkinut historiallisia lehtikuvia erilaisista vastaan tulleista arkistoista. T\u00e4m\u00e4 pieni kokoelma tai arkisto k\u00e4sitt\u00e4\u00e4 toista sataa vanhaa lehtikuvaa, jotka kaikki kuvaavat konkreettisia v\u00e4kivallan tapahtumia ja tekoja, kuten 1950-luvun rasistisen v\u00e4kivallan kohteeksi joutunutta tummaihoista uhria, kadulla ammuttua miest\u00e4 1970-luvulta, poliisin hakkaamaa nuorta 1940-luvulta tai ammuttua 5-vuotiasta tytt\u00f6\u00e4 ambulanssissa [&hellip;]","og_url":"https:\/\/valokuvakeskusnykyaika.fi\/en\/harri-palviranta-vakivallan-koreografia\/","og_site_name":"Valokuvakeskus Nykyaika","article_publisher":"https:\/\/www.facebook.com\/valokuvakeskus.nykyaika\/","article_published_time":"2022-06-22T12:28:57+00:00","article_modified_time":"2022-09-07T06:36:14+00:00","og_image":[{"width":2560,"height":2075,"url":"https:\/\/valokuvakeskusnykyaika.fi\/wp-content\/uploads\/2022\/06\/new_york_1948_ontto-scaled.jpg","type":"image\/jpeg"}],"author":"info.nykyaika@backlight.fi","twitter_card":"summary_large_image","twitter_creator":"@nykyaika","twitter_site":"@nykyaika","twitter_misc":{"Written by":"info.nykyaika@backlight.fi","Estimated reading time":"4 minutes"},"schema":{"@context":"https:\/\/schema.org","@graph":[{"@type":"Article","@id":"https:\/\/valokuvakeskusnykyaika.fi\/harri-palviranta-vakivallan-koreografia\/#article","isPartOf":{"@id":"https:\/\/valokuvakeskusnykyaika.fi\/harri-palviranta-vakivallan-koreografia\/"},"author":{"name":"info.nykyaika@backlight.fi","@id":"https:\/\/valokuvakeskusnykyaika.fi\/#\/schema\/person\/41ef90f7d89984ccaca756c8d4241c19"},"headline":"Harri P\u00e4lviranta: V\u00e4kivallan koreografia \/ Choreography of Violence (2015-2020)","datePublished":"2022-06-22T12:28:57+00:00","dateModified":"2022-09-07T06:36:14+00:00","mainEntityOfPage":{"@id":"https:\/\/valokuvakeskusnykyaika.fi\/harri-palviranta-vakivallan-koreografia\/"},"wordCount":754,"publisher":{"@id":"https:\/\/valokuvakeskusnykyaika.fi\/#organization"},"image":{"@id":"https:\/\/valokuvakeskusnykyaika.fi\/harri-palviranta-vakivallan-koreografia\/#primaryimage"},"thumbnailUrl":"https:\/\/valokuvakeskusnykyaika.fi\/wp-content\/uploads\/2022\/06\/new_york_1948_ontto-scaled.jpg","articleSection":["Menneet"],"inLanguage":"en-GB"},{"@type":"WebPage","@id":"https:\/\/valokuvakeskusnykyaika.fi\/harri-palviranta-vakivallan-koreografia\/","url":"https:\/\/valokuvakeskusnykyaika.fi\/harri-palviranta-vakivallan-koreografia\/","name":"Harri P\u00e4lviranta: V\u00e4kivallan koreografia \/ Choreography of Violence (2015-2020) - Valokuvakeskus Nykyaika","isPartOf":{"@id":"https:\/\/valokuvakeskusnykyaika.fi\/#website"},"primaryImageOfPage":{"@id":"https:\/\/valokuvakeskusnykyaika.fi\/harri-palviranta-vakivallan-koreografia\/#primaryimage"},"image":{"@id":"https:\/\/valokuvakeskusnykyaika.fi\/harri-palviranta-vakivallan-koreografia\/#primaryimage"},"thumbnailUrl":"https:\/\/valokuvakeskusnykyaika.fi\/wp-content\/uploads\/2022\/06\/new_york_1948_ontto-scaled.jpg","datePublished":"2022-06-22T12:28:57+00:00","dateModified":"2022-09-07T06:36:14+00:00","breadcrumb":{"@id":"https:\/\/valokuvakeskusnykyaika.fi\/harri-palviranta-vakivallan-koreografia\/#breadcrumb"},"inLanguage":"en-GB","potentialAction":[{"@type":"ReadAction","target":["https:\/\/valokuvakeskusnykyaika.fi\/harri-palviranta-vakivallan-koreografia\/"]}]},{"@type":"ImageObject","inLanguage":"en-GB","@id":"https:\/\/valokuvakeskusnykyaika.fi\/harri-palviranta-vakivallan-koreografia\/#primaryimage","url":"https:\/\/valokuvakeskusnykyaika.fi\/wp-content\/uploads\/2022\/06\/new_york_1948_ontto-scaled.jpg","contentUrl":"https:\/\/valokuvakeskusnykyaika.fi\/wp-content\/uploads\/2022\/06\/new_york_1948_ontto-scaled.jpg","width":2560,"height":2075},{"@type":"BreadcrumbList","@id":"https:\/\/valokuvakeskusnykyaika.fi\/harri-palviranta-vakivallan-koreografia\/#breadcrumb","itemListElement":[{"@type":"ListItem","position":1,"name":"Etusivu","item":"https:\/\/valokuvakeskusnykyaika.fi\/"},{"@type":"ListItem","position":2,"name":"Harri P\u00e4lviranta: V\u00e4kivallan koreografia \/ Choreography of Violence (2015-2020)"}]},{"@type":"WebSite","@id":"https:\/\/valokuvakeskusnykyaika.fi\/#website","url":"https:\/\/valokuvakeskusnykyaika.fi\/","name":"Photographic Centre Nykyaika","description":"Nykyaika on avoin kohtaamispaikka kaikille valokuvataiteen yst\u00e4ville","publisher":{"@id":"https:\/\/valokuvakeskusnykyaika.fi\/#organization"},"potentialAction":[{"@type":"SearchAction","target":{"@type":"EntryPoint","urlTemplate":"https:\/\/valokuvakeskusnykyaika.fi\/?s={search_term_string}"},"query-input":{"@type":"PropertyValueSpecification","valueRequired":true,"valueName":"search_term_string"}}],"inLanguage":"en-GB"},{"@type":"Organization","@id":"https:\/\/valokuvakeskusnykyaika.fi\/#organization","name":"Photographic Centre Nykyaika","url":"https:\/\/valokuvakeskusnykyaika.fi\/","logo":{"@type":"ImageObject","inLanguage":"en-GB","@id":"https:\/\/valokuvakeskusnykyaika.fi\/#\/schema\/logo\/image\/","url":"https:\/\/valokuvakeskusnykyaika.fi\/wp-content\/uploads\/2019\/01\/NY-Valokuvakeskus-logo-pieni.png","contentUrl":"https:\/\/valokuvakeskusnykyaika.fi\/wp-content\/uploads\/2019\/01\/NY-Valokuvakeskus-logo-pieni.png","width":300,"height":314,"caption":"Valokuvakeskus Nykyaika"},"image":{"@id":"https:\/\/valokuvakeskusnykyaika.fi\/#\/schema\/logo\/image\/"},"sameAs":["https:\/\/www.facebook.com\/valokuvakeskus.nykyaika\/","https:\/\/x.com\/nykyaika","https:\/\/www.instagram.com\/nykyaika\/"]},{"@type":"Person","@id":"https:\/\/valokuvakeskusnykyaika.fi\/#\/schema\/person\/41ef90f7d89984ccaca756c8d4241c19","name":"info.nykyaika@backlight.fi","url":"https:\/\/valokuvakeskusnykyaika.fi\/en\/author\/info-nykyaikabacklight-fi\/"}]}},"_links":{"self":[{"href":"https:\/\/valokuvakeskusnykyaika.fi\/en\/wp-json\/wp\/v2\/posts\/5318","targetHints":{"allow":["GET"]}}],"collection":[{"href":"https:\/\/valokuvakeskusnykyaika.fi\/en\/wp-json\/wp\/v2\/posts"}],"about":[{"href":"https:\/\/valokuvakeskusnykyaika.fi\/en\/wp-json\/wp\/v2\/types\/post"}],"author":[{"embeddable":true,"href":"https:\/\/valokuvakeskusnykyaika.fi\/en\/wp-json\/wp\/v2\/users\/6"}],"replies":[{"embeddable":true,"href":"https:\/\/valokuvakeskusnykyaika.fi\/en\/wp-json\/wp\/v2\/comments?post=5318"}],"version-history":[{"count":4,"href":"https:\/\/valokuvakeskusnykyaika.fi\/en\/wp-json\/wp\/v2\/posts\/5318\/revisions"}],"predecessor-version":[{"id":5372,"href":"https:\/\/valokuvakeskusnykyaika.fi\/en\/wp-json\/wp\/v2\/posts\/5318\/revisions\/5372"}],"wp:featuredmedia":[{"embeddable":true,"href":"https:\/\/valokuvakeskusnykyaika.fi\/en\/wp-json\/wp\/v2\/media\/5319"}],"wp:attachment":[{"href":"https:\/\/valokuvakeskusnykyaika.fi\/en\/wp-json\/wp\/v2\/media?parent=5318"}],"wp:term":[{"taxonomy":"category","embeddable":true,"href":"https:\/\/valokuvakeskusnykyaika.fi\/en\/wp-json\/wp\/v2\/categories?post=5318"},{"taxonomy":"post_tag","embeddable":true,"href":"https:\/\/valokuvakeskusnykyaika.fi\/en\/wp-json\/wp\/v2\/tags?post=5318"}],"curies":[{"name":"wp","href":"https:\/\/api.w.org\/{rel}","templated":true}]}}