{"id":537,"date":"2013-12-10T17:05:34","date_gmt":"2013-12-10T15:05:34","guid":{"rendered":"http:\/\/valokuvakeskusnykyaika.fi\/?p=537"},"modified":"2014-04-07T11:21:59","modified_gmt":"2014-04-07T08:21:59","slug":"karoliina-paappa-kyyhkysista-ja-tiikereista","status":"publish","type":"post","link":"https:\/\/valokuvakeskusnykyaika.fi\/en\/karoliina-paappa-kyyhkysista-ja-tiikereista\/","title":{"rendered":"Karoliina Paappa: Kyyhkysist\u00e4 ja tiikereist\u00e4"},"content":{"rendered":"<h1><b>Karoliina Paappa: Kyyhkysist\u00e4 ja tiikereist\u00e4<\/b><\/h1>\n<p><b>Valokuvakeskus Nykyajan n\u00e4yttely Tampereella TR1 Taidehallin parvella 22.2. \u2013 23.3.2014<\/b><\/p>\n<p>Karoliina Paapan tarinallisessa n\u00e4yttelyss\u00e4 \u201cKyyhkysist\u00e4 ja tiikereist\u00e4\u201d kiiltokuvat her\u00e4\u00e4v\u00e4t henkiin.\u00a0Sarjan teoksissa toistuvat tarinallisuus, kokemuksellisuus, maaginen realismi ja tunteen suhde arkkitehtoniseen tilaan. Kuvissa leikitell\u00e4\u00e4n useilla elementeill\u00e4, jotka yhdistyess\u00e4\u00e4n arkimaisemaan muodostavat er\u00e4\u00e4nlaisia scene surreal -asetelmia. Paappa k\u00e4sittelee teoksissaan muutoksen ja ajattomuuden suhdetta sek\u00e4 ihmisen erillisyyden kokemusta itsest\u00e4\u00e4n.<\/p>\n<p>Paapan valokuvateokset on kuvattu installoiduissa tiloissa, joihin taiteilija on rakentanut mielenmaisemia kiiltokuvasuurennoksista ja readymade -esineist\u00e4. Naamioihin puetut mallit ovat asettuneet osaksi kyyhkysten ja tiikereiden maailmaa. Valokuviin rakennetut kohtaukset viev\u00e4t katsojan tunteiden ja muistojen maisemaan. Paapan teoksia ei ole k\u00e4sitelty kuvank\u00e4sittelyohjelmilla.<\/p>\n<p>&nbsp;<\/p>\n<p><b>Taiteilijasta:<\/b><\/p>\n<p>Karoliina Paappa (synt. Janakkala 1983) asuu ja ty\u00f6skentelee Tampereella. H\u00e4n on valokuvaukseen ja installaatiotaiteeseen erikoistunut kuvataiteilija. Paappa valmistui kuvataiteilijaksi (AMK) Tampereen ammattikorkeakoulusta vuonna 2012. H\u00e4nen teoksiaan on ollut esill\u00e4 esimerkiksi Etel\u00e4-Koreassa, Daeku Photo Biennaalessa (2010), NeuNow &#8211; nuorten nousevien taiteilijoiden n\u00e4yttelyss\u00e4 Tallinnassa, Virossa (2012) sek\u00e4 Valon houkutus &#8211; valokuvataidetta 2013 n\u00e4yttelyss\u00e4 Lahdessa (2013).<\/p>\n<p><b>Lis\u00e4tietoja ja lehdist\u00f6kuvia:<\/b><\/p>\n<p>Karoliina Paappa, p. 045 273 0605, <a href=\"mailto:karoliina.paappa@gmail.com\">karoliina.paappa (at) gmail.com<\/a><\/p>\n<p>www.karoliinapaappa.fi<\/p>\n<p>Valokuvakeskus Nykyaika: p. 040 756 97 96, irma.puttonen (at) backlight.fi<\/p>\n<p><b>www.valokuvakeskusnykyaika.fi\u00a0<\/b><\/p>\n<p>&nbsp;<\/p>\n<p><b>N\u00e4yttelyinfo:<br \/>\n<\/b>TR1 Taidehalli, V\u00e4in\u00f6 Linnan aukio 13, Finlayson, Tampere<\/p>\n<p>Avoinna: ti-pe 9-17, la-su 11-18 \/ Ma suljettu.<\/p>\n<p><img loading=\"lazy\" decoding=\"async\" class=\"alignnone size-large wp-image-538\" alt=\"kyyhkynen_karoliina_paappa_2012 slide\" src=\"http:\/\/valokuvakeskusnykyaika.fi\/wp-content\/uploads\/2013\/12\/kyyhkynen_karoliina_paappa_2012-slide-640x426.jpg\" width=\"640\" height=\"426\" \/><\/p>\n<p>Kyyhkynen \/ Dove, 2012<\/p>\n<p><b>About Doves and Tigers<\/b><\/p>\n<p>In Karoliina Paappa\u2019s narrative exhibition \u201cAbout Doves and Tigers\u201d die-cut scraps come to life.<\/p>\n<p>The exhibited works of Paappa have been photographed in installed spaces, in which the artist has built mental landscapes out of enlarged die-cut scraps and ready-made objects. Models wearing masks have placed themselves as parts of the world of doves and tigers. The scenes constructed in the images take the viewer along into a landscape of emotions and memories.<\/p>\n<p>In the series the themes of narration, the experiential side, the magical realism and the relation of emotion to the architectural space are repeated. In the images Paappa is playing with several elements, which together with the everyday landscape form a sort of scene surreal settings. Paappa deals in her works with the relation between change and timelessness, and the human beings experience of separation from him-\/herself. Paappa\u2019s works have not been manipulated with any image processing software.<\/p>\n<p><b>Karoliina Paappa<\/b> [born 1983] is an artist specialized in photography and installation art.<\/p>\n<p>Paappa graduated as a visual artist from Tampere University of Applied Sciences in the spring 2012. Her works have been exhibited for example in South Korea, on the Daeku Photo Biennale \u2013 International Young Photographers Exhibition (2010), on the NeuNow \u2013 Young Talent of the Future festivals in Tallinn, Estonia (2012) and on The <i>Allure<\/i> of <i>Light<\/i> \u2013<i>Photographic Art 2013<\/i> on the exhibition in Lahti (2013).<\/p>\n<p><b>Lis\u00e4tietoja: <\/b><\/p>\n<p>Karoliina Paappa, 045-273 0605, <a href=\"mailto:karoliina.paappa@gmail.com\">karoliina.paappa (at) gmail.com<\/a><\/p>\n<p>www. karoliinapaappa.fi<\/p>\n<p>Valokuvakeskus Nykyaika\/ Irma Puttonen, irma.puttonen (at) backlight.fi, 040-756 9796<\/p>\n","protected":false},"excerpt":{"rendered":"<p>Karoliina Paappa: Kyyhkysist\u00e4 ja tiikereist\u00e4 Valokuvakeskus Nykyajan n\u00e4yttely Tampereella TR1 Taidehallin parvella 22.2. \u2013 23.3.2014 Karoliina Paapan tarinallisessa n\u00e4yttelyss\u00e4 \u201cKyyhkysist\u00e4 ja tiikereist\u00e4\u201d kiiltokuvat her\u00e4\u00e4v\u00e4t henkiin.\u00a0Sarjan teoksissa toistuvat tarinallisuus, kokemuksellisuus, maaginen realismi ja tunteen suhde arkkitehtoniseen tilaan. Kuvissa leikitell\u00e4\u00e4n useilla elementeill\u00e4, jotka yhdistyess\u00e4\u00e4n arkimaisemaan muodostavat er\u00e4\u00e4nlaisia scene surreal -asetelmia. Paappa k\u00e4sittelee teoksissaan muutoksen ja ajattomuuden suhdetta [&hellip;]<\/p>\n","protected":false},"author":6,"featured_media":538,"comment_status":"closed","ping_status":"closed","sticky":false,"template":"","format":"standard","meta":{"iawp_total_views":11,"footnotes":""},"categories":[4,8],"tags":[],"class_list":["post-537","post","type-post","status-publish","format-standard","has-post-thumbnail","hentry","category-menneet","category-tr1"],"yoast_head":"<!-- This site is optimized with the Yoast SEO plugin v27.5 - https:\/\/yoast.com\/product\/yoast-seo-wordpress\/ -->\n<title>Karoliina Paappa: Kyyhkysist\u00e4 ja tiikereist\u00e4 - Valokuvakeskus Nykyaika<\/title>\n<meta name=\"robots\" content=\"index, follow, max-snippet:-1, max-image-preview:large, max-video-preview:-1\" \/>\n<link rel=\"canonical\" href=\"https:\/\/valokuvakeskusnykyaika.fi\/en\/karoliina-paappa-kyyhkysista-ja-tiikereista\/\" \/>\n<meta property=\"og:locale\" content=\"en_GB\" \/>\n<meta property=\"og:type\" content=\"article\" \/>\n<meta property=\"og:title\" content=\"Karoliina Paappa: Kyyhkysist\u00e4 ja tiikereist\u00e4 - Valokuvakeskus Nykyaika\" \/>\n<meta property=\"og:description\" content=\"Karoliina Paappa: Kyyhkysist\u00e4 ja tiikereist\u00e4 Valokuvakeskus Nykyajan n\u00e4yttely Tampereella TR1 Taidehallin parvella 22.2. \u2013 23.3.2014 Karoliina Paapan tarinallisessa n\u00e4yttelyss\u00e4 \u201cKyyhkysist\u00e4 ja tiikereist\u00e4\u201d kiiltokuvat her\u00e4\u00e4v\u00e4t henkiin.\u00a0Sarjan teoksissa toistuvat tarinallisuus, kokemuksellisuus, maaginen realismi ja tunteen suhde arkkitehtoniseen tilaan. Kuvissa leikitell\u00e4\u00e4n useilla elementeill\u00e4, jotka yhdistyess\u00e4\u00e4n arkimaisemaan muodostavat er\u00e4\u00e4nlaisia scene surreal -asetelmia. Paappa k\u00e4sittelee teoksissaan muutoksen ja ajattomuuden suhdetta [&hellip;]\" \/>\n<meta property=\"og:url\" content=\"https:\/\/valokuvakeskusnykyaika.fi\/en\/karoliina-paappa-kyyhkysista-ja-tiikereista\/\" \/>\n<meta property=\"og:site_name\" content=\"Valokuvakeskus Nykyaika\" \/>\n<meta property=\"article:publisher\" content=\"https:\/\/www.facebook.com\/valokuvakeskus.nykyaika\/\" \/>\n<meta property=\"article:published_time\" content=\"2013-12-10T15:05:34+00:00\" \/>\n<meta property=\"article:modified_time\" content=\"2014-04-07T08:21:59+00:00\" \/>\n<meta property=\"og:image\" content=\"https:\/\/valokuvakeskusnykyaika.fi\/wp-content\/uploads\/2013\/12\/kyyhkynen_karoliina_paappa_2012-slide.jpg\" \/>\n\t<meta property=\"og:image:width\" content=\"1000\" \/>\n\t<meta property=\"og:image:height\" content=\"667\" \/>\n\t<meta property=\"og:image:type\" content=\"image\/jpeg\" \/>\n<meta name=\"author\" content=\"info.nykyaika@backlight.fi\" \/>\n<meta name=\"twitter:card\" content=\"summary_large_image\" \/>\n<meta name=\"twitter:creator\" content=\"@nykyaika\" \/>\n<meta name=\"twitter:site\" content=\"@nykyaika\" \/>\n<meta name=\"twitter:label1\" content=\"Written by\" \/>\n\t<meta name=\"twitter:data1\" content=\"info.nykyaika@backlight.fi\" \/>\n\t<meta name=\"twitter:label2\" content=\"Estimated reading time\" \/>\n\t<meta name=\"twitter:data2\" content=\"2 minutes\" \/>\n<script type=\"application\/ld+json\" class=\"yoast-schema-graph\">{\"@context\":\"https:\\\/\\\/schema.org\",\"@graph\":[{\"@type\":\"Article\",\"@id\":\"https:\\\/\\\/valokuvakeskusnykyaika.fi\\\/karoliina-paappa-kyyhkysista-ja-tiikereista\\\/#article\",\"isPartOf\":{\"@id\":\"https:\\\/\\\/valokuvakeskusnykyaika.fi\\\/karoliina-paappa-kyyhkysista-ja-tiikereista\\\/\"},\"author\":{\"name\":\"info.nykyaika@backlight.fi\",\"@id\":\"https:\\\/\\\/valokuvakeskusnykyaika.fi\\\/#\\\/schema\\\/person\\\/41ef90f7d89984ccaca756c8d4241c19\"},\"headline\":\"Karoliina Paappa: Kyyhkysist\u00e4 ja tiikereist\u00e4\",\"datePublished\":\"2013-12-10T15:05:34+00:00\",\"dateModified\":\"2014-04-07T08:21:59+00:00\",\"mainEntityOfPage\":{\"@id\":\"https:\\\/\\\/valokuvakeskusnykyaika.fi\\\/karoliina-paappa-kyyhkysista-ja-tiikereista\\\/\"},\"wordCount\":469,\"publisher\":{\"@id\":\"https:\\\/\\\/valokuvakeskusnykyaika.fi\\\/#organization\"},\"image\":{\"@id\":\"https:\\\/\\\/valokuvakeskusnykyaika.fi\\\/karoliina-paappa-kyyhkysista-ja-tiikereista\\\/#primaryimage\"},\"thumbnailUrl\":\"https:\\\/\\\/valokuvakeskusnykyaika.fi\\\/wp-content\\\/uploads\\\/2013\\\/12\\\/kyyhkynen_karoliina_paappa_2012-slide.jpg\",\"articleSection\":[\"Menneet\",\"TR1\"],\"inLanguage\":\"en-GB\"},{\"@type\":\"WebPage\",\"@id\":\"https:\\\/\\\/valokuvakeskusnykyaika.fi\\\/karoliina-paappa-kyyhkysista-ja-tiikereista\\\/\",\"url\":\"https:\\\/\\\/valokuvakeskusnykyaika.fi\\\/karoliina-paappa-kyyhkysista-ja-tiikereista\\\/\",\"name\":\"Karoliina Paappa: Kyyhkysist\u00e4 ja tiikereist\u00e4 - Valokuvakeskus Nykyaika\",\"isPartOf\":{\"@id\":\"https:\\\/\\\/valokuvakeskusnykyaika.fi\\\/#website\"},\"primaryImageOfPage\":{\"@id\":\"https:\\\/\\\/valokuvakeskusnykyaika.fi\\\/karoliina-paappa-kyyhkysista-ja-tiikereista\\\/#primaryimage\"},\"image\":{\"@id\":\"https:\\\/\\\/valokuvakeskusnykyaika.fi\\\/karoliina-paappa-kyyhkysista-ja-tiikereista\\\/#primaryimage\"},\"thumbnailUrl\":\"https:\\\/\\\/valokuvakeskusnykyaika.fi\\\/wp-content\\\/uploads\\\/2013\\\/12\\\/kyyhkynen_karoliina_paappa_2012-slide.jpg\",\"datePublished\":\"2013-12-10T15:05:34+00:00\",\"dateModified\":\"2014-04-07T08:21:59+00:00\",\"breadcrumb\":{\"@id\":\"https:\\\/\\\/valokuvakeskusnykyaika.fi\\\/karoliina-paappa-kyyhkysista-ja-tiikereista\\\/#breadcrumb\"},\"inLanguage\":\"en-GB\",\"potentialAction\":[{\"@type\":\"ReadAction\",\"target\":[\"https:\\\/\\\/valokuvakeskusnykyaika.fi\\\/karoliina-paappa-kyyhkysista-ja-tiikereista\\\/\"]}]},{\"@type\":\"ImageObject\",\"inLanguage\":\"en-GB\",\"@id\":\"https:\\\/\\\/valokuvakeskusnykyaika.fi\\\/karoliina-paappa-kyyhkysista-ja-tiikereista\\\/#primaryimage\",\"url\":\"https:\\\/\\\/valokuvakeskusnykyaika.fi\\\/wp-content\\\/uploads\\\/2013\\\/12\\\/kyyhkynen_karoliina_paappa_2012-slide.jpg\",\"contentUrl\":\"https:\\\/\\\/valokuvakeskusnykyaika.fi\\\/wp-content\\\/uploads\\\/2013\\\/12\\\/kyyhkynen_karoliina_paappa_2012-slide.jpg\",\"width\":1000,\"height\":667},{\"@type\":\"BreadcrumbList\",\"@id\":\"https:\\\/\\\/valokuvakeskusnykyaika.fi\\\/karoliina-paappa-kyyhkysista-ja-tiikereista\\\/#breadcrumb\",\"itemListElement\":[{\"@type\":\"ListItem\",\"position\":1,\"name\":\"Etusivu\",\"item\":\"https:\\\/\\\/valokuvakeskusnykyaika.fi\\\/\"},{\"@type\":\"ListItem\",\"position\":2,\"name\":\"Karoliina Paappa: Kyyhkysist\u00e4 ja tiikereist\u00e4\"}]},{\"@type\":\"WebSite\",\"@id\":\"https:\\\/\\\/valokuvakeskusnykyaika.fi\\\/#website\",\"url\":\"https:\\\/\\\/valokuvakeskusnykyaika.fi\\\/\",\"name\":\"Valokuvakeskus Nykyaika\",\"description\":\"Nykyaika on avoin kohtaamispaikka kaikille valokuvataiteen yst\u00e4ville\",\"publisher\":{\"@id\":\"https:\\\/\\\/valokuvakeskusnykyaika.fi\\\/#organization\"},\"potentialAction\":[{\"@type\":\"SearchAction\",\"target\":{\"@type\":\"EntryPoint\",\"urlTemplate\":\"https:\\\/\\\/valokuvakeskusnykyaika.fi\\\/?s={search_term_string}\"},\"query-input\":{\"@type\":\"PropertyValueSpecification\",\"valueRequired\":true,\"valueName\":\"search_term_string\"}}],\"inLanguage\":\"en-GB\"},{\"@type\":\"Organization\",\"@id\":\"https:\\\/\\\/valokuvakeskusnykyaika.fi\\\/#organization\",\"name\":\"Valokuvakeskus Nykyaika\",\"url\":\"https:\\\/\\\/valokuvakeskusnykyaika.fi\\\/\",\"logo\":{\"@type\":\"ImageObject\",\"inLanguage\":\"en-GB\",\"@id\":\"https:\\\/\\\/valokuvakeskusnykyaika.fi\\\/#\\\/schema\\\/logo\\\/image\\\/\",\"url\":\"https:\\\/\\\/valokuvakeskusnykyaika.fi\\\/wp-content\\\/uploads\\\/2019\\\/01\\\/NY-Valokuvakeskus-logo-pieni.png\",\"contentUrl\":\"https:\\\/\\\/valokuvakeskusnykyaika.fi\\\/wp-content\\\/uploads\\\/2019\\\/01\\\/NY-Valokuvakeskus-logo-pieni.png\",\"width\":300,\"height\":314,\"caption\":\"Valokuvakeskus Nykyaika\"},\"image\":{\"@id\":\"https:\\\/\\\/valokuvakeskusnykyaika.fi\\\/#\\\/schema\\\/logo\\\/image\\\/\"},\"sameAs\":[\"https:\\\/\\\/www.facebook.com\\\/valokuvakeskus.nykyaika\\\/\",\"https:\\\/\\\/x.com\\\/nykyaika\",\"https:\\\/\\\/www.instagram.com\\\/nykyaika\\\/\"]},{\"@type\":\"Person\",\"@id\":\"https:\\\/\\\/valokuvakeskusnykyaika.fi\\\/#\\\/schema\\\/person\\\/41ef90f7d89984ccaca756c8d4241c19\",\"name\":\"info.nykyaika@backlight.fi\",\"url\":\"https:\\\/\\\/valokuvakeskusnykyaika.fi\\\/en\\\/author\\\/info-nykyaikabacklight-fi\\\/\"}]}<\/script>\n<!-- \/ Yoast SEO plugin. -->","yoast_head_json":{"title":"Karoliina Paappa: Kyyhkysist\u00e4 ja tiikereist\u00e4 - Valokuvakeskus Nykyaika","robots":{"index":"index","follow":"follow","max-snippet":"max-snippet:-1","max-image-preview":"max-image-preview:large","max-video-preview":"max-video-preview:-1"},"canonical":"https:\/\/valokuvakeskusnykyaika.fi\/en\/karoliina-paappa-kyyhkysista-ja-tiikereista\/","og_locale":"en_GB","og_type":"article","og_title":"Karoliina Paappa: Kyyhkysist\u00e4 ja tiikereist\u00e4 - Valokuvakeskus Nykyaika","og_description":"Karoliina Paappa: Kyyhkysist\u00e4 ja tiikereist\u00e4 Valokuvakeskus Nykyajan n\u00e4yttely Tampereella TR1 Taidehallin parvella 22.2. \u2013 23.3.2014 Karoliina Paapan tarinallisessa n\u00e4yttelyss\u00e4 \u201cKyyhkysist\u00e4 ja tiikereist\u00e4\u201d kiiltokuvat her\u00e4\u00e4v\u00e4t henkiin.\u00a0Sarjan teoksissa toistuvat tarinallisuus, kokemuksellisuus, maaginen realismi ja tunteen suhde arkkitehtoniseen tilaan. Kuvissa leikitell\u00e4\u00e4n useilla elementeill\u00e4, jotka yhdistyess\u00e4\u00e4n arkimaisemaan muodostavat er\u00e4\u00e4nlaisia scene surreal -asetelmia. Paappa k\u00e4sittelee teoksissaan muutoksen ja ajattomuuden suhdetta [&hellip;]","og_url":"https:\/\/valokuvakeskusnykyaika.fi\/en\/karoliina-paappa-kyyhkysista-ja-tiikereista\/","og_site_name":"Valokuvakeskus Nykyaika","article_publisher":"https:\/\/www.facebook.com\/valokuvakeskus.nykyaika\/","article_published_time":"2013-12-10T15:05:34+00:00","article_modified_time":"2014-04-07T08:21:59+00:00","og_image":[{"width":1000,"height":667,"url":"https:\/\/valokuvakeskusnykyaika.fi\/wp-content\/uploads\/2013\/12\/kyyhkynen_karoliina_paappa_2012-slide.jpg","type":"image\/jpeg"}],"author":"info.nykyaika@backlight.fi","twitter_card":"summary_large_image","twitter_creator":"@nykyaika","twitter_site":"@nykyaika","twitter_misc":{"Written by":"info.nykyaika@backlight.fi","Estimated reading time":"2 minutes"},"schema":{"@context":"https:\/\/schema.org","@graph":[{"@type":"Article","@id":"https:\/\/valokuvakeskusnykyaika.fi\/karoliina-paappa-kyyhkysista-ja-tiikereista\/#article","isPartOf":{"@id":"https:\/\/valokuvakeskusnykyaika.fi\/karoliina-paappa-kyyhkysista-ja-tiikereista\/"},"author":{"name":"info.nykyaika@backlight.fi","@id":"https:\/\/valokuvakeskusnykyaika.fi\/#\/schema\/person\/41ef90f7d89984ccaca756c8d4241c19"},"headline":"Karoliina Paappa: Kyyhkysist\u00e4 ja tiikereist\u00e4","datePublished":"2013-12-10T15:05:34+00:00","dateModified":"2014-04-07T08:21:59+00:00","mainEntityOfPage":{"@id":"https:\/\/valokuvakeskusnykyaika.fi\/karoliina-paappa-kyyhkysista-ja-tiikereista\/"},"wordCount":469,"publisher":{"@id":"https:\/\/valokuvakeskusnykyaika.fi\/#organization"},"image":{"@id":"https:\/\/valokuvakeskusnykyaika.fi\/karoliina-paappa-kyyhkysista-ja-tiikereista\/#primaryimage"},"thumbnailUrl":"https:\/\/valokuvakeskusnykyaika.fi\/wp-content\/uploads\/2013\/12\/kyyhkynen_karoliina_paappa_2012-slide.jpg","articleSection":["Menneet","TR1"],"inLanguage":"en-GB"},{"@type":"WebPage","@id":"https:\/\/valokuvakeskusnykyaika.fi\/karoliina-paappa-kyyhkysista-ja-tiikereista\/","url":"https:\/\/valokuvakeskusnykyaika.fi\/karoliina-paappa-kyyhkysista-ja-tiikereista\/","name":"Karoliina Paappa: Kyyhkysist\u00e4 ja tiikereist\u00e4 - Valokuvakeskus Nykyaika","isPartOf":{"@id":"https:\/\/valokuvakeskusnykyaika.fi\/#website"},"primaryImageOfPage":{"@id":"https:\/\/valokuvakeskusnykyaika.fi\/karoliina-paappa-kyyhkysista-ja-tiikereista\/#primaryimage"},"image":{"@id":"https:\/\/valokuvakeskusnykyaika.fi\/karoliina-paappa-kyyhkysista-ja-tiikereista\/#primaryimage"},"thumbnailUrl":"https:\/\/valokuvakeskusnykyaika.fi\/wp-content\/uploads\/2013\/12\/kyyhkynen_karoliina_paappa_2012-slide.jpg","datePublished":"2013-12-10T15:05:34+00:00","dateModified":"2014-04-07T08:21:59+00:00","breadcrumb":{"@id":"https:\/\/valokuvakeskusnykyaika.fi\/karoliina-paappa-kyyhkysista-ja-tiikereista\/#breadcrumb"},"inLanguage":"en-GB","potentialAction":[{"@type":"ReadAction","target":["https:\/\/valokuvakeskusnykyaika.fi\/karoliina-paappa-kyyhkysista-ja-tiikereista\/"]}]},{"@type":"ImageObject","inLanguage":"en-GB","@id":"https:\/\/valokuvakeskusnykyaika.fi\/karoliina-paappa-kyyhkysista-ja-tiikereista\/#primaryimage","url":"https:\/\/valokuvakeskusnykyaika.fi\/wp-content\/uploads\/2013\/12\/kyyhkynen_karoliina_paappa_2012-slide.jpg","contentUrl":"https:\/\/valokuvakeskusnykyaika.fi\/wp-content\/uploads\/2013\/12\/kyyhkynen_karoliina_paappa_2012-slide.jpg","width":1000,"height":667},{"@type":"BreadcrumbList","@id":"https:\/\/valokuvakeskusnykyaika.fi\/karoliina-paappa-kyyhkysista-ja-tiikereista\/#breadcrumb","itemListElement":[{"@type":"ListItem","position":1,"name":"Etusivu","item":"https:\/\/valokuvakeskusnykyaika.fi\/"},{"@type":"ListItem","position":2,"name":"Karoliina Paappa: Kyyhkysist\u00e4 ja tiikereist\u00e4"}]},{"@type":"WebSite","@id":"https:\/\/valokuvakeskusnykyaika.fi\/#website","url":"https:\/\/valokuvakeskusnykyaika.fi\/","name":"Photographic Centre Nykyaika","description":"Nykyaika on avoin kohtaamispaikka kaikille valokuvataiteen yst\u00e4ville","publisher":{"@id":"https:\/\/valokuvakeskusnykyaika.fi\/#organization"},"potentialAction":[{"@type":"SearchAction","target":{"@type":"EntryPoint","urlTemplate":"https:\/\/valokuvakeskusnykyaika.fi\/?s={search_term_string}"},"query-input":{"@type":"PropertyValueSpecification","valueRequired":true,"valueName":"search_term_string"}}],"inLanguage":"en-GB"},{"@type":"Organization","@id":"https:\/\/valokuvakeskusnykyaika.fi\/#organization","name":"Photographic Centre Nykyaika","url":"https:\/\/valokuvakeskusnykyaika.fi\/","logo":{"@type":"ImageObject","inLanguage":"en-GB","@id":"https:\/\/valokuvakeskusnykyaika.fi\/#\/schema\/logo\/image\/","url":"https:\/\/valokuvakeskusnykyaika.fi\/wp-content\/uploads\/2019\/01\/NY-Valokuvakeskus-logo-pieni.png","contentUrl":"https:\/\/valokuvakeskusnykyaika.fi\/wp-content\/uploads\/2019\/01\/NY-Valokuvakeskus-logo-pieni.png","width":300,"height":314,"caption":"Valokuvakeskus Nykyaika"},"image":{"@id":"https:\/\/valokuvakeskusnykyaika.fi\/#\/schema\/logo\/image\/"},"sameAs":["https:\/\/www.facebook.com\/valokuvakeskus.nykyaika\/","https:\/\/x.com\/nykyaika","https:\/\/www.instagram.com\/nykyaika\/"]},{"@type":"Person","@id":"https:\/\/valokuvakeskusnykyaika.fi\/#\/schema\/person\/41ef90f7d89984ccaca756c8d4241c19","name":"info.nykyaika@backlight.fi","url":"https:\/\/valokuvakeskusnykyaika.fi\/en\/author\/info-nykyaikabacklight-fi\/"}]}},"_links":{"self":[{"href":"https:\/\/valokuvakeskusnykyaika.fi\/en\/wp-json\/wp\/v2\/posts\/537","targetHints":{"allow":["GET"]}}],"collection":[{"href":"https:\/\/valokuvakeskusnykyaika.fi\/en\/wp-json\/wp\/v2\/posts"}],"about":[{"href":"https:\/\/valokuvakeskusnykyaika.fi\/en\/wp-json\/wp\/v2\/types\/post"}],"author":[{"embeddable":true,"href":"https:\/\/valokuvakeskusnykyaika.fi\/en\/wp-json\/wp\/v2\/users\/6"}],"replies":[{"embeddable":true,"href":"https:\/\/valokuvakeskusnykyaika.fi\/en\/wp-json\/wp\/v2\/comments?post=537"}],"version-history":[{"count":5,"href":"https:\/\/valokuvakeskusnykyaika.fi\/en\/wp-json\/wp\/v2\/posts\/537\/revisions"}],"predecessor-version":[{"id":639,"href":"https:\/\/valokuvakeskusnykyaika.fi\/en\/wp-json\/wp\/v2\/posts\/537\/revisions\/639"}],"wp:featuredmedia":[{"embeddable":true,"href":"https:\/\/valokuvakeskusnykyaika.fi\/en\/wp-json\/wp\/v2\/media\/538"}],"wp:attachment":[{"href":"https:\/\/valokuvakeskusnykyaika.fi\/en\/wp-json\/wp\/v2\/media?parent=537"}],"wp:term":[{"taxonomy":"category","embeddable":true,"href":"https:\/\/valokuvakeskusnykyaika.fi\/en\/wp-json\/wp\/v2\/categories?post=537"},{"taxonomy":"post_tag","embeddable":true,"href":"https:\/\/valokuvakeskusnykyaika.fi\/en\/wp-json\/wp\/v2\/tags?post=537"}],"curies":[{"name":"wp","href":"https:\/\/api.w.org\/{rel}","templated":true}]}}