{"id":5407,"date":"2022-08-16T14:17:03","date_gmt":"2022-08-16T11:17:03","guid":{"rendered":"https:\/\/valokuvakeskusnykyaika.fi\/?p=5407"},"modified":"2022-10-16T12:28:21","modified_gmt":"2022-10-16T09:28:21","slug":"kutsut","status":"publish","type":"post","link":"https:\/\/valokuvakeskusnykyaika.fi\/en\/kutsut\/","title":{"rendered":"Nykyajan 40-vuotisjuhlan\u00e4yttely: Kutsut"},"content":{"rendered":"<p>17.9.9.10.2022<\/p>\n\n\n\n<p><\/p>\n\n\n\n<p>KUTSUT-n\u00e4yttely on galleria Nykyajan arkeologiaa. Se esittelee kymmenelt\u00e4 taiteilijalta kultakin kaksi teosta, joista toinen on heid\u00e4n ensimm\u00e4isest\u00e4 n\u00e4yttelyst\u00e4\u00e4n galleria Nykyajassa ja toinen viime vuosilta. N\u00e4in tulee n\u00e4kyv\u00e4ksi ajallinen kaari kunkin taiteilijan tuotannosta ja samalla siivu&nbsp;valokuvataiteen evoluutiosta nelj\u00e4n vuosikymmenen ajanjaksolta.<\/p>\n\n\n\n<p>Suomalaisen valokuvataiteen kentt\u00e4 on laaja ja korkeatasoinen. Pyysimme siit\u00e4 mukaan pienen joukon meihin vaikutuksen tehneit\u00e4 taiteilijoita vuosien varrelta. Olemme iloisia voidessamme esitell\u00e4 taiteilijoiden valitsemat teosparit heid\u00e4n tuotantonsa alkuajoilta nykyhetkeen ja niiden kautta tarjota mahdollisuuden tarkastella valokuvauksen ilmaisumuotojen kehittymist\u00e4 mustavalkoisesta dokumentarismista aina kolmiulotteisiin teoksiin ja installaatioihin asti.<\/p>\n\n\n\n<p>Kutsuissa mukana olevat taiteilijat ovat kutsujien lis\u00e4ksi Veli Gran\u00f6, Heini H\u00f6ltt\u00e4, Kapa, Timo Kelaranta, Sirkka-Liisa Konttinen, Riitta P\u00e4iv\u00e4l\u00e4inen, Asko Salminen ja Pentti Sammallahti.<\/p>\n\n\n\n<p>Galleria Nykyaika syntyi vuonna 1982, kun valokuvaajat ja taiteilijat halusivat luoda Tampereelle uusia n\u00e4yttelymahdollisuuksia nuorille taiteilijoille. Pienest\u00e4 galleriasta on kasvanut vuosien my\u00f6t\u00e4 Valokuvakeskus Nykyaika, joka on monipuolisen n\u00e4yttelytoiminnan, kansainv\u00e4lisen valokuvatapahtuman ja ty\u00f6pajojen j\u00e4rjest\u00e4j\u00e4 sek\u00e4 keskustelun her\u00e4tt\u00e4j\u00e4 ja yll\u00e4pit\u00e4j\u00e4. N\u00e4iden 40 vuoden aikana valokuvaajat ovat ottaneet paikkansa taidemaailmassa ja suomalainen valokuvataide on vahvasti kansainv\u00e4listynyt.<\/p>\n\n\n\n<p>Marja Piril\u00e4 ja Petri Nuutinen<\/p>\n\n\n\n<p>\/\/<\/p>\n\n\n\n<p>INVITATIONS is part of the archeology of Nykyaika. It presents two art works from ten artists, one from their first exhibition at Nykyaika and another from recent years. This makest the passed time visible in each artists&#8217; works and shows a piece of the evolution of photographic art from four decades.<\/p>\n\n\n\n<p>The field of Finnish photography is vast and of high quality. For this exhibition we invited a small group of artists that have impressed us over the years. We are pleased to present the art works the artists have chosen from their early production to this day. Through these pairs of art works one is able to examine the ways photography has evolved from black and white documentary arts to three dimensional works and installations.<\/p>\n\n\n\n<p>The artists taking part to the exhibition with the inviters are Veli Gran\u00f6, Heini H\u00f6ltt\u00e4, Kapa, Timo Kelaranta, Sirkka-Liisa Konttinen, Riitta P\u00e4iv\u00e4l\u00e4inen, Asko Salminen ja Pentti Sammallahti.<\/p>\n\n\n\n<p>Photographic Centre Nykyaika was founded in 1982 by photographers and artists who felt the need to create new opportunities for young artists to exhibit their work in Tampere. The small gallery has grown into Photographic Center Nykyaika, an established organizer of exhibitions and events, one that stirs discussion and keeps it going on its field. During these 40 years photographers have taken their place in the art world and Finnish art photography has become more and more international.<\/p>\n\n\n\n<p>Marja Piril\u00e4 and Petri Nuutinen<\/p>","protected":false},"excerpt":{"rendered":"<p>17.9.9.10.2022 KUTSUT-n\u00e4yttely on galleria Nykyajan arkeologiaa. Se esittelee kymmenelt\u00e4 taiteilijalta kultakin kaksi teosta, joista toinen on heid\u00e4n ensimm\u00e4isest\u00e4 n\u00e4yttelyst\u00e4\u00e4n galleria Nykyajassa ja toinen viime vuosilta. N\u00e4in tulee n\u00e4kyv\u00e4ksi ajallinen kaari kunkin taiteilijan tuotannosta ja samalla siivu&nbsp;valokuvataiteen evoluutiosta nelj\u00e4n vuosikymmenen ajanjaksolta. Suomalaisen valokuvataiteen kentt\u00e4 on laaja ja korkeatasoinen. Pyysimme siit\u00e4 mukaan pienen joukon meihin vaikutuksen tehneit\u00e4 [&hellip;]<\/p>\n","protected":false},"author":6,"featured_media":5408,"comment_status":"closed","ping_status":"closed","sticky":false,"template":"","format":"standard","meta":{"iawp_total_views":40,"footnotes":""},"categories":[4],"tags":[],"class_list":["post-5407","post","type-post","status-publish","format-standard","has-post-thumbnail","hentry","category-menneet"],"yoast_head":"<!-- This site is optimized with the Yoast SEO plugin v27.5 - https:\/\/yoast.com\/product\/yoast-seo-wordpress\/ -->\n<title>Nykyajan 40-vuotisjuhlan\u00e4yttely: Kutsut - Valokuvakeskus Nykyaika<\/title>\n<meta name=\"robots\" content=\"index, follow, max-snippet:-1, max-image-preview:large, max-video-preview:-1\" \/>\n<link rel=\"canonical\" href=\"https:\/\/valokuvakeskusnykyaika.fi\/en\/kutsut\/\" \/>\n<meta property=\"og:locale\" content=\"en_GB\" \/>\n<meta property=\"og:type\" content=\"article\" \/>\n<meta property=\"og:title\" content=\"Nykyajan 40-vuotisjuhlan\u00e4yttely: Kutsut - Valokuvakeskus Nykyaika\" \/>\n<meta property=\"og:description\" content=\"17.9.9.10.2022 KUTSUT-n\u00e4yttely on galleria Nykyajan arkeologiaa. Se esittelee kymmenelt\u00e4 taiteilijalta kultakin kaksi teosta, joista toinen on heid\u00e4n ensimm\u00e4isest\u00e4 n\u00e4yttelyst\u00e4\u00e4n galleria Nykyajassa ja toinen viime vuosilta. N\u00e4in tulee n\u00e4kyv\u00e4ksi ajallinen kaari kunkin taiteilijan tuotannosta ja samalla siivu&nbsp;valokuvataiteen evoluutiosta nelj\u00e4n vuosikymmenen ajanjaksolta. Suomalaisen valokuvataiteen kentt\u00e4 on laaja ja korkeatasoinen. Pyysimme siit\u00e4 mukaan pienen joukon meihin vaikutuksen tehneit\u00e4 [&hellip;]\" \/>\n<meta property=\"og:url\" content=\"https:\/\/valokuvakeskusnykyaika.fi\/en\/kutsut\/\" \/>\n<meta property=\"og:site_name\" content=\"Valokuvakeskus Nykyaika\" \/>\n<meta property=\"article:publisher\" content=\"https:\/\/www.facebook.com\/valokuvakeskus.nykyaika\/\" \/>\n<meta property=\"article:published_time\" content=\"2022-08-16T11:17:03+00:00\" \/>\n<meta property=\"article:modified_time\" content=\"2022-10-16T09:28:21+00:00\" \/>\n<meta property=\"og:image\" content=\"https:\/\/valokuvakeskusnykyaika.fi\/wp-content\/uploads\/2022\/08\/Riitta_Paivalainen_Dusk_2000px.jpg\" \/>\n\t<meta property=\"og:image:width\" content=\"2000\" \/>\n\t<meta property=\"og:image:height\" content=\"2480\" \/>\n\t<meta property=\"og:image:type\" content=\"image\/jpeg\" \/>\n<meta name=\"author\" content=\"info.nykyaika@backlight.fi\" \/>\n<meta name=\"twitter:card\" content=\"summary_large_image\" \/>\n<meta name=\"twitter:creator\" content=\"@nykyaika\" \/>\n<meta name=\"twitter:site\" content=\"@nykyaika\" \/>\n<meta name=\"twitter:label1\" content=\"Written by\" \/>\n\t<meta name=\"twitter:data1\" content=\"info.nykyaika@backlight.fi\" \/>\n\t<meta name=\"twitter:label2\" content=\"Estimated reading time\" \/>\n\t<meta name=\"twitter:data2\" content=\"2 minutes\" \/>\n<script type=\"application\/ld+json\" class=\"yoast-schema-graph\">{\"@context\":\"https:\\\/\\\/schema.org\",\"@graph\":[{\"@type\":\"Article\",\"@id\":\"https:\\\/\\\/valokuvakeskusnykyaika.fi\\\/kutsut\\\/#article\",\"isPartOf\":{\"@id\":\"https:\\\/\\\/valokuvakeskusnykyaika.fi\\\/kutsut\\\/\"},\"author\":{\"name\":\"info.nykyaika@backlight.fi\",\"@id\":\"https:\\\/\\\/valokuvakeskusnykyaika.fi\\\/#\\\/schema\\\/person\\\/41ef90f7d89984ccaca756c8d4241c19\"},\"headline\":\"Nykyajan 40-vuotisjuhlan\u00e4yttely: Kutsut\",\"datePublished\":\"2022-08-16T11:17:03+00:00\",\"dateModified\":\"2022-10-16T09:28:21+00:00\",\"mainEntityOfPage\":{\"@id\":\"https:\\\/\\\/valokuvakeskusnykyaika.fi\\\/kutsut\\\/\"},\"wordCount\":436,\"publisher\":{\"@id\":\"https:\\\/\\\/valokuvakeskusnykyaika.fi\\\/#organization\"},\"image\":{\"@id\":\"https:\\\/\\\/valokuvakeskusnykyaika.fi\\\/kutsut\\\/#primaryimage\"},\"thumbnailUrl\":\"https:\\\/\\\/valokuvakeskusnykyaika.fi\\\/wp-content\\\/uploads\\\/2022\\\/08\\\/Riitta_Paivalainen_Dusk_2000px.jpg\",\"articleSection\":[\"Menneet\"],\"inLanguage\":\"en-GB\"},{\"@type\":\"WebPage\",\"@id\":\"https:\\\/\\\/valokuvakeskusnykyaika.fi\\\/kutsut\\\/\",\"url\":\"https:\\\/\\\/valokuvakeskusnykyaika.fi\\\/kutsut\\\/\",\"name\":\"Nykyajan 40-vuotisjuhlan\u00e4yttely: Kutsut - Valokuvakeskus Nykyaika\",\"isPartOf\":{\"@id\":\"https:\\\/\\\/valokuvakeskusnykyaika.fi\\\/#website\"},\"primaryImageOfPage\":{\"@id\":\"https:\\\/\\\/valokuvakeskusnykyaika.fi\\\/kutsut\\\/#primaryimage\"},\"image\":{\"@id\":\"https:\\\/\\\/valokuvakeskusnykyaika.fi\\\/kutsut\\\/#primaryimage\"},\"thumbnailUrl\":\"https:\\\/\\\/valokuvakeskusnykyaika.fi\\\/wp-content\\\/uploads\\\/2022\\\/08\\\/Riitta_Paivalainen_Dusk_2000px.jpg\",\"datePublished\":\"2022-08-16T11:17:03+00:00\",\"dateModified\":\"2022-10-16T09:28:21+00:00\",\"breadcrumb\":{\"@id\":\"https:\\\/\\\/valokuvakeskusnykyaika.fi\\\/kutsut\\\/#breadcrumb\"},\"inLanguage\":\"en-GB\",\"potentialAction\":[{\"@type\":\"ReadAction\",\"target\":[\"https:\\\/\\\/valokuvakeskusnykyaika.fi\\\/kutsut\\\/\"]}]},{\"@type\":\"ImageObject\",\"inLanguage\":\"en-GB\",\"@id\":\"https:\\\/\\\/valokuvakeskusnykyaika.fi\\\/kutsut\\\/#primaryimage\",\"url\":\"https:\\\/\\\/valokuvakeskusnykyaika.fi\\\/wp-content\\\/uploads\\\/2022\\\/08\\\/Riitta_Paivalainen_Dusk_2000px.jpg\",\"contentUrl\":\"https:\\\/\\\/valokuvakeskusnykyaika.fi\\\/wp-content\\\/uploads\\\/2022\\\/08\\\/Riitta_Paivalainen_Dusk_2000px.jpg\",\"width\":2000,\"height\":2480,\"caption\":\"Riitta P\u00e4iv\u00e4l\u00e4inen\"},{\"@type\":\"BreadcrumbList\",\"@id\":\"https:\\\/\\\/valokuvakeskusnykyaika.fi\\\/kutsut\\\/#breadcrumb\",\"itemListElement\":[{\"@type\":\"ListItem\",\"position\":1,\"name\":\"Etusivu\",\"item\":\"https:\\\/\\\/valokuvakeskusnykyaika.fi\\\/\"},{\"@type\":\"ListItem\",\"position\":2,\"name\":\"Nykyajan 40-vuotisjuhlan\u00e4yttely: Kutsut\"}]},{\"@type\":\"WebSite\",\"@id\":\"https:\\\/\\\/valokuvakeskusnykyaika.fi\\\/#website\",\"url\":\"https:\\\/\\\/valokuvakeskusnykyaika.fi\\\/\",\"name\":\"Valokuvakeskus Nykyaika\",\"description\":\"Nykyaika on avoin kohtaamispaikka kaikille valokuvataiteen yst\u00e4ville\",\"publisher\":{\"@id\":\"https:\\\/\\\/valokuvakeskusnykyaika.fi\\\/#organization\"},\"potentialAction\":[{\"@type\":\"SearchAction\",\"target\":{\"@type\":\"EntryPoint\",\"urlTemplate\":\"https:\\\/\\\/valokuvakeskusnykyaika.fi\\\/?s={search_term_string}\"},\"query-input\":{\"@type\":\"PropertyValueSpecification\",\"valueRequired\":true,\"valueName\":\"search_term_string\"}}],\"inLanguage\":\"en-GB\"},{\"@type\":\"Organization\",\"@id\":\"https:\\\/\\\/valokuvakeskusnykyaika.fi\\\/#organization\",\"name\":\"Valokuvakeskus Nykyaika\",\"url\":\"https:\\\/\\\/valokuvakeskusnykyaika.fi\\\/\",\"logo\":{\"@type\":\"ImageObject\",\"inLanguage\":\"en-GB\",\"@id\":\"https:\\\/\\\/valokuvakeskusnykyaika.fi\\\/#\\\/schema\\\/logo\\\/image\\\/\",\"url\":\"https:\\\/\\\/valokuvakeskusnykyaika.fi\\\/wp-content\\\/uploads\\\/2019\\\/01\\\/NY-Valokuvakeskus-logo-pieni.png\",\"contentUrl\":\"https:\\\/\\\/valokuvakeskusnykyaika.fi\\\/wp-content\\\/uploads\\\/2019\\\/01\\\/NY-Valokuvakeskus-logo-pieni.png\",\"width\":300,\"height\":314,\"caption\":\"Valokuvakeskus Nykyaika\"},\"image\":{\"@id\":\"https:\\\/\\\/valokuvakeskusnykyaika.fi\\\/#\\\/schema\\\/logo\\\/image\\\/\"},\"sameAs\":[\"https:\\\/\\\/www.facebook.com\\\/valokuvakeskus.nykyaika\\\/\",\"https:\\\/\\\/x.com\\\/nykyaika\",\"https:\\\/\\\/www.instagram.com\\\/nykyaika\\\/\"]},{\"@type\":\"Person\",\"@id\":\"https:\\\/\\\/valokuvakeskusnykyaika.fi\\\/#\\\/schema\\\/person\\\/41ef90f7d89984ccaca756c8d4241c19\",\"name\":\"info.nykyaika@backlight.fi\",\"url\":\"https:\\\/\\\/valokuvakeskusnykyaika.fi\\\/en\\\/author\\\/info-nykyaikabacklight-fi\\\/\"}]}<\/script>\n<!-- \/ Yoast SEO plugin. -->","yoast_head_json":{"title":"Nykyajan 40-vuotisjuhlan\u00e4yttely: Kutsut - Valokuvakeskus Nykyaika","robots":{"index":"index","follow":"follow","max-snippet":"max-snippet:-1","max-image-preview":"max-image-preview:large","max-video-preview":"max-video-preview:-1"},"canonical":"https:\/\/valokuvakeskusnykyaika.fi\/en\/kutsut\/","og_locale":"en_GB","og_type":"article","og_title":"Nykyajan 40-vuotisjuhlan\u00e4yttely: Kutsut - Valokuvakeskus Nykyaika","og_description":"17.9.9.10.2022 KUTSUT-n\u00e4yttely on galleria Nykyajan arkeologiaa. Se esittelee kymmenelt\u00e4 taiteilijalta kultakin kaksi teosta, joista toinen on heid\u00e4n ensimm\u00e4isest\u00e4 n\u00e4yttelyst\u00e4\u00e4n galleria Nykyajassa ja toinen viime vuosilta. N\u00e4in tulee n\u00e4kyv\u00e4ksi ajallinen kaari kunkin taiteilijan tuotannosta ja samalla siivu&nbsp;valokuvataiteen evoluutiosta nelj\u00e4n vuosikymmenen ajanjaksolta. Suomalaisen valokuvataiteen kentt\u00e4 on laaja ja korkeatasoinen. Pyysimme siit\u00e4 mukaan pienen joukon meihin vaikutuksen tehneit\u00e4 [&hellip;]","og_url":"https:\/\/valokuvakeskusnykyaika.fi\/en\/kutsut\/","og_site_name":"Valokuvakeskus Nykyaika","article_publisher":"https:\/\/www.facebook.com\/valokuvakeskus.nykyaika\/","article_published_time":"2022-08-16T11:17:03+00:00","article_modified_time":"2022-10-16T09:28:21+00:00","og_image":[{"width":2000,"height":2480,"url":"https:\/\/valokuvakeskusnykyaika.fi\/wp-content\/uploads\/2022\/08\/Riitta_Paivalainen_Dusk_2000px.jpg","type":"image\/jpeg"}],"author":"info.nykyaika@backlight.fi","twitter_card":"summary_large_image","twitter_creator":"@nykyaika","twitter_site":"@nykyaika","twitter_misc":{"Written by":"info.nykyaika@backlight.fi","Estimated reading time":"2 minutes"},"schema":{"@context":"https:\/\/schema.org","@graph":[{"@type":"Article","@id":"https:\/\/valokuvakeskusnykyaika.fi\/kutsut\/#article","isPartOf":{"@id":"https:\/\/valokuvakeskusnykyaika.fi\/kutsut\/"},"author":{"name":"info.nykyaika@backlight.fi","@id":"https:\/\/valokuvakeskusnykyaika.fi\/#\/schema\/person\/41ef90f7d89984ccaca756c8d4241c19"},"headline":"Nykyajan 40-vuotisjuhlan\u00e4yttely: Kutsut","datePublished":"2022-08-16T11:17:03+00:00","dateModified":"2022-10-16T09:28:21+00:00","mainEntityOfPage":{"@id":"https:\/\/valokuvakeskusnykyaika.fi\/kutsut\/"},"wordCount":436,"publisher":{"@id":"https:\/\/valokuvakeskusnykyaika.fi\/#organization"},"image":{"@id":"https:\/\/valokuvakeskusnykyaika.fi\/kutsut\/#primaryimage"},"thumbnailUrl":"https:\/\/valokuvakeskusnykyaika.fi\/wp-content\/uploads\/2022\/08\/Riitta_Paivalainen_Dusk_2000px.jpg","articleSection":["Menneet"],"inLanguage":"en-GB"},{"@type":"WebPage","@id":"https:\/\/valokuvakeskusnykyaika.fi\/kutsut\/","url":"https:\/\/valokuvakeskusnykyaika.fi\/kutsut\/","name":"Nykyajan 40-vuotisjuhlan\u00e4yttely: Kutsut - Valokuvakeskus Nykyaika","isPartOf":{"@id":"https:\/\/valokuvakeskusnykyaika.fi\/#website"},"primaryImageOfPage":{"@id":"https:\/\/valokuvakeskusnykyaika.fi\/kutsut\/#primaryimage"},"image":{"@id":"https:\/\/valokuvakeskusnykyaika.fi\/kutsut\/#primaryimage"},"thumbnailUrl":"https:\/\/valokuvakeskusnykyaika.fi\/wp-content\/uploads\/2022\/08\/Riitta_Paivalainen_Dusk_2000px.jpg","datePublished":"2022-08-16T11:17:03+00:00","dateModified":"2022-10-16T09:28:21+00:00","breadcrumb":{"@id":"https:\/\/valokuvakeskusnykyaika.fi\/kutsut\/#breadcrumb"},"inLanguage":"en-GB","potentialAction":[{"@type":"ReadAction","target":["https:\/\/valokuvakeskusnykyaika.fi\/kutsut\/"]}]},{"@type":"ImageObject","inLanguage":"en-GB","@id":"https:\/\/valokuvakeskusnykyaika.fi\/kutsut\/#primaryimage","url":"https:\/\/valokuvakeskusnykyaika.fi\/wp-content\/uploads\/2022\/08\/Riitta_Paivalainen_Dusk_2000px.jpg","contentUrl":"https:\/\/valokuvakeskusnykyaika.fi\/wp-content\/uploads\/2022\/08\/Riitta_Paivalainen_Dusk_2000px.jpg","width":2000,"height":2480,"caption":"Riitta P\u00e4iv\u00e4l\u00e4inen"},{"@type":"BreadcrumbList","@id":"https:\/\/valokuvakeskusnykyaika.fi\/kutsut\/#breadcrumb","itemListElement":[{"@type":"ListItem","position":1,"name":"Etusivu","item":"https:\/\/valokuvakeskusnykyaika.fi\/"},{"@type":"ListItem","position":2,"name":"Nykyajan 40-vuotisjuhlan\u00e4yttely: Kutsut"}]},{"@type":"WebSite","@id":"https:\/\/valokuvakeskusnykyaika.fi\/#website","url":"https:\/\/valokuvakeskusnykyaika.fi\/","name":"Photographic Centre Nykyaika","description":"Nykyaika on avoin kohtaamispaikka kaikille valokuvataiteen yst\u00e4ville","publisher":{"@id":"https:\/\/valokuvakeskusnykyaika.fi\/#organization"},"potentialAction":[{"@type":"SearchAction","target":{"@type":"EntryPoint","urlTemplate":"https:\/\/valokuvakeskusnykyaika.fi\/?s={search_term_string}"},"query-input":{"@type":"PropertyValueSpecification","valueRequired":true,"valueName":"search_term_string"}}],"inLanguage":"en-GB"},{"@type":"Organization","@id":"https:\/\/valokuvakeskusnykyaika.fi\/#organization","name":"Photographic Centre Nykyaika","url":"https:\/\/valokuvakeskusnykyaika.fi\/","logo":{"@type":"ImageObject","inLanguage":"en-GB","@id":"https:\/\/valokuvakeskusnykyaika.fi\/#\/schema\/logo\/image\/","url":"https:\/\/valokuvakeskusnykyaika.fi\/wp-content\/uploads\/2019\/01\/NY-Valokuvakeskus-logo-pieni.png","contentUrl":"https:\/\/valokuvakeskusnykyaika.fi\/wp-content\/uploads\/2019\/01\/NY-Valokuvakeskus-logo-pieni.png","width":300,"height":314,"caption":"Valokuvakeskus Nykyaika"},"image":{"@id":"https:\/\/valokuvakeskusnykyaika.fi\/#\/schema\/logo\/image\/"},"sameAs":["https:\/\/www.facebook.com\/valokuvakeskus.nykyaika\/","https:\/\/x.com\/nykyaika","https:\/\/www.instagram.com\/nykyaika\/"]},{"@type":"Person","@id":"https:\/\/valokuvakeskusnykyaika.fi\/#\/schema\/person\/41ef90f7d89984ccaca756c8d4241c19","name":"info.nykyaika@backlight.fi","url":"https:\/\/valokuvakeskusnykyaika.fi\/en\/author\/info-nykyaikabacklight-fi\/"}]}},"_links":{"self":[{"href":"https:\/\/valokuvakeskusnykyaika.fi\/en\/wp-json\/wp\/v2\/posts\/5407","targetHints":{"allow":["GET"]}}],"collection":[{"href":"https:\/\/valokuvakeskusnykyaika.fi\/en\/wp-json\/wp\/v2\/posts"}],"about":[{"href":"https:\/\/valokuvakeskusnykyaika.fi\/en\/wp-json\/wp\/v2\/types\/post"}],"author":[{"embeddable":true,"href":"https:\/\/valokuvakeskusnykyaika.fi\/en\/wp-json\/wp\/v2\/users\/6"}],"replies":[{"embeddable":true,"href":"https:\/\/valokuvakeskusnykyaika.fi\/en\/wp-json\/wp\/v2\/comments?post=5407"}],"version-history":[{"count":4,"href":"https:\/\/valokuvakeskusnykyaika.fi\/en\/wp-json\/wp\/v2\/posts\/5407\/revisions"}],"predecessor-version":[{"id":5522,"href":"https:\/\/valokuvakeskusnykyaika.fi\/en\/wp-json\/wp\/v2\/posts\/5407\/revisions\/5522"}],"wp:featuredmedia":[{"embeddable":true,"href":"https:\/\/valokuvakeskusnykyaika.fi\/en\/wp-json\/wp\/v2\/media\/5408"}],"wp:attachment":[{"href":"https:\/\/valokuvakeskusnykyaika.fi\/en\/wp-json\/wp\/v2\/media?parent=5407"}],"wp:term":[{"taxonomy":"category","embeddable":true,"href":"https:\/\/valokuvakeskusnykyaika.fi\/en\/wp-json\/wp\/v2\/categories?post=5407"},{"taxonomy":"post_tag","embeddable":true,"href":"https:\/\/valokuvakeskusnykyaika.fi\/en\/wp-json\/wp\/v2\/tags?post=5407"}],"curies":[{"name":"wp","href":"https:\/\/api.w.org\/{rel}","templated":true}]}}