{"id":5496,"date":"2022-09-07T09:37:20","date_gmt":"2022-09-07T06:37:20","guid":{"rendered":"https:\/\/valokuvakeskusnykyaika.fi\/?p=5496"},"modified":"2022-11-05T11:28:24","modified_gmt":"2022-11-05T09:28:24","slug":"nykyajan-40-vuotisjuhlanayttely-jatkot","status":"publish","type":"post","link":"https:\/\/valokuvakeskusnykyaika.fi\/en\/nykyajan-40-vuotisjuhlanayttely-jatkot\/","title":{"rendered":"Nykyajan 40-vuotisjuhlan\u00e4yttely: Jatkot"},"content":{"rendered":"<p>12.-31.10.2022<\/p>\n\n\n\n<p>Galleria Nykyaika syntyi 1982 valokuvaajien ja taiteilijoiden tarpeesta luoda uusia n\u00e4yttelymahdollisuuksia nuorille taiteilijoille. 40 vuoden kuluessa siit\u00e4 on kasvanut merkitt\u00e4v\u00e4 n\u00e4yttelytoiminnan ja valokuvatapahtumien j\u00e4rjest\u00e4j\u00e4, sek\u00e4 keskustelun her\u00e4tt\u00e4j\u00e4 ja yll\u00e4pit\u00e4j\u00e4.<br><\/p>\n\n\n\n<p>Nykyajan 40. toimintavuotta juhlitaan syksyll\u00e4 2022 kolmen n\u00e4yttelyn sarjalla, joiden yhteen kokoava teema on juhlat. Kolmen n\u00e4yttelyn sarjan p\u00e4\u00e4tt\u00e4\u00e4 Jatkot-n\u00e4yttely Valokuvakeskus Nykyajassa lokakuussa. N\u00e4yttelyn ovat kuratoineet Kristel Laur ja Toomas J\u00e4rvet Tallinnan Juhan Kuus Dokfoto keskuksesta. Kuraattorit olivat kiinnostuneita siit\u00e4, mit\u00e4 tapahtuu juhlien j\u00e4lkeen, kun siirtyminen takaisin arkeen alkaa? Mit\u00e4 se paljastaa juhlista? Milt\u00e4 juhlien j\u00e4lkeen tuntuu ja millaiseen arkeen me palaamme? N\u00e4yttelyss\u00e4 on esill\u00e4 teoksia 20 taiteilijalta.<br><\/p>\n\n\n\n<p>N\u00e4yttelysarjan aloitti Kutsut-n\u00e4yttely, jonka ovat kuratoineet valokuvataiteilijat Petri Nuutinen ja Marja Piril\u00e4. N\u00e4yttely esitteli kutsutuilta taiteilijoilta kaksi teosta: toisen heid\u00e4n ensimm\u00e4isest\u00e4 n\u00e4yttelyst\u00e4\u00e4n galleria Nykyajassa, toisen viime vuosilta. N\u00e4in n\u00e4kyv\u00e4ksi tuli ajallinen kaari kunkin taiteilijan tuotannosta ja siivu valokuvataiteen evoluutiota nelj\u00e4n vuosikymmenen ajanjaksolta.<br><\/p>\n\n\n\n<p>Kutsut-n\u00e4yttelyn kanssa samaan aikaan aukesi Kulttuuritalo Laikun galleriassa Juhlat-n\u00e4yttely. N\u00e4yttelyn kuraattorina toimiva elokuvaohjaaja Johanna Vuoksenmaa etsi avoimen haun kautta n\u00e4yttelyyn teoksia, joissa n\u00e4kyy \u201drikas, rakas, r\u00e4m\u00e4 el\u00e4m\u00e4, ihmisel\u00e4m\u00e4, el\u00e4imellinen meno tai mik\u00e4 tahansa el\u00e4m\u00e4n ilmentym\u00e4, jonka \u00e4\u00e4relle katsojan olisi hyv\u00e4 pys\u00e4hty\u00e4. El\u00e4m\u00e4n hauraus ja kauneus, hulluus ja sattumanvaraisuus, iloisuus ja traagisuus, arkisuus ja loisto.\u201d Kutsuun vastasi yli sata taiteilijaa, joiden joukosta Vuoksenmaa valitsi n\u00e4yttelyyn teoksia 24 tekij\u00e4lt\u00e4.<br><\/p>\n\n\n\n<p>Jatkot-n\u00e4yttelyn taiteilijat: Toivo Heinim\u00e4ki, Helin\u00e4 Hukkataival, Aimo Hyv\u00e4rinen, Riitta J\u00e4rvel\u00e4, Milla Karppinen, Ulla Kokki, Ville Kurki, Janne Laine, Susanna Lyly, Jana Machackova-Oey, Susanna Myllyl\u00e4, Liisa M\u00e4kinen, Johanna Pahalahti, Mirja Paljakka, Jyri Pitk\u00e4nen, Miina Puolitaival, Antti-Kristian P\u00e4rn\u00e4nen, Tiina Riutta, Ronja Siitonen ja Risto Vainio.<br>Kuraattorit: Kristel Laur ja Toomas J\u00e4rvet<\/p>\n\n\n\n<p><\/p>\n\n\n\n<p>\/\/<\/p>\n\n\n\n<p><\/p>\n\n\n\n<p>Photographic Centre Nykyaika was founded in 1982 by photographers and artists who felt the need to create new opportunities for young artists to exhibit their work. During its 40-year journey Nykyaika has grown to be an established organizer of exhibitions and events, one that stirs discussion and keeps it going on its field.<br><\/p>\n\n\n\n<p>The last 40 years of Nykyaika is solemnized in fall 2022 with a series of three exhibitions that all come together under the theme celebration. The series ends with an exhibition called After-party at Nykyaika. The exhibition is curated by Kristel Laur and Toomas J\u00e4rvet from Juhan Kuus Dokfoto centre from Tallinn. The curators were interested in what happens when the party is over and the transition to the ordinary life begins. Does it reveal something from the party? How does it feel and look after the party, what is the everyday we return to? The exhibition presents artworks from 20 artists.<br><\/p>\n\n\n\n<p>The series started with the exhibition called Invitations which was curated by visual artists Petri Nuutinen and Marja Piril\u00e4. The exhibition presented two art works from each artist invited to the exhibition; one from their first exhibition at Nykyaika and another from recent years. This made the passed time visible in each artists&#8217; works and showed a piece of the evolution of photographic art from four decades.<br><\/p>\n\n\n\n<p>An exhibition called Party opened at the Gallery space of Culture House Laikku at the same time with Invitations. Johanna Vuoksenmaa, a film director and the curator of the exhibition used an open call to find works that present &#8221;rich, dear, broken life, human life, animalistic life or what ever manifestation of life that invites the viewer to rest. The fragility and beauty of life, its madness and haphazardness, joy and tragedy, mundane and glory.&#8221; Open call received applications from over a hundred artists and Vuoksenmaa chose pieces from 24 artists among them.<br><\/p>\n\n\n\n<p>Artists of After-party: Toivo Heinim\u00e4ki, Helin\u00e4 Hukkataival, Aimo Hyv\u00e4rinen, Riitta J\u00e4rvel\u00e4, Milla Karppinen, Ulla Kokki, Ville Kurki, Janne Laine, Susanna Lyly, Jana Machackova-Oey, Susanna Myllyl\u00e4, Liisa M\u00e4kinen, Johanna Pahalahti, Mirja Paljakka, Jyri Pitk\u00e4nen, Miina Puolitaival, Antti-Kristian P\u00e4rn\u00e4nen, Tiina Riutta, Ronja Siitonen ja Risto Vainio.<br>Curators: Kristel Laur ja Toomas J\u00e4rvet<\/p>","protected":false},"excerpt":{"rendered":"<p>12.-31.10.2022 Galleria Nykyaika syntyi 1982 valokuvaajien ja taiteilijoiden tarpeesta luoda uusia n\u00e4yttelymahdollisuuksia nuorille taiteilijoille. 40 vuoden kuluessa siit\u00e4 on kasvanut merkitt\u00e4v\u00e4 n\u00e4yttelytoiminnan ja valokuvatapahtumien j\u00e4rjest\u00e4j\u00e4, sek\u00e4 keskustelun her\u00e4tt\u00e4j\u00e4 ja yll\u00e4pit\u00e4j\u00e4. Nykyajan 40. toimintavuotta juhlitaan syksyll\u00e4 2022 kolmen n\u00e4yttelyn sarjalla, joiden yhteen kokoava teema on juhlat. Kolmen n\u00e4yttelyn sarjan p\u00e4\u00e4tt\u00e4\u00e4 Jatkot-n\u00e4yttely Valokuvakeskus Nykyajassa lokakuussa. N\u00e4yttelyn ovat [&hellip;]<\/p>\n","protected":false},"author":6,"featured_media":5447,"comment_status":"closed","ping_status":"closed","sticky":false,"template":"","format":"standard","meta":{"iawp_total_views":11,"footnotes":""},"categories":[4],"tags":[],"class_list":["post-5496","post","type-post","status-publish","format-standard","has-post-thumbnail","hentry","category-menneet"],"yoast_head":"<!-- This site is optimized with the Yoast SEO plugin v27.5 - https:\/\/yoast.com\/product\/yoast-seo-wordpress\/ -->\n<title>Nykyajan 40-vuotisjuhlan\u00e4yttely: Jatkot - Valokuvakeskus Nykyaika<\/title>\n<meta name=\"robots\" content=\"index, follow, max-snippet:-1, max-image-preview:large, max-video-preview:-1\" \/>\n<link rel=\"canonical\" href=\"https:\/\/valokuvakeskusnykyaika.fi\/en\/nykyajan-40-vuotisjuhlanayttely-jatkot\/\" \/>\n<meta property=\"og:locale\" content=\"en_GB\" \/>\n<meta property=\"og:type\" content=\"article\" \/>\n<meta property=\"og:title\" content=\"Nykyajan 40-vuotisjuhlan\u00e4yttely: Jatkot - Valokuvakeskus Nykyaika\" \/>\n<meta property=\"og:description\" content=\"12.-31.10.2022 Galleria Nykyaika syntyi 1982 valokuvaajien ja taiteilijoiden tarpeesta luoda uusia n\u00e4yttelymahdollisuuksia nuorille taiteilijoille. 40 vuoden kuluessa siit\u00e4 on kasvanut merkitt\u00e4v\u00e4 n\u00e4yttelytoiminnan ja valokuvatapahtumien j\u00e4rjest\u00e4j\u00e4, sek\u00e4 keskustelun her\u00e4tt\u00e4j\u00e4 ja yll\u00e4pit\u00e4j\u00e4. Nykyajan 40. toimintavuotta juhlitaan syksyll\u00e4 2022 kolmen n\u00e4yttelyn sarjalla, joiden yhteen kokoava teema on juhlat. Kolmen n\u00e4yttelyn sarjan p\u00e4\u00e4tt\u00e4\u00e4 Jatkot-n\u00e4yttely Valokuvakeskus Nykyajassa lokakuussa. N\u00e4yttelyn ovat [&hellip;]\" \/>\n<meta property=\"og:url\" content=\"https:\/\/valokuvakeskusnykyaika.fi\/en\/nykyajan-40-vuotisjuhlanayttely-jatkot\/\" \/>\n<meta property=\"og:site_name\" content=\"Valokuvakeskus Nykyaika\" \/>\n<meta property=\"article:publisher\" content=\"https:\/\/www.facebook.com\/valokuvakeskus.nykyaika\/\" \/>\n<meta property=\"article:published_time\" content=\"2022-09-07T06:37:20+00:00\" \/>\n<meta property=\"article:modified_time\" content=\"2022-11-05T09:28:24+00:00\" \/>\n<meta property=\"og:image\" content=\"https:\/\/valokuvakeskusnykyaika.fi\/wp-content\/uploads\/2022\/08\/Makinen_etanat_press-copy.jpg\" \/>\n\t<meta property=\"og:image:width\" content=\"1826\" \/>\n\t<meta property=\"og:image:height\" content=\"2355\" \/>\n\t<meta property=\"og:image:type\" content=\"image\/jpeg\" \/>\n<meta name=\"author\" content=\"info.nykyaika@backlight.fi\" \/>\n<meta name=\"twitter:card\" content=\"summary_large_image\" \/>\n<meta name=\"twitter:creator\" content=\"@nykyaika\" \/>\n<meta name=\"twitter:site\" content=\"@nykyaika\" \/>\n<meta name=\"twitter:label1\" content=\"Written by\" \/>\n\t<meta name=\"twitter:data1\" content=\"info.nykyaika@backlight.fi\" \/>\n\t<meta name=\"twitter:label2\" content=\"Estimated reading time\" \/>\n\t<meta name=\"twitter:data2\" content=\"3 minutes\" \/>\n<script type=\"application\/ld+json\" class=\"yoast-schema-graph\">{\"@context\":\"https:\\\/\\\/schema.org\",\"@graph\":[{\"@type\":\"Article\",\"@id\":\"https:\\\/\\\/valokuvakeskusnykyaika.fi\\\/nykyajan-40-vuotisjuhlanayttely-jatkot\\\/#article\",\"isPartOf\":{\"@id\":\"https:\\\/\\\/valokuvakeskusnykyaika.fi\\\/nykyajan-40-vuotisjuhlanayttely-jatkot\\\/\"},\"author\":{\"name\":\"info.nykyaika@backlight.fi\",\"@id\":\"https:\\\/\\\/valokuvakeskusnykyaika.fi\\\/#\\\/schema\\\/person\\\/41ef90f7d89984ccaca756c8d4241c19\"},\"headline\":\"Nykyajan 40-vuotisjuhlan\u00e4yttely: Jatkot\",\"datePublished\":\"2022-09-07T06:37:20+00:00\",\"dateModified\":\"2022-11-05T09:28:24+00:00\",\"mainEntityOfPage\":{\"@id\":\"https:\\\/\\\/valokuvakeskusnykyaika.fi\\\/nykyajan-40-vuotisjuhlanayttely-jatkot\\\/\"},\"wordCount\":677,\"publisher\":{\"@id\":\"https:\\\/\\\/valokuvakeskusnykyaika.fi\\\/#organization\"},\"image\":{\"@id\":\"https:\\\/\\\/valokuvakeskusnykyaika.fi\\\/nykyajan-40-vuotisjuhlanayttely-jatkot\\\/#primaryimage\"},\"thumbnailUrl\":\"https:\\\/\\\/valokuvakeskusnykyaika.fi\\\/wp-content\\\/uploads\\\/2022\\\/08\\\/Makinen_etanat_press-copy.jpg\",\"articleSection\":[\"Menneet\"],\"inLanguage\":\"en-GB\"},{\"@type\":\"WebPage\",\"@id\":\"https:\\\/\\\/valokuvakeskusnykyaika.fi\\\/nykyajan-40-vuotisjuhlanayttely-jatkot\\\/\",\"url\":\"https:\\\/\\\/valokuvakeskusnykyaika.fi\\\/nykyajan-40-vuotisjuhlanayttely-jatkot\\\/\",\"name\":\"Nykyajan 40-vuotisjuhlan\u00e4yttely: Jatkot - Valokuvakeskus Nykyaika\",\"isPartOf\":{\"@id\":\"https:\\\/\\\/valokuvakeskusnykyaika.fi\\\/#website\"},\"primaryImageOfPage\":{\"@id\":\"https:\\\/\\\/valokuvakeskusnykyaika.fi\\\/nykyajan-40-vuotisjuhlanayttely-jatkot\\\/#primaryimage\"},\"image\":{\"@id\":\"https:\\\/\\\/valokuvakeskusnykyaika.fi\\\/nykyajan-40-vuotisjuhlanayttely-jatkot\\\/#primaryimage\"},\"thumbnailUrl\":\"https:\\\/\\\/valokuvakeskusnykyaika.fi\\\/wp-content\\\/uploads\\\/2022\\\/08\\\/Makinen_etanat_press-copy.jpg\",\"datePublished\":\"2022-09-07T06:37:20+00:00\",\"dateModified\":\"2022-11-05T09:28:24+00:00\",\"breadcrumb\":{\"@id\":\"https:\\\/\\\/valokuvakeskusnykyaika.fi\\\/nykyajan-40-vuotisjuhlanayttely-jatkot\\\/#breadcrumb\"},\"inLanguage\":\"en-GB\",\"potentialAction\":[{\"@type\":\"ReadAction\",\"target\":[\"https:\\\/\\\/valokuvakeskusnykyaika.fi\\\/nykyajan-40-vuotisjuhlanayttely-jatkot\\\/\"]}]},{\"@type\":\"ImageObject\",\"inLanguage\":\"en-GB\",\"@id\":\"https:\\\/\\\/valokuvakeskusnykyaika.fi\\\/nykyajan-40-vuotisjuhlanayttely-jatkot\\\/#primaryimage\",\"url\":\"https:\\\/\\\/valokuvakeskusnykyaika.fi\\\/wp-content\\\/uploads\\\/2022\\\/08\\\/Makinen_etanat_press-copy.jpg\",\"contentUrl\":\"https:\\\/\\\/valokuvakeskusnykyaika.fi\\\/wp-content\\\/uploads\\\/2022\\\/08\\\/Makinen_etanat_press-copy.jpg\",\"width\":1826,\"height\":2355},{\"@type\":\"BreadcrumbList\",\"@id\":\"https:\\\/\\\/valokuvakeskusnykyaika.fi\\\/nykyajan-40-vuotisjuhlanayttely-jatkot\\\/#breadcrumb\",\"itemListElement\":[{\"@type\":\"ListItem\",\"position\":1,\"name\":\"Etusivu\",\"item\":\"https:\\\/\\\/valokuvakeskusnykyaika.fi\\\/\"},{\"@type\":\"ListItem\",\"position\":2,\"name\":\"Nykyajan 40-vuotisjuhlan\u00e4yttely: Jatkot\"}]},{\"@type\":\"WebSite\",\"@id\":\"https:\\\/\\\/valokuvakeskusnykyaika.fi\\\/#website\",\"url\":\"https:\\\/\\\/valokuvakeskusnykyaika.fi\\\/\",\"name\":\"Valokuvakeskus Nykyaika\",\"description\":\"Nykyaika on avoin kohtaamispaikka kaikille valokuvataiteen yst\u00e4ville\",\"publisher\":{\"@id\":\"https:\\\/\\\/valokuvakeskusnykyaika.fi\\\/#organization\"},\"potentialAction\":[{\"@type\":\"SearchAction\",\"target\":{\"@type\":\"EntryPoint\",\"urlTemplate\":\"https:\\\/\\\/valokuvakeskusnykyaika.fi\\\/?s={search_term_string}\"},\"query-input\":{\"@type\":\"PropertyValueSpecification\",\"valueRequired\":true,\"valueName\":\"search_term_string\"}}],\"inLanguage\":\"en-GB\"},{\"@type\":\"Organization\",\"@id\":\"https:\\\/\\\/valokuvakeskusnykyaika.fi\\\/#organization\",\"name\":\"Valokuvakeskus Nykyaika\",\"url\":\"https:\\\/\\\/valokuvakeskusnykyaika.fi\\\/\",\"logo\":{\"@type\":\"ImageObject\",\"inLanguage\":\"en-GB\",\"@id\":\"https:\\\/\\\/valokuvakeskusnykyaika.fi\\\/#\\\/schema\\\/logo\\\/image\\\/\",\"url\":\"https:\\\/\\\/valokuvakeskusnykyaika.fi\\\/wp-content\\\/uploads\\\/2019\\\/01\\\/NY-Valokuvakeskus-logo-pieni.png\",\"contentUrl\":\"https:\\\/\\\/valokuvakeskusnykyaika.fi\\\/wp-content\\\/uploads\\\/2019\\\/01\\\/NY-Valokuvakeskus-logo-pieni.png\",\"width\":300,\"height\":314,\"caption\":\"Valokuvakeskus Nykyaika\"},\"image\":{\"@id\":\"https:\\\/\\\/valokuvakeskusnykyaika.fi\\\/#\\\/schema\\\/logo\\\/image\\\/\"},\"sameAs\":[\"https:\\\/\\\/www.facebook.com\\\/valokuvakeskus.nykyaika\\\/\",\"https:\\\/\\\/x.com\\\/nykyaika\",\"https:\\\/\\\/www.instagram.com\\\/nykyaika\\\/\"]},{\"@type\":\"Person\",\"@id\":\"https:\\\/\\\/valokuvakeskusnykyaika.fi\\\/#\\\/schema\\\/person\\\/41ef90f7d89984ccaca756c8d4241c19\",\"name\":\"info.nykyaika@backlight.fi\",\"url\":\"https:\\\/\\\/valokuvakeskusnykyaika.fi\\\/en\\\/author\\\/info-nykyaikabacklight-fi\\\/\"}]}<\/script>\n<!-- \/ Yoast SEO plugin. -->","yoast_head_json":{"title":"Nykyajan 40-vuotisjuhlan\u00e4yttely: Jatkot - Valokuvakeskus Nykyaika","robots":{"index":"index","follow":"follow","max-snippet":"max-snippet:-1","max-image-preview":"max-image-preview:large","max-video-preview":"max-video-preview:-1"},"canonical":"https:\/\/valokuvakeskusnykyaika.fi\/en\/nykyajan-40-vuotisjuhlanayttely-jatkot\/","og_locale":"en_GB","og_type":"article","og_title":"Nykyajan 40-vuotisjuhlan\u00e4yttely: Jatkot - Valokuvakeskus Nykyaika","og_description":"12.-31.10.2022 Galleria Nykyaika syntyi 1982 valokuvaajien ja taiteilijoiden tarpeesta luoda uusia n\u00e4yttelymahdollisuuksia nuorille taiteilijoille. 40 vuoden kuluessa siit\u00e4 on kasvanut merkitt\u00e4v\u00e4 n\u00e4yttelytoiminnan ja valokuvatapahtumien j\u00e4rjest\u00e4j\u00e4, sek\u00e4 keskustelun her\u00e4tt\u00e4j\u00e4 ja yll\u00e4pit\u00e4j\u00e4. Nykyajan 40. toimintavuotta juhlitaan syksyll\u00e4 2022 kolmen n\u00e4yttelyn sarjalla, joiden yhteen kokoava teema on juhlat. Kolmen n\u00e4yttelyn sarjan p\u00e4\u00e4tt\u00e4\u00e4 Jatkot-n\u00e4yttely Valokuvakeskus Nykyajassa lokakuussa. N\u00e4yttelyn ovat [&hellip;]","og_url":"https:\/\/valokuvakeskusnykyaika.fi\/en\/nykyajan-40-vuotisjuhlanayttely-jatkot\/","og_site_name":"Valokuvakeskus Nykyaika","article_publisher":"https:\/\/www.facebook.com\/valokuvakeskus.nykyaika\/","article_published_time":"2022-09-07T06:37:20+00:00","article_modified_time":"2022-11-05T09:28:24+00:00","og_image":[{"width":1826,"height":2355,"url":"https:\/\/valokuvakeskusnykyaika.fi\/wp-content\/uploads\/2022\/08\/Makinen_etanat_press-copy.jpg","type":"image\/jpeg"}],"author":"info.nykyaika@backlight.fi","twitter_card":"summary_large_image","twitter_creator":"@nykyaika","twitter_site":"@nykyaika","twitter_misc":{"Written by":"info.nykyaika@backlight.fi","Estimated reading time":"3 minutes"},"schema":{"@context":"https:\/\/schema.org","@graph":[{"@type":"Article","@id":"https:\/\/valokuvakeskusnykyaika.fi\/nykyajan-40-vuotisjuhlanayttely-jatkot\/#article","isPartOf":{"@id":"https:\/\/valokuvakeskusnykyaika.fi\/nykyajan-40-vuotisjuhlanayttely-jatkot\/"},"author":{"name":"info.nykyaika@backlight.fi","@id":"https:\/\/valokuvakeskusnykyaika.fi\/#\/schema\/person\/41ef90f7d89984ccaca756c8d4241c19"},"headline":"Nykyajan 40-vuotisjuhlan\u00e4yttely: Jatkot","datePublished":"2022-09-07T06:37:20+00:00","dateModified":"2022-11-05T09:28:24+00:00","mainEntityOfPage":{"@id":"https:\/\/valokuvakeskusnykyaika.fi\/nykyajan-40-vuotisjuhlanayttely-jatkot\/"},"wordCount":677,"publisher":{"@id":"https:\/\/valokuvakeskusnykyaika.fi\/#organization"},"image":{"@id":"https:\/\/valokuvakeskusnykyaika.fi\/nykyajan-40-vuotisjuhlanayttely-jatkot\/#primaryimage"},"thumbnailUrl":"https:\/\/valokuvakeskusnykyaika.fi\/wp-content\/uploads\/2022\/08\/Makinen_etanat_press-copy.jpg","articleSection":["Menneet"],"inLanguage":"en-GB"},{"@type":"WebPage","@id":"https:\/\/valokuvakeskusnykyaika.fi\/nykyajan-40-vuotisjuhlanayttely-jatkot\/","url":"https:\/\/valokuvakeskusnykyaika.fi\/nykyajan-40-vuotisjuhlanayttely-jatkot\/","name":"Nykyajan 40-vuotisjuhlan\u00e4yttely: Jatkot - Valokuvakeskus Nykyaika","isPartOf":{"@id":"https:\/\/valokuvakeskusnykyaika.fi\/#website"},"primaryImageOfPage":{"@id":"https:\/\/valokuvakeskusnykyaika.fi\/nykyajan-40-vuotisjuhlanayttely-jatkot\/#primaryimage"},"image":{"@id":"https:\/\/valokuvakeskusnykyaika.fi\/nykyajan-40-vuotisjuhlanayttely-jatkot\/#primaryimage"},"thumbnailUrl":"https:\/\/valokuvakeskusnykyaika.fi\/wp-content\/uploads\/2022\/08\/Makinen_etanat_press-copy.jpg","datePublished":"2022-09-07T06:37:20+00:00","dateModified":"2022-11-05T09:28:24+00:00","breadcrumb":{"@id":"https:\/\/valokuvakeskusnykyaika.fi\/nykyajan-40-vuotisjuhlanayttely-jatkot\/#breadcrumb"},"inLanguage":"en-GB","potentialAction":[{"@type":"ReadAction","target":["https:\/\/valokuvakeskusnykyaika.fi\/nykyajan-40-vuotisjuhlanayttely-jatkot\/"]}]},{"@type":"ImageObject","inLanguage":"en-GB","@id":"https:\/\/valokuvakeskusnykyaika.fi\/nykyajan-40-vuotisjuhlanayttely-jatkot\/#primaryimage","url":"https:\/\/valokuvakeskusnykyaika.fi\/wp-content\/uploads\/2022\/08\/Makinen_etanat_press-copy.jpg","contentUrl":"https:\/\/valokuvakeskusnykyaika.fi\/wp-content\/uploads\/2022\/08\/Makinen_etanat_press-copy.jpg","width":1826,"height":2355},{"@type":"BreadcrumbList","@id":"https:\/\/valokuvakeskusnykyaika.fi\/nykyajan-40-vuotisjuhlanayttely-jatkot\/#breadcrumb","itemListElement":[{"@type":"ListItem","position":1,"name":"Etusivu","item":"https:\/\/valokuvakeskusnykyaika.fi\/"},{"@type":"ListItem","position":2,"name":"Nykyajan 40-vuotisjuhlan\u00e4yttely: Jatkot"}]},{"@type":"WebSite","@id":"https:\/\/valokuvakeskusnykyaika.fi\/#website","url":"https:\/\/valokuvakeskusnykyaika.fi\/","name":"Photographic Centre Nykyaika","description":"Nykyaika on avoin kohtaamispaikka kaikille valokuvataiteen yst\u00e4ville","publisher":{"@id":"https:\/\/valokuvakeskusnykyaika.fi\/#organization"},"potentialAction":[{"@type":"SearchAction","target":{"@type":"EntryPoint","urlTemplate":"https:\/\/valokuvakeskusnykyaika.fi\/?s={search_term_string}"},"query-input":{"@type":"PropertyValueSpecification","valueRequired":true,"valueName":"search_term_string"}}],"inLanguage":"en-GB"},{"@type":"Organization","@id":"https:\/\/valokuvakeskusnykyaika.fi\/#organization","name":"Photographic Centre Nykyaika","url":"https:\/\/valokuvakeskusnykyaika.fi\/","logo":{"@type":"ImageObject","inLanguage":"en-GB","@id":"https:\/\/valokuvakeskusnykyaika.fi\/#\/schema\/logo\/image\/","url":"https:\/\/valokuvakeskusnykyaika.fi\/wp-content\/uploads\/2019\/01\/NY-Valokuvakeskus-logo-pieni.png","contentUrl":"https:\/\/valokuvakeskusnykyaika.fi\/wp-content\/uploads\/2019\/01\/NY-Valokuvakeskus-logo-pieni.png","width":300,"height":314,"caption":"Valokuvakeskus Nykyaika"},"image":{"@id":"https:\/\/valokuvakeskusnykyaika.fi\/#\/schema\/logo\/image\/"},"sameAs":["https:\/\/www.facebook.com\/valokuvakeskus.nykyaika\/","https:\/\/x.com\/nykyaika","https:\/\/www.instagram.com\/nykyaika\/"]},{"@type":"Person","@id":"https:\/\/valokuvakeskusnykyaika.fi\/#\/schema\/person\/41ef90f7d89984ccaca756c8d4241c19","name":"info.nykyaika@backlight.fi","url":"https:\/\/valokuvakeskusnykyaika.fi\/en\/author\/info-nykyaikabacklight-fi\/"}]}},"_links":{"self":[{"href":"https:\/\/valokuvakeskusnykyaika.fi\/en\/wp-json\/wp\/v2\/posts\/5496","targetHints":{"allow":["GET"]}}],"collection":[{"href":"https:\/\/valokuvakeskusnykyaika.fi\/en\/wp-json\/wp\/v2\/posts"}],"about":[{"href":"https:\/\/valokuvakeskusnykyaika.fi\/en\/wp-json\/wp\/v2\/types\/post"}],"author":[{"embeddable":true,"href":"https:\/\/valokuvakeskusnykyaika.fi\/en\/wp-json\/wp\/v2\/users\/6"}],"replies":[{"embeddable":true,"href":"https:\/\/valokuvakeskusnykyaika.fi\/en\/wp-json\/wp\/v2\/comments?post=5496"}],"version-history":[{"count":2,"href":"https:\/\/valokuvakeskusnykyaika.fi\/en\/wp-json\/wp\/v2\/posts\/5496\/revisions"}],"predecessor-version":[{"id":5524,"href":"https:\/\/valokuvakeskusnykyaika.fi\/en\/wp-json\/wp\/v2\/posts\/5496\/revisions\/5524"}],"wp:featuredmedia":[{"embeddable":true,"href":"https:\/\/valokuvakeskusnykyaika.fi\/en\/wp-json\/wp\/v2\/media\/5447"}],"wp:attachment":[{"href":"https:\/\/valokuvakeskusnykyaika.fi\/en\/wp-json\/wp\/v2\/media?parent=5496"}],"wp:term":[{"taxonomy":"category","embeddable":true,"href":"https:\/\/valokuvakeskusnykyaika.fi\/en\/wp-json\/wp\/v2\/categories?post=5496"},{"taxonomy":"post_tag","embeddable":true,"href":"https:\/\/valokuvakeskusnykyaika.fi\/en\/wp-json\/wp\/v2\/tags?post=5496"}],"curies":[{"name":"wp","href":"https:\/\/api.w.org\/{rel}","templated":true}]}}