{"id":5531,"date":"2022-10-29T11:55:40","date_gmt":"2022-10-29T08:55:40","guid":{"rendered":"https:\/\/valokuvakeskusnykyaika.fi\/?p=5531"},"modified":"2022-12-02T14:11:24","modified_gmt":"2022-12-02T12:11:24","slug":"jaana-rannikko-alkemisti","status":"publish","type":"post","link":"https:\/\/valokuvakeskusnykyaika.fi\/en\/jaana-rannikko-alkemisti\/","title":{"rendered":"Jaana Rannikko: Alkemisti"},"content":{"rendered":"<p>5.11.-28.11<\/p>\n\n\n\n<p><\/p>\n\n\n\n<p>Jaana Rannikon n\u00e4yttely Alkemisti tarkastelee ihmismielen ja -el\u00e4m\u00e4n moninaisuutta. Kerrokselliset teokset pohtivat ja kyseenalaistavat todellisuuden kokemustamme. Unenomaisuus ja sen p\u00e4\u00e4llekk\u00e4iset tasot kiinnostavat Rannikkoa, sill\u00e4 unissa voimme uida toisissa n\u00e4kymiss\u00e4 ja kokea ep\u00e4johdonmukaisia tunteita ja kokemuksia. Ep\u00e4todellisuus ilmenee Rannikon teoksissa, jotka sis\u00e4lt\u00e4v\u00e4t jopa kymmeni\u00e4 p\u00e4\u00e4llekk\u00e4isi\u00e4 kerroksia. Uni haastaa niiss\u00e4 todellisuuden.<\/p>\n\n\n\n<p>N\u00e4yttelyss\u00e4 esill\u00e4 olevat teokset muodostavat yhden kokonaisuuden. Kuvissa ihminen ja ihmisen teot toistuvat eri tavoin. Vaikka n\u00e4yttely ei varsinaisesti k\u00e4sittele muotokuvaa, voi teoksissa n\u00e4hd\u00e4 Rannikon kiinnostuksen muotokuvan historiaan. Esill\u00e4 olevaan n\u00e4yttelyyn h\u00e4n on purkanut muotokuvat osiin. Usein niist\u00e4 on poimittu k\u00e4si eri tavoin esitettyn\u00e4. K\u00e4si n\u00e4ytt\u00e4ytyy kuvissa auttavana, vastaanottavana ja kannattelevana.<\/p>\n\n\n\n<p>Magiikka, uni ja surrealismi ponnistavat teoksista vahvoina kuvallisina kokemuksina. Teosten v\u00e4rit tukevat unenomaista kokemusta. Ne ovat tummia ja sinert\u00e4vi\u00e4 tai vaaleita ja kuluneen oloisia, kiehtovalla tavalla vieraannuttavia. P\u00e4\u00e4llekk\u00e4in asetellut kuva-aiheet rakentavat maailmoja, joita voi kohdata vain unissa, silloin kun alitajunta raksuttaa ja j\u00e4sent\u00e4\u00e4 koettua. Nuoren naisen muotokuvassa h\u00e4nen rintakeh\u00e4\u00e4ns\u00e4 on asetettu kohdussa olevien kaksosten siki\u00f6t. Teosta katsoessa siki\u00f6iden olemassaolo muuttuu tunteeksi. Eri tunteiden maailmoiksi, joita kuljetamme syd\u00e4miss\u00e4mme. Naisen p\u00e4\u00e4n ymp\u00e4rille kiertyneet k\u00e4\u00e4rmeet ovat kuin h\u00e4nen hauras suruharsonsa. El\u00e4m\u00e4n kauneus ja karuus ottavat kuvissa muotonsa.<\/p>\n\n\n\n<p>Flora, fauna, silm\u00e4t, k\u00e4det ja ihminen niiden keskell\u00e4 kilvoittelevat teosten kuvastossa. Samoin el\u00e4m\u00e4n kiertokulku ja sen kokeminen. Kuvat ovat poeettisia unikuvia, jotka mahdollistavat unen kokemisen valoisaan aikaan. Rannikon kiinnostus historiaan n\u00e4kyy vahvasti kuvien aiheissa, sill\u00e4 ne eiv\u00e4t ole nykykuvastoa. Kuvien v\u00e4litt\u00e4m\u00e4 hiljainen informaatio on k\u00e4sin kosketeltavaa, kunhan sille uskaltaa antautua. Py\u00f6r\u00e4ytt\u00e4\u00e4 asiat v\u00e4h\u00e4n p\u00e4\u00e4laelleen ja avata k\u00e4mmenet ilmaan katsoen, josko sielt\u00e4 lehahtaisi perhonen kevyesti ilmaan. Monien silmien monistuessa samanaikaisesti taivaalle katsomaan ja ihmettelem\u00e4\u00e4n.<\/p>\n\n\n\n<p>Ulla-Maija Pitk\u00e4nen<\/p>\n\n\n\n<p>Jaana Rannikko (s.1978) on helsinkil\u00e4inen valokuvaaja sek\u00e4 kuvataiteilija. H\u00e4n valmistui taiteen maisteriksi Aalto-yliopiston Taideteollisen korkeakoulun valokuvataiteen koulutusohjelmasta vuonna 2010. Rannikko k\u00e4sittelee teoksissaan ihmisyyden, ajan ja paikan kerroksellisuutta sek\u00e4 niiden luomia verkostoja ja tarinallisuutta. H\u00e4nen ty\u00f6ss\u00e4\u00e4n toistuvia teemoja ovat kuvan ihme, arvoituksellisuus ja hiljaisuus.<\/p>\n\n\n\n<p>Ty\u00f6skentely\u00e4 ovat tukeneet Taiteen edist\u00e4miskeskus sek\u00e4 Alfred Kordelinin s\u00e4\u00e4ti\u00f6.<\/p>\n\n\n\n<p><\/p>\n\n\n\n<p>\/\/<\/p>\n\n\n\n<p><\/p>\n\n\n\n<p>Jaana Rannikko\u2019s exhibition The Alchemist examines the diversity of the human mind and life. The layered works ponder and question our experience of reality. Rannikko is interested in dreaminess and its overlapping levels, because in sleep we can swim in other scenes and experience inconsistent feelings and experiences. Unreality manifests itself in Rannikko&#8217;s works, which contain up to dozens of overlapping layers. In them, dreams challenge reality.<\/p>\n\n\n\n<p>The works on display form a single entity. In the images, human beings and their actions are repeated in different ways. Although the exhibition does not actually deal with portraiture, you can see Rannikko&#8217;s interest in the history of it. For the current exhibition, she has disassembled the portraits into parts. Often, a hand has been extracted and presented in different ways. The hand appears in the pictures as helping, receiving and supporting.<\/p>\n\n\n\n<p>Magic, dreams and Surrealism emerge from the works as strong visual experiences. The colors of the works support the dreamlike experience. They are dark and bluish or pale and worn, intriguingly alienating. The superimposed visual motifs build worlds that can only be encountered in dreams, where the subconscious processes and structures things that have been experienced. In the portrait of a young woman, the fetuses of twins in the womb are placed on her chest. Looking at the work, the existence of the fetuses becomes a feeling. They turn into worlds of different emotions that we carry in our hearts. The snakes wrapped around the woman&#8217;s head are like her fragile mourning cloth. The beauty and harshness of life take shape in the images.<\/p>\n\n\n\n<p>Flora, fauna, eyes, hands &#8211; and human beings in the midst of them &#8211; compete in the imagery of the works. As do the cycle of life and the experiences originating from it. The works are poetic dream images that allow you to experience dreams during the daylight. Rannikko&#8217;s interest in history is strongly reNlected in the subjects of the pictures, as they are not contemporary images. The silent information conveyed by the pictures is palpable, as long as you dare to surrender to it. Turn things upside down a bit and open your palms to see if a butterNly Nlutters lightly into the air. With many eyes multiplying in unison into the sky to view and wonder.<\/p>\n\n\n\n<p>Ulla-Maija Pitk\u00e4nen<\/p>\n\n\n\n<p>Jaana Rannikko (b. 1978) is a photographer and visual artist from Helsinki. She graduated with a Master of Arts degree from Aalto University&#8217;s University of Art and Design Helsinki&#8217;s Degree Programme in Photography in 2010. In her works, Rannikko deals with the layered nature of humanity, time and place, as well as the networks and storytelling created by them. Recurring themes in her work are the miracle, mystery and silence of the image.<\/p>\n\n\n\n<p>The work has been supported by the Arts Promotion Centre Finland and the Alfred Kordelin Foundation.<\/p>","protected":false},"excerpt":{"rendered":"<p>5.11.-28.11 Jaana Rannikon n\u00e4yttely Alkemisti tarkastelee ihmismielen ja -el\u00e4m\u00e4n moninaisuutta. Kerrokselliset teokset pohtivat ja kyseenalaistavat todellisuuden kokemustamme. Unenomaisuus ja sen p\u00e4\u00e4llekk\u00e4iset tasot kiinnostavat Rannikkoa, sill\u00e4 unissa voimme uida toisissa n\u00e4kymiss\u00e4 ja kokea ep\u00e4johdonmukaisia tunteita ja kokemuksia. Ep\u00e4todellisuus ilmenee Rannikon teoksissa, jotka sis\u00e4lt\u00e4v\u00e4t jopa kymmeni\u00e4 p\u00e4\u00e4llekk\u00e4isi\u00e4 kerroksia. Uni haastaa niiss\u00e4 todellisuuden. N\u00e4yttelyss\u00e4 esill\u00e4 olevat teokset muodostavat [&hellip;]<\/p>\n","protected":false},"author":6,"featured_media":5533,"comment_status":"closed","ping_status":"closed","sticky":false,"template":"","format":"standard","meta":{"iawp_total_views":26,"footnotes":""},"categories":[4],"tags":[],"class_list":["post-5531","post","type-post","status-publish","format-standard","has-post-thumbnail","hentry","category-menneet"],"yoast_head":"<!-- This site is optimized with the Yoast SEO plugin v27.5 - https:\/\/yoast.com\/product\/yoast-seo-wordpress\/ -->\n<title>Jaana Rannikko: Alkemisti - Valokuvakeskus Nykyaika<\/title>\n<meta name=\"robots\" content=\"index, follow, max-snippet:-1, max-image-preview:large, max-video-preview:-1\" \/>\n<link rel=\"canonical\" href=\"https:\/\/valokuvakeskusnykyaika.fi\/en\/jaana-rannikko-alkemisti\/\" \/>\n<meta property=\"og:locale\" content=\"en_GB\" \/>\n<meta property=\"og:type\" content=\"article\" \/>\n<meta property=\"og:title\" content=\"Jaana Rannikko: Alkemisti - Valokuvakeskus Nykyaika\" \/>\n<meta property=\"og:description\" content=\"5.11.-28.11 Jaana Rannikon n\u00e4yttely Alkemisti tarkastelee ihmismielen ja -el\u00e4m\u00e4n moninaisuutta. Kerrokselliset teokset pohtivat ja kyseenalaistavat todellisuuden kokemustamme. Unenomaisuus ja sen p\u00e4\u00e4llekk\u00e4iset tasot kiinnostavat Rannikkoa, sill\u00e4 unissa voimme uida toisissa n\u00e4kymiss\u00e4 ja kokea ep\u00e4johdonmukaisia tunteita ja kokemuksia. Ep\u00e4todellisuus ilmenee Rannikon teoksissa, jotka sis\u00e4lt\u00e4v\u00e4t jopa kymmeni\u00e4 p\u00e4\u00e4llekk\u00e4isi\u00e4 kerroksia. Uni haastaa niiss\u00e4 todellisuuden. N\u00e4yttelyss\u00e4 esill\u00e4 olevat teokset muodostavat [&hellip;]\" \/>\n<meta property=\"og:url\" content=\"https:\/\/valokuvakeskusnykyaika.fi\/en\/jaana-rannikko-alkemisti\/\" \/>\n<meta property=\"og:site_name\" content=\"Valokuvakeskus Nykyaika\" \/>\n<meta property=\"article:publisher\" content=\"https:\/\/www.facebook.com\/valokuvakeskus.nykyaika\/\" \/>\n<meta property=\"article:published_time\" content=\"2022-10-29T08:55:40+00:00\" \/>\n<meta property=\"article:modified_time\" content=\"2022-12-02T12:11:24+00:00\" \/>\n<meta property=\"og:image\" content=\"https:\/\/valokuvakeskusnykyaika.fi\/wp-content\/uploads\/2022\/10\/KUUNPIMENNYS-2022-\u2013-Jaana-Rannikko-465x640.jpg\" \/>\n\t<meta property=\"og:image:width\" content=\"465\" \/>\n\t<meta property=\"og:image:height\" content=\"640\" \/>\n\t<meta property=\"og:image:type\" content=\"image\/jpeg\" \/>\n<meta name=\"author\" content=\"info.nykyaika@backlight.fi\" \/>\n<meta name=\"twitter:card\" content=\"summary_large_image\" \/>\n<meta name=\"twitter:creator\" content=\"@nykyaika\" \/>\n<meta name=\"twitter:site\" content=\"@nykyaika\" \/>\n<meta name=\"twitter:label1\" content=\"Written by\" \/>\n\t<meta name=\"twitter:data1\" content=\"info.nykyaika@backlight.fi\" \/>\n\t<meta name=\"twitter:label2\" content=\"Estimated reading time\" \/>\n\t<meta name=\"twitter:data2\" content=\"4 minutes\" \/>\n<script type=\"application\/ld+json\" class=\"yoast-schema-graph\">{\"@context\":\"https:\\\/\\\/schema.org\",\"@graph\":[{\"@type\":\"Article\",\"@id\":\"https:\\\/\\\/valokuvakeskusnykyaika.fi\\\/jaana-rannikko-alkemisti\\\/#article\",\"isPartOf\":{\"@id\":\"https:\\\/\\\/valokuvakeskusnykyaika.fi\\\/jaana-rannikko-alkemisti\\\/\"},\"author\":{\"name\":\"info.nykyaika@backlight.fi\",\"@id\":\"https:\\\/\\\/valokuvakeskusnykyaika.fi\\\/#\\\/schema\\\/person\\\/41ef90f7d89984ccaca756c8d4241c19\"},\"headline\":\"Jaana Rannikko: Alkemisti\",\"datePublished\":\"2022-10-29T08:55:40+00:00\",\"dateModified\":\"2022-12-02T12:11:24+00:00\",\"mainEntityOfPage\":{\"@id\":\"https:\\\/\\\/valokuvakeskusnykyaika.fi\\\/jaana-rannikko-alkemisti\\\/\"},\"wordCount\":853,\"publisher\":{\"@id\":\"https:\\\/\\\/valokuvakeskusnykyaika.fi\\\/#organization\"},\"image\":{\"@id\":\"https:\\\/\\\/valokuvakeskusnykyaika.fi\\\/jaana-rannikko-alkemisti\\\/#primaryimage\"},\"thumbnailUrl\":\"https:\\\/\\\/valokuvakeskusnykyaika.fi\\\/wp-content\\\/uploads\\\/2022\\\/10\\\/KUUNPIMENNYS-2022-\u2013-Jaana-Rannikko.jpg\",\"articleSection\":[\"Menneet\"],\"inLanguage\":\"en-GB\"},{\"@type\":\"WebPage\",\"@id\":\"https:\\\/\\\/valokuvakeskusnykyaika.fi\\\/jaana-rannikko-alkemisti\\\/\",\"url\":\"https:\\\/\\\/valokuvakeskusnykyaika.fi\\\/jaana-rannikko-alkemisti\\\/\",\"name\":\"Jaana Rannikko: Alkemisti - Valokuvakeskus Nykyaika\",\"isPartOf\":{\"@id\":\"https:\\\/\\\/valokuvakeskusnykyaika.fi\\\/#website\"},\"primaryImageOfPage\":{\"@id\":\"https:\\\/\\\/valokuvakeskusnykyaika.fi\\\/jaana-rannikko-alkemisti\\\/#primaryimage\"},\"image\":{\"@id\":\"https:\\\/\\\/valokuvakeskusnykyaika.fi\\\/jaana-rannikko-alkemisti\\\/#primaryimage\"},\"thumbnailUrl\":\"https:\\\/\\\/valokuvakeskusnykyaika.fi\\\/wp-content\\\/uploads\\\/2022\\\/10\\\/KUUNPIMENNYS-2022-\u2013-Jaana-Rannikko.jpg\",\"datePublished\":\"2022-10-29T08:55:40+00:00\",\"dateModified\":\"2022-12-02T12:11:24+00:00\",\"breadcrumb\":{\"@id\":\"https:\\\/\\\/valokuvakeskusnykyaika.fi\\\/jaana-rannikko-alkemisti\\\/#breadcrumb\"},\"inLanguage\":\"en-GB\",\"potentialAction\":[{\"@type\":\"ReadAction\",\"target\":[\"https:\\\/\\\/valokuvakeskusnykyaika.fi\\\/jaana-rannikko-alkemisti\\\/\"]}]},{\"@type\":\"ImageObject\",\"inLanguage\":\"en-GB\",\"@id\":\"https:\\\/\\\/valokuvakeskusnykyaika.fi\\\/jaana-rannikko-alkemisti\\\/#primaryimage\",\"url\":\"https:\\\/\\\/valokuvakeskusnykyaika.fi\\\/wp-content\\\/uploads\\\/2022\\\/10\\\/KUUNPIMENNYS-2022-\u2013-Jaana-Rannikko.jpg\",\"contentUrl\":\"https:\\\/\\\/valokuvakeskusnykyaika.fi\\\/wp-content\\\/uploads\\\/2022\\\/10\\\/KUUNPIMENNYS-2022-\u2013-Jaana-Rannikko.jpg\",\"width\":1715,\"height\":2362},{\"@type\":\"BreadcrumbList\",\"@id\":\"https:\\\/\\\/valokuvakeskusnykyaika.fi\\\/jaana-rannikko-alkemisti\\\/#breadcrumb\",\"itemListElement\":[{\"@type\":\"ListItem\",\"position\":1,\"name\":\"Etusivu\",\"item\":\"https:\\\/\\\/valokuvakeskusnykyaika.fi\\\/\"},{\"@type\":\"ListItem\",\"position\":2,\"name\":\"Jaana Rannikko: Alkemisti\"}]},{\"@type\":\"WebSite\",\"@id\":\"https:\\\/\\\/valokuvakeskusnykyaika.fi\\\/#website\",\"url\":\"https:\\\/\\\/valokuvakeskusnykyaika.fi\\\/\",\"name\":\"Valokuvakeskus Nykyaika\",\"description\":\"Nykyaika on avoin kohtaamispaikka kaikille valokuvataiteen yst\u00e4ville\",\"publisher\":{\"@id\":\"https:\\\/\\\/valokuvakeskusnykyaika.fi\\\/#organization\"},\"potentialAction\":[{\"@type\":\"SearchAction\",\"target\":{\"@type\":\"EntryPoint\",\"urlTemplate\":\"https:\\\/\\\/valokuvakeskusnykyaika.fi\\\/?s={search_term_string}\"},\"query-input\":{\"@type\":\"PropertyValueSpecification\",\"valueRequired\":true,\"valueName\":\"search_term_string\"}}],\"inLanguage\":\"en-GB\"},{\"@type\":\"Organization\",\"@id\":\"https:\\\/\\\/valokuvakeskusnykyaika.fi\\\/#organization\",\"name\":\"Valokuvakeskus Nykyaika\",\"url\":\"https:\\\/\\\/valokuvakeskusnykyaika.fi\\\/\",\"logo\":{\"@type\":\"ImageObject\",\"inLanguage\":\"en-GB\",\"@id\":\"https:\\\/\\\/valokuvakeskusnykyaika.fi\\\/#\\\/schema\\\/logo\\\/image\\\/\",\"url\":\"https:\\\/\\\/valokuvakeskusnykyaika.fi\\\/wp-content\\\/uploads\\\/2019\\\/01\\\/NY-Valokuvakeskus-logo-pieni.png\",\"contentUrl\":\"https:\\\/\\\/valokuvakeskusnykyaika.fi\\\/wp-content\\\/uploads\\\/2019\\\/01\\\/NY-Valokuvakeskus-logo-pieni.png\",\"width\":300,\"height\":314,\"caption\":\"Valokuvakeskus Nykyaika\"},\"image\":{\"@id\":\"https:\\\/\\\/valokuvakeskusnykyaika.fi\\\/#\\\/schema\\\/logo\\\/image\\\/\"},\"sameAs\":[\"https:\\\/\\\/www.facebook.com\\\/valokuvakeskus.nykyaika\\\/\",\"https:\\\/\\\/x.com\\\/nykyaika\",\"https:\\\/\\\/www.instagram.com\\\/nykyaika\\\/\"]},{\"@type\":\"Person\",\"@id\":\"https:\\\/\\\/valokuvakeskusnykyaika.fi\\\/#\\\/schema\\\/person\\\/41ef90f7d89984ccaca756c8d4241c19\",\"name\":\"info.nykyaika@backlight.fi\",\"url\":\"https:\\\/\\\/valokuvakeskusnykyaika.fi\\\/en\\\/author\\\/info-nykyaikabacklight-fi\\\/\"}]}<\/script>\n<!-- \/ Yoast SEO plugin. -->","yoast_head_json":{"title":"Jaana Rannikko: Alkemisti - Valokuvakeskus Nykyaika","robots":{"index":"index","follow":"follow","max-snippet":"max-snippet:-1","max-image-preview":"max-image-preview:large","max-video-preview":"max-video-preview:-1"},"canonical":"https:\/\/valokuvakeskusnykyaika.fi\/en\/jaana-rannikko-alkemisti\/","og_locale":"en_GB","og_type":"article","og_title":"Jaana Rannikko: Alkemisti - Valokuvakeskus Nykyaika","og_description":"5.11.-28.11 Jaana Rannikon n\u00e4yttely Alkemisti tarkastelee ihmismielen ja -el\u00e4m\u00e4n moninaisuutta. Kerrokselliset teokset pohtivat ja kyseenalaistavat todellisuuden kokemustamme. Unenomaisuus ja sen p\u00e4\u00e4llekk\u00e4iset tasot kiinnostavat Rannikkoa, sill\u00e4 unissa voimme uida toisissa n\u00e4kymiss\u00e4 ja kokea ep\u00e4johdonmukaisia tunteita ja kokemuksia. Ep\u00e4todellisuus ilmenee Rannikon teoksissa, jotka sis\u00e4lt\u00e4v\u00e4t jopa kymmeni\u00e4 p\u00e4\u00e4llekk\u00e4isi\u00e4 kerroksia. Uni haastaa niiss\u00e4 todellisuuden. N\u00e4yttelyss\u00e4 esill\u00e4 olevat teokset muodostavat [&hellip;]","og_url":"https:\/\/valokuvakeskusnykyaika.fi\/en\/jaana-rannikko-alkemisti\/","og_site_name":"Valokuvakeskus Nykyaika","article_publisher":"https:\/\/www.facebook.com\/valokuvakeskus.nykyaika\/","article_published_time":"2022-10-29T08:55:40+00:00","article_modified_time":"2022-12-02T12:11:24+00:00","og_image":[{"width":465,"height":640,"url":"https:\/\/valokuvakeskusnykyaika.fi\/wp-content\/uploads\/2022\/10\/KUUNPIMENNYS-2022-\u2013-Jaana-Rannikko-465x640.jpg","type":"image\/jpeg"}],"author":"info.nykyaika@backlight.fi","twitter_card":"summary_large_image","twitter_creator":"@nykyaika","twitter_site":"@nykyaika","twitter_misc":{"Written by":"info.nykyaika@backlight.fi","Estimated reading time":"4 minutes"},"schema":{"@context":"https:\/\/schema.org","@graph":[{"@type":"Article","@id":"https:\/\/valokuvakeskusnykyaika.fi\/jaana-rannikko-alkemisti\/#article","isPartOf":{"@id":"https:\/\/valokuvakeskusnykyaika.fi\/jaana-rannikko-alkemisti\/"},"author":{"name":"info.nykyaika@backlight.fi","@id":"https:\/\/valokuvakeskusnykyaika.fi\/#\/schema\/person\/41ef90f7d89984ccaca756c8d4241c19"},"headline":"Jaana Rannikko: Alkemisti","datePublished":"2022-10-29T08:55:40+00:00","dateModified":"2022-12-02T12:11:24+00:00","mainEntityOfPage":{"@id":"https:\/\/valokuvakeskusnykyaika.fi\/jaana-rannikko-alkemisti\/"},"wordCount":853,"publisher":{"@id":"https:\/\/valokuvakeskusnykyaika.fi\/#organization"},"image":{"@id":"https:\/\/valokuvakeskusnykyaika.fi\/jaana-rannikko-alkemisti\/#primaryimage"},"thumbnailUrl":"https:\/\/valokuvakeskusnykyaika.fi\/wp-content\/uploads\/2022\/10\/KUUNPIMENNYS-2022-\u2013-Jaana-Rannikko.jpg","articleSection":["Menneet"],"inLanguage":"en-GB"},{"@type":"WebPage","@id":"https:\/\/valokuvakeskusnykyaika.fi\/jaana-rannikko-alkemisti\/","url":"https:\/\/valokuvakeskusnykyaika.fi\/jaana-rannikko-alkemisti\/","name":"Jaana Rannikko: Alkemisti - Valokuvakeskus Nykyaika","isPartOf":{"@id":"https:\/\/valokuvakeskusnykyaika.fi\/#website"},"primaryImageOfPage":{"@id":"https:\/\/valokuvakeskusnykyaika.fi\/jaana-rannikko-alkemisti\/#primaryimage"},"image":{"@id":"https:\/\/valokuvakeskusnykyaika.fi\/jaana-rannikko-alkemisti\/#primaryimage"},"thumbnailUrl":"https:\/\/valokuvakeskusnykyaika.fi\/wp-content\/uploads\/2022\/10\/KUUNPIMENNYS-2022-\u2013-Jaana-Rannikko.jpg","datePublished":"2022-10-29T08:55:40+00:00","dateModified":"2022-12-02T12:11:24+00:00","breadcrumb":{"@id":"https:\/\/valokuvakeskusnykyaika.fi\/jaana-rannikko-alkemisti\/#breadcrumb"},"inLanguage":"en-GB","potentialAction":[{"@type":"ReadAction","target":["https:\/\/valokuvakeskusnykyaika.fi\/jaana-rannikko-alkemisti\/"]}]},{"@type":"ImageObject","inLanguage":"en-GB","@id":"https:\/\/valokuvakeskusnykyaika.fi\/jaana-rannikko-alkemisti\/#primaryimage","url":"https:\/\/valokuvakeskusnykyaika.fi\/wp-content\/uploads\/2022\/10\/KUUNPIMENNYS-2022-\u2013-Jaana-Rannikko.jpg","contentUrl":"https:\/\/valokuvakeskusnykyaika.fi\/wp-content\/uploads\/2022\/10\/KUUNPIMENNYS-2022-\u2013-Jaana-Rannikko.jpg","width":1715,"height":2362},{"@type":"BreadcrumbList","@id":"https:\/\/valokuvakeskusnykyaika.fi\/jaana-rannikko-alkemisti\/#breadcrumb","itemListElement":[{"@type":"ListItem","position":1,"name":"Etusivu","item":"https:\/\/valokuvakeskusnykyaika.fi\/"},{"@type":"ListItem","position":2,"name":"Jaana Rannikko: Alkemisti"}]},{"@type":"WebSite","@id":"https:\/\/valokuvakeskusnykyaika.fi\/#website","url":"https:\/\/valokuvakeskusnykyaika.fi\/","name":"Photographic Centre Nykyaika","description":"Nykyaika on avoin kohtaamispaikka kaikille valokuvataiteen yst\u00e4ville","publisher":{"@id":"https:\/\/valokuvakeskusnykyaika.fi\/#organization"},"potentialAction":[{"@type":"SearchAction","target":{"@type":"EntryPoint","urlTemplate":"https:\/\/valokuvakeskusnykyaika.fi\/?s={search_term_string}"},"query-input":{"@type":"PropertyValueSpecification","valueRequired":true,"valueName":"search_term_string"}}],"inLanguage":"en-GB"},{"@type":"Organization","@id":"https:\/\/valokuvakeskusnykyaika.fi\/#organization","name":"Photographic Centre Nykyaika","url":"https:\/\/valokuvakeskusnykyaika.fi\/","logo":{"@type":"ImageObject","inLanguage":"en-GB","@id":"https:\/\/valokuvakeskusnykyaika.fi\/#\/schema\/logo\/image\/","url":"https:\/\/valokuvakeskusnykyaika.fi\/wp-content\/uploads\/2019\/01\/NY-Valokuvakeskus-logo-pieni.png","contentUrl":"https:\/\/valokuvakeskusnykyaika.fi\/wp-content\/uploads\/2019\/01\/NY-Valokuvakeskus-logo-pieni.png","width":300,"height":314,"caption":"Valokuvakeskus Nykyaika"},"image":{"@id":"https:\/\/valokuvakeskusnykyaika.fi\/#\/schema\/logo\/image\/"},"sameAs":["https:\/\/www.facebook.com\/valokuvakeskus.nykyaika\/","https:\/\/x.com\/nykyaika","https:\/\/www.instagram.com\/nykyaika\/"]},{"@type":"Person","@id":"https:\/\/valokuvakeskusnykyaika.fi\/#\/schema\/person\/41ef90f7d89984ccaca756c8d4241c19","name":"info.nykyaika@backlight.fi","url":"https:\/\/valokuvakeskusnykyaika.fi\/en\/author\/info-nykyaikabacklight-fi\/"}]}},"_links":{"self":[{"href":"https:\/\/valokuvakeskusnykyaika.fi\/en\/wp-json\/wp\/v2\/posts\/5531","targetHints":{"allow":["GET"]}}],"collection":[{"href":"https:\/\/valokuvakeskusnykyaika.fi\/en\/wp-json\/wp\/v2\/posts"}],"about":[{"href":"https:\/\/valokuvakeskusnykyaika.fi\/en\/wp-json\/wp\/v2\/types\/post"}],"author":[{"embeddable":true,"href":"https:\/\/valokuvakeskusnykyaika.fi\/en\/wp-json\/wp\/v2\/users\/6"}],"replies":[{"embeddable":true,"href":"https:\/\/valokuvakeskusnykyaika.fi\/en\/wp-json\/wp\/v2\/comments?post=5531"}],"version-history":[{"count":2,"href":"https:\/\/valokuvakeskusnykyaika.fi\/en\/wp-json\/wp\/v2\/posts\/5531\/revisions"}],"predecessor-version":[{"id":5549,"href":"https:\/\/valokuvakeskusnykyaika.fi\/en\/wp-json\/wp\/v2\/posts\/5531\/revisions\/5549"}],"wp:featuredmedia":[{"embeddable":true,"href":"https:\/\/valokuvakeskusnykyaika.fi\/en\/wp-json\/wp\/v2\/media\/5533"}],"wp:attachment":[{"href":"https:\/\/valokuvakeskusnykyaika.fi\/en\/wp-json\/wp\/v2\/media?parent=5531"}],"wp:term":[{"taxonomy":"category","embeddable":true,"href":"https:\/\/valokuvakeskusnykyaika.fi\/en\/wp-json\/wp\/v2\/categories?post=5531"},{"taxonomy":"post_tag","embeddable":true,"href":"https:\/\/valokuvakeskusnykyaika.fi\/en\/wp-json\/wp\/v2\/tags?post=5531"}],"curies":[{"name":"wp","href":"https:\/\/api.w.org\/{rel}","templated":true}]}}