{"id":5578,"date":"2022-12-16T12:27:48","date_gmt":"2022-12-16T10:27:48","guid":{"rendered":"https:\/\/valokuvakeskusnykyaika.fi\/?p=5578"},"modified":"2023-02-11T13:32:53","modified_gmt":"2023-02-11T11:32:53","slug":"ari-jaaksi-hameenkatu","status":"publish","type":"post","link":"https:\/\/valokuvakeskusnykyaika.fi\/en\/ari-jaaksi-hameenkatu\/","title":{"rendered":"Ari Jaaksi: H\u00e4meenkatu"},"content":{"rendered":"<p>7.1-6.2<\/p>\n\n\n\n<p><\/p>\n\n\n\n<p>H\u00e4meenkadusta tuli Tampereen p\u00e4\u00e4katu vuoden 1865 palon seurauksena, kun katu kaavoitettiin leve\u00e4ksi paloesteeksi keskelle kaupunkia. Aivan viime vuosina H\u00e4meenkatu on j\u00e4lleen muuttunut, ja siit\u00e4 onkin tullut sangen kuvauksellinen. Kadun perspektiivi on upea, ja l\u00e4hes autottomana se tarjoaa mielenkiintoisen kaupunkin\u00e4kym\u00e4n. Tuntuu, kuin aika olisi H\u00e4meenkadulla pys\u00e4htynyt, ja t\u00e4m\u00e4n pys\u00e4htyneisyyden olen halunnut kuvata.<\/p>\n\n\n\n<p>Kuvaan filmille ja vedostan kuvani perinteisesti hopeagelatiinivedoksiksi. Ty\u00f6skentelen paljon ohjelmistojen ja korkean teknologian parissa, ja n\u00e4in perinteinen valokuvaaminen antaa minulle t\u00e4h\u00e4n oivan vastapainon. Itselleni onkin t\u00e4rke\u00e4\u00e4, ett\u00e4 k\u00e4sin tekeminen n\u00e4kyy lopputuloksessa.<\/p>\n\n\n\n<p>Olen kuvannut n\u00e4yttelyn valokuvat vanhoilla Rolleiflex, Hasselblad ja Graflex keski- ja isoformaatin kameroilla, ja vedostanut ne perinteiselle kuitupaperille. Olen vedoksissani hakenut kaikuja menneest\u00e4 Tampereesta, tuoreen lumen tuoksua, ja yh\u00e4 melko pienen maalaiskaupungin tunnelmaa.&nbsp;<\/p>\n\n\n\n<p>\u2014&nbsp;<\/p>\n\n\n\n<p>Ari Jaaksi on tamperelainen valokuvataiteilija. H\u00e4n v\u00e4itteli tekniikan tohtoriksi Tampereen Teknillisest\u00e4 Korkeakoulusta, asui vuosikymmenen Yhdysvalloissa ja palasi takaisin Tampereelle muutama vuosi sitten. Arilla on takanaan pitk\u00e4 ura erilaisten korkean teknologian yritysten johtoteht\u00e4viss\u00e4, mutta valokuvataitelijana h\u00e4n on tuoreempi tuttavuus. H\u00e4meenkatu on Arin nelj\u00e4s yksityisn\u00e4yttely.&nbsp;<\/p>\n\n\n\n<p><br> \/\/\/<\/p>\n\n\n\n<p><\/p>\n\n\n\n<p>H\u00e4meenkatu is the main street of my hometown, Tampere. It is a byproduct of the 1865 fire after which a new wider road was created as a fire barrier. Recently H\u00e4meenkatu has seen a major transformation becoming even more pictorial. It has a great perspective and now without cars, provides an exciting city view. It feels like time on H\u00e4meenkatu has stopped, and that is exactly what I wanted to photograph.<\/p>\n\n\n\n<p>I shoot on film and print silver gelatin prints. I work a lot with software and high-tech, and analog photography provides a marvelous counterpoint to that. It is thus important for me that the handmade process shows in the final images.<\/p>\n\n\n\n<p>I took these pictures with old Rolleiflex, Hasselblad, and Graflex medium and large format cameras, and printed them on fiber-based photo paper. In my prints, I wanted to capture the echoes of old Tampere, the smell of fresh snow, and the atmosphere of a still relatively small country town.&nbsp;<\/p>\n\n\n\n<p>\u2014&#8211;<\/p>\n\n\n\n<p>Ari Jaaksi is a photo artist from Tampere, Finland. He received his Ph.D. in Software Engineering from the University of Technology, Tampere, lived a decade in the US, and moved back to his hometown a few years ago. Ari has a long international career as a high-tech executive, but as a photo artist, he is a more recent discovery. H\u00e4meenkatu is his fourth solo exhibition.<\/p>","protected":false},"excerpt":{"rendered":"<p>7.1-6.2 H\u00e4meenkadusta tuli Tampereen p\u00e4\u00e4katu vuoden 1865 palon seurauksena, kun katu kaavoitettiin leve\u00e4ksi paloesteeksi keskelle kaupunkia. Aivan viime vuosina H\u00e4meenkatu on j\u00e4lleen muuttunut, ja siit\u00e4 onkin tullut sangen kuvauksellinen. Kadun perspektiivi on upea, ja l\u00e4hes autottomana se tarjoaa mielenkiintoisen kaupunkin\u00e4kym\u00e4n. Tuntuu, kuin aika olisi H\u00e4meenkadulla pys\u00e4htynyt, ja t\u00e4m\u00e4n pys\u00e4htyneisyyden olen halunnut kuvata. Kuvaan filmille ja [&hellip;]<\/p>\n","protected":false},"author":6,"featured_media":5579,"comment_status":"closed","ping_status":"closed","sticky":false,"template":"","format":"standard","meta":{"iawp_total_views":216,"footnotes":""},"categories":[4],"tags":[],"class_list":["post-5578","post","type-post","status-publish","format-standard","has-post-thumbnail","hentry","category-menneet"],"yoast_head":"<!-- This site is optimized with the Yoast SEO plugin v27.5 - https:\/\/yoast.com\/product\/yoast-seo-wordpress\/ -->\n<title>Ari Jaaksi: H\u00e4meenkatu - Valokuvakeskus Nykyaika<\/title>\n<meta name=\"robots\" content=\"index, follow, max-snippet:-1, max-image-preview:large, max-video-preview:-1\" \/>\n<link rel=\"canonical\" href=\"https:\/\/valokuvakeskusnykyaika.fi\/en\/ari-jaaksi-hameenkatu\/\" \/>\n<meta property=\"og:locale\" content=\"en_GB\" \/>\n<meta property=\"og:type\" content=\"article\" \/>\n<meta property=\"og:title\" content=\"Ari Jaaksi: H\u00e4meenkatu - Valokuvakeskus Nykyaika\" \/>\n<meta property=\"og:description\" content=\"7.1-6.2 H\u00e4meenkadusta tuli Tampereen p\u00e4\u00e4katu vuoden 1865 palon seurauksena, kun katu kaavoitettiin leve\u00e4ksi paloesteeksi keskelle kaupunkia. Aivan viime vuosina H\u00e4meenkatu on j\u00e4lleen muuttunut, ja siit\u00e4 onkin tullut sangen kuvauksellinen. Kadun perspektiivi on upea, ja l\u00e4hes autottomana se tarjoaa mielenkiintoisen kaupunkin\u00e4kym\u00e4n. Tuntuu, kuin aika olisi H\u00e4meenkadulla pys\u00e4htynyt, ja t\u00e4m\u00e4n pys\u00e4htyneisyyden olen halunnut kuvata. Kuvaan filmille ja [&hellip;]\" \/>\n<meta property=\"og:url\" content=\"https:\/\/valokuvakeskusnykyaika.fi\/en\/ari-jaaksi-hameenkatu\/\" \/>\n<meta property=\"og:site_name\" content=\"Valokuvakeskus Nykyaika\" \/>\n<meta property=\"article:publisher\" content=\"https:\/\/www.facebook.com\/valokuvakeskus.nykyaika\/\" \/>\n<meta property=\"article:published_time\" content=\"2022-12-16T10:27:48+00:00\" \/>\n<meta property=\"article:modified_time\" content=\"2023-02-11T11:32:53+00:00\" \/>\n<meta property=\"og:image\" content=\"https:\/\/valokuvakeskusnykyaika.fi\/wp-content\/uploads\/2022\/12\/Jaaksi_Hameenkatu_4_1000px.jpg\" \/>\n\t<meta property=\"og:image:width\" content=\"1000\" \/>\n\t<meta property=\"og:image:height\" content=\"800\" \/>\n\t<meta property=\"og:image:type\" content=\"image\/jpeg\" \/>\n<meta name=\"author\" content=\"info.nykyaika@backlight.fi\" \/>\n<meta name=\"twitter:card\" content=\"summary_large_image\" \/>\n<meta name=\"twitter:creator\" content=\"@nykyaika\" \/>\n<meta name=\"twitter:site\" content=\"@nykyaika\" \/>\n<meta name=\"twitter:label1\" content=\"Written by\" \/>\n\t<meta name=\"twitter:data1\" content=\"info.nykyaika@backlight.fi\" \/>\n\t<meta name=\"twitter:label2\" content=\"Estimated reading time\" \/>\n\t<meta name=\"twitter:data2\" content=\"2 minutes\" \/>\n<script type=\"application\/ld+json\" class=\"yoast-schema-graph\">{\"@context\":\"https:\\\/\\\/schema.org\",\"@graph\":[{\"@type\":\"Article\",\"@id\":\"https:\\\/\\\/valokuvakeskusnykyaika.fi\\\/ari-jaaksi-hameenkatu\\\/#article\",\"isPartOf\":{\"@id\":\"https:\\\/\\\/valokuvakeskusnykyaika.fi\\\/ari-jaaksi-hameenkatu\\\/\"},\"author\":{\"name\":\"info.nykyaika@backlight.fi\",\"@id\":\"https:\\\/\\\/valokuvakeskusnykyaika.fi\\\/#\\\/schema\\\/person\\\/41ef90f7d89984ccaca756c8d4241c19\"},\"headline\":\"Ari Jaaksi: H\u00e4meenkatu\",\"datePublished\":\"2022-12-16T10:27:48+00:00\",\"dateModified\":\"2023-02-11T11:32:53+00:00\",\"mainEntityOfPage\":{\"@id\":\"https:\\\/\\\/valokuvakeskusnykyaika.fi\\\/ari-jaaksi-hameenkatu\\\/\"},\"wordCount\":425,\"publisher\":{\"@id\":\"https:\\\/\\\/valokuvakeskusnykyaika.fi\\\/#organization\"},\"image\":{\"@id\":\"https:\\\/\\\/valokuvakeskusnykyaika.fi\\\/ari-jaaksi-hameenkatu\\\/#primaryimage\"},\"thumbnailUrl\":\"https:\\\/\\\/valokuvakeskusnykyaika.fi\\\/wp-content\\\/uploads\\\/2022\\\/12\\\/Jaaksi_Hameenkatu_4_1000px.jpg\",\"articleSection\":[\"Menneet\"],\"inLanguage\":\"en-GB\"},{\"@type\":\"WebPage\",\"@id\":\"https:\\\/\\\/valokuvakeskusnykyaika.fi\\\/ari-jaaksi-hameenkatu\\\/\",\"url\":\"https:\\\/\\\/valokuvakeskusnykyaika.fi\\\/ari-jaaksi-hameenkatu\\\/\",\"name\":\"Ari Jaaksi: H\u00e4meenkatu - Valokuvakeskus Nykyaika\",\"isPartOf\":{\"@id\":\"https:\\\/\\\/valokuvakeskusnykyaika.fi\\\/#website\"},\"primaryImageOfPage\":{\"@id\":\"https:\\\/\\\/valokuvakeskusnykyaika.fi\\\/ari-jaaksi-hameenkatu\\\/#primaryimage\"},\"image\":{\"@id\":\"https:\\\/\\\/valokuvakeskusnykyaika.fi\\\/ari-jaaksi-hameenkatu\\\/#primaryimage\"},\"thumbnailUrl\":\"https:\\\/\\\/valokuvakeskusnykyaika.fi\\\/wp-content\\\/uploads\\\/2022\\\/12\\\/Jaaksi_Hameenkatu_4_1000px.jpg\",\"datePublished\":\"2022-12-16T10:27:48+00:00\",\"dateModified\":\"2023-02-11T11:32:53+00:00\",\"breadcrumb\":{\"@id\":\"https:\\\/\\\/valokuvakeskusnykyaika.fi\\\/ari-jaaksi-hameenkatu\\\/#breadcrumb\"},\"inLanguage\":\"en-GB\",\"potentialAction\":[{\"@type\":\"ReadAction\",\"target\":[\"https:\\\/\\\/valokuvakeskusnykyaika.fi\\\/ari-jaaksi-hameenkatu\\\/\"]}]},{\"@type\":\"ImageObject\",\"inLanguage\":\"en-GB\",\"@id\":\"https:\\\/\\\/valokuvakeskusnykyaika.fi\\\/ari-jaaksi-hameenkatu\\\/#primaryimage\",\"url\":\"https:\\\/\\\/valokuvakeskusnykyaika.fi\\\/wp-content\\\/uploads\\\/2022\\\/12\\\/Jaaksi_Hameenkatu_4_1000px.jpg\",\"contentUrl\":\"https:\\\/\\\/valokuvakeskusnykyaika.fi\\\/wp-content\\\/uploads\\\/2022\\\/12\\\/Jaaksi_Hameenkatu_4_1000px.jpg\",\"width\":1000,\"height\":800},{\"@type\":\"BreadcrumbList\",\"@id\":\"https:\\\/\\\/valokuvakeskusnykyaika.fi\\\/ari-jaaksi-hameenkatu\\\/#breadcrumb\",\"itemListElement\":[{\"@type\":\"ListItem\",\"position\":1,\"name\":\"Etusivu\",\"item\":\"https:\\\/\\\/valokuvakeskusnykyaika.fi\\\/\"},{\"@type\":\"ListItem\",\"position\":2,\"name\":\"Ari Jaaksi: H\u00e4meenkatu\"}]},{\"@type\":\"WebSite\",\"@id\":\"https:\\\/\\\/valokuvakeskusnykyaika.fi\\\/#website\",\"url\":\"https:\\\/\\\/valokuvakeskusnykyaika.fi\\\/\",\"name\":\"Valokuvakeskus Nykyaika\",\"description\":\"Nykyaika on avoin kohtaamispaikka kaikille valokuvataiteen yst\u00e4ville\",\"publisher\":{\"@id\":\"https:\\\/\\\/valokuvakeskusnykyaika.fi\\\/#organization\"},\"potentialAction\":[{\"@type\":\"SearchAction\",\"target\":{\"@type\":\"EntryPoint\",\"urlTemplate\":\"https:\\\/\\\/valokuvakeskusnykyaika.fi\\\/?s={search_term_string}\"},\"query-input\":{\"@type\":\"PropertyValueSpecification\",\"valueRequired\":true,\"valueName\":\"search_term_string\"}}],\"inLanguage\":\"en-GB\"},{\"@type\":\"Organization\",\"@id\":\"https:\\\/\\\/valokuvakeskusnykyaika.fi\\\/#organization\",\"name\":\"Valokuvakeskus Nykyaika\",\"url\":\"https:\\\/\\\/valokuvakeskusnykyaika.fi\\\/\",\"logo\":{\"@type\":\"ImageObject\",\"inLanguage\":\"en-GB\",\"@id\":\"https:\\\/\\\/valokuvakeskusnykyaika.fi\\\/#\\\/schema\\\/logo\\\/image\\\/\",\"url\":\"https:\\\/\\\/valokuvakeskusnykyaika.fi\\\/wp-content\\\/uploads\\\/2019\\\/01\\\/NY-Valokuvakeskus-logo-pieni.png\",\"contentUrl\":\"https:\\\/\\\/valokuvakeskusnykyaika.fi\\\/wp-content\\\/uploads\\\/2019\\\/01\\\/NY-Valokuvakeskus-logo-pieni.png\",\"width\":300,\"height\":314,\"caption\":\"Valokuvakeskus Nykyaika\"},\"image\":{\"@id\":\"https:\\\/\\\/valokuvakeskusnykyaika.fi\\\/#\\\/schema\\\/logo\\\/image\\\/\"},\"sameAs\":[\"https:\\\/\\\/www.facebook.com\\\/valokuvakeskus.nykyaika\\\/\",\"https:\\\/\\\/x.com\\\/nykyaika\",\"https:\\\/\\\/www.instagram.com\\\/nykyaika\\\/\"]},{\"@type\":\"Person\",\"@id\":\"https:\\\/\\\/valokuvakeskusnykyaika.fi\\\/#\\\/schema\\\/person\\\/41ef90f7d89984ccaca756c8d4241c19\",\"name\":\"info.nykyaika@backlight.fi\",\"url\":\"https:\\\/\\\/valokuvakeskusnykyaika.fi\\\/en\\\/author\\\/info-nykyaikabacklight-fi\\\/\"}]}<\/script>\n<!-- \/ Yoast SEO plugin. -->","yoast_head_json":{"title":"Ari Jaaksi: H\u00e4meenkatu - Valokuvakeskus Nykyaika","robots":{"index":"index","follow":"follow","max-snippet":"max-snippet:-1","max-image-preview":"max-image-preview:large","max-video-preview":"max-video-preview:-1"},"canonical":"https:\/\/valokuvakeskusnykyaika.fi\/en\/ari-jaaksi-hameenkatu\/","og_locale":"en_GB","og_type":"article","og_title":"Ari Jaaksi: H\u00e4meenkatu - Valokuvakeskus Nykyaika","og_description":"7.1-6.2 H\u00e4meenkadusta tuli Tampereen p\u00e4\u00e4katu vuoden 1865 palon seurauksena, kun katu kaavoitettiin leve\u00e4ksi paloesteeksi keskelle kaupunkia. Aivan viime vuosina H\u00e4meenkatu on j\u00e4lleen muuttunut, ja siit\u00e4 onkin tullut sangen kuvauksellinen. Kadun perspektiivi on upea, ja l\u00e4hes autottomana se tarjoaa mielenkiintoisen kaupunkin\u00e4kym\u00e4n. Tuntuu, kuin aika olisi H\u00e4meenkadulla pys\u00e4htynyt, ja t\u00e4m\u00e4n pys\u00e4htyneisyyden olen halunnut kuvata. Kuvaan filmille ja [&hellip;]","og_url":"https:\/\/valokuvakeskusnykyaika.fi\/en\/ari-jaaksi-hameenkatu\/","og_site_name":"Valokuvakeskus Nykyaika","article_publisher":"https:\/\/www.facebook.com\/valokuvakeskus.nykyaika\/","article_published_time":"2022-12-16T10:27:48+00:00","article_modified_time":"2023-02-11T11:32:53+00:00","og_image":[{"width":1000,"height":800,"url":"https:\/\/valokuvakeskusnykyaika.fi\/wp-content\/uploads\/2022\/12\/Jaaksi_Hameenkatu_4_1000px.jpg","type":"image\/jpeg"}],"author":"info.nykyaika@backlight.fi","twitter_card":"summary_large_image","twitter_creator":"@nykyaika","twitter_site":"@nykyaika","twitter_misc":{"Written by":"info.nykyaika@backlight.fi","Estimated reading time":"2 minutes"},"schema":{"@context":"https:\/\/schema.org","@graph":[{"@type":"Article","@id":"https:\/\/valokuvakeskusnykyaika.fi\/ari-jaaksi-hameenkatu\/#article","isPartOf":{"@id":"https:\/\/valokuvakeskusnykyaika.fi\/ari-jaaksi-hameenkatu\/"},"author":{"name":"info.nykyaika@backlight.fi","@id":"https:\/\/valokuvakeskusnykyaika.fi\/#\/schema\/person\/41ef90f7d89984ccaca756c8d4241c19"},"headline":"Ari Jaaksi: H\u00e4meenkatu","datePublished":"2022-12-16T10:27:48+00:00","dateModified":"2023-02-11T11:32:53+00:00","mainEntityOfPage":{"@id":"https:\/\/valokuvakeskusnykyaika.fi\/ari-jaaksi-hameenkatu\/"},"wordCount":425,"publisher":{"@id":"https:\/\/valokuvakeskusnykyaika.fi\/#organization"},"image":{"@id":"https:\/\/valokuvakeskusnykyaika.fi\/ari-jaaksi-hameenkatu\/#primaryimage"},"thumbnailUrl":"https:\/\/valokuvakeskusnykyaika.fi\/wp-content\/uploads\/2022\/12\/Jaaksi_Hameenkatu_4_1000px.jpg","articleSection":["Menneet"],"inLanguage":"en-GB"},{"@type":"WebPage","@id":"https:\/\/valokuvakeskusnykyaika.fi\/ari-jaaksi-hameenkatu\/","url":"https:\/\/valokuvakeskusnykyaika.fi\/ari-jaaksi-hameenkatu\/","name":"Ari Jaaksi: H\u00e4meenkatu - Valokuvakeskus Nykyaika","isPartOf":{"@id":"https:\/\/valokuvakeskusnykyaika.fi\/#website"},"primaryImageOfPage":{"@id":"https:\/\/valokuvakeskusnykyaika.fi\/ari-jaaksi-hameenkatu\/#primaryimage"},"image":{"@id":"https:\/\/valokuvakeskusnykyaika.fi\/ari-jaaksi-hameenkatu\/#primaryimage"},"thumbnailUrl":"https:\/\/valokuvakeskusnykyaika.fi\/wp-content\/uploads\/2022\/12\/Jaaksi_Hameenkatu_4_1000px.jpg","datePublished":"2022-12-16T10:27:48+00:00","dateModified":"2023-02-11T11:32:53+00:00","breadcrumb":{"@id":"https:\/\/valokuvakeskusnykyaika.fi\/ari-jaaksi-hameenkatu\/#breadcrumb"},"inLanguage":"en-GB","potentialAction":[{"@type":"ReadAction","target":["https:\/\/valokuvakeskusnykyaika.fi\/ari-jaaksi-hameenkatu\/"]}]},{"@type":"ImageObject","inLanguage":"en-GB","@id":"https:\/\/valokuvakeskusnykyaika.fi\/ari-jaaksi-hameenkatu\/#primaryimage","url":"https:\/\/valokuvakeskusnykyaika.fi\/wp-content\/uploads\/2022\/12\/Jaaksi_Hameenkatu_4_1000px.jpg","contentUrl":"https:\/\/valokuvakeskusnykyaika.fi\/wp-content\/uploads\/2022\/12\/Jaaksi_Hameenkatu_4_1000px.jpg","width":1000,"height":800},{"@type":"BreadcrumbList","@id":"https:\/\/valokuvakeskusnykyaika.fi\/ari-jaaksi-hameenkatu\/#breadcrumb","itemListElement":[{"@type":"ListItem","position":1,"name":"Etusivu","item":"https:\/\/valokuvakeskusnykyaika.fi\/"},{"@type":"ListItem","position":2,"name":"Ari Jaaksi: H\u00e4meenkatu"}]},{"@type":"WebSite","@id":"https:\/\/valokuvakeskusnykyaika.fi\/#website","url":"https:\/\/valokuvakeskusnykyaika.fi\/","name":"Photographic Centre Nykyaika","description":"Nykyaika on avoin kohtaamispaikka kaikille valokuvataiteen yst\u00e4ville","publisher":{"@id":"https:\/\/valokuvakeskusnykyaika.fi\/#organization"},"potentialAction":[{"@type":"SearchAction","target":{"@type":"EntryPoint","urlTemplate":"https:\/\/valokuvakeskusnykyaika.fi\/?s={search_term_string}"},"query-input":{"@type":"PropertyValueSpecification","valueRequired":true,"valueName":"search_term_string"}}],"inLanguage":"en-GB"},{"@type":"Organization","@id":"https:\/\/valokuvakeskusnykyaika.fi\/#organization","name":"Photographic Centre Nykyaika","url":"https:\/\/valokuvakeskusnykyaika.fi\/","logo":{"@type":"ImageObject","inLanguage":"en-GB","@id":"https:\/\/valokuvakeskusnykyaika.fi\/#\/schema\/logo\/image\/","url":"https:\/\/valokuvakeskusnykyaika.fi\/wp-content\/uploads\/2019\/01\/NY-Valokuvakeskus-logo-pieni.png","contentUrl":"https:\/\/valokuvakeskusnykyaika.fi\/wp-content\/uploads\/2019\/01\/NY-Valokuvakeskus-logo-pieni.png","width":300,"height":314,"caption":"Valokuvakeskus Nykyaika"},"image":{"@id":"https:\/\/valokuvakeskusnykyaika.fi\/#\/schema\/logo\/image\/"},"sameAs":["https:\/\/www.facebook.com\/valokuvakeskus.nykyaika\/","https:\/\/x.com\/nykyaika","https:\/\/www.instagram.com\/nykyaika\/"]},{"@type":"Person","@id":"https:\/\/valokuvakeskusnykyaika.fi\/#\/schema\/person\/41ef90f7d89984ccaca756c8d4241c19","name":"info.nykyaika@backlight.fi","url":"https:\/\/valokuvakeskusnykyaika.fi\/en\/author\/info-nykyaikabacklight-fi\/"}]}},"_links":{"self":[{"href":"https:\/\/valokuvakeskusnykyaika.fi\/en\/wp-json\/wp\/v2\/posts\/5578","targetHints":{"allow":["GET"]}}],"collection":[{"href":"https:\/\/valokuvakeskusnykyaika.fi\/en\/wp-json\/wp\/v2\/posts"}],"about":[{"href":"https:\/\/valokuvakeskusnykyaika.fi\/en\/wp-json\/wp\/v2\/types\/post"}],"author":[{"embeddable":true,"href":"https:\/\/valokuvakeskusnykyaika.fi\/en\/wp-json\/wp\/v2\/users\/6"}],"replies":[{"embeddable":true,"href":"https:\/\/valokuvakeskusnykyaika.fi\/en\/wp-json\/wp\/v2\/comments?post=5578"}],"version-history":[{"count":2,"href":"https:\/\/valokuvakeskusnykyaika.fi\/en\/wp-json\/wp\/v2\/posts\/5578\/revisions"}],"predecessor-version":[{"id":5612,"href":"https:\/\/valokuvakeskusnykyaika.fi\/en\/wp-json\/wp\/v2\/posts\/5578\/revisions\/5612"}],"wp:featuredmedia":[{"embeddable":true,"href":"https:\/\/valokuvakeskusnykyaika.fi\/en\/wp-json\/wp\/v2\/media\/5579"}],"wp:attachment":[{"href":"https:\/\/valokuvakeskusnykyaika.fi\/en\/wp-json\/wp\/v2\/media?parent=5578"}],"wp:term":[{"taxonomy":"category","embeddable":true,"href":"https:\/\/valokuvakeskusnykyaika.fi\/en\/wp-json\/wp\/v2\/categories?post=5578"},{"taxonomy":"post_tag","embeddable":true,"href":"https:\/\/valokuvakeskusnykyaika.fi\/en\/wp-json\/wp\/v2\/tags?post=5578"}],"curies":[{"name":"wp","href":"https:\/\/api.w.org\/{rel}","templated":true}]}}