{"id":5682,"date":"2023-03-21T15:18:48","date_gmt":"2023-03-21T13:18:48","guid":{"rendered":"https:\/\/valokuvakeskusnykyaika.fi\/?p=5682"},"modified":"2023-05-25T15:46:08","modified_gmt":"2023-05-25T12:46:08","slug":"jenni-toivonen-the-colour-of-distance","status":"publish","type":"post","link":"https:\/\/valokuvakeskusnykyaika.fi\/en\/jenni-toivonen-the-colour-of-distance\/","title":{"rendered":"Jenni Toivonen: Hover over a pale blue"},"content":{"rendered":"<p>22.4.\u201322.5.2023<\/p>\n\n\n\n<p><em>Hover over a pale blue <\/em>describes a state of melancholic longing, formed by distance and isolation after a separation of two people.\u00a0<\/p>\n\n\n\n<p>The distance between one and another is projected onto the distance between one and a mountain - a reflection of the natural world and a figure to understand the impermanence of life. While mirroring the cycle of life and death, the work gives an expression to experiences of love and loss, separation and reunion. In the form of a visual poem, it brings together reflections from a personal journey during a silent retreat in the mountains.&nbsp;&nbsp;<\/p>\n\n\n\n<p>The clouds, the mountain and the ocean build a circle, a meditation on the connectedness of life and an echo of the physical realities we hold in our bodies in relation to the time and space around us. Moments of contemplation contrast movement, and images of fleeting landscapes reflect change and what is afar - out of reach. Through contradicting associations of summer, the work embraces transience in the beauty of life, bringing a ray of warmth to pale blue. Meanwhile the distance in between becomes a larger metaphor for life and the things we cannot control - creating a space to surrender to circumstance and to accept the fluidity and intangibility of time.<\/p>\n\n\n\n<p><\/p>","protected":false},"excerpt":{"rendered":"<p>22.4.\u201322.5.2023 Hover over a pale blue kuvastaa melankolisen kaipuun tilaa, joka on syntynyt et\u00e4isyydest\u00e4 ja\u00a0erist\u00e4ytyneisyydest\u00e4 kahden ihmisen erotessa toisistaan.\u00a0 V\u00e4limatka heid\u00e4n v\u00e4lill\u00e4\u00e4n&nbsp;projisoituu et\u00e4isyydeksi vuoren ja sit\u00e4 katsovan ihmisen v\u00e4lill\u00e4 \u2013 kuvastaen samalla suhdetta luontoon ja&nbsp;rakentaen ymm\u00e4rryst\u00e4 el\u00e4m\u00e4n v\u00e4liaikaisuudesta. Heijastaessaan&nbsp;el\u00e4m\u00e4n ja kuoleman kiertokulkua, teos visualisoi rakkauden ja menetyksen sek\u00e4 eroamisen ja&nbsp;j\u00e4lleenn\u00e4kemisen kokemuksia. Visuaalisen runon muodossa teos [&hellip;]<\/p>\n","protected":false},"author":6,"featured_media":5683,"comment_status":"closed","ping_status":"closed","sticky":false,"template":"","format":"standard","meta":{"iawp_total_views":9,"footnotes":""},"categories":[4],"tags":[],"class_list":["post-5682","post","type-post","status-publish","format-standard","has-post-thumbnail","hentry","category-menneet"],"yoast_head":"<!-- This site is optimized with the Yoast SEO plugin v27.5 - https:\/\/yoast.com\/product\/yoast-seo-wordpress\/ -->\n<title>Jenni Toivonen: Hover over a pale blue - Valokuvakeskus Nykyaika<\/title>\n<meta name=\"robots\" content=\"index, follow, max-snippet:-1, max-image-preview:large, max-video-preview:-1\" \/>\n<link rel=\"canonical\" href=\"https:\/\/valokuvakeskusnykyaika.fi\/en\/jenni-toivonen-the-colour-of-distance\/\" \/>\n<meta property=\"og:locale\" content=\"en_GB\" \/>\n<meta property=\"og:type\" content=\"article\" \/>\n<meta property=\"og:title\" content=\"Jenni Toivonen: Hover over a pale blue - Valokuvakeskus Nykyaika\" \/>\n<meta property=\"og:description\" content=\"22.4.\u201322.5.2023 Hover over a pale blue kuvastaa melankolisen kaipuun tilaa, joka on syntynyt et\u00e4isyydest\u00e4 ja\u00a0erist\u00e4ytyneisyydest\u00e4 kahden ihmisen erotessa toisistaan.\u00a0 V\u00e4limatka heid\u00e4n v\u00e4lill\u00e4\u00e4n&nbsp;projisoituu et\u00e4isyydeksi vuoren ja sit\u00e4 katsovan ihmisen v\u00e4lill\u00e4 \u2013 kuvastaen samalla suhdetta luontoon ja&nbsp;rakentaen ymm\u00e4rryst\u00e4 el\u00e4m\u00e4n v\u00e4liaikaisuudesta. Heijastaessaan&nbsp;el\u00e4m\u00e4n ja kuoleman kiertokulkua, teos visualisoi rakkauden ja menetyksen sek\u00e4 eroamisen ja&nbsp;j\u00e4lleenn\u00e4kemisen kokemuksia. Visuaalisen runon muodossa teos [&hellip;]\" \/>\n<meta property=\"og:url\" content=\"https:\/\/valokuvakeskusnykyaika.fi\/en\/jenni-toivonen-the-colour-of-distance\/\" \/>\n<meta property=\"og:site_name\" content=\"Valokuvakeskus Nykyaika\" \/>\n<meta property=\"article:publisher\" content=\"https:\/\/www.facebook.com\/valokuvakeskus.nykyaika\/\" \/>\n<meta property=\"article:published_time\" content=\"2023-03-21T13:18:48+00:00\" \/>\n<meta property=\"article:modified_time\" content=\"2023-05-25T12:46:08+00:00\" \/>\n<meta property=\"og:image\" content=\"https:\/\/valokuvakeskusnykyaika.fi\/wp-content\/uploads\/2023\/03\/hover-over-a-pale-blue-4.jpg\" \/>\n\t<meta property=\"og:image:width\" content=\"1716\" \/>\n\t<meta property=\"og:image:height\" content=\"1316\" \/>\n\t<meta property=\"og:image:type\" content=\"image\/jpeg\" \/>\n<meta name=\"author\" content=\"info.nykyaika@backlight.fi\" \/>\n<meta name=\"twitter:card\" content=\"summary_large_image\" \/>\n<meta name=\"twitter:creator\" content=\"@nykyaika\" \/>\n<meta name=\"twitter:site\" content=\"@nykyaika\" \/>\n<meta name=\"twitter:label1\" content=\"Written by\" \/>\n\t<meta name=\"twitter:data1\" content=\"info.nykyaika@backlight.fi\" \/>\n\t<meta name=\"twitter:label2\" content=\"Estimated reading time\" \/>\n\t<meta name=\"twitter:data2\" content=\"1 minute\" \/>\n<script type=\"application\/ld+json\" class=\"yoast-schema-graph\">{\"@context\":\"https:\\\/\\\/schema.org\",\"@graph\":[{\"@type\":\"Article\",\"@id\":\"https:\\\/\\\/valokuvakeskusnykyaika.fi\\\/jenni-toivonen-the-colour-of-distance\\\/#article\",\"isPartOf\":{\"@id\":\"https:\\\/\\\/valokuvakeskusnykyaika.fi\\\/jenni-toivonen-the-colour-of-distance\\\/\"},\"author\":{\"name\":\"info.nykyaika@backlight.fi\",\"@id\":\"https:\\\/\\\/valokuvakeskusnykyaika.fi\\\/#\\\/schema\\\/person\\\/41ef90f7d89984ccaca756c8d4241c19\"},\"headline\":\"Jenni Toivonen: Hover over a pale blue\",\"datePublished\":\"2023-03-21T13:18:48+00:00\",\"dateModified\":\"2023-05-25T12:46:08+00:00\",\"mainEntityOfPage\":{\"@id\":\"https:\\\/\\\/valokuvakeskusnykyaika.fi\\\/jenni-toivonen-the-colour-of-distance\\\/\"},\"wordCount\":188,\"publisher\":{\"@id\":\"https:\\\/\\\/valokuvakeskusnykyaika.fi\\\/#organization\"},\"image\":{\"@id\":\"https:\\\/\\\/valokuvakeskusnykyaika.fi\\\/jenni-toivonen-the-colour-of-distance\\\/#primaryimage\"},\"thumbnailUrl\":\"https:\\\/\\\/valokuvakeskusnykyaika.fi\\\/wp-content\\\/uploads\\\/2023\\\/03\\\/hover-over-a-pale-blue-4.jpg\",\"articleSection\":[\"Menneet\"],\"inLanguage\":\"en-GB\"},{\"@type\":\"WebPage\",\"@id\":\"https:\\\/\\\/valokuvakeskusnykyaika.fi\\\/jenni-toivonen-the-colour-of-distance\\\/\",\"url\":\"https:\\\/\\\/valokuvakeskusnykyaika.fi\\\/jenni-toivonen-the-colour-of-distance\\\/\",\"name\":\"Jenni Toivonen: Hover over a pale blue - Valokuvakeskus Nykyaika\",\"isPartOf\":{\"@id\":\"https:\\\/\\\/valokuvakeskusnykyaika.fi\\\/#website\"},\"primaryImageOfPage\":{\"@id\":\"https:\\\/\\\/valokuvakeskusnykyaika.fi\\\/jenni-toivonen-the-colour-of-distance\\\/#primaryimage\"},\"image\":{\"@id\":\"https:\\\/\\\/valokuvakeskusnykyaika.fi\\\/jenni-toivonen-the-colour-of-distance\\\/#primaryimage\"},\"thumbnailUrl\":\"https:\\\/\\\/valokuvakeskusnykyaika.fi\\\/wp-content\\\/uploads\\\/2023\\\/03\\\/hover-over-a-pale-blue-4.jpg\",\"datePublished\":\"2023-03-21T13:18:48+00:00\",\"dateModified\":\"2023-05-25T12:46:08+00:00\",\"breadcrumb\":{\"@id\":\"https:\\\/\\\/valokuvakeskusnykyaika.fi\\\/jenni-toivonen-the-colour-of-distance\\\/#breadcrumb\"},\"inLanguage\":\"en-GB\",\"potentialAction\":[{\"@type\":\"ReadAction\",\"target\":[\"https:\\\/\\\/valokuvakeskusnykyaika.fi\\\/jenni-toivonen-the-colour-of-distance\\\/\"]}]},{\"@type\":\"ImageObject\",\"inLanguage\":\"en-GB\",\"@id\":\"https:\\\/\\\/valokuvakeskusnykyaika.fi\\\/jenni-toivonen-the-colour-of-distance\\\/#primaryimage\",\"url\":\"https:\\\/\\\/valokuvakeskusnykyaika.fi\\\/wp-content\\\/uploads\\\/2023\\\/03\\\/hover-over-a-pale-blue-4.jpg\",\"contentUrl\":\"https:\\\/\\\/valokuvakeskusnykyaika.fi\\\/wp-content\\\/uploads\\\/2023\\\/03\\\/hover-over-a-pale-blue-4.jpg\",\"width\":1716,\"height\":1316,\"caption\":\"Jenni Toivonen: The Colour of Distance\"},{\"@type\":\"BreadcrumbList\",\"@id\":\"https:\\\/\\\/valokuvakeskusnykyaika.fi\\\/jenni-toivonen-the-colour-of-distance\\\/#breadcrumb\",\"itemListElement\":[{\"@type\":\"ListItem\",\"position\":1,\"name\":\"Etusivu\",\"item\":\"https:\\\/\\\/valokuvakeskusnykyaika.fi\\\/\"},{\"@type\":\"ListItem\",\"position\":2,\"name\":\"Jenni Toivonen: Hover over a pale blue\"}]},{\"@type\":\"WebSite\",\"@id\":\"https:\\\/\\\/valokuvakeskusnykyaika.fi\\\/#website\",\"url\":\"https:\\\/\\\/valokuvakeskusnykyaika.fi\\\/\",\"name\":\"Valokuvakeskus Nykyaika\",\"description\":\"Nykyaika on avoin kohtaamispaikka kaikille valokuvataiteen yst\u00e4ville\",\"publisher\":{\"@id\":\"https:\\\/\\\/valokuvakeskusnykyaika.fi\\\/#organization\"},\"potentialAction\":[{\"@type\":\"SearchAction\",\"target\":{\"@type\":\"EntryPoint\",\"urlTemplate\":\"https:\\\/\\\/valokuvakeskusnykyaika.fi\\\/?s={search_term_string}\"},\"query-input\":{\"@type\":\"PropertyValueSpecification\",\"valueRequired\":true,\"valueName\":\"search_term_string\"}}],\"inLanguage\":\"en-GB\"},{\"@type\":\"Organization\",\"@id\":\"https:\\\/\\\/valokuvakeskusnykyaika.fi\\\/#organization\",\"name\":\"Valokuvakeskus Nykyaika\",\"url\":\"https:\\\/\\\/valokuvakeskusnykyaika.fi\\\/\",\"logo\":{\"@type\":\"ImageObject\",\"inLanguage\":\"en-GB\",\"@id\":\"https:\\\/\\\/valokuvakeskusnykyaika.fi\\\/#\\\/schema\\\/logo\\\/image\\\/\",\"url\":\"https:\\\/\\\/valokuvakeskusnykyaika.fi\\\/wp-content\\\/uploads\\\/2019\\\/01\\\/NY-Valokuvakeskus-logo-pieni.png\",\"contentUrl\":\"https:\\\/\\\/valokuvakeskusnykyaika.fi\\\/wp-content\\\/uploads\\\/2019\\\/01\\\/NY-Valokuvakeskus-logo-pieni.png\",\"width\":300,\"height\":314,\"caption\":\"Valokuvakeskus Nykyaika\"},\"image\":{\"@id\":\"https:\\\/\\\/valokuvakeskusnykyaika.fi\\\/#\\\/schema\\\/logo\\\/image\\\/\"},\"sameAs\":[\"https:\\\/\\\/www.facebook.com\\\/valokuvakeskus.nykyaika\\\/\",\"https:\\\/\\\/x.com\\\/nykyaika\",\"https:\\\/\\\/www.instagram.com\\\/nykyaika\\\/\"]},{\"@type\":\"Person\",\"@id\":\"https:\\\/\\\/valokuvakeskusnykyaika.fi\\\/#\\\/schema\\\/person\\\/41ef90f7d89984ccaca756c8d4241c19\",\"name\":\"info.nykyaika@backlight.fi\",\"url\":\"https:\\\/\\\/valokuvakeskusnykyaika.fi\\\/en\\\/author\\\/info-nykyaikabacklight-fi\\\/\"}]}<\/script>\n<!-- \/ Yoast SEO plugin. -->","yoast_head_json":{"title":"Jenni Toivonen: Hover over a pale blue - Valokuvakeskus Nykyaika","robots":{"index":"index","follow":"follow","max-snippet":"max-snippet:-1","max-image-preview":"max-image-preview:large","max-video-preview":"max-video-preview:-1"},"canonical":"https:\/\/valokuvakeskusnykyaika.fi\/en\/jenni-toivonen-the-colour-of-distance\/","og_locale":"en_GB","og_type":"article","og_title":"Jenni Toivonen: Hover over a pale blue - Valokuvakeskus Nykyaika","og_description":"22.4.\u201322.5.2023 Hover over a pale blue kuvastaa melankolisen kaipuun tilaa, joka on syntynyt et\u00e4isyydest\u00e4 ja\u00a0erist\u00e4ytyneisyydest\u00e4 kahden ihmisen erotessa toisistaan.\u00a0 V\u00e4limatka heid\u00e4n v\u00e4lill\u00e4\u00e4n&nbsp;projisoituu et\u00e4isyydeksi vuoren ja sit\u00e4 katsovan ihmisen v\u00e4lill\u00e4 \u2013 kuvastaen samalla suhdetta luontoon ja&nbsp;rakentaen ymm\u00e4rryst\u00e4 el\u00e4m\u00e4n v\u00e4liaikaisuudesta. Heijastaessaan&nbsp;el\u00e4m\u00e4n ja kuoleman kiertokulkua, teos visualisoi rakkauden ja menetyksen sek\u00e4 eroamisen ja&nbsp;j\u00e4lleenn\u00e4kemisen kokemuksia. Visuaalisen runon muodossa teos [&hellip;]","og_url":"https:\/\/valokuvakeskusnykyaika.fi\/en\/jenni-toivonen-the-colour-of-distance\/","og_site_name":"Valokuvakeskus Nykyaika","article_publisher":"https:\/\/www.facebook.com\/valokuvakeskus.nykyaika\/","article_published_time":"2023-03-21T13:18:48+00:00","article_modified_time":"2023-05-25T12:46:08+00:00","og_image":[{"width":1716,"height":1316,"url":"https:\/\/valokuvakeskusnykyaika.fi\/wp-content\/uploads\/2023\/03\/hover-over-a-pale-blue-4.jpg","type":"image\/jpeg"}],"author":"info.nykyaika@backlight.fi","twitter_card":"summary_large_image","twitter_creator":"@nykyaika","twitter_site":"@nykyaika","twitter_misc":{"Written by":"info.nykyaika@backlight.fi","Estimated reading time":"1 minute"},"schema":{"@context":"https:\/\/schema.org","@graph":[{"@type":"Article","@id":"https:\/\/valokuvakeskusnykyaika.fi\/jenni-toivonen-the-colour-of-distance\/#article","isPartOf":{"@id":"https:\/\/valokuvakeskusnykyaika.fi\/jenni-toivonen-the-colour-of-distance\/"},"author":{"name":"info.nykyaika@backlight.fi","@id":"https:\/\/valokuvakeskusnykyaika.fi\/#\/schema\/person\/41ef90f7d89984ccaca756c8d4241c19"},"headline":"Jenni Toivonen: Hover over a pale blue","datePublished":"2023-03-21T13:18:48+00:00","dateModified":"2023-05-25T12:46:08+00:00","mainEntityOfPage":{"@id":"https:\/\/valokuvakeskusnykyaika.fi\/jenni-toivonen-the-colour-of-distance\/"},"wordCount":188,"publisher":{"@id":"https:\/\/valokuvakeskusnykyaika.fi\/#organization"},"image":{"@id":"https:\/\/valokuvakeskusnykyaika.fi\/jenni-toivonen-the-colour-of-distance\/#primaryimage"},"thumbnailUrl":"https:\/\/valokuvakeskusnykyaika.fi\/wp-content\/uploads\/2023\/03\/hover-over-a-pale-blue-4.jpg","articleSection":["Menneet"],"inLanguage":"en-GB"},{"@type":"WebPage","@id":"https:\/\/valokuvakeskusnykyaika.fi\/jenni-toivonen-the-colour-of-distance\/","url":"https:\/\/valokuvakeskusnykyaika.fi\/jenni-toivonen-the-colour-of-distance\/","name":"Jenni Toivonen: Hover over a pale blue - Valokuvakeskus Nykyaika","isPartOf":{"@id":"https:\/\/valokuvakeskusnykyaika.fi\/#website"},"primaryImageOfPage":{"@id":"https:\/\/valokuvakeskusnykyaika.fi\/jenni-toivonen-the-colour-of-distance\/#primaryimage"},"image":{"@id":"https:\/\/valokuvakeskusnykyaika.fi\/jenni-toivonen-the-colour-of-distance\/#primaryimage"},"thumbnailUrl":"https:\/\/valokuvakeskusnykyaika.fi\/wp-content\/uploads\/2023\/03\/hover-over-a-pale-blue-4.jpg","datePublished":"2023-03-21T13:18:48+00:00","dateModified":"2023-05-25T12:46:08+00:00","breadcrumb":{"@id":"https:\/\/valokuvakeskusnykyaika.fi\/jenni-toivonen-the-colour-of-distance\/#breadcrumb"},"inLanguage":"en-GB","potentialAction":[{"@type":"ReadAction","target":["https:\/\/valokuvakeskusnykyaika.fi\/jenni-toivonen-the-colour-of-distance\/"]}]},{"@type":"ImageObject","inLanguage":"en-GB","@id":"https:\/\/valokuvakeskusnykyaika.fi\/jenni-toivonen-the-colour-of-distance\/#primaryimage","url":"https:\/\/valokuvakeskusnykyaika.fi\/wp-content\/uploads\/2023\/03\/hover-over-a-pale-blue-4.jpg","contentUrl":"https:\/\/valokuvakeskusnykyaika.fi\/wp-content\/uploads\/2023\/03\/hover-over-a-pale-blue-4.jpg","width":1716,"height":1316,"caption":"Jenni Toivonen: The Colour of Distance"},{"@type":"BreadcrumbList","@id":"https:\/\/valokuvakeskusnykyaika.fi\/jenni-toivonen-the-colour-of-distance\/#breadcrumb","itemListElement":[{"@type":"ListItem","position":1,"name":"Etusivu","item":"https:\/\/valokuvakeskusnykyaika.fi\/"},{"@type":"ListItem","position":2,"name":"Jenni Toivonen: Hover over a pale blue"}]},{"@type":"WebSite","@id":"https:\/\/valokuvakeskusnykyaika.fi\/#website","url":"https:\/\/valokuvakeskusnykyaika.fi\/","name":"Photographic Centre Nykyaika","description":"Nykyaika on avoin kohtaamispaikka kaikille valokuvataiteen yst\u00e4ville","publisher":{"@id":"https:\/\/valokuvakeskusnykyaika.fi\/#organization"},"potentialAction":[{"@type":"SearchAction","target":{"@type":"EntryPoint","urlTemplate":"https:\/\/valokuvakeskusnykyaika.fi\/?s={search_term_string}"},"query-input":{"@type":"PropertyValueSpecification","valueRequired":true,"valueName":"search_term_string"}}],"inLanguage":"en-GB"},{"@type":"Organization","@id":"https:\/\/valokuvakeskusnykyaika.fi\/#organization","name":"Photographic Centre Nykyaika","url":"https:\/\/valokuvakeskusnykyaika.fi\/","logo":{"@type":"ImageObject","inLanguage":"en-GB","@id":"https:\/\/valokuvakeskusnykyaika.fi\/#\/schema\/logo\/image\/","url":"https:\/\/valokuvakeskusnykyaika.fi\/wp-content\/uploads\/2019\/01\/NY-Valokuvakeskus-logo-pieni.png","contentUrl":"https:\/\/valokuvakeskusnykyaika.fi\/wp-content\/uploads\/2019\/01\/NY-Valokuvakeskus-logo-pieni.png","width":300,"height":314,"caption":"Valokuvakeskus Nykyaika"},"image":{"@id":"https:\/\/valokuvakeskusnykyaika.fi\/#\/schema\/logo\/image\/"},"sameAs":["https:\/\/www.facebook.com\/valokuvakeskus.nykyaika\/","https:\/\/x.com\/nykyaika","https:\/\/www.instagram.com\/nykyaika\/"]},{"@type":"Person","@id":"https:\/\/valokuvakeskusnykyaika.fi\/#\/schema\/person\/41ef90f7d89984ccaca756c8d4241c19","name":"info.nykyaika@backlight.fi","url":"https:\/\/valokuvakeskusnykyaika.fi\/en\/author\/info-nykyaikabacklight-fi\/"}]}},"_links":{"self":[{"href":"https:\/\/valokuvakeskusnykyaika.fi\/en\/wp-json\/wp\/v2\/posts\/5682","targetHints":{"allow":["GET"]}}],"collection":[{"href":"https:\/\/valokuvakeskusnykyaika.fi\/en\/wp-json\/wp\/v2\/posts"}],"about":[{"href":"https:\/\/valokuvakeskusnykyaika.fi\/en\/wp-json\/wp\/v2\/types\/post"}],"author":[{"embeddable":true,"href":"https:\/\/valokuvakeskusnykyaika.fi\/en\/wp-json\/wp\/v2\/users\/6"}],"replies":[{"embeddable":true,"href":"https:\/\/valokuvakeskusnykyaika.fi\/en\/wp-json\/wp\/v2\/comments?post=5682"}],"version-history":[{"count":5,"href":"https:\/\/valokuvakeskusnykyaika.fi\/en\/wp-json\/wp\/v2\/posts\/5682\/revisions"}],"predecessor-version":[{"id":5712,"href":"https:\/\/valokuvakeskusnykyaika.fi\/en\/wp-json\/wp\/v2\/posts\/5682\/revisions\/5712"}],"wp:featuredmedia":[{"embeddable":true,"href":"https:\/\/valokuvakeskusnykyaika.fi\/en\/wp-json\/wp\/v2\/media\/5683"}],"wp:attachment":[{"href":"https:\/\/valokuvakeskusnykyaika.fi\/en\/wp-json\/wp\/v2\/media?parent=5682"}],"wp:term":[{"taxonomy":"category","embeddable":true,"href":"https:\/\/valokuvakeskusnykyaika.fi\/en\/wp-json\/wp\/v2\/categories?post=5682"},{"taxonomy":"post_tag","embeddable":true,"href":"https:\/\/valokuvakeskusnykyaika.fi\/en\/wp-json\/wp\/v2\/tags?post=5682"}],"curies":[{"name":"wp","href":"https:\/\/api.w.org\/{rel}","templated":true}]}}