{"id":5731,"date":"2023-05-12T17:01:31","date_gmt":"2023-05-12T14:01:31","guid":{"rendered":"https:\/\/valokuvakeskusnykyaika.fi\/?p=5731"},"modified":"2023-06-05T15:14:05","modified_gmt":"2023-06-05T12:14:05","slug":"backlight-pop-up-fragments","status":"publish","type":"post","link":"https:\/\/valokuvakeskusnykyaika.fi\/en\/backlight-pop-up-fragments\/","title":{"rendered":"Backlight Pop Up: Fragments"},"content":{"rendered":"<p>23.5.-28.5.2023<\/p>\n\n\n\n<p>Fragments is a collection of artworks by five students of the Fine Art study path in the Media &amp; Arts degree programme in Tampere University of Applied Sciences (TAMK): Yu-Hsuan Yao, Aliisa Isohanni, Saija Kallioj\u00e4rvi, Sami Sakari, and Riitta Santala-K\u00f6ykk\u00e4. Exhibited are both video works and photographs that all deal with different aspects of a person's relationship with the surrounding world. How do we react to the changes within it, and what might we do to change it ourselves, when change is necessary?<\/p>","protected":false},"excerpt":{"rendered":"<p>23.5.-28.5.2023 Fragments on Tampereen ammattikorkeakoulun Media &amp; Arts -tutkinto-ohjelman kuvataideopiskelijoista koostuvan ryhm\u00e4n yhteisn\u00e4yttely, jonka kokoonpanoon kuuluvat Yu-Hsuan Yao, Aliisa Isohanni, Saija Kallioj\u00e4rvi, Sami Sakari ja Riitta Santala-K\u00f6ykk\u00e4. Esill\u00e4 on sek\u00e4 video- ett\u00e4 valokuvat\u00f6it\u00e4, jotka kaikki k\u00e4sittelev\u00e4t ihmisen suhdetta ymp\u00e4r\u00f6iv\u00e4\u00e4n maailmaan. Miten reagoimme sen muutoksiin ja miten voimme itse muuttaa sit\u00e4 silloin, kun muutos on v\u00e4ltt\u00e4m\u00e4t\u00f6nt\u00e4?<\/p>","protected":false},"author":6,"featured_media":5732,"comment_status":"closed","ping_status":"closed","sticky":false,"template":"","format":"standard","meta":{"iawp_total_views":5,"footnotes":""},"categories":[4],"tags":[],"class_list":["post-5731","post","type-post","status-publish","format-standard","has-post-thumbnail","hentry","category-menneet"],"yoast_head":"<!-- This site is optimized with the Yoast SEO plugin v27.5 - https:\/\/yoast.com\/product\/yoast-seo-wordpress\/ -->\n<title>Backlight Pop Up: Fragments - Valokuvakeskus Nykyaika<\/title>\n<meta name=\"robots\" content=\"index, follow, max-snippet:-1, max-image-preview:large, max-video-preview:-1\" \/>\n<link rel=\"canonical\" href=\"https:\/\/valokuvakeskusnykyaika.fi\/en\/backlight-pop-up-fragments\/\" \/>\n<meta property=\"og:locale\" content=\"en_GB\" \/>\n<meta property=\"og:type\" content=\"article\" \/>\n<meta property=\"og:title\" content=\"Backlight Pop Up: Fragments - Valokuvakeskus Nykyaika\" \/>\n<meta property=\"og:description\" content=\"23.5.-28.5.2023 Fragments on Tampereen ammattikorkeakoulun Media &amp; Arts -tutkinto-ohjelman kuvataideopiskelijoista koostuvan ryhm\u00e4n yhteisn\u00e4yttely, jonka kokoonpanoon kuuluvat Yu-Hsuan Yao, Aliisa Isohanni, Saija Kallioj\u00e4rvi, Sami Sakari ja Riitta Santala-K\u00f6ykk\u00e4. Esill\u00e4 on sek\u00e4 video- ett\u00e4 valokuvat\u00f6it\u00e4, jotka kaikki k\u00e4sittelev\u00e4t ihmisen suhdetta ymp\u00e4r\u00f6iv\u00e4\u00e4n maailmaan. Miten reagoimme sen muutoksiin ja miten voimme itse muuttaa sit\u00e4 silloin, kun muutos on v\u00e4ltt\u00e4m\u00e4t\u00f6nt\u00e4?\" \/>\n<meta property=\"og:url\" content=\"https:\/\/valokuvakeskusnykyaika.fi\/en\/backlight-pop-up-fragments\/\" \/>\n<meta property=\"og:site_name\" content=\"Valokuvakeskus Nykyaika\" \/>\n<meta property=\"article:publisher\" content=\"https:\/\/www.facebook.com\/valokuvakeskus.nykyaika\/\" \/>\n<meta property=\"article:published_time\" content=\"2023-05-12T14:01:31+00:00\" \/>\n<meta property=\"article:modified_time\" content=\"2023-06-05T12:14:05+00:00\" \/>\n<meta property=\"og:image\" content=\"https:\/\/valokuvakeskusnykyaika.fi\/wp-content\/uploads\/2023\/05\/Fragments_Poster_square_TAMK.jpeg\" \/>\n\t<meta property=\"og:image:width\" content=\"1080\" \/>\n\t<meta property=\"og:image:height\" content=\"1080\" \/>\n\t<meta property=\"og:image:type\" content=\"image\/jpeg\" \/>\n<meta name=\"author\" content=\"info.nykyaika@backlight.fi\" \/>\n<meta name=\"twitter:card\" content=\"summary_large_image\" \/>\n<meta name=\"twitter:creator\" content=\"@nykyaika\" \/>\n<meta name=\"twitter:site\" content=\"@nykyaika\" \/>\n<meta name=\"twitter:label1\" content=\"Written by\" \/>\n\t<meta name=\"twitter:data1\" content=\"info.nykyaika@backlight.fi\" \/>\n<script type=\"application\/ld+json\" class=\"yoast-schema-graph\">{\"@context\":\"https:\\\/\\\/schema.org\",\"@graph\":[{\"@type\":\"Article\",\"@id\":\"https:\\\/\\\/valokuvakeskusnykyaika.fi\\\/backlight-pop-up-fragments\\\/#article\",\"isPartOf\":{\"@id\":\"https:\\\/\\\/valokuvakeskusnykyaika.fi\\\/backlight-pop-up-fragments\\\/\"},\"author\":{\"name\":\"info.nykyaika@backlight.fi\",\"@id\":\"https:\\\/\\\/valokuvakeskusnykyaika.fi\\\/#\\\/schema\\\/person\\\/41ef90f7d89984ccaca756c8d4241c19\"},\"headline\":\"Backlight Pop Up: Fragments\",\"datePublished\":\"2023-05-12T14:01:31+00:00\",\"dateModified\":\"2023-06-05T12:14:05+00:00\",\"mainEntityOfPage\":{\"@id\":\"https:\\\/\\\/valokuvakeskusnykyaika.fi\\\/backlight-pop-up-fragments\\\/\"},\"wordCount\":73,\"publisher\":{\"@id\":\"https:\\\/\\\/valokuvakeskusnykyaika.fi\\\/#organization\"},\"image\":{\"@id\":\"https:\\\/\\\/valokuvakeskusnykyaika.fi\\\/backlight-pop-up-fragments\\\/#primaryimage\"},\"thumbnailUrl\":\"https:\\\/\\\/valokuvakeskusnykyaika.fi\\\/wp-content\\\/uploads\\\/2023\\\/05\\\/Fragments_Poster_square_TAMK.jpeg\",\"articleSection\":[\"Menneet\"],\"inLanguage\":\"en-GB\"},{\"@type\":\"WebPage\",\"@id\":\"https:\\\/\\\/valokuvakeskusnykyaika.fi\\\/backlight-pop-up-fragments\\\/\",\"url\":\"https:\\\/\\\/valokuvakeskusnykyaika.fi\\\/backlight-pop-up-fragments\\\/\",\"name\":\"Backlight Pop Up: Fragments - Valokuvakeskus Nykyaika\",\"isPartOf\":{\"@id\":\"https:\\\/\\\/valokuvakeskusnykyaika.fi\\\/#website\"},\"primaryImageOfPage\":{\"@id\":\"https:\\\/\\\/valokuvakeskusnykyaika.fi\\\/backlight-pop-up-fragments\\\/#primaryimage\"},\"image\":{\"@id\":\"https:\\\/\\\/valokuvakeskusnykyaika.fi\\\/backlight-pop-up-fragments\\\/#primaryimage\"},\"thumbnailUrl\":\"https:\\\/\\\/valokuvakeskusnykyaika.fi\\\/wp-content\\\/uploads\\\/2023\\\/05\\\/Fragments_Poster_square_TAMK.jpeg\",\"datePublished\":\"2023-05-12T14:01:31+00:00\",\"dateModified\":\"2023-06-05T12:14:05+00:00\",\"breadcrumb\":{\"@id\":\"https:\\\/\\\/valokuvakeskusnykyaika.fi\\\/backlight-pop-up-fragments\\\/#breadcrumb\"},\"inLanguage\":\"en-GB\",\"potentialAction\":[{\"@type\":\"ReadAction\",\"target\":[\"https:\\\/\\\/valokuvakeskusnykyaika.fi\\\/backlight-pop-up-fragments\\\/\"]}]},{\"@type\":\"ImageObject\",\"inLanguage\":\"en-GB\",\"@id\":\"https:\\\/\\\/valokuvakeskusnykyaika.fi\\\/backlight-pop-up-fragments\\\/#primaryimage\",\"url\":\"https:\\\/\\\/valokuvakeskusnykyaika.fi\\\/wp-content\\\/uploads\\\/2023\\\/05\\\/Fragments_Poster_square_TAMK.jpeg\",\"contentUrl\":\"https:\\\/\\\/valokuvakeskusnykyaika.fi\\\/wp-content\\\/uploads\\\/2023\\\/05\\\/Fragments_Poster_square_TAMK.jpeg\",\"width\":1080,\"height\":1080},{\"@type\":\"BreadcrumbList\",\"@id\":\"https:\\\/\\\/valokuvakeskusnykyaika.fi\\\/backlight-pop-up-fragments\\\/#breadcrumb\",\"itemListElement\":[{\"@type\":\"ListItem\",\"position\":1,\"name\":\"Etusivu\",\"item\":\"https:\\\/\\\/valokuvakeskusnykyaika.fi\\\/\"},{\"@type\":\"ListItem\",\"position\":2,\"name\":\"Backlight Pop Up: Fragments\"}]},{\"@type\":\"WebSite\",\"@id\":\"https:\\\/\\\/valokuvakeskusnykyaika.fi\\\/#website\",\"url\":\"https:\\\/\\\/valokuvakeskusnykyaika.fi\\\/\",\"name\":\"Valokuvakeskus Nykyaika\",\"description\":\"Nykyaika on avoin kohtaamispaikka kaikille valokuvataiteen yst\u00e4ville\",\"publisher\":{\"@id\":\"https:\\\/\\\/valokuvakeskusnykyaika.fi\\\/#organization\"},\"potentialAction\":[{\"@type\":\"SearchAction\",\"target\":{\"@type\":\"EntryPoint\",\"urlTemplate\":\"https:\\\/\\\/valokuvakeskusnykyaika.fi\\\/?s={search_term_string}\"},\"query-input\":{\"@type\":\"PropertyValueSpecification\",\"valueRequired\":true,\"valueName\":\"search_term_string\"}}],\"inLanguage\":\"en-GB\"},{\"@type\":\"Organization\",\"@id\":\"https:\\\/\\\/valokuvakeskusnykyaika.fi\\\/#organization\",\"name\":\"Valokuvakeskus Nykyaika\",\"url\":\"https:\\\/\\\/valokuvakeskusnykyaika.fi\\\/\",\"logo\":{\"@type\":\"ImageObject\",\"inLanguage\":\"en-GB\",\"@id\":\"https:\\\/\\\/valokuvakeskusnykyaika.fi\\\/#\\\/schema\\\/logo\\\/image\\\/\",\"url\":\"https:\\\/\\\/valokuvakeskusnykyaika.fi\\\/wp-content\\\/uploads\\\/2019\\\/01\\\/NY-Valokuvakeskus-logo-pieni.png\",\"contentUrl\":\"https:\\\/\\\/valokuvakeskusnykyaika.fi\\\/wp-content\\\/uploads\\\/2019\\\/01\\\/NY-Valokuvakeskus-logo-pieni.png\",\"width\":300,\"height\":314,\"caption\":\"Valokuvakeskus Nykyaika\"},\"image\":{\"@id\":\"https:\\\/\\\/valokuvakeskusnykyaika.fi\\\/#\\\/schema\\\/logo\\\/image\\\/\"},\"sameAs\":[\"https:\\\/\\\/www.facebook.com\\\/valokuvakeskus.nykyaika\\\/\",\"https:\\\/\\\/x.com\\\/nykyaika\",\"https:\\\/\\\/www.instagram.com\\\/nykyaika\\\/\"]},{\"@type\":\"Person\",\"@id\":\"https:\\\/\\\/valokuvakeskusnykyaika.fi\\\/#\\\/schema\\\/person\\\/41ef90f7d89984ccaca756c8d4241c19\",\"name\":\"info.nykyaika@backlight.fi\",\"url\":\"https:\\\/\\\/valokuvakeskusnykyaika.fi\\\/en\\\/author\\\/info-nykyaikabacklight-fi\\\/\"}]}<\/script>\n<!-- \/ Yoast SEO plugin. -->","yoast_head_json":{"title":"Backlight Pop Up: Fragments - Valokuvakeskus Nykyaika","robots":{"index":"index","follow":"follow","max-snippet":"max-snippet:-1","max-image-preview":"max-image-preview:large","max-video-preview":"max-video-preview:-1"},"canonical":"https:\/\/valokuvakeskusnykyaika.fi\/en\/backlight-pop-up-fragments\/","og_locale":"en_GB","og_type":"article","og_title":"Backlight Pop Up: Fragments - Valokuvakeskus Nykyaika","og_description":"23.5.-28.5.2023 Fragments on Tampereen ammattikorkeakoulun Media &amp; Arts -tutkinto-ohjelman kuvataideopiskelijoista koostuvan ryhm\u00e4n yhteisn\u00e4yttely, jonka kokoonpanoon kuuluvat Yu-Hsuan Yao, Aliisa Isohanni, Saija Kallioj\u00e4rvi, Sami Sakari ja Riitta Santala-K\u00f6ykk\u00e4. Esill\u00e4 on sek\u00e4 video- ett\u00e4 valokuvat\u00f6it\u00e4, jotka kaikki k\u00e4sittelev\u00e4t ihmisen suhdetta ymp\u00e4r\u00f6iv\u00e4\u00e4n maailmaan. Miten reagoimme sen muutoksiin ja miten voimme itse muuttaa sit\u00e4 silloin, kun muutos on v\u00e4ltt\u00e4m\u00e4t\u00f6nt\u00e4?","og_url":"https:\/\/valokuvakeskusnykyaika.fi\/en\/backlight-pop-up-fragments\/","og_site_name":"Valokuvakeskus Nykyaika","article_publisher":"https:\/\/www.facebook.com\/valokuvakeskus.nykyaika\/","article_published_time":"2023-05-12T14:01:31+00:00","article_modified_time":"2023-06-05T12:14:05+00:00","og_image":[{"width":1080,"height":1080,"url":"https:\/\/valokuvakeskusnykyaika.fi\/wp-content\/uploads\/2023\/05\/Fragments_Poster_square_TAMK.jpeg","type":"image\/jpeg"}],"author":"info.nykyaika@backlight.fi","twitter_card":"summary_large_image","twitter_creator":"@nykyaika","twitter_site":"@nykyaika","twitter_misc":{"Written by":"info.nykyaika@backlight.fi"},"schema":{"@context":"https:\/\/schema.org","@graph":[{"@type":"Article","@id":"https:\/\/valokuvakeskusnykyaika.fi\/backlight-pop-up-fragments\/#article","isPartOf":{"@id":"https:\/\/valokuvakeskusnykyaika.fi\/backlight-pop-up-fragments\/"},"author":{"name":"info.nykyaika@backlight.fi","@id":"https:\/\/valokuvakeskusnykyaika.fi\/#\/schema\/person\/41ef90f7d89984ccaca756c8d4241c19"},"headline":"Backlight Pop Up: Fragments","datePublished":"2023-05-12T14:01:31+00:00","dateModified":"2023-06-05T12:14:05+00:00","mainEntityOfPage":{"@id":"https:\/\/valokuvakeskusnykyaika.fi\/backlight-pop-up-fragments\/"},"wordCount":73,"publisher":{"@id":"https:\/\/valokuvakeskusnykyaika.fi\/#organization"},"image":{"@id":"https:\/\/valokuvakeskusnykyaika.fi\/backlight-pop-up-fragments\/#primaryimage"},"thumbnailUrl":"https:\/\/valokuvakeskusnykyaika.fi\/wp-content\/uploads\/2023\/05\/Fragments_Poster_square_TAMK.jpeg","articleSection":["Menneet"],"inLanguage":"en-GB"},{"@type":"WebPage","@id":"https:\/\/valokuvakeskusnykyaika.fi\/backlight-pop-up-fragments\/","url":"https:\/\/valokuvakeskusnykyaika.fi\/backlight-pop-up-fragments\/","name":"Backlight Pop Up: Fragments - Valokuvakeskus Nykyaika","isPartOf":{"@id":"https:\/\/valokuvakeskusnykyaika.fi\/#website"},"primaryImageOfPage":{"@id":"https:\/\/valokuvakeskusnykyaika.fi\/backlight-pop-up-fragments\/#primaryimage"},"image":{"@id":"https:\/\/valokuvakeskusnykyaika.fi\/backlight-pop-up-fragments\/#primaryimage"},"thumbnailUrl":"https:\/\/valokuvakeskusnykyaika.fi\/wp-content\/uploads\/2023\/05\/Fragments_Poster_square_TAMK.jpeg","datePublished":"2023-05-12T14:01:31+00:00","dateModified":"2023-06-05T12:14:05+00:00","breadcrumb":{"@id":"https:\/\/valokuvakeskusnykyaika.fi\/backlight-pop-up-fragments\/#breadcrumb"},"inLanguage":"en-GB","potentialAction":[{"@type":"ReadAction","target":["https:\/\/valokuvakeskusnykyaika.fi\/backlight-pop-up-fragments\/"]}]},{"@type":"ImageObject","inLanguage":"en-GB","@id":"https:\/\/valokuvakeskusnykyaika.fi\/backlight-pop-up-fragments\/#primaryimage","url":"https:\/\/valokuvakeskusnykyaika.fi\/wp-content\/uploads\/2023\/05\/Fragments_Poster_square_TAMK.jpeg","contentUrl":"https:\/\/valokuvakeskusnykyaika.fi\/wp-content\/uploads\/2023\/05\/Fragments_Poster_square_TAMK.jpeg","width":1080,"height":1080},{"@type":"BreadcrumbList","@id":"https:\/\/valokuvakeskusnykyaika.fi\/backlight-pop-up-fragments\/#breadcrumb","itemListElement":[{"@type":"ListItem","position":1,"name":"Etusivu","item":"https:\/\/valokuvakeskusnykyaika.fi\/"},{"@type":"ListItem","position":2,"name":"Backlight Pop Up: Fragments"}]},{"@type":"WebSite","@id":"https:\/\/valokuvakeskusnykyaika.fi\/#website","url":"https:\/\/valokuvakeskusnykyaika.fi\/","name":"Photographic Centre Nykyaika","description":"Nykyaika on avoin kohtaamispaikka kaikille valokuvataiteen yst\u00e4ville","publisher":{"@id":"https:\/\/valokuvakeskusnykyaika.fi\/#organization"},"potentialAction":[{"@type":"SearchAction","target":{"@type":"EntryPoint","urlTemplate":"https:\/\/valokuvakeskusnykyaika.fi\/?s={search_term_string}"},"query-input":{"@type":"PropertyValueSpecification","valueRequired":true,"valueName":"search_term_string"}}],"inLanguage":"en-GB"},{"@type":"Organization","@id":"https:\/\/valokuvakeskusnykyaika.fi\/#organization","name":"Photographic Centre Nykyaika","url":"https:\/\/valokuvakeskusnykyaika.fi\/","logo":{"@type":"ImageObject","inLanguage":"en-GB","@id":"https:\/\/valokuvakeskusnykyaika.fi\/#\/schema\/logo\/image\/","url":"https:\/\/valokuvakeskusnykyaika.fi\/wp-content\/uploads\/2019\/01\/NY-Valokuvakeskus-logo-pieni.png","contentUrl":"https:\/\/valokuvakeskusnykyaika.fi\/wp-content\/uploads\/2019\/01\/NY-Valokuvakeskus-logo-pieni.png","width":300,"height":314,"caption":"Valokuvakeskus Nykyaika"},"image":{"@id":"https:\/\/valokuvakeskusnykyaika.fi\/#\/schema\/logo\/image\/"},"sameAs":["https:\/\/www.facebook.com\/valokuvakeskus.nykyaika\/","https:\/\/x.com\/nykyaika","https:\/\/www.instagram.com\/nykyaika\/"]},{"@type":"Person","@id":"https:\/\/valokuvakeskusnykyaika.fi\/#\/schema\/person\/41ef90f7d89984ccaca756c8d4241c19","name":"info.nykyaika@backlight.fi","url":"https:\/\/valokuvakeskusnykyaika.fi\/en\/author\/info-nykyaikabacklight-fi\/"}]}},"_links":{"self":[{"href":"https:\/\/valokuvakeskusnykyaika.fi\/en\/wp-json\/wp\/v2\/posts\/5731","targetHints":{"allow":["GET"]}}],"collection":[{"href":"https:\/\/valokuvakeskusnykyaika.fi\/en\/wp-json\/wp\/v2\/posts"}],"about":[{"href":"https:\/\/valokuvakeskusnykyaika.fi\/en\/wp-json\/wp\/v2\/types\/post"}],"author":[{"embeddable":true,"href":"https:\/\/valokuvakeskusnykyaika.fi\/en\/wp-json\/wp\/v2\/users\/6"}],"replies":[{"embeddable":true,"href":"https:\/\/valokuvakeskusnykyaika.fi\/en\/wp-json\/wp\/v2\/comments?post=5731"}],"version-history":[{"count":2,"href":"https:\/\/valokuvakeskusnykyaika.fi\/en\/wp-json\/wp\/v2\/posts\/5731\/revisions"}],"predecessor-version":[{"id":5753,"href":"https:\/\/valokuvakeskusnykyaika.fi\/en\/wp-json\/wp\/v2\/posts\/5731\/revisions\/5753"}],"wp:featuredmedia":[{"embeddable":true,"href":"https:\/\/valokuvakeskusnykyaika.fi\/en\/wp-json\/wp\/v2\/media\/5732"}],"wp:attachment":[{"href":"https:\/\/valokuvakeskusnykyaika.fi\/en\/wp-json\/wp\/v2\/media?parent=5731"}],"wp:term":[{"taxonomy":"category","embeddable":true,"href":"https:\/\/valokuvakeskusnykyaika.fi\/en\/wp-json\/wp\/v2\/categories?post=5731"},{"taxonomy":"post_tag","embeddable":true,"href":"https:\/\/valokuvakeskusnykyaika.fi\/en\/wp-json\/wp\/v2\/tags?post=5731"}],"curies":[{"name":"wp","href":"https:\/\/api.w.org\/{rel}","templated":true}]}}