{"id":5865,"date":"2023-11-01T11:59:22","date_gmt":"2023-11-01T09:59:22","guid":{"rendered":"https:\/\/valokuvakeskusnykyaika.fi\/?p=5865"},"modified":"2024-01-16T13:50:29","modified_gmt":"2024-01-16T11:50:29","slug":"juha-saaski-valokuvakollaaseja-ja-valokuvia-menneisyydesta-ja-nykyisyydesta","status":"publish","type":"post","link":"https:\/\/valokuvakeskusnykyaika.fi\/en\/juha-saaski-valokuvakollaaseja-ja-valokuvia-menneisyydesta-ja-nykyisyydesta\/","title":{"rendered":"Juha S\u00e4\u00e4ski: Valokuvakollaaseja ja valokuvia menneisyydest\u00e4 ja nykyisyydest\u00e4"},"content":{"rendered":"<p>18.11.-18.12.<br><\/p>\n\n\n\n<p>N\u00e4yttelyni koostuu p\u00e4\u00e4asiassa noin kymmenen viime vuoden aikana syntyneist\u00e4 valokuvakollaaseista ja valokuvista, jotka esit\u00e4n mustesuihku-suurkuvatulosteina. Valokuvakollaasit olen toteuttanut p\u00e4\u00e4asiassa itse kuvatusta kuvamateriaalista leikkaa-liimaa -menetelm\u00e4ll\u00e4. Maalauksellista j\u00e4lke\u00e4 olen aikaansaanut mm. rinnastuksilla tarkka-ep\u00e4tarkka, k\u00e4ytt\u00e4m\u00e4ll\u00e4 rikkin\u00e4ist\u00e4 tulostinta, virheellisi\u00e4 tulostinasetuksia tai tulostamalla nelj\u00e4n v\u00e4rin v\u00e4ripatruunan j\u00e4rjestelm\u00e4ss\u00e4 esimerkiksi kahdella tai kolmella v\u00e4rill\u00e4, yhden tai kahden v\u00e4rin loputtua. Maalauksellisia vaikutelmia on syntynyt my\u00f6s kuvaamalla diakuvaa k\u00e4dess\u00e4 pit\u00e4en erilaisissa kuvakulmissa, erilaisten taustojen ja valojen edess\u00e4. Kollaaseihin olen my\u00f6s yhdist\u00e4nyt jonkin verran \u00f6ljy- ja akryylimaalausta.<\/p>\n\n\n\n<p>P\u00e4\u00e4asiallisesti olen taidemaalari, mutta valokuvapohjaisia teoksia olen tehnyt 1980-luvun alusta l\u00e4htien. Suhteeni valokuvaukseen syntyi 1950- luvun puolessa v\u00e4liss\u00e4<br>3-4-vuotiaana ollessani valokuvausta harrastaneen is\u00e4ni mukana Helsingin satamassa satamaty\u00f6l\u00e4isi\u00e4 kuvaamassa ja siltojen alla asunnottomien alkoholistien el\u00e4m\u00e4\u00e4 kameralla tallentamassa. Varsinkin viimeksi mainitut aiheet ovat j\u00e4\u00e4neet erilaisina variaatioina el\u00e4m\u00e4\u00e4n t\u00f6iss\u00e4ni vuosikymmeniksi, kuten t\u00e4m\u00e4nkin n\u00e4yttelyn teoksissa.<\/p>\n\n\n\n<p>Kuvausmatkan j\u00e4lkeen is\u00e4ni pystytti pimi\u00f6n ja valokuvalaboratorion pieneen yksi\u00f6\u00f6mme. \u00c4sken kaupungilla n\u00e4kemieni aiheiden ilmestyminen valokuvapaperille kehitealtaassa oli h\u00e4mm\u00e4stytt\u00e4v\u00e4 prosessi, joka tuntui l\u00e4hinn\u00e4 taikuudelta. Is\u00e4ni purettua pimi\u00f6n, piirsin n\u00e4kemi\u00e4mme aiheita lyijykyn\u00e4ll\u00e4 ns. puotipaperille (makulatuuripaperia). Ensimm\u00e4iset puliukkopiirustukseni tein 3-vuotiaana.<\/p>\n\n\n\n<p>K\u00e4sittelen ihmisel\u00e4m\u00e4n monimuotoisuutta ja paradoksaalisuutta et\u00e4\u00e4nnytt\u00e4en, yhdistellen ristiriitaisia elementtej\u00e4, naiiveja rinnastuksia, komiikkaa, tragiikkaa, modernistista kuvakielt\u00e4, joista syntyy surrealistista parodiaa ja satiiria, mik\u00e4 ei kuitenkaan ole kovin kaukana todellisuudesta. Estetiikka on oleellinen elementti, varsinkin valokuvissa. Kadulla makaavia tai kerj\u00e4\u00e4vi\u00e4 ihmisi\u00e4 k\u00e4yt\u00e4n k\u00f6yhyyden, syrj\u00e4ytymisen ja osattomuuden metaforina, kilpailu- ja kulutusyhteiskunta-ideologian n\u00e4kyvin\u00e4 uhreina.<\/p>\n\n\n\n<p>Teosten tunneilmasto on enimm\u00e4kseen tragikoominen. Se koostuu surusta, ilosta, empatiasta, todellisuuden kohtaamisesta, huolesta ja toivosta. Charlie Chaplinin n\u00e4kemys kuvastaa hyvin valokuvakollaasieni sis\u00e4lt\u00f6j\u00e4: \u201dIhmisel\u00e4m\u00e4 on tragediaa l\u00e4helt\u00e4 katsottuna, mutta komediaa kauempaa tarkasteltuna\u201d.<\/p>\n\n\n\n<p>Valokuvat perustuvat p\u00e4\u00e4asiassa estetiikkaan ja aiheet ovat usein l\u00f6ytyneet kaduilta, takapihoilta ja tehdasalueilta. Minulle valokuva on haasteellisempi ilmaisumuoto kuin valokuvakollaasi, koska kollaasia voin ty\u00f6st\u00e4\u00e4 kauankin ennen elementtien liimaamista lopullisille paikoilleen, mutta valokuva syntyy oikean paikan, ajan ja muiden vallitsevien olosuhteiden ehdoilla, ilman j\u00e4lkik\u00e4teen teht\u00e4v\u00e4\u00e4 kuvan manipulointia.<\/p>\n\n\n\n<p>Juha S\u00e4\u00e4ski (s.1952) on Raaseporissa asuva ja ty\u00f6skentelev\u00e4 kuvataiteilija, joka on j\u00e4rjest\u00e4nyt lukuisia yksityisn\u00e4yttelyit\u00e4 ja osallistunut yli 250 yhteis- ja ryhm\u00e4n\u00e4yttelyyn Suomessa ja ulkomailla. H\u00e4n toteuttanut useita julkisia taideteoksia yksin ja ryhm\u00e4ss\u00e4, toiminut kuvataideopettajana, useiden n\u00e4yttelyiden kuraattorina (mm. M\u00e4nt\u00e4n ensimm\u00e4iset Kuvataideviikot 1993) ja eri taiteilijaj\u00e4rjest\u00f6jen hallituksissa. S\u00e4\u00e4ski on my\u00f6s Taiteilijaosuuskunta TOOLBOXin ja Galerie\/Projektraum TOOLBOX Berlinin perustajaj\u00e4sen.&nbsp;<\/p>","protected":false},"excerpt":{"rendered":"<p>18.11.-18.12. N\u00e4yttelyni koostuu p\u00e4\u00e4asiassa noin kymmenen viime vuoden aikana syntyneist\u00e4 valokuvakollaaseista ja valokuvista, jotka esit\u00e4n mustesuihku-suurkuvatulosteina. Valokuvakollaasit olen toteuttanut p\u00e4\u00e4asiassa itse kuvatusta kuvamateriaalista leikkaa-liimaa -menetelm\u00e4ll\u00e4. Maalauksellista j\u00e4lke\u00e4 olen aikaansaanut mm. rinnastuksilla tarkka-ep\u00e4tarkka, k\u00e4ytt\u00e4m\u00e4ll\u00e4 rikkin\u00e4ist\u00e4 tulostinta, virheellisi\u00e4 tulostinasetuksia tai tulostamalla nelj\u00e4n v\u00e4rin v\u00e4ripatruunan j\u00e4rjestelm\u00e4ss\u00e4 esimerkiksi kahdella tai kolmella v\u00e4rill\u00e4, yhden tai kahden v\u00e4rin loputtua. Maalauksellisia vaikutelmia [&hellip;]<\/p>\n","protected":false},"author":6,"featured_media":5866,"comment_status":"closed","ping_status":"closed","sticky":false,"template":"","format":"standard","meta":{"iawp_total_views":11,"footnotes":""},"categories":[4],"tags":[],"class_list":["post-5865","post","type-post","status-publish","format-standard","has-post-thumbnail","hentry","category-menneet"],"yoast_head":"<!-- This site is optimized with the Yoast SEO plugin v27.5 - https:\/\/yoast.com\/product\/yoast-seo-wordpress\/ -->\n<title>Juha S\u00e4\u00e4ski: Valokuvakollaaseja ja valokuvia menneisyydest\u00e4 ja nykyisyydest\u00e4 - Valokuvakeskus Nykyaika<\/title>\n<meta name=\"robots\" content=\"index, follow, max-snippet:-1, max-image-preview:large, max-video-preview:-1\" \/>\n<link rel=\"canonical\" href=\"https:\/\/valokuvakeskusnykyaika.fi\/en\/juha-saaski-valokuvakollaaseja-ja-valokuvia-menneisyydesta-ja-nykyisyydesta\/\" \/>\n<meta property=\"og:locale\" content=\"en_GB\" \/>\n<meta property=\"og:type\" content=\"article\" \/>\n<meta property=\"og:title\" content=\"Juha S\u00e4\u00e4ski: Valokuvakollaaseja ja valokuvia menneisyydest\u00e4 ja nykyisyydest\u00e4 - Valokuvakeskus Nykyaika\" \/>\n<meta property=\"og:description\" content=\"18.11.-18.12. N\u00e4yttelyni koostuu p\u00e4\u00e4asiassa noin kymmenen viime vuoden aikana syntyneist\u00e4 valokuvakollaaseista ja valokuvista, jotka esit\u00e4n mustesuihku-suurkuvatulosteina. Valokuvakollaasit olen toteuttanut p\u00e4\u00e4asiassa itse kuvatusta kuvamateriaalista leikkaa-liimaa -menetelm\u00e4ll\u00e4. Maalauksellista j\u00e4lke\u00e4 olen aikaansaanut mm. rinnastuksilla tarkka-ep\u00e4tarkka, k\u00e4ytt\u00e4m\u00e4ll\u00e4 rikkin\u00e4ist\u00e4 tulostinta, virheellisi\u00e4 tulostinasetuksia tai tulostamalla nelj\u00e4n v\u00e4rin v\u00e4ripatruunan j\u00e4rjestelm\u00e4ss\u00e4 esimerkiksi kahdella tai kolmella v\u00e4rill\u00e4, yhden tai kahden v\u00e4rin loputtua. Maalauksellisia vaikutelmia [&hellip;]\" \/>\n<meta property=\"og:url\" content=\"https:\/\/valokuvakeskusnykyaika.fi\/en\/juha-saaski-valokuvakollaaseja-ja-valokuvia-menneisyydesta-ja-nykyisyydesta\/\" \/>\n<meta property=\"og:site_name\" content=\"Valokuvakeskus Nykyaika\" \/>\n<meta property=\"article:publisher\" content=\"https:\/\/www.facebook.com\/valokuvakeskus.nykyaika\/\" \/>\n<meta property=\"article:published_time\" content=\"2023-11-01T09:59:22+00:00\" \/>\n<meta property=\"article:modified_time\" content=\"2024-01-16T11:50:29+00:00\" \/>\n<meta property=\"og:image\" content=\"https:\/\/valokuvakeskusnykyaika.fi\/wp-content\/uploads\/2023\/11\/Kadulla-6-koll-scaled.jpg\" \/>\n\t<meta property=\"og:image:width\" content=\"2560\" \/>\n\t<meta property=\"og:image:height\" content=\"1919\" \/>\n\t<meta property=\"og:image:type\" content=\"image\/jpeg\" \/>\n<meta name=\"author\" content=\"info.nykyaika@backlight.fi\" \/>\n<meta name=\"twitter:card\" content=\"summary_large_image\" \/>\n<meta name=\"twitter:creator\" content=\"@nykyaika\" \/>\n<meta name=\"twitter:site\" content=\"@nykyaika\" \/>\n<meta name=\"twitter:label1\" content=\"Written by\" \/>\n\t<meta name=\"twitter:data1\" content=\"info.nykyaika@backlight.fi\" \/>\n\t<meta name=\"twitter:label2\" content=\"Estimated reading time\" \/>\n\t<meta name=\"twitter:data2\" content=\"2 minutes\" \/>\n<script type=\"application\/ld+json\" class=\"yoast-schema-graph\">{\"@context\":\"https:\\\/\\\/schema.org\",\"@graph\":[{\"@type\":\"Article\",\"@id\":\"https:\\\/\\\/valokuvakeskusnykyaika.fi\\\/juha-saaski-valokuvakollaaseja-ja-valokuvia-menneisyydesta-ja-nykyisyydesta\\\/#article\",\"isPartOf\":{\"@id\":\"https:\\\/\\\/valokuvakeskusnykyaika.fi\\\/juha-saaski-valokuvakollaaseja-ja-valokuvia-menneisyydesta-ja-nykyisyydesta\\\/\"},\"author\":{\"name\":\"info.nykyaika@backlight.fi\",\"@id\":\"https:\\\/\\\/valokuvakeskusnykyaika.fi\\\/#\\\/schema\\\/person\\\/41ef90f7d89984ccaca756c8d4241c19\"},\"headline\":\"Juha S\u00e4\u00e4ski: Valokuvakollaaseja ja valokuvia menneisyydest\u00e4 ja nykyisyydest\u00e4\",\"datePublished\":\"2023-11-01T09:59:22+00:00\",\"dateModified\":\"2024-01-16T11:50:29+00:00\",\"mainEntityOfPage\":{\"@id\":\"https:\\\/\\\/valokuvakeskusnykyaika.fi\\\/juha-saaski-valokuvakollaaseja-ja-valokuvia-menneisyydesta-ja-nykyisyydesta\\\/\"},\"wordCount\":453,\"publisher\":{\"@id\":\"https:\\\/\\\/valokuvakeskusnykyaika.fi\\\/#organization\"},\"image\":{\"@id\":\"https:\\\/\\\/valokuvakeskusnykyaika.fi\\\/juha-saaski-valokuvakollaaseja-ja-valokuvia-menneisyydesta-ja-nykyisyydesta\\\/#primaryimage\"},\"thumbnailUrl\":\"https:\\\/\\\/valokuvakeskusnykyaika.fi\\\/wp-content\\\/uploads\\\/2023\\\/11\\\/Kadulla-6-koll-scaled.jpg\",\"articleSection\":[\"Menneet\"],\"inLanguage\":\"en-GB\"},{\"@type\":\"WebPage\",\"@id\":\"https:\\\/\\\/valokuvakeskusnykyaika.fi\\\/juha-saaski-valokuvakollaaseja-ja-valokuvia-menneisyydesta-ja-nykyisyydesta\\\/\",\"url\":\"https:\\\/\\\/valokuvakeskusnykyaika.fi\\\/juha-saaski-valokuvakollaaseja-ja-valokuvia-menneisyydesta-ja-nykyisyydesta\\\/\",\"name\":\"Juha S\u00e4\u00e4ski: Valokuvakollaaseja ja valokuvia menneisyydest\u00e4 ja nykyisyydest\u00e4 - Valokuvakeskus Nykyaika\",\"isPartOf\":{\"@id\":\"https:\\\/\\\/valokuvakeskusnykyaika.fi\\\/#website\"},\"primaryImageOfPage\":{\"@id\":\"https:\\\/\\\/valokuvakeskusnykyaika.fi\\\/juha-saaski-valokuvakollaaseja-ja-valokuvia-menneisyydesta-ja-nykyisyydesta\\\/#primaryimage\"},\"image\":{\"@id\":\"https:\\\/\\\/valokuvakeskusnykyaika.fi\\\/juha-saaski-valokuvakollaaseja-ja-valokuvia-menneisyydesta-ja-nykyisyydesta\\\/#primaryimage\"},\"thumbnailUrl\":\"https:\\\/\\\/valokuvakeskusnykyaika.fi\\\/wp-content\\\/uploads\\\/2023\\\/11\\\/Kadulla-6-koll-scaled.jpg\",\"datePublished\":\"2023-11-01T09:59:22+00:00\",\"dateModified\":\"2024-01-16T11:50:29+00:00\",\"breadcrumb\":{\"@id\":\"https:\\\/\\\/valokuvakeskusnykyaika.fi\\\/juha-saaski-valokuvakollaaseja-ja-valokuvia-menneisyydesta-ja-nykyisyydesta\\\/#breadcrumb\"},\"inLanguage\":\"en-GB\",\"potentialAction\":[{\"@type\":\"ReadAction\",\"target\":[\"https:\\\/\\\/valokuvakeskusnykyaika.fi\\\/juha-saaski-valokuvakollaaseja-ja-valokuvia-menneisyydesta-ja-nykyisyydesta\\\/\"]}]},{\"@type\":\"ImageObject\",\"inLanguage\":\"en-GB\",\"@id\":\"https:\\\/\\\/valokuvakeskusnykyaika.fi\\\/juha-saaski-valokuvakollaaseja-ja-valokuvia-menneisyydesta-ja-nykyisyydesta\\\/#primaryimage\",\"url\":\"https:\\\/\\\/valokuvakeskusnykyaika.fi\\\/wp-content\\\/uploads\\\/2023\\\/11\\\/Kadulla-6-koll-scaled.jpg\",\"contentUrl\":\"https:\\\/\\\/valokuvakeskusnykyaika.fi\\\/wp-content\\\/uploads\\\/2023\\\/11\\\/Kadulla-6-koll-scaled.jpg\",\"width\":2560,\"height\":1919},{\"@type\":\"BreadcrumbList\",\"@id\":\"https:\\\/\\\/valokuvakeskusnykyaika.fi\\\/juha-saaski-valokuvakollaaseja-ja-valokuvia-menneisyydesta-ja-nykyisyydesta\\\/#breadcrumb\",\"itemListElement\":[{\"@type\":\"ListItem\",\"position\":1,\"name\":\"Etusivu\",\"item\":\"https:\\\/\\\/valokuvakeskusnykyaika.fi\\\/\"},{\"@type\":\"ListItem\",\"position\":2,\"name\":\"Juha S\u00e4\u00e4ski: Valokuvakollaaseja ja valokuvia menneisyydest\u00e4 ja nykyisyydest\u00e4\"}]},{\"@type\":\"WebSite\",\"@id\":\"https:\\\/\\\/valokuvakeskusnykyaika.fi\\\/#website\",\"url\":\"https:\\\/\\\/valokuvakeskusnykyaika.fi\\\/\",\"name\":\"Valokuvakeskus Nykyaika\",\"description\":\"Nykyaika on avoin kohtaamispaikka kaikille valokuvataiteen yst\u00e4ville\",\"publisher\":{\"@id\":\"https:\\\/\\\/valokuvakeskusnykyaika.fi\\\/#organization\"},\"potentialAction\":[{\"@type\":\"SearchAction\",\"target\":{\"@type\":\"EntryPoint\",\"urlTemplate\":\"https:\\\/\\\/valokuvakeskusnykyaika.fi\\\/?s={search_term_string}\"},\"query-input\":{\"@type\":\"PropertyValueSpecification\",\"valueRequired\":true,\"valueName\":\"search_term_string\"}}],\"inLanguage\":\"en-GB\"},{\"@type\":\"Organization\",\"@id\":\"https:\\\/\\\/valokuvakeskusnykyaika.fi\\\/#organization\",\"name\":\"Valokuvakeskus Nykyaika\",\"url\":\"https:\\\/\\\/valokuvakeskusnykyaika.fi\\\/\",\"logo\":{\"@type\":\"ImageObject\",\"inLanguage\":\"en-GB\",\"@id\":\"https:\\\/\\\/valokuvakeskusnykyaika.fi\\\/#\\\/schema\\\/logo\\\/image\\\/\",\"url\":\"https:\\\/\\\/valokuvakeskusnykyaika.fi\\\/wp-content\\\/uploads\\\/2019\\\/01\\\/NY-Valokuvakeskus-logo-pieni.png\",\"contentUrl\":\"https:\\\/\\\/valokuvakeskusnykyaika.fi\\\/wp-content\\\/uploads\\\/2019\\\/01\\\/NY-Valokuvakeskus-logo-pieni.png\",\"width\":300,\"height\":314,\"caption\":\"Valokuvakeskus Nykyaika\"},\"image\":{\"@id\":\"https:\\\/\\\/valokuvakeskusnykyaika.fi\\\/#\\\/schema\\\/logo\\\/image\\\/\"},\"sameAs\":[\"https:\\\/\\\/www.facebook.com\\\/valokuvakeskus.nykyaika\\\/\",\"https:\\\/\\\/x.com\\\/nykyaika\",\"https:\\\/\\\/www.instagram.com\\\/nykyaika\\\/\"]},{\"@type\":\"Person\",\"@id\":\"https:\\\/\\\/valokuvakeskusnykyaika.fi\\\/#\\\/schema\\\/person\\\/41ef90f7d89984ccaca756c8d4241c19\",\"name\":\"info.nykyaika@backlight.fi\",\"url\":\"https:\\\/\\\/valokuvakeskusnykyaika.fi\\\/en\\\/author\\\/info-nykyaikabacklight-fi\\\/\"}]}<\/script>\n<!-- \/ Yoast SEO plugin. -->","yoast_head_json":{"title":"Juha S\u00e4\u00e4ski: Valokuvakollaaseja ja valokuvia menneisyydest\u00e4 ja nykyisyydest\u00e4 - Valokuvakeskus Nykyaika","robots":{"index":"index","follow":"follow","max-snippet":"max-snippet:-1","max-image-preview":"max-image-preview:large","max-video-preview":"max-video-preview:-1"},"canonical":"https:\/\/valokuvakeskusnykyaika.fi\/en\/juha-saaski-valokuvakollaaseja-ja-valokuvia-menneisyydesta-ja-nykyisyydesta\/","og_locale":"en_GB","og_type":"article","og_title":"Juha S\u00e4\u00e4ski: Valokuvakollaaseja ja valokuvia menneisyydest\u00e4 ja nykyisyydest\u00e4 - Valokuvakeskus Nykyaika","og_description":"18.11.-18.12. N\u00e4yttelyni koostuu p\u00e4\u00e4asiassa noin kymmenen viime vuoden aikana syntyneist\u00e4 valokuvakollaaseista ja valokuvista, jotka esit\u00e4n mustesuihku-suurkuvatulosteina. Valokuvakollaasit olen toteuttanut p\u00e4\u00e4asiassa itse kuvatusta kuvamateriaalista leikkaa-liimaa -menetelm\u00e4ll\u00e4. Maalauksellista j\u00e4lke\u00e4 olen aikaansaanut mm. rinnastuksilla tarkka-ep\u00e4tarkka, k\u00e4ytt\u00e4m\u00e4ll\u00e4 rikkin\u00e4ist\u00e4 tulostinta, virheellisi\u00e4 tulostinasetuksia tai tulostamalla nelj\u00e4n v\u00e4rin v\u00e4ripatruunan j\u00e4rjestelm\u00e4ss\u00e4 esimerkiksi kahdella tai kolmella v\u00e4rill\u00e4, yhden tai kahden v\u00e4rin loputtua. Maalauksellisia vaikutelmia [&hellip;]","og_url":"https:\/\/valokuvakeskusnykyaika.fi\/en\/juha-saaski-valokuvakollaaseja-ja-valokuvia-menneisyydesta-ja-nykyisyydesta\/","og_site_name":"Valokuvakeskus Nykyaika","article_publisher":"https:\/\/www.facebook.com\/valokuvakeskus.nykyaika\/","article_published_time":"2023-11-01T09:59:22+00:00","article_modified_time":"2024-01-16T11:50:29+00:00","og_image":[{"width":2560,"height":1919,"url":"https:\/\/valokuvakeskusnykyaika.fi\/wp-content\/uploads\/2023\/11\/Kadulla-6-koll-scaled.jpg","type":"image\/jpeg"}],"author":"info.nykyaika@backlight.fi","twitter_card":"summary_large_image","twitter_creator":"@nykyaika","twitter_site":"@nykyaika","twitter_misc":{"Written by":"info.nykyaika@backlight.fi","Estimated reading time":"2 minutes"},"schema":{"@context":"https:\/\/schema.org","@graph":[{"@type":"Article","@id":"https:\/\/valokuvakeskusnykyaika.fi\/juha-saaski-valokuvakollaaseja-ja-valokuvia-menneisyydesta-ja-nykyisyydesta\/#article","isPartOf":{"@id":"https:\/\/valokuvakeskusnykyaika.fi\/juha-saaski-valokuvakollaaseja-ja-valokuvia-menneisyydesta-ja-nykyisyydesta\/"},"author":{"name":"info.nykyaika@backlight.fi","@id":"https:\/\/valokuvakeskusnykyaika.fi\/#\/schema\/person\/41ef90f7d89984ccaca756c8d4241c19"},"headline":"Juha S\u00e4\u00e4ski: Valokuvakollaaseja ja valokuvia menneisyydest\u00e4 ja nykyisyydest\u00e4","datePublished":"2023-11-01T09:59:22+00:00","dateModified":"2024-01-16T11:50:29+00:00","mainEntityOfPage":{"@id":"https:\/\/valokuvakeskusnykyaika.fi\/juha-saaski-valokuvakollaaseja-ja-valokuvia-menneisyydesta-ja-nykyisyydesta\/"},"wordCount":453,"publisher":{"@id":"https:\/\/valokuvakeskusnykyaika.fi\/#organization"},"image":{"@id":"https:\/\/valokuvakeskusnykyaika.fi\/juha-saaski-valokuvakollaaseja-ja-valokuvia-menneisyydesta-ja-nykyisyydesta\/#primaryimage"},"thumbnailUrl":"https:\/\/valokuvakeskusnykyaika.fi\/wp-content\/uploads\/2023\/11\/Kadulla-6-koll-scaled.jpg","articleSection":["Menneet"],"inLanguage":"en-GB"},{"@type":"WebPage","@id":"https:\/\/valokuvakeskusnykyaika.fi\/juha-saaski-valokuvakollaaseja-ja-valokuvia-menneisyydesta-ja-nykyisyydesta\/","url":"https:\/\/valokuvakeskusnykyaika.fi\/juha-saaski-valokuvakollaaseja-ja-valokuvia-menneisyydesta-ja-nykyisyydesta\/","name":"Juha S\u00e4\u00e4ski: Valokuvakollaaseja ja valokuvia menneisyydest\u00e4 ja nykyisyydest\u00e4 - Valokuvakeskus Nykyaika","isPartOf":{"@id":"https:\/\/valokuvakeskusnykyaika.fi\/#website"},"primaryImageOfPage":{"@id":"https:\/\/valokuvakeskusnykyaika.fi\/juha-saaski-valokuvakollaaseja-ja-valokuvia-menneisyydesta-ja-nykyisyydesta\/#primaryimage"},"image":{"@id":"https:\/\/valokuvakeskusnykyaika.fi\/juha-saaski-valokuvakollaaseja-ja-valokuvia-menneisyydesta-ja-nykyisyydesta\/#primaryimage"},"thumbnailUrl":"https:\/\/valokuvakeskusnykyaika.fi\/wp-content\/uploads\/2023\/11\/Kadulla-6-koll-scaled.jpg","datePublished":"2023-11-01T09:59:22+00:00","dateModified":"2024-01-16T11:50:29+00:00","breadcrumb":{"@id":"https:\/\/valokuvakeskusnykyaika.fi\/juha-saaski-valokuvakollaaseja-ja-valokuvia-menneisyydesta-ja-nykyisyydesta\/#breadcrumb"},"inLanguage":"en-GB","potentialAction":[{"@type":"ReadAction","target":["https:\/\/valokuvakeskusnykyaika.fi\/juha-saaski-valokuvakollaaseja-ja-valokuvia-menneisyydesta-ja-nykyisyydesta\/"]}]},{"@type":"ImageObject","inLanguage":"en-GB","@id":"https:\/\/valokuvakeskusnykyaika.fi\/juha-saaski-valokuvakollaaseja-ja-valokuvia-menneisyydesta-ja-nykyisyydesta\/#primaryimage","url":"https:\/\/valokuvakeskusnykyaika.fi\/wp-content\/uploads\/2023\/11\/Kadulla-6-koll-scaled.jpg","contentUrl":"https:\/\/valokuvakeskusnykyaika.fi\/wp-content\/uploads\/2023\/11\/Kadulla-6-koll-scaled.jpg","width":2560,"height":1919},{"@type":"BreadcrumbList","@id":"https:\/\/valokuvakeskusnykyaika.fi\/juha-saaski-valokuvakollaaseja-ja-valokuvia-menneisyydesta-ja-nykyisyydesta\/#breadcrumb","itemListElement":[{"@type":"ListItem","position":1,"name":"Etusivu","item":"https:\/\/valokuvakeskusnykyaika.fi\/"},{"@type":"ListItem","position":2,"name":"Juha S\u00e4\u00e4ski: Valokuvakollaaseja ja valokuvia menneisyydest\u00e4 ja nykyisyydest\u00e4"}]},{"@type":"WebSite","@id":"https:\/\/valokuvakeskusnykyaika.fi\/#website","url":"https:\/\/valokuvakeskusnykyaika.fi\/","name":"Photographic Centre Nykyaika","description":"Nykyaika on avoin kohtaamispaikka kaikille valokuvataiteen yst\u00e4ville","publisher":{"@id":"https:\/\/valokuvakeskusnykyaika.fi\/#organization"},"potentialAction":[{"@type":"SearchAction","target":{"@type":"EntryPoint","urlTemplate":"https:\/\/valokuvakeskusnykyaika.fi\/?s={search_term_string}"},"query-input":{"@type":"PropertyValueSpecification","valueRequired":true,"valueName":"search_term_string"}}],"inLanguage":"en-GB"},{"@type":"Organization","@id":"https:\/\/valokuvakeskusnykyaika.fi\/#organization","name":"Photographic Centre Nykyaika","url":"https:\/\/valokuvakeskusnykyaika.fi\/","logo":{"@type":"ImageObject","inLanguage":"en-GB","@id":"https:\/\/valokuvakeskusnykyaika.fi\/#\/schema\/logo\/image\/","url":"https:\/\/valokuvakeskusnykyaika.fi\/wp-content\/uploads\/2019\/01\/NY-Valokuvakeskus-logo-pieni.png","contentUrl":"https:\/\/valokuvakeskusnykyaika.fi\/wp-content\/uploads\/2019\/01\/NY-Valokuvakeskus-logo-pieni.png","width":300,"height":314,"caption":"Valokuvakeskus Nykyaika"},"image":{"@id":"https:\/\/valokuvakeskusnykyaika.fi\/#\/schema\/logo\/image\/"},"sameAs":["https:\/\/www.facebook.com\/valokuvakeskus.nykyaika\/","https:\/\/x.com\/nykyaika","https:\/\/www.instagram.com\/nykyaika\/"]},{"@type":"Person","@id":"https:\/\/valokuvakeskusnykyaika.fi\/#\/schema\/person\/41ef90f7d89984ccaca756c8d4241c19","name":"info.nykyaika@backlight.fi","url":"https:\/\/valokuvakeskusnykyaika.fi\/en\/author\/info-nykyaikabacklight-fi\/"}]}},"_links":{"self":[{"href":"https:\/\/valokuvakeskusnykyaika.fi\/en\/wp-json\/wp\/v2\/posts\/5865","targetHints":{"allow":["GET"]}}],"collection":[{"href":"https:\/\/valokuvakeskusnykyaika.fi\/en\/wp-json\/wp\/v2\/posts"}],"about":[{"href":"https:\/\/valokuvakeskusnykyaika.fi\/en\/wp-json\/wp\/v2\/types\/post"}],"author":[{"embeddable":true,"href":"https:\/\/valokuvakeskusnykyaika.fi\/en\/wp-json\/wp\/v2\/users\/6"}],"replies":[{"embeddable":true,"href":"https:\/\/valokuvakeskusnykyaika.fi\/en\/wp-json\/wp\/v2\/comments?post=5865"}],"version-history":[{"count":3,"href":"https:\/\/valokuvakeskusnykyaika.fi\/en\/wp-json\/wp\/v2\/posts\/5865\/revisions"}],"predecessor-version":[{"id":5879,"href":"https:\/\/valokuvakeskusnykyaika.fi\/en\/wp-json\/wp\/v2\/posts\/5865\/revisions\/5879"}],"wp:featuredmedia":[{"embeddable":true,"href":"https:\/\/valokuvakeskusnykyaika.fi\/en\/wp-json\/wp\/v2\/media\/5866"}],"wp:attachment":[{"href":"https:\/\/valokuvakeskusnykyaika.fi\/en\/wp-json\/wp\/v2\/media?parent=5865"}],"wp:term":[{"taxonomy":"category","embeddable":true,"href":"https:\/\/valokuvakeskusnykyaika.fi\/en\/wp-json\/wp\/v2\/categories?post=5865"},{"taxonomy":"post_tag","embeddable":true,"href":"https:\/\/valokuvakeskusnykyaika.fi\/en\/wp-json\/wp\/v2\/tags?post=5865"}],"curies":[{"name":"wp","href":"https:\/\/api.w.org\/{rel}","templated":true}]}}