{"id":5869,"date":"2023-11-01T12:07:54","date_gmt":"2023-11-01T10:07:54","guid":{"rendered":"https:\/\/valokuvakeskusnykyaika.fi\/?p=5869"},"modified":"2024-01-16T13:50:12","modified_gmt":"2024-01-16T11:50:12","slug":"juha-pekka-inkinen-vaihtoehtoisia-menneisyyksia","status":"publish","type":"post","link":"https:\/\/valokuvakeskusnykyaika.fi\/en\/juha-pekka-inkinen-vaihtoehtoisia-menneisyyksia\/","title":{"rendered":"Juha-Pekka Inkinen: Vaihtoehtoisia Menneisyyksi\u00e4"},"content":{"rendered":"<p>18.11.-18.12.<br><\/p>\n\n\n\n<p>Inkisen kollaasit vaikuttavat historiallisilta dokumenteilta, mutta faktat eiv\u00e4t n\u00e4yt\u00e4 pit\u00e4v\u00e4n paikkaansa. H\u00e4iritsev\u00e4t elementit ja yhteenkuulumattomuudet kolhivat toisiaan.<\/p>\n\n\n\n<p>Kuvat ovat maailmasta, joka muistuttaa omaamme, mutta on kuitenkin toinen. Olemme olemassa monina eri versioina\u00a0rinnakkaisissa maailmankaikkeuksissa. N\u00e4m\u00e4 kuvat ovat totta, sill\u00e4 jossain kaikki, mik\u00e4 yleens\u00e4 voi tapahtua luonnonlakien puitteissa, tapahtuu.<\/p>\n\n\n\n<p>Multiuniversumi on \u00e4\u00e4rellinen tai \u00e4\u00e4ret\u00f6n m\u00e4\u00e4r\u00e4\u00a0maailmankaikkeuksia. Muita, meid\u00e4n maailmankaikkeutemme ohella multiversumiin kuuluvia kaikkeuksia kutsutaan rinnakkaisiksi maailmankaikkeuksiksi.<\/p>\n\n\n\n<p>Multiversumin mahdollisuus on nostanut esiin monia niin tieteellisi\u00e4, filosofisia kuin\u00a0teologisiakin\u00a0kysymyksi\u00e4.<\/p>\n\n\n\n<p>Inkisen tuotannossaan p\u00e4\u00e4llimm\u00e4isi\u00e4 teemoja ovat yhteiskunnan tila ja aika, joita kaikki ty\u00f6t tavalla tai toisella k\u00e4sittelev\u00e4t. Jokaisen asian takaa voi l\u00f6yt\u00e4\u00e4 tilan, josta n\u00e4kee valtarakennelmien taakse. Kuvan kauneus l\u00e4p\u00e4isee katsojan suojaukset.<\/p>\n\n\n\n<p>Juha-Pekka Inkinen (s.1955) on valmistunut valokuvaajaksi Lahden muotoiluinstituutista 1986. H\u00e4nen teoksiaan on esitetty laajasti n\u00e4yttelyiss\u00e4 Suomessa ja ulkomailla, mink\u00e4 lis\u00e4ksi h\u00e4n on tehnyt 6 kirjaa ja toiminut opettajana Taideteollisessa korkeakoulussa ja kuvatoimittajana YLE Uutisissa.<\/p>","protected":false},"excerpt":{"rendered":"<p>18.11.-18.12. Inkisen kollaasit vaikuttavat historiallisilta dokumenteilta, mutta faktat eiv\u00e4t n\u00e4yt\u00e4 pit\u00e4v\u00e4n paikkaansa. H\u00e4iritsev\u00e4t elementit ja yhteenkuulumattomuudet kolhivat toisiaan. Kuvat ovat maailmasta, joka muistuttaa omaamme, mutta on kuitenkin toinen. Olemme olemassa monina eri versioina\u00a0rinnakkaisissa maailmankaikkeuksissa. N\u00e4m\u00e4 kuvat ovat totta, sill\u00e4 jossain kaikki, mik\u00e4 yleens\u00e4 voi tapahtua luonnonlakien puitteissa, tapahtuu. Multiuniversumi on \u00e4\u00e4rellinen tai \u00e4\u00e4ret\u00f6n m\u00e4\u00e4r\u00e4\u00a0maailmankaikkeuksia. Muita, [&hellip;]<\/p>\n","protected":false},"author":6,"featured_media":5870,"comment_status":"closed","ping_status":"closed","sticky":false,"template":"","format":"standard","meta":{"iawp_total_views":6,"footnotes":""},"categories":[4],"tags":[],"class_list":["post-5869","post","type-post","status-publish","format-standard","has-post-thumbnail","hentry","category-menneet"],"yoast_head":"<!-- This site is optimized with the Yoast SEO plugin v27.5 - https:\/\/yoast.com\/product\/yoast-seo-wordpress\/ -->\n<title>Juha-Pekka Inkinen: Vaihtoehtoisia Menneisyyksi\u00e4 - Valokuvakeskus Nykyaika<\/title>\n<meta name=\"robots\" content=\"index, follow, max-snippet:-1, max-image-preview:large, max-video-preview:-1\" \/>\n<link rel=\"canonical\" href=\"https:\/\/valokuvakeskusnykyaika.fi\/en\/juha-pekka-inkinen-vaihtoehtoisia-menneisyyksia\/\" \/>\n<meta property=\"og:locale\" content=\"en_GB\" \/>\n<meta property=\"og:type\" content=\"article\" \/>\n<meta property=\"og:title\" content=\"Juha-Pekka Inkinen: Vaihtoehtoisia Menneisyyksi\u00e4 - Valokuvakeskus Nykyaika\" \/>\n<meta property=\"og:description\" content=\"18.11.-18.12. Inkisen kollaasit vaikuttavat historiallisilta dokumenteilta, mutta faktat eiv\u00e4t n\u00e4yt\u00e4 pit\u00e4v\u00e4n paikkaansa. H\u00e4iritsev\u00e4t elementit ja yhteenkuulumattomuudet kolhivat toisiaan. Kuvat ovat maailmasta, joka muistuttaa omaamme, mutta on kuitenkin toinen. Olemme olemassa monina eri versioina\u00a0rinnakkaisissa maailmankaikkeuksissa. N\u00e4m\u00e4 kuvat ovat totta, sill\u00e4 jossain kaikki, mik\u00e4 yleens\u00e4 voi tapahtua luonnonlakien puitteissa, tapahtuu. Multiuniversumi on \u00e4\u00e4rellinen tai \u00e4\u00e4ret\u00f6n m\u00e4\u00e4r\u00e4\u00a0maailmankaikkeuksia. Muita, [&hellip;]\" \/>\n<meta property=\"og:url\" content=\"https:\/\/valokuvakeskusnykyaika.fi\/en\/juha-pekka-inkinen-vaihtoehtoisia-menneisyyksia\/\" \/>\n<meta property=\"og:site_name\" content=\"Valokuvakeskus Nykyaika\" \/>\n<meta property=\"article:publisher\" content=\"https:\/\/www.facebook.com\/valokuvakeskus.nykyaika\/\" \/>\n<meta property=\"article:published_time\" content=\"2023-11-01T10:07:54+00:00\" \/>\n<meta property=\"article:modified_time\" content=\"2024-01-16T11:50:12+00:00\" \/>\n<meta property=\"og:image\" content=\"https:\/\/valokuvakeskusnykyaika.fi\/wp-content\/uploads\/2023\/11\/Muisto-parantolasta.jpg\" \/>\n\t<meta property=\"og:image:width\" content=\"1670\" \/>\n\t<meta property=\"og:image:height\" content=\"1181\" \/>\n\t<meta property=\"og:image:type\" content=\"image\/jpeg\" \/>\n<meta name=\"author\" content=\"info.nykyaika@backlight.fi\" \/>\n<meta name=\"twitter:card\" content=\"summary_large_image\" \/>\n<meta name=\"twitter:creator\" content=\"@nykyaika\" \/>\n<meta name=\"twitter:site\" content=\"@nykyaika\" \/>\n<meta name=\"twitter:label1\" content=\"Written by\" \/>\n\t<meta name=\"twitter:data1\" content=\"info.nykyaika@backlight.fi\" \/>\n\t<meta name=\"twitter:label2\" content=\"Estimated reading time\" \/>\n\t<meta name=\"twitter:data2\" content=\"1 minute\" \/>\n<script type=\"application\/ld+json\" class=\"yoast-schema-graph\">{\"@context\":\"https:\\\/\\\/schema.org\",\"@graph\":[{\"@type\":\"Article\",\"@id\":\"https:\\\/\\\/valokuvakeskusnykyaika.fi\\\/juha-pekka-inkinen-vaihtoehtoisia-menneisyyksia\\\/#article\",\"isPartOf\":{\"@id\":\"https:\\\/\\\/valokuvakeskusnykyaika.fi\\\/juha-pekka-inkinen-vaihtoehtoisia-menneisyyksia\\\/\"},\"author\":{\"name\":\"info.nykyaika@backlight.fi\",\"@id\":\"https:\\\/\\\/valokuvakeskusnykyaika.fi\\\/#\\\/schema\\\/person\\\/41ef90f7d89984ccaca756c8d4241c19\"},\"headline\":\"Juha-Pekka Inkinen: Vaihtoehtoisia Menneisyyksi\u00e4\",\"datePublished\":\"2023-11-01T10:07:54+00:00\",\"dateModified\":\"2024-01-16T11:50:12+00:00\",\"mainEntityOfPage\":{\"@id\":\"https:\\\/\\\/valokuvakeskusnykyaika.fi\\\/juha-pekka-inkinen-vaihtoehtoisia-menneisyyksia\\\/\"},\"wordCount\":168,\"publisher\":{\"@id\":\"https:\\\/\\\/valokuvakeskusnykyaika.fi\\\/#organization\"},\"image\":{\"@id\":\"https:\\\/\\\/valokuvakeskusnykyaika.fi\\\/juha-pekka-inkinen-vaihtoehtoisia-menneisyyksia\\\/#primaryimage\"},\"thumbnailUrl\":\"https:\\\/\\\/valokuvakeskusnykyaika.fi\\\/wp-content\\\/uploads\\\/2023\\\/11\\\/Muisto-parantolasta.jpg\",\"articleSection\":[\"Menneet\"],\"inLanguage\":\"en-GB\"},{\"@type\":\"WebPage\",\"@id\":\"https:\\\/\\\/valokuvakeskusnykyaika.fi\\\/juha-pekka-inkinen-vaihtoehtoisia-menneisyyksia\\\/\",\"url\":\"https:\\\/\\\/valokuvakeskusnykyaika.fi\\\/juha-pekka-inkinen-vaihtoehtoisia-menneisyyksia\\\/\",\"name\":\"Juha-Pekka Inkinen: Vaihtoehtoisia Menneisyyksi\u00e4 - Valokuvakeskus Nykyaika\",\"isPartOf\":{\"@id\":\"https:\\\/\\\/valokuvakeskusnykyaika.fi\\\/#website\"},\"primaryImageOfPage\":{\"@id\":\"https:\\\/\\\/valokuvakeskusnykyaika.fi\\\/juha-pekka-inkinen-vaihtoehtoisia-menneisyyksia\\\/#primaryimage\"},\"image\":{\"@id\":\"https:\\\/\\\/valokuvakeskusnykyaika.fi\\\/juha-pekka-inkinen-vaihtoehtoisia-menneisyyksia\\\/#primaryimage\"},\"thumbnailUrl\":\"https:\\\/\\\/valokuvakeskusnykyaika.fi\\\/wp-content\\\/uploads\\\/2023\\\/11\\\/Muisto-parantolasta.jpg\",\"datePublished\":\"2023-11-01T10:07:54+00:00\",\"dateModified\":\"2024-01-16T11:50:12+00:00\",\"breadcrumb\":{\"@id\":\"https:\\\/\\\/valokuvakeskusnykyaika.fi\\\/juha-pekka-inkinen-vaihtoehtoisia-menneisyyksia\\\/#breadcrumb\"},\"inLanguage\":\"en-GB\",\"potentialAction\":[{\"@type\":\"ReadAction\",\"target\":[\"https:\\\/\\\/valokuvakeskusnykyaika.fi\\\/juha-pekka-inkinen-vaihtoehtoisia-menneisyyksia\\\/\"]}]},{\"@type\":\"ImageObject\",\"inLanguage\":\"en-GB\",\"@id\":\"https:\\\/\\\/valokuvakeskusnykyaika.fi\\\/juha-pekka-inkinen-vaihtoehtoisia-menneisyyksia\\\/#primaryimage\",\"url\":\"https:\\\/\\\/valokuvakeskusnykyaika.fi\\\/wp-content\\\/uploads\\\/2023\\\/11\\\/Muisto-parantolasta.jpg\",\"contentUrl\":\"https:\\\/\\\/valokuvakeskusnykyaika.fi\\\/wp-content\\\/uploads\\\/2023\\\/11\\\/Muisto-parantolasta.jpg\",\"width\":1670,\"height\":1181},{\"@type\":\"BreadcrumbList\",\"@id\":\"https:\\\/\\\/valokuvakeskusnykyaika.fi\\\/juha-pekka-inkinen-vaihtoehtoisia-menneisyyksia\\\/#breadcrumb\",\"itemListElement\":[{\"@type\":\"ListItem\",\"position\":1,\"name\":\"Etusivu\",\"item\":\"https:\\\/\\\/valokuvakeskusnykyaika.fi\\\/\"},{\"@type\":\"ListItem\",\"position\":2,\"name\":\"Juha-Pekka Inkinen: Vaihtoehtoisia Menneisyyksi\u00e4\"}]},{\"@type\":\"WebSite\",\"@id\":\"https:\\\/\\\/valokuvakeskusnykyaika.fi\\\/#website\",\"url\":\"https:\\\/\\\/valokuvakeskusnykyaika.fi\\\/\",\"name\":\"Valokuvakeskus Nykyaika\",\"description\":\"Nykyaika on avoin kohtaamispaikka kaikille valokuvataiteen yst\u00e4ville\",\"publisher\":{\"@id\":\"https:\\\/\\\/valokuvakeskusnykyaika.fi\\\/#organization\"},\"potentialAction\":[{\"@type\":\"SearchAction\",\"target\":{\"@type\":\"EntryPoint\",\"urlTemplate\":\"https:\\\/\\\/valokuvakeskusnykyaika.fi\\\/?s={search_term_string}\"},\"query-input\":{\"@type\":\"PropertyValueSpecification\",\"valueRequired\":true,\"valueName\":\"search_term_string\"}}],\"inLanguage\":\"en-GB\"},{\"@type\":\"Organization\",\"@id\":\"https:\\\/\\\/valokuvakeskusnykyaika.fi\\\/#organization\",\"name\":\"Valokuvakeskus Nykyaika\",\"url\":\"https:\\\/\\\/valokuvakeskusnykyaika.fi\\\/\",\"logo\":{\"@type\":\"ImageObject\",\"inLanguage\":\"en-GB\",\"@id\":\"https:\\\/\\\/valokuvakeskusnykyaika.fi\\\/#\\\/schema\\\/logo\\\/image\\\/\",\"url\":\"https:\\\/\\\/valokuvakeskusnykyaika.fi\\\/wp-content\\\/uploads\\\/2019\\\/01\\\/NY-Valokuvakeskus-logo-pieni.png\",\"contentUrl\":\"https:\\\/\\\/valokuvakeskusnykyaika.fi\\\/wp-content\\\/uploads\\\/2019\\\/01\\\/NY-Valokuvakeskus-logo-pieni.png\",\"width\":300,\"height\":314,\"caption\":\"Valokuvakeskus Nykyaika\"},\"image\":{\"@id\":\"https:\\\/\\\/valokuvakeskusnykyaika.fi\\\/#\\\/schema\\\/logo\\\/image\\\/\"},\"sameAs\":[\"https:\\\/\\\/www.facebook.com\\\/valokuvakeskus.nykyaika\\\/\",\"https:\\\/\\\/x.com\\\/nykyaika\",\"https:\\\/\\\/www.instagram.com\\\/nykyaika\\\/\"]},{\"@type\":\"Person\",\"@id\":\"https:\\\/\\\/valokuvakeskusnykyaika.fi\\\/#\\\/schema\\\/person\\\/41ef90f7d89984ccaca756c8d4241c19\",\"name\":\"info.nykyaika@backlight.fi\",\"url\":\"https:\\\/\\\/valokuvakeskusnykyaika.fi\\\/en\\\/author\\\/info-nykyaikabacklight-fi\\\/\"}]}<\/script>\n<!-- \/ Yoast SEO plugin. -->","yoast_head_json":{"title":"Juha-Pekka Inkinen: Vaihtoehtoisia Menneisyyksi\u00e4 - Valokuvakeskus Nykyaika","robots":{"index":"index","follow":"follow","max-snippet":"max-snippet:-1","max-image-preview":"max-image-preview:large","max-video-preview":"max-video-preview:-1"},"canonical":"https:\/\/valokuvakeskusnykyaika.fi\/en\/juha-pekka-inkinen-vaihtoehtoisia-menneisyyksia\/","og_locale":"en_GB","og_type":"article","og_title":"Juha-Pekka Inkinen: Vaihtoehtoisia Menneisyyksi\u00e4 - Valokuvakeskus Nykyaika","og_description":"18.11.-18.12. Inkisen kollaasit vaikuttavat historiallisilta dokumenteilta, mutta faktat eiv\u00e4t n\u00e4yt\u00e4 pit\u00e4v\u00e4n paikkaansa. H\u00e4iritsev\u00e4t elementit ja yhteenkuulumattomuudet kolhivat toisiaan. Kuvat ovat maailmasta, joka muistuttaa omaamme, mutta on kuitenkin toinen. Olemme olemassa monina eri versioina\u00a0rinnakkaisissa maailmankaikkeuksissa. N\u00e4m\u00e4 kuvat ovat totta, sill\u00e4 jossain kaikki, mik\u00e4 yleens\u00e4 voi tapahtua luonnonlakien puitteissa, tapahtuu. Multiuniversumi on \u00e4\u00e4rellinen tai \u00e4\u00e4ret\u00f6n m\u00e4\u00e4r\u00e4\u00a0maailmankaikkeuksia. Muita, [&hellip;]","og_url":"https:\/\/valokuvakeskusnykyaika.fi\/en\/juha-pekka-inkinen-vaihtoehtoisia-menneisyyksia\/","og_site_name":"Valokuvakeskus Nykyaika","article_publisher":"https:\/\/www.facebook.com\/valokuvakeskus.nykyaika\/","article_published_time":"2023-11-01T10:07:54+00:00","article_modified_time":"2024-01-16T11:50:12+00:00","og_image":[{"width":1670,"height":1181,"url":"https:\/\/valokuvakeskusnykyaika.fi\/wp-content\/uploads\/2023\/11\/Muisto-parantolasta.jpg","type":"image\/jpeg"}],"author":"info.nykyaika@backlight.fi","twitter_card":"summary_large_image","twitter_creator":"@nykyaika","twitter_site":"@nykyaika","twitter_misc":{"Written by":"info.nykyaika@backlight.fi","Estimated reading time":"1 minute"},"schema":{"@context":"https:\/\/schema.org","@graph":[{"@type":"Article","@id":"https:\/\/valokuvakeskusnykyaika.fi\/juha-pekka-inkinen-vaihtoehtoisia-menneisyyksia\/#article","isPartOf":{"@id":"https:\/\/valokuvakeskusnykyaika.fi\/juha-pekka-inkinen-vaihtoehtoisia-menneisyyksia\/"},"author":{"name":"info.nykyaika@backlight.fi","@id":"https:\/\/valokuvakeskusnykyaika.fi\/#\/schema\/person\/41ef90f7d89984ccaca756c8d4241c19"},"headline":"Juha-Pekka Inkinen: Vaihtoehtoisia Menneisyyksi\u00e4","datePublished":"2023-11-01T10:07:54+00:00","dateModified":"2024-01-16T11:50:12+00:00","mainEntityOfPage":{"@id":"https:\/\/valokuvakeskusnykyaika.fi\/juha-pekka-inkinen-vaihtoehtoisia-menneisyyksia\/"},"wordCount":168,"publisher":{"@id":"https:\/\/valokuvakeskusnykyaika.fi\/#organization"},"image":{"@id":"https:\/\/valokuvakeskusnykyaika.fi\/juha-pekka-inkinen-vaihtoehtoisia-menneisyyksia\/#primaryimage"},"thumbnailUrl":"https:\/\/valokuvakeskusnykyaika.fi\/wp-content\/uploads\/2023\/11\/Muisto-parantolasta.jpg","articleSection":["Menneet"],"inLanguage":"en-GB"},{"@type":"WebPage","@id":"https:\/\/valokuvakeskusnykyaika.fi\/juha-pekka-inkinen-vaihtoehtoisia-menneisyyksia\/","url":"https:\/\/valokuvakeskusnykyaika.fi\/juha-pekka-inkinen-vaihtoehtoisia-menneisyyksia\/","name":"Juha-Pekka Inkinen: Vaihtoehtoisia Menneisyyksi\u00e4 - Valokuvakeskus Nykyaika","isPartOf":{"@id":"https:\/\/valokuvakeskusnykyaika.fi\/#website"},"primaryImageOfPage":{"@id":"https:\/\/valokuvakeskusnykyaika.fi\/juha-pekka-inkinen-vaihtoehtoisia-menneisyyksia\/#primaryimage"},"image":{"@id":"https:\/\/valokuvakeskusnykyaika.fi\/juha-pekka-inkinen-vaihtoehtoisia-menneisyyksia\/#primaryimage"},"thumbnailUrl":"https:\/\/valokuvakeskusnykyaika.fi\/wp-content\/uploads\/2023\/11\/Muisto-parantolasta.jpg","datePublished":"2023-11-01T10:07:54+00:00","dateModified":"2024-01-16T11:50:12+00:00","breadcrumb":{"@id":"https:\/\/valokuvakeskusnykyaika.fi\/juha-pekka-inkinen-vaihtoehtoisia-menneisyyksia\/#breadcrumb"},"inLanguage":"en-GB","potentialAction":[{"@type":"ReadAction","target":["https:\/\/valokuvakeskusnykyaika.fi\/juha-pekka-inkinen-vaihtoehtoisia-menneisyyksia\/"]}]},{"@type":"ImageObject","inLanguage":"en-GB","@id":"https:\/\/valokuvakeskusnykyaika.fi\/juha-pekka-inkinen-vaihtoehtoisia-menneisyyksia\/#primaryimage","url":"https:\/\/valokuvakeskusnykyaika.fi\/wp-content\/uploads\/2023\/11\/Muisto-parantolasta.jpg","contentUrl":"https:\/\/valokuvakeskusnykyaika.fi\/wp-content\/uploads\/2023\/11\/Muisto-parantolasta.jpg","width":1670,"height":1181},{"@type":"BreadcrumbList","@id":"https:\/\/valokuvakeskusnykyaika.fi\/juha-pekka-inkinen-vaihtoehtoisia-menneisyyksia\/#breadcrumb","itemListElement":[{"@type":"ListItem","position":1,"name":"Etusivu","item":"https:\/\/valokuvakeskusnykyaika.fi\/"},{"@type":"ListItem","position":2,"name":"Juha-Pekka Inkinen: Vaihtoehtoisia Menneisyyksi\u00e4"}]},{"@type":"WebSite","@id":"https:\/\/valokuvakeskusnykyaika.fi\/#website","url":"https:\/\/valokuvakeskusnykyaika.fi\/","name":"Photographic Centre Nykyaika","description":"Nykyaika on avoin kohtaamispaikka kaikille valokuvataiteen yst\u00e4ville","publisher":{"@id":"https:\/\/valokuvakeskusnykyaika.fi\/#organization"},"potentialAction":[{"@type":"SearchAction","target":{"@type":"EntryPoint","urlTemplate":"https:\/\/valokuvakeskusnykyaika.fi\/?s={search_term_string}"},"query-input":{"@type":"PropertyValueSpecification","valueRequired":true,"valueName":"search_term_string"}}],"inLanguage":"en-GB"},{"@type":"Organization","@id":"https:\/\/valokuvakeskusnykyaika.fi\/#organization","name":"Photographic Centre Nykyaika","url":"https:\/\/valokuvakeskusnykyaika.fi\/","logo":{"@type":"ImageObject","inLanguage":"en-GB","@id":"https:\/\/valokuvakeskusnykyaika.fi\/#\/schema\/logo\/image\/","url":"https:\/\/valokuvakeskusnykyaika.fi\/wp-content\/uploads\/2019\/01\/NY-Valokuvakeskus-logo-pieni.png","contentUrl":"https:\/\/valokuvakeskusnykyaika.fi\/wp-content\/uploads\/2019\/01\/NY-Valokuvakeskus-logo-pieni.png","width":300,"height":314,"caption":"Valokuvakeskus Nykyaika"},"image":{"@id":"https:\/\/valokuvakeskusnykyaika.fi\/#\/schema\/logo\/image\/"},"sameAs":["https:\/\/www.facebook.com\/valokuvakeskus.nykyaika\/","https:\/\/x.com\/nykyaika","https:\/\/www.instagram.com\/nykyaika\/"]},{"@type":"Person","@id":"https:\/\/valokuvakeskusnykyaika.fi\/#\/schema\/person\/41ef90f7d89984ccaca756c8d4241c19","name":"info.nykyaika@backlight.fi","url":"https:\/\/valokuvakeskusnykyaika.fi\/en\/author\/info-nykyaikabacklight-fi\/"}]}},"_links":{"self":[{"href":"https:\/\/valokuvakeskusnykyaika.fi\/en\/wp-json\/wp\/v2\/posts\/5869","targetHints":{"allow":["GET"]}}],"collection":[{"href":"https:\/\/valokuvakeskusnykyaika.fi\/en\/wp-json\/wp\/v2\/posts"}],"about":[{"href":"https:\/\/valokuvakeskusnykyaika.fi\/en\/wp-json\/wp\/v2\/types\/post"}],"author":[{"embeddable":true,"href":"https:\/\/valokuvakeskusnykyaika.fi\/en\/wp-json\/wp\/v2\/users\/6"}],"replies":[{"embeddable":true,"href":"https:\/\/valokuvakeskusnykyaika.fi\/en\/wp-json\/wp\/v2\/comments?post=5869"}],"version-history":[{"count":2,"href":"https:\/\/valokuvakeskusnykyaika.fi\/en\/wp-json\/wp\/v2\/posts\/5869\/revisions"}],"predecessor-version":[{"id":5878,"href":"https:\/\/valokuvakeskusnykyaika.fi\/en\/wp-json\/wp\/v2\/posts\/5869\/revisions\/5878"}],"wp:featuredmedia":[{"embeddable":true,"href":"https:\/\/valokuvakeskusnykyaika.fi\/en\/wp-json\/wp\/v2\/media\/5870"}],"wp:attachment":[{"href":"https:\/\/valokuvakeskusnykyaika.fi\/en\/wp-json\/wp\/v2\/media?parent=5869"}],"wp:term":[{"taxonomy":"category","embeddable":true,"href":"https:\/\/valokuvakeskusnykyaika.fi\/en\/wp-json\/wp\/v2\/categories?post=5869"},{"taxonomy":"post_tag","embeddable":true,"href":"https:\/\/valokuvakeskusnykyaika.fi\/en\/wp-json\/wp\/v2\/tags?post=5869"}],"curies":[{"name":"wp","href":"https:\/\/api.w.org\/{rel}","templated":true}]}}