{"id":6127,"date":"2024-10-01T11:27:55","date_gmt":"2024-10-01T08:27:55","guid":{"rendered":"https:\/\/valokuvakeskusnykyaika.fi\/?p=6127"},"modified":"2024-11-23T13:22:21","modified_gmt":"2024-11-23T11:22:21","slug":"kimmo-metsaranta-notes-on-a-place","status":"publish","type":"post","link":"https:\/\/valokuvakeskusnykyaika.fi\/en\/kimmo-metsaranta-notes-on-a-place\/","title":{"rendered":"Kimmo Mets\u00e4ranta: Notes on a Place"},"content":{"rendered":"<p><em>Rakennusten ensisijainen olemassaolon tarkoitus on palvella ihmist\u00e4: asettaa h\u00e4net<\/em> <em>paikoilleen ja antaa h\u00e4nelle katuosoite, l\u00e4mmitt\u00e4\u00e4 h\u00e4nt\u00e4, suojata h\u00e4nt\u00e4, hoitaa h\u00e4nt\u00e4,<\/em> <em>tuottaa h\u00e4nelle ruokaa ja hy\u00f6dykkeit\u00e4 \u2013 siis kaikin tavoin mahdollistaa h\u00e4nen pitk\u00e4,<\/em> <em>ylivoimainen, kaikkialle levitt\u00e4ytyv\u00e4 el\u00e4m\u00e4ns\u00e4.<\/em><\/p>\n\n\n\n<p><em>\u2026<\/em><\/p>\n\n\n\n<p><em>Kun kuvista on poistettu ihmisten j\u00e4ljet, niihin alkaa lis\u00e4t\u00e4 ihmisi\u00e4 mieless\u00e4\u00e4n. Mutta<\/em> <em>jos peruutetaan pois siit\u00e4 automaatiosta ja yritet\u00e4\u00e4n ajatella toista kautta, ihmisist\u00e4<\/em> <em>autiot kuvat voivat muuttua runsaudensarviksi.<\/em><\/p>\n\n\n\n<p class=\"has-text-align-right\">Hanna Weselius, epilogi Notes on a Place -kirjassa<\/p>\n\n\n\n<p><\/p>\n\n\n\n<p><em><strong>Notes on a Place<\/strong><\/em> on kaupunkitilan kokemuksellisuuteen keskittyv\u00e4 valokuvasarja, jonka l\u00e4ht\u00f6kohta on ymp\u00e4r\u00f6iv\u00e4n tilan kokemisen representaatio. Sarjan kuvat ovat uudelleen rakennettuja havaintoja l\u00e4hiymp\u00e4rist\u00f6st\u00e4ni. Ne muodostavat surrealistisen kaupunkimaiseman ilman ihmisi\u00e4. En n\u00e4yt\u00e4 paikkoja sellaisina kuin ne esitt\u00e4ytyv\u00e4t, vaan kuten niiden haluaisin olevan: selkein\u00e4 ja hallittavina. J\u00e4lkik\u00e4sittely on tapa, jolla otan haltuun n\u00e4kem\u00e4ni ymp\u00e4rist\u00f6n ja teen siit\u00e4 omani. Muutan tilallisuutta ja rakennusten olomuotoa, niin ett\u00e4 niiden funktio muuttuu tai h\u00e4vi\u00e4\u00e4 kokonaan, eiv\u00e4tk\u00e4 ne ole sidottuina tiettyyn aikaan tai paikkaan.<\/p>\n\n\n\n<p>Irrottamalla rakennukset niiden ymp\u00e4rist\u00f6st\u00e4 digitaalisesti, paikat muuttuvat keinotekoisiksi, ja niiden kolmiulotteisuus h\u00e4vi\u00e4\u00e4. Arkinen n\u00e4kym\u00e4 esitt\u00e4ytyy ep\u00e4tavallisena, lavasteen omaisena j\u00e4ljitelm\u00e4n\u00e4 itsest\u00e4\u00e4n. Teokset tasapainottelevat surrealismin ja realismin v\u00e4limaastossa. Sarjan kuvat on otettu Helsingiss\u00e4 ja Islannissa vuosina 2015\u20132022. 2023 sarjasta julkaistiin samaa nime\u00e4 kantava esikoiskirja Khaos Publishing julkaisemana. Kirja palkittiin Suomen kirjataiteen komitean Kauneimmat kirjat 2023 -kilpailussa.<\/p>\n\n\n\n<p>Kimmo Mets\u00e4ranta (s. 1978) on Helsingiss\u00e4 asuva ja toimiva valokuvataiteilija. Mets\u00e4rannan teoksia on ollut esill\u00e4 lukuisissa yksityis- ja ryhm\u00e4n\u00e4yttelyiss\u00e4 muun muassa Valokuvataiteen museossa, Helsingin Taidehallissa, Espoon modernin taiteen museo EMMAssa, Klompchinggalleriassa New Yorkissa, Somerset Housessa Lontoossa sek\u00e4 Voies Off -festivaaleilla Arlesissa. Mets\u00e4ranta on valmistunut taiteen maisteriksi Aalto- yliopistosta vuonna 2015 ja h\u00e4n on ollut ehdolla Fotofinlandia ja EmmaPrize palkintojen saajaksi.<\/p>\n\n\n\n<p>Kiitos Taike, Suomen Kulttuurirahasto, Alfred Kordelinin s\u00e4\u00e4ti\u00f6 ja Finnfoto ty\u00f6skentelyni, kirjan ja n\u00e4yttelyn tukemisesta.<\/p>","protected":false},"excerpt":{"rendered":"<p>Rakennusten ensisijainen olemassaolon tarkoitus on palvella ihmist\u00e4: asettaa h\u00e4net paikoilleen ja antaa h\u00e4nelle katuosoite, l\u00e4mmitt\u00e4\u00e4 h\u00e4nt\u00e4, suojata h\u00e4nt\u00e4, hoitaa h\u00e4nt\u00e4, tuottaa h\u00e4nelle ruokaa ja hy\u00f6dykkeit\u00e4 \u2013 siis kaikin tavoin mahdollistaa h\u00e4nen pitk\u00e4, ylivoimainen, kaikkialle levitt\u00e4ytyv\u00e4 el\u00e4m\u00e4ns\u00e4. \u2026 Kun kuvista on poistettu ihmisten j\u00e4ljet, niihin alkaa lis\u00e4t\u00e4 ihmisi\u00e4 mieless\u00e4\u00e4n. Mutta jos peruutetaan pois siit\u00e4 automaatiosta ja [&hellip;]<\/p>\n","protected":false},"author":6,"featured_media":6128,"comment_status":"closed","ping_status":"closed","sticky":false,"template":"","format":"standard","meta":{"iawp_total_views":246,"footnotes":""},"categories":[4],"tags":[],"class_list":["post-6127","post","type-post","status-publish","format-standard","has-post-thumbnail","hentry","category-menneet"],"yoast_head":"<!-- This site is optimized with the Yoast SEO plugin v27.5 - https:\/\/yoast.com\/product\/yoast-seo-wordpress\/ -->\n<title>Kimmo Mets\u00e4ranta: Notes on a Place - Valokuvakeskus Nykyaika<\/title>\n<meta name=\"robots\" content=\"index, follow, max-snippet:-1, max-image-preview:large, max-video-preview:-1\" \/>\n<link rel=\"canonical\" href=\"https:\/\/valokuvakeskusnykyaika.fi\/en\/kimmo-metsaranta-notes-on-a-place\/\" \/>\n<meta property=\"og:locale\" content=\"en_GB\" \/>\n<meta property=\"og:type\" content=\"article\" \/>\n<meta property=\"og:title\" content=\"Kimmo Mets\u00e4ranta: Notes on a Place - Valokuvakeskus Nykyaika\" \/>\n<meta property=\"og:description\" content=\"Rakennusten ensisijainen olemassaolon tarkoitus on palvella ihmist\u00e4: asettaa h\u00e4net paikoilleen ja antaa h\u00e4nelle katuosoite, l\u00e4mmitt\u00e4\u00e4 h\u00e4nt\u00e4, suojata h\u00e4nt\u00e4, hoitaa h\u00e4nt\u00e4, tuottaa h\u00e4nelle ruokaa ja hy\u00f6dykkeit\u00e4 \u2013 siis kaikin tavoin mahdollistaa h\u00e4nen pitk\u00e4, ylivoimainen, kaikkialle levitt\u00e4ytyv\u00e4 el\u00e4m\u00e4ns\u00e4. \u2026 Kun kuvista on poistettu ihmisten j\u00e4ljet, niihin alkaa lis\u00e4t\u00e4 ihmisi\u00e4 mieless\u00e4\u00e4n. Mutta jos peruutetaan pois siit\u00e4 automaatiosta ja [&hellip;]\" \/>\n<meta property=\"og:url\" content=\"https:\/\/valokuvakeskusnykyaika.fi\/en\/kimmo-metsaranta-notes-on-a-place\/\" \/>\n<meta property=\"og:site_name\" content=\"Valokuvakeskus Nykyaika\" \/>\n<meta property=\"article:publisher\" content=\"https:\/\/www.facebook.com\/valokuvakeskus.nykyaika\/\" \/>\n<meta property=\"article:published_time\" content=\"2024-10-01T08:27:55+00:00\" \/>\n<meta property=\"article:modified_time\" content=\"2024-11-23T11:22:21+00:00\" \/>\n<meta property=\"og:image\" content=\"https:\/\/valokuvakeskusnykyaika.fi\/wp-content\/uploads\/2024\/10\/Liisankatu-St-scaled.jpg\" \/>\n\t<meta property=\"og:image:width\" content=\"1979\" \/>\n\t<meta property=\"og:image:height\" content=\"2560\" \/>\n\t<meta property=\"og:image:type\" content=\"image\/jpeg\" \/>\n<meta name=\"author\" content=\"info.nykyaika@backlight.fi\" \/>\n<meta name=\"twitter:card\" content=\"summary_large_image\" \/>\n<meta name=\"twitter:creator\" content=\"@nykyaika\" \/>\n<meta name=\"twitter:site\" content=\"@nykyaika\" \/>\n<meta name=\"twitter:label1\" content=\"Written by\" \/>\n\t<meta name=\"twitter:data1\" content=\"info.nykyaika@backlight.fi\" \/>\n\t<meta name=\"twitter:label2\" content=\"Estimated reading time\" \/>\n\t<meta name=\"twitter:data2\" content=\"2 minutes\" \/>\n<script type=\"application\/ld+json\" class=\"yoast-schema-graph\">{\"@context\":\"https:\\\/\\\/schema.org\",\"@graph\":[{\"@type\":\"Article\",\"@id\":\"https:\\\/\\\/valokuvakeskusnykyaika.fi\\\/kimmo-metsaranta-notes-on-a-place\\\/#article\",\"isPartOf\":{\"@id\":\"https:\\\/\\\/valokuvakeskusnykyaika.fi\\\/kimmo-metsaranta-notes-on-a-place\\\/\"},\"author\":{\"name\":\"info.nykyaika@backlight.fi\",\"@id\":\"https:\\\/\\\/valokuvakeskusnykyaika.fi\\\/#\\\/schema\\\/person\\\/41ef90f7d89984ccaca756c8d4241c19\"},\"headline\":\"Kimmo Mets\u00e4ranta: Notes on a Place\",\"datePublished\":\"2024-10-01T08:27:55+00:00\",\"dateModified\":\"2024-11-23T11:22:21+00:00\",\"mainEntityOfPage\":{\"@id\":\"https:\\\/\\\/valokuvakeskusnykyaika.fi\\\/kimmo-metsaranta-notes-on-a-place\\\/\"},\"wordCount\":333,\"publisher\":{\"@id\":\"https:\\\/\\\/valokuvakeskusnykyaika.fi\\\/#organization\"},\"image\":{\"@id\":\"https:\\\/\\\/valokuvakeskusnykyaika.fi\\\/kimmo-metsaranta-notes-on-a-place\\\/#primaryimage\"},\"thumbnailUrl\":\"https:\\\/\\\/valokuvakeskusnykyaika.fi\\\/wp-content\\\/uploads\\\/2024\\\/10\\\/Liisankatu-St-scaled.jpg\",\"articleSection\":[\"Menneet\"],\"inLanguage\":\"en-GB\"},{\"@type\":\"WebPage\",\"@id\":\"https:\\\/\\\/valokuvakeskusnykyaika.fi\\\/kimmo-metsaranta-notes-on-a-place\\\/\",\"url\":\"https:\\\/\\\/valokuvakeskusnykyaika.fi\\\/kimmo-metsaranta-notes-on-a-place\\\/\",\"name\":\"Kimmo Mets\u00e4ranta: Notes on a Place - Valokuvakeskus Nykyaika\",\"isPartOf\":{\"@id\":\"https:\\\/\\\/valokuvakeskusnykyaika.fi\\\/#website\"},\"primaryImageOfPage\":{\"@id\":\"https:\\\/\\\/valokuvakeskusnykyaika.fi\\\/kimmo-metsaranta-notes-on-a-place\\\/#primaryimage\"},\"image\":{\"@id\":\"https:\\\/\\\/valokuvakeskusnykyaika.fi\\\/kimmo-metsaranta-notes-on-a-place\\\/#primaryimage\"},\"thumbnailUrl\":\"https:\\\/\\\/valokuvakeskusnykyaika.fi\\\/wp-content\\\/uploads\\\/2024\\\/10\\\/Liisankatu-St-scaled.jpg\",\"datePublished\":\"2024-10-01T08:27:55+00:00\",\"dateModified\":\"2024-11-23T11:22:21+00:00\",\"breadcrumb\":{\"@id\":\"https:\\\/\\\/valokuvakeskusnykyaika.fi\\\/kimmo-metsaranta-notes-on-a-place\\\/#breadcrumb\"},\"inLanguage\":\"en-GB\",\"potentialAction\":[{\"@type\":\"ReadAction\",\"target\":[\"https:\\\/\\\/valokuvakeskusnykyaika.fi\\\/kimmo-metsaranta-notes-on-a-place\\\/\"]}]},{\"@type\":\"ImageObject\",\"inLanguage\":\"en-GB\",\"@id\":\"https:\\\/\\\/valokuvakeskusnykyaika.fi\\\/kimmo-metsaranta-notes-on-a-place\\\/#primaryimage\",\"url\":\"https:\\\/\\\/valokuvakeskusnykyaika.fi\\\/wp-content\\\/uploads\\\/2024\\\/10\\\/Liisankatu-St-scaled.jpg\",\"contentUrl\":\"https:\\\/\\\/valokuvakeskusnykyaika.fi\\\/wp-content\\\/uploads\\\/2024\\\/10\\\/Liisankatu-St-scaled.jpg\",\"width\":1979,\"height\":2560},{\"@type\":\"BreadcrumbList\",\"@id\":\"https:\\\/\\\/valokuvakeskusnykyaika.fi\\\/kimmo-metsaranta-notes-on-a-place\\\/#breadcrumb\",\"itemListElement\":[{\"@type\":\"ListItem\",\"position\":1,\"name\":\"Etusivu\",\"item\":\"https:\\\/\\\/valokuvakeskusnykyaika.fi\\\/\"},{\"@type\":\"ListItem\",\"position\":2,\"name\":\"Kimmo Mets\u00e4ranta: Notes on a Place\"}]},{\"@type\":\"WebSite\",\"@id\":\"https:\\\/\\\/valokuvakeskusnykyaika.fi\\\/#website\",\"url\":\"https:\\\/\\\/valokuvakeskusnykyaika.fi\\\/\",\"name\":\"Valokuvakeskus Nykyaika\",\"description\":\"Nykyaika on avoin kohtaamispaikka kaikille valokuvataiteen yst\u00e4ville\",\"publisher\":{\"@id\":\"https:\\\/\\\/valokuvakeskusnykyaika.fi\\\/#organization\"},\"potentialAction\":[{\"@type\":\"SearchAction\",\"target\":{\"@type\":\"EntryPoint\",\"urlTemplate\":\"https:\\\/\\\/valokuvakeskusnykyaika.fi\\\/?s={search_term_string}\"},\"query-input\":{\"@type\":\"PropertyValueSpecification\",\"valueRequired\":true,\"valueName\":\"search_term_string\"}}],\"inLanguage\":\"en-GB\"},{\"@type\":\"Organization\",\"@id\":\"https:\\\/\\\/valokuvakeskusnykyaika.fi\\\/#organization\",\"name\":\"Valokuvakeskus Nykyaika\",\"url\":\"https:\\\/\\\/valokuvakeskusnykyaika.fi\\\/\",\"logo\":{\"@type\":\"ImageObject\",\"inLanguage\":\"en-GB\",\"@id\":\"https:\\\/\\\/valokuvakeskusnykyaika.fi\\\/#\\\/schema\\\/logo\\\/image\\\/\",\"url\":\"https:\\\/\\\/valokuvakeskusnykyaika.fi\\\/wp-content\\\/uploads\\\/2019\\\/01\\\/NY-Valokuvakeskus-logo-pieni.png\",\"contentUrl\":\"https:\\\/\\\/valokuvakeskusnykyaika.fi\\\/wp-content\\\/uploads\\\/2019\\\/01\\\/NY-Valokuvakeskus-logo-pieni.png\",\"width\":300,\"height\":314,\"caption\":\"Valokuvakeskus Nykyaika\"},\"image\":{\"@id\":\"https:\\\/\\\/valokuvakeskusnykyaika.fi\\\/#\\\/schema\\\/logo\\\/image\\\/\"},\"sameAs\":[\"https:\\\/\\\/www.facebook.com\\\/valokuvakeskus.nykyaika\\\/\",\"https:\\\/\\\/x.com\\\/nykyaika\",\"https:\\\/\\\/www.instagram.com\\\/nykyaika\\\/\"]},{\"@type\":\"Person\",\"@id\":\"https:\\\/\\\/valokuvakeskusnykyaika.fi\\\/#\\\/schema\\\/person\\\/41ef90f7d89984ccaca756c8d4241c19\",\"name\":\"info.nykyaika@backlight.fi\",\"url\":\"https:\\\/\\\/valokuvakeskusnykyaika.fi\\\/en\\\/author\\\/info-nykyaikabacklight-fi\\\/\"}]}<\/script>\n<!-- \/ Yoast SEO plugin. -->","yoast_head_json":{"title":"Kimmo Mets\u00e4ranta: Notes on a Place - Valokuvakeskus Nykyaika","robots":{"index":"index","follow":"follow","max-snippet":"max-snippet:-1","max-image-preview":"max-image-preview:large","max-video-preview":"max-video-preview:-1"},"canonical":"https:\/\/valokuvakeskusnykyaika.fi\/en\/kimmo-metsaranta-notes-on-a-place\/","og_locale":"en_GB","og_type":"article","og_title":"Kimmo Mets\u00e4ranta: Notes on a Place - Valokuvakeskus Nykyaika","og_description":"Rakennusten ensisijainen olemassaolon tarkoitus on palvella ihmist\u00e4: asettaa h\u00e4net paikoilleen ja antaa h\u00e4nelle katuosoite, l\u00e4mmitt\u00e4\u00e4 h\u00e4nt\u00e4, suojata h\u00e4nt\u00e4, hoitaa h\u00e4nt\u00e4, tuottaa h\u00e4nelle ruokaa ja hy\u00f6dykkeit\u00e4 \u2013 siis kaikin tavoin mahdollistaa h\u00e4nen pitk\u00e4, ylivoimainen, kaikkialle levitt\u00e4ytyv\u00e4 el\u00e4m\u00e4ns\u00e4. \u2026 Kun kuvista on poistettu ihmisten j\u00e4ljet, niihin alkaa lis\u00e4t\u00e4 ihmisi\u00e4 mieless\u00e4\u00e4n. Mutta jos peruutetaan pois siit\u00e4 automaatiosta ja [&hellip;]","og_url":"https:\/\/valokuvakeskusnykyaika.fi\/en\/kimmo-metsaranta-notes-on-a-place\/","og_site_name":"Valokuvakeskus Nykyaika","article_publisher":"https:\/\/www.facebook.com\/valokuvakeskus.nykyaika\/","article_published_time":"2024-10-01T08:27:55+00:00","article_modified_time":"2024-11-23T11:22:21+00:00","og_image":[{"width":1979,"height":2560,"url":"https:\/\/valokuvakeskusnykyaika.fi\/wp-content\/uploads\/2024\/10\/Liisankatu-St-scaled.jpg","type":"image\/jpeg"}],"author":"info.nykyaika@backlight.fi","twitter_card":"summary_large_image","twitter_creator":"@nykyaika","twitter_site":"@nykyaika","twitter_misc":{"Written by":"info.nykyaika@backlight.fi","Estimated reading time":"2 minutes"},"schema":{"@context":"https:\/\/schema.org","@graph":[{"@type":"Article","@id":"https:\/\/valokuvakeskusnykyaika.fi\/kimmo-metsaranta-notes-on-a-place\/#article","isPartOf":{"@id":"https:\/\/valokuvakeskusnykyaika.fi\/kimmo-metsaranta-notes-on-a-place\/"},"author":{"name":"info.nykyaika@backlight.fi","@id":"https:\/\/valokuvakeskusnykyaika.fi\/#\/schema\/person\/41ef90f7d89984ccaca756c8d4241c19"},"headline":"Kimmo Mets\u00e4ranta: Notes on a Place","datePublished":"2024-10-01T08:27:55+00:00","dateModified":"2024-11-23T11:22:21+00:00","mainEntityOfPage":{"@id":"https:\/\/valokuvakeskusnykyaika.fi\/kimmo-metsaranta-notes-on-a-place\/"},"wordCount":333,"publisher":{"@id":"https:\/\/valokuvakeskusnykyaika.fi\/#organization"},"image":{"@id":"https:\/\/valokuvakeskusnykyaika.fi\/kimmo-metsaranta-notes-on-a-place\/#primaryimage"},"thumbnailUrl":"https:\/\/valokuvakeskusnykyaika.fi\/wp-content\/uploads\/2024\/10\/Liisankatu-St-scaled.jpg","articleSection":["Menneet"],"inLanguage":"en-GB"},{"@type":"WebPage","@id":"https:\/\/valokuvakeskusnykyaika.fi\/kimmo-metsaranta-notes-on-a-place\/","url":"https:\/\/valokuvakeskusnykyaika.fi\/kimmo-metsaranta-notes-on-a-place\/","name":"Kimmo Mets\u00e4ranta: Notes on a Place - Valokuvakeskus Nykyaika","isPartOf":{"@id":"https:\/\/valokuvakeskusnykyaika.fi\/#website"},"primaryImageOfPage":{"@id":"https:\/\/valokuvakeskusnykyaika.fi\/kimmo-metsaranta-notes-on-a-place\/#primaryimage"},"image":{"@id":"https:\/\/valokuvakeskusnykyaika.fi\/kimmo-metsaranta-notes-on-a-place\/#primaryimage"},"thumbnailUrl":"https:\/\/valokuvakeskusnykyaika.fi\/wp-content\/uploads\/2024\/10\/Liisankatu-St-scaled.jpg","datePublished":"2024-10-01T08:27:55+00:00","dateModified":"2024-11-23T11:22:21+00:00","breadcrumb":{"@id":"https:\/\/valokuvakeskusnykyaika.fi\/kimmo-metsaranta-notes-on-a-place\/#breadcrumb"},"inLanguage":"en-GB","potentialAction":[{"@type":"ReadAction","target":["https:\/\/valokuvakeskusnykyaika.fi\/kimmo-metsaranta-notes-on-a-place\/"]}]},{"@type":"ImageObject","inLanguage":"en-GB","@id":"https:\/\/valokuvakeskusnykyaika.fi\/kimmo-metsaranta-notes-on-a-place\/#primaryimage","url":"https:\/\/valokuvakeskusnykyaika.fi\/wp-content\/uploads\/2024\/10\/Liisankatu-St-scaled.jpg","contentUrl":"https:\/\/valokuvakeskusnykyaika.fi\/wp-content\/uploads\/2024\/10\/Liisankatu-St-scaled.jpg","width":1979,"height":2560},{"@type":"BreadcrumbList","@id":"https:\/\/valokuvakeskusnykyaika.fi\/kimmo-metsaranta-notes-on-a-place\/#breadcrumb","itemListElement":[{"@type":"ListItem","position":1,"name":"Etusivu","item":"https:\/\/valokuvakeskusnykyaika.fi\/"},{"@type":"ListItem","position":2,"name":"Kimmo Mets\u00e4ranta: Notes on a Place"}]},{"@type":"WebSite","@id":"https:\/\/valokuvakeskusnykyaika.fi\/#website","url":"https:\/\/valokuvakeskusnykyaika.fi\/","name":"Photographic Centre Nykyaika","description":"Nykyaika on avoin kohtaamispaikka kaikille valokuvataiteen yst\u00e4ville","publisher":{"@id":"https:\/\/valokuvakeskusnykyaika.fi\/#organization"},"potentialAction":[{"@type":"SearchAction","target":{"@type":"EntryPoint","urlTemplate":"https:\/\/valokuvakeskusnykyaika.fi\/?s={search_term_string}"},"query-input":{"@type":"PropertyValueSpecification","valueRequired":true,"valueName":"search_term_string"}}],"inLanguage":"en-GB"},{"@type":"Organization","@id":"https:\/\/valokuvakeskusnykyaika.fi\/#organization","name":"Photographic Centre Nykyaika","url":"https:\/\/valokuvakeskusnykyaika.fi\/","logo":{"@type":"ImageObject","inLanguage":"en-GB","@id":"https:\/\/valokuvakeskusnykyaika.fi\/#\/schema\/logo\/image\/","url":"https:\/\/valokuvakeskusnykyaika.fi\/wp-content\/uploads\/2019\/01\/NY-Valokuvakeskus-logo-pieni.png","contentUrl":"https:\/\/valokuvakeskusnykyaika.fi\/wp-content\/uploads\/2019\/01\/NY-Valokuvakeskus-logo-pieni.png","width":300,"height":314,"caption":"Valokuvakeskus Nykyaika"},"image":{"@id":"https:\/\/valokuvakeskusnykyaika.fi\/#\/schema\/logo\/image\/"},"sameAs":["https:\/\/www.facebook.com\/valokuvakeskus.nykyaika\/","https:\/\/x.com\/nykyaika","https:\/\/www.instagram.com\/nykyaika\/"]},{"@type":"Person","@id":"https:\/\/valokuvakeskusnykyaika.fi\/#\/schema\/person\/41ef90f7d89984ccaca756c8d4241c19","name":"info.nykyaika@backlight.fi","url":"https:\/\/valokuvakeskusnykyaika.fi\/en\/author\/info-nykyaikabacklight-fi\/"}]}},"_links":{"self":[{"href":"https:\/\/valokuvakeskusnykyaika.fi\/en\/wp-json\/wp\/v2\/posts\/6127","targetHints":{"allow":["GET"]}}],"collection":[{"href":"https:\/\/valokuvakeskusnykyaika.fi\/en\/wp-json\/wp\/v2\/posts"}],"about":[{"href":"https:\/\/valokuvakeskusnykyaika.fi\/en\/wp-json\/wp\/v2\/types\/post"}],"author":[{"embeddable":true,"href":"https:\/\/valokuvakeskusnykyaika.fi\/en\/wp-json\/wp\/v2\/users\/6"}],"replies":[{"embeddable":true,"href":"https:\/\/valokuvakeskusnykyaika.fi\/en\/wp-json\/wp\/v2\/comments?post=6127"}],"version-history":[{"count":1,"href":"https:\/\/valokuvakeskusnykyaika.fi\/en\/wp-json\/wp\/v2\/posts\/6127\/revisions"}],"predecessor-version":[{"id":6129,"href":"https:\/\/valokuvakeskusnykyaika.fi\/en\/wp-json\/wp\/v2\/posts\/6127\/revisions\/6129"}],"wp:featuredmedia":[{"embeddable":true,"href":"https:\/\/valokuvakeskusnykyaika.fi\/en\/wp-json\/wp\/v2\/media\/6128"}],"wp:attachment":[{"href":"https:\/\/valokuvakeskusnykyaika.fi\/en\/wp-json\/wp\/v2\/media?parent=6127"}],"wp:term":[{"taxonomy":"category","embeddable":true,"href":"https:\/\/valokuvakeskusnykyaika.fi\/en\/wp-json\/wp\/v2\/categories?post=6127"},{"taxonomy":"post_tag","embeddable":true,"href":"https:\/\/valokuvakeskusnykyaika.fi\/en\/wp-json\/wp\/v2\/tags?post=6127"}],"curies":[{"name":"wp","href":"https:\/\/api.w.org\/{rel}","templated":true}]}}