{"id":6364,"date":"2025-04-04T13:11:29","date_gmt":"2025-04-04T10:11:29","guid":{"rendered":"https:\/\/valokuvakeskusnykyaika.fi\/?p=6364"},"modified":"2025-05-31T12:54:32","modified_gmt":"2025-05-31T09:54:32","slug":"abhinav-kafare-armageddon","status":"publish","type":"post","link":"https:\/\/valokuvakeskusnykyaika.fi\/en\/abhinav-kafare-armageddon\/","title":{"rendered":"Abhinav Kafare: Armageddon"},"content":{"rendered":"<p>26.4.\u201326.5.2025<\/p>\n\n\n\n<p>Valo lankeaa eri tavalla iholle kuin kivelle. Silti kummatkin niist\u00e4 kantavat muistoja. Keho muistaa maan tavoin \u2013 kerroksittain, tekstuureittain, hitaasti ajan kuluessa.&nbsp;<\/p>\n\n\n\n<p>Armageddon on valokuvakirja, joka tutkii ihmiskehon ja luonnon v\u00e4list\u00e4 yhteytt\u00e4 yhdist\u00e4m\u00e4ll\u00e4 ihmishahmon meit\u00e4 ymp\u00e4r\u00f6iviin moninaisiin muotoihin. Kirjan kuvat on otettu Intiassa, Sri Lankassa ja Suomessa. Armageddon muistuttaa meit\u00e4 siit\u00e4, ett\u00e4 olemme jo sit\u00e4 mit\u00e4 tavoittelemme \u2013 pieni\u00e4 osia suuressa kokonaisuudessa heijastaen meit\u00e4 ymp\u00e4r\u00f6ivi\u00e4 tekstuureja ja muotoja. N\u00e4iden muotojen vangitseminen haastaa k\u00e4sityst\u00e4mme todellisuudesta ja m\u00e4\u00e4rittelee uudelleen sen, mit\u00e4 miell\u00e4mme \u2018hetkin\u00e4.\u2019&nbsp;<\/p>\n\n\n\n<p>Alastomuuden kuvaaminen on paljastamista, mutta mit\u00e4 sen kautta itseasiassa paljastuu? Sartre puhui termeist\u00e4 oleva-itsess\u00e4\u00e4n ja oleva-itselleen, mutta n\u00e4m\u00e4 kuvat ehdottavat kolmatta olemisen tapaa: oleva-maailman-kanssa. Kehomme kantavat kokemaamme h\u00e4pe\u00e4\u00e4, loistoa ja kuolemanpelkoa. Voimmeko t\u00e4ss\u00e4 teknologian j\u00e4lkeisess\u00e4 Eedeniss\u00e4 ilmaista sellaista tilaa, jossa kehoista tulee yht\u00e4 niiden sensuroimattoman elinymp\u00e4rist\u00f6ns\u00e4 kanssa? Miten tyytyv\u00e4isi\u00e4 olisimme kehoihimme, jos sivilisaatio p\u00e4\u00e4ttyisi huomenna?&nbsp;<\/p>\n\n\n\n<p>Armageddon kyseenalaistaa alastoman vartalon kuvaamisen perinteen ja ehdottaa radikaalia tasa-arvoa kaikkien olemassaolon muotojen v\u00e4lille. Ik\u00e4 ei ole rappeutumista vaan kerrostumista; ep\u00e4t\u00e4ydellisyys ei ole virhe vaan variaatio. Kehojen monimuotoisuus kertoo runsaudesta ei hierarkiasta, niihin, kuten kiviin, kirjoitetut merkit&nbsp; ovat yht\u00e4lailla luettavissa. Keho ei ole arvioitava objekti vaan todistettava ilmi\u00f6. T\u00e4m\u00e4 auttaa meit\u00e4 n\u00e4kem\u00e4\u00e4n itsemme sellaisena kuin todella olemme. Emme luonnon hallitsijoina vaan luonnon prosesseina, sill\u00e4 luonto hallitsee itse\u00e4\u00e4n kauttamme.&nbsp;<\/p>\n\n\n\n<p>Ehk\u00e4p\u00e4 n\u00e4in\u00e4 aikoina, kun kysymykset kehosta, identiteetist\u00e4 ja ymp\u00e4rist\u00f6st\u00e4 riste\u00e4v\u00e4t ennenn\u00e4kem\u00e4tt\u00f6m\u00e4ll\u00e4 tavalla, suurin keinomme vastustaa sit\u00e4 on yksinkertaisesti olla olemassa, kaunistelematta ja pelk\u00e4\u00e4m\u00e4tt\u00e4, sopusoinnussa meid\u00e4t muovanneen maailman kanssa.<\/p>\n\n\n\n<p>\u00c4\u00e4nimaisema: For Armageddon, Tuomas Lammin 15-minuuttinen s\u00e4vellys koostuu hitaasti etenevist\u00e4 \u00e4\u00e4niaalloista, jotka her\u00e4tt\u00e4v\u00e4t kehollisen pys\u00e4htyneisyyden tilan horisontin pid\u00e4tt\u00e4ess\u00e4 henke\u00e4\u00e4n. Teos liikkuu rauhallisesti pinnan alla, n\u00e4kym\u00e4tt\u00f6miss\u00e4, mutta tehden n\u00e4kemisen mahdolliseksi.&nbsp;<\/p>\n\n\n\n<p>Abhinav Kafare&nbsp;on Intiasta kotoisin oleva kuvataiteilija, joka asuu nyky\u00e4\u00e4n Suomessa. H\u00e4n ty\u00f6skentelee valokuvan, maalauksen, graafisen suunnittelun, kuvitusten ja muraalien parissa. Monialaisuus ja kiinnostus uusiin ilmaisumuotoihin ovat keskeisi\u00e4 piirteit\u00e4 h\u00e4nen taiteellisessa ty\u00f6ss\u00e4\u00e4n. Kafare tarkastelee teoksissaan ihmiskehoa ja sen suhdetta ymp\u00e4r\u00f6iv\u00e4\u00e4n maailmaan. H\u00e4n l\u00e4hestyy aiheitaan herk\u00e4ll\u00e4 otteella ja yhdist\u00e4\u00e4 visuaaliseen ilmaisuunsa ajankohtaisia teemoja. H\u00e4nen valokuviaan on ollut esill\u00e4 useissa n\u00e4yttelyiss\u00e4 ymp\u00e4ri maailmaa.<\/p>\n\n\n\n<p>\u00c4\u00e4nisuunnittelu: Tuomas Lammi<br>N\u00e4yttelyn avajaisperformanssi: Essi M\u00e4kel\u00e4\u00a0<\/p>\n\n\n\n<p>\/\/<\/p>\n\n\n\n<p><\/p>\n\n\n\n<p>Light falls differently on flesh than it does on stone. Yet both hold memories. The body remembers like the Earth remembers- in layers, in textures, in the slow accumulation of time.&nbsp;&nbsp;<\/p>\n\n\n\n<p>Armageddon\u202fis a photobook that explores the connection between the human body and nature, merging the individual with the multitude of forms around us. The book has been shot over India, Sri Lanka and Finland. At its core, Armageddon reminds us that we already embody what we aspire to be \u2013 minuscule parts of a greater whole, mirroring the forms and textures that surround us. Capturing these forms challenges our constructs of reality and redefines what we perceive as &#8217;moments.&#8217;&nbsp;<\/p>\n\n\n\n<p>To photograph the nude is to reveal. But what exactly are these revelations? Sartre spoke of being-in-itself versus being-for-itself, but these images suggest a third way: being-with-world. Our body carries our shame, glory, and terror of mortality. In a post-technological Eden,&nbsp; can&nbsp; we&nbsp; express&nbsp; that&nbsp; state&nbsp; where&nbsp; bodies&nbsp; become&nbsp; one&nbsp; with&nbsp; their uncensored habitats? How comfortable might we be with our bodies if civilization were to end tomorrow?&nbsp;<\/p>\n\n\n\n<p>Armageddon refuses traditional paradigms of nude art, suggesting a radical equivalence between all forms of natural existence. Age is not decay but accretion; imperfection is not flaw but variation. The diversity of bodies speaks of abundance, not hierarchy. It reads the signs written in body and stone alike. The body becomes not an object to be judged but a phenomenon to be witnessed. This helps us see ourselves as we truly are not masters of nature but processes of nature, mastering itself through us.&nbsp;&nbsp;<\/p>\n\n\n\n<p>In the current times, when questions of body, identity and environment intersect with unprecedented urgency, perhaps our greatest act of resistance is simply to be, unadorned and unafraid, in harmony with the world that shaped us.&nbsp;&nbsp;<\/p>\n\n\n\n<p>Soundscape: For Armageddon, Tuomas presents a 15-minute composition of slow, unfolding waves of sound\u2014evoking a bodily stillness as the horizon holds its breath. The piece moves gently beneath the surface, not to be seen but to make seeing possible: a sound that enables a view.&nbsp;<\/p>\n\n\n\n<p>Abhinav Kafare is an Indian visual artist whose creative journey has found a home in Finland. His artistic repertoire is as diverse as it is dynamic, encompassing photography, painting, graphic design, illustrations and murals. Driven by an insatiable curiosity and a passion for exploring new mediums, Abhinav&#8217;s work is a vibrant tapestry that weaves together contemporary issues with his profound love for art.<\/p>\n\n\n\n<p>His sensitive characterization of the human body and its interactions with the world around it has earned him recognition. His photography has been featured in various exhibitions across the world.<\/p>\n\n\n\n<p>Sound Design: Tuomas Lammi\u00a0\u00a0\u00a0<br>Exhibition opening performance: Essi M\u00e4kel\u00e4\u00a0<\/p>","protected":false},"excerpt":{"rendered":"<p>Valo lankeaa eri tavalla iholle kuin kivelle. Silti kummatkin niist\u00e4 kantavat muistoja. Keho muistaa maan tavoin \u2013 kerroksittain, tekstuureittain, hitaasti ajan kuluessa.\u00a0<\/p>","protected":false},"author":6,"featured_media":6365,"comment_status":"closed","ping_status":"closed","sticky":false,"template":"","format":"standard","meta":{"iawp_total_views":365,"footnotes":""},"categories":[4],"tags":[],"class_list":["post-6364","post","type-post","status-publish","format-standard","has-post-thumbnail","hentry","category-menneet"],"yoast_head":"<!-- This site is optimized with the Yoast SEO plugin v27.5 - https:\/\/yoast.com\/product\/yoast-seo-wordpress\/ -->\n<title>Abhinav Kafare: Armageddon - Valokuvakeskus Nykyaika<\/title>\n<meta name=\"robots\" content=\"index, follow, max-snippet:-1, max-image-preview:large, max-video-preview:-1\" \/>\n<link rel=\"canonical\" href=\"https:\/\/valokuvakeskusnykyaika.fi\/en\/abhinav-kafare-armageddon\/\" \/>\n<meta property=\"og:locale\" content=\"en_GB\" \/>\n<meta property=\"og:type\" content=\"article\" \/>\n<meta property=\"og:title\" content=\"Abhinav Kafare: Armageddon - Valokuvakeskus Nykyaika\" \/>\n<meta property=\"og:description\" content=\"Valo lankeaa eri tavalla iholle kuin kivelle. Silti kummatkin niist\u00e4 kantavat muistoja. Keho muistaa maan tavoin \u2013 kerroksittain, tekstuureittain, hitaasti ajan kuluessa.\u00a0\" \/>\n<meta property=\"og:url\" content=\"https:\/\/valokuvakeskusnykyaika.fi\/en\/abhinav-kafare-armageddon\/\" \/>\n<meta property=\"og:site_name\" content=\"Valokuvakeskus Nykyaika\" \/>\n<meta property=\"article:publisher\" content=\"https:\/\/www.facebook.com\/valokuvakeskus.nykyaika\/\" \/>\n<meta property=\"article:published_time\" content=\"2025-04-04T10:11:29+00:00\" \/>\n<meta property=\"article:modified_time\" content=\"2025-05-31T09:54:32+00:00\" \/>\n<meta property=\"og:image\" content=\"https:\/\/valokuvakeskusnykyaika.fi\/wp-content\/uploads\/2025\/04\/3-copy-640x458.jpg\" \/>\n\t<meta property=\"og:image:width\" content=\"640\" \/>\n\t<meta property=\"og:image:height\" content=\"458\" \/>\n\t<meta property=\"og:image:type\" content=\"image\/jpeg\" \/>\n<meta name=\"author\" content=\"info.nykyaika@backlight.fi\" \/>\n<meta name=\"twitter:card\" content=\"summary_large_image\" \/>\n<meta name=\"twitter:creator\" content=\"@nykyaika\" \/>\n<meta name=\"twitter:site\" content=\"@nykyaika\" \/>\n<meta name=\"twitter:label1\" content=\"Written by\" \/>\n\t<meta name=\"twitter:data1\" content=\"info.nykyaika@backlight.fi\" \/>\n\t<meta name=\"twitter:label2\" content=\"Estimated reading time\" \/>\n\t<meta name=\"twitter:data2\" content=\"4 minutes\" \/>\n<script type=\"application\/ld+json\" class=\"yoast-schema-graph\">{\"@context\":\"https:\\\/\\\/schema.org\",\"@graph\":[{\"@type\":\"Article\",\"@id\":\"https:\\\/\\\/valokuvakeskusnykyaika.fi\\\/abhinav-kafare-armageddon\\\/#article\",\"isPartOf\":{\"@id\":\"https:\\\/\\\/valokuvakeskusnykyaika.fi\\\/abhinav-kafare-armageddon\\\/\"},\"author\":{\"name\":\"info.nykyaika@backlight.fi\",\"@id\":\"https:\\\/\\\/valokuvakeskusnykyaika.fi\\\/#\\\/schema\\\/person\\\/41ef90f7d89984ccaca756c8d4241c19\"},\"headline\":\"Abhinav Kafare: Armageddon\",\"datePublished\":\"2025-04-04T10:11:29+00:00\",\"dateModified\":\"2025-05-31T09:54:32+00:00\",\"mainEntityOfPage\":{\"@id\":\"https:\\\/\\\/valokuvakeskusnykyaika.fi\\\/abhinav-kafare-armageddon\\\/\"},\"wordCount\":875,\"publisher\":{\"@id\":\"https:\\\/\\\/valokuvakeskusnykyaika.fi\\\/#organization\"},\"image\":{\"@id\":\"https:\\\/\\\/valokuvakeskusnykyaika.fi\\\/abhinav-kafare-armageddon\\\/#primaryimage\"},\"thumbnailUrl\":\"https:\\\/\\\/valokuvakeskusnykyaika.fi\\\/wp-content\\\/uploads\\\/2025\\\/04\\\/3-copy-scaled.jpg\",\"articleSection\":[\"Menneet\"],\"inLanguage\":\"en-GB\"},{\"@type\":\"WebPage\",\"@id\":\"https:\\\/\\\/valokuvakeskusnykyaika.fi\\\/abhinav-kafare-armageddon\\\/\",\"url\":\"https:\\\/\\\/valokuvakeskusnykyaika.fi\\\/abhinav-kafare-armageddon\\\/\",\"name\":\"Abhinav Kafare: Armageddon - Valokuvakeskus Nykyaika\",\"isPartOf\":{\"@id\":\"https:\\\/\\\/valokuvakeskusnykyaika.fi\\\/#website\"},\"primaryImageOfPage\":{\"@id\":\"https:\\\/\\\/valokuvakeskusnykyaika.fi\\\/abhinav-kafare-armageddon\\\/#primaryimage\"},\"image\":{\"@id\":\"https:\\\/\\\/valokuvakeskusnykyaika.fi\\\/abhinav-kafare-armageddon\\\/#primaryimage\"},\"thumbnailUrl\":\"https:\\\/\\\/valokuvakeskusnykyaika.fi\\\/wp-content\\\/uploads\\\/2025\\\/04\\\/3-copy-scaled.jpg\",\"datePublished\":\"2025-04-04T10:11:29+00:00\",\"dateModified\":\"2025-05-31T09:54:32+00:00\",\"breadcrumb\":{\"@id\":\"https:\\\/\\\/valokuvakeskusnykyaika.fi\\\/abhinav-kafare-armageddon\\\/#breadcrumb\"},\"inLanguage\":\"en-GB\",\"potentialAction\":[{\"@type\":\"ReadAction\",\"target\":[\"https:\\\/\\\/valokuvakeskusnykyaika.fi\\\/abhinav-kafare-armageddon\\\/\"]}]},{\"@type\":\"ImageObject\",\"inLanguage\":\"en-GB\",\"@id\":\"https:\\\/\\\/valokuvakeskusnykyaika.fi\\\/abhinav-kafare-armageddon\\\/#primaryimage\",\"url\":\"https:\\\/\\\/valokuvakeskusnykyaika.fi\\\/wp-content\\\/uploads\\\/2025\\\/04\\\/3-copy-scaled.jpg\",\"contentUrl\":\"https:\\\/\\\/valokuvakeskusnykyaika.fi\\\/wp-content\\\/uploads\\\/2025\\\/04\\\/3-copy-scaled.jpg\",\"width\":2560,\"height\":1834},{\"@type\":\"BreadcrumbList\",\"@id\":\"https:\\\/\\\/valokuvakeskusnykyaika.fi\\\/abhinav-kafare-armageddon\\\/#breadcrumb\",\"itemListElement\":[{\"@type\":\"ListItem\",\"position\":1,\"name\":\"Etusivu\",\"item\":\"https:\\\/\\\/valokuvakeskusnykyaika.fi\\\/\"},{\"@type\":\"ListItem\",\"position\":2,\"name\":\"Abhinav Kafare: Armageddon\"}]},{\"@type\":\"WebSite\",\"@id\":\"https:\\\/\\\/valokuvakeskusnykyaika.fi\\\/#website\",\"url\":\"https:\\\/\\\/valokuvakeskusnykyaika.fi\\\/\",\"name\":\"Valokuvakeskus Nykyaika\",\"description\":\"Nykyaika on avoin kohtaamispaikka kaikille valokuvataiteen yst\u00e4ville\",\"publisher\":{\"@id\":\"https:\\\/\\\/valokuvakeskusnykyaika.fi\\\/#organization\"},\"potentialAction\":[{\"@type\":\"SearchAction\",\"target\":{\"@type\":\"EntryPoint\",\"urlTemplate\":\"https:\\\/\\\/valokuvakeskusnykyaika.fi\\\/?s={search_term_string}\"},\"query-input\":{\"@type\":\"PropertyValueSpecification\",\"valueRequired\":true,\"valueName\":\"search_term_string\"}}],\"inLanguage\":\"en-GB\"},{\"@type\":\"Organization\",\"@id\":\"https:\\\/\\\/valokuvakeskusnykyaika.fi\\\/#organization\",\"name\":\"Valokuvakeskus Nykyaika\",\"url\":\"https:\\\/\\\/valokuvakeskusnykyaika.fi\\\/\",\"logo\":{\"@type\":\"ImageObject\",\"inLanguage\":\"en-GB\",\"@id\":\"https:\\\/\\\/valokuvakeskusnykyaika.fi\\\/#\\\/schema\\\/logo\\\/image\\\/\",\"url\":\"https:\\\/\\\/valokuvakeskusnykyaika.fi\\\/wp-content\\\/uploads\\\/2019\\\/01\\\/NY-Valokuvakeskus-logo-pieni.png\",\"contentUrl\":\"https:\\\/\\\/valokuvakeskusnykyaika.fi\\\/wp-content\\\/uploads\\\/2019\\\/01\\\/NY-Valokuvakeskus-logo-pieni.png\",\"width\":300,\"height\":314,\"caption\":\"Valokuvakeskus Nykyaika\"},\"image\":{\"@id\":\"https:\\\/\\\/valokuvakeskusnykyaika.fi\\\/#\\\/schema\\\/logo\\\/image\\\/\"},\"sameAs\":[\"https:\\\/\\\/www.facebook.com\\\/valokuvakeskus.nykyaika\\\/\",\"https:\\\/\\\/x.com\\\/nykyaika\",\"https:\\\/\\\/www.instagram.com\\\/nykyaika\\\/\"]},{\"@type\":\"Person\",\"@id\":\"https:\\\/\\\/valokuvakeskusnykyaika.fi\\\/#\\\/schema\\\/person\\\/41ef90f7d89984ccaca756c8d4241c19\",\"name\":\"info.nykyaika@backlight.fi\",\"url\":\"https:\\\/\\\/valokuvakeskusnykyaika.fi\\\/en\\\/author\\\/info-nykyaikabacklight-fi\\\/\"}]}<\/script>\n<!-- \/ Yoast SEO plugin. -->","yoast_head_json":{"title":"Abhinav Kafare: Armageddon - Valokuvakeskus Nykyaika","robots":{"index":"index","follow":"follow","max-snippet":"max-snippet:-1","max-image-preview":"max-image-preview:large","max-video-preview":"max-video-preview:-1"},"canonical":"https:\/\/valokuvakeskusnykyaika.fi\/en\/abhinav-kafare-armageddon\/","og_locale":"en_GB","og_type":"article","og_title":"Abhinav Kafare: Armageddon - Valokuvakeskus Nykyaika","og_description":"Valo lankeaa eri tavalla iholle kuin kivelle. Silti kummatkin niist\u00e4 kantavat muistoja. Keho muistaa maan tavoin \u2013 kerroksittain, tekstuureittain, hitaasti ajan kuluessa.\u00a0","og_url":"https:\/\/valokuvakeskusnykyaika.fi\/en\/abhinav-kafare-armageddon\/","og_site_name":"Valokuvakeskus Nykyaika","article_publisher":"https:\/\/www.facebook.com\/valokuvakeskus.nykyaika\/","article_published_time":"2025-04-04T10:11:29+00:00","article_modified_time":"2025-05-31T09:54:32+00:00","og_image":[{"width":640,"height":458,"url":"https:\/\/valokuvakeskusnykyaika.fi\/wp-content\/uploads\/2025\/04\/3-copy-640x458.jpg","type":"image\/jpeg"}],"author":"info.nykyaika@backlight.fi","twitter_card":"summary_large_image","twitter_creator":"@nykyaika","twitter_site":"@nykyaika","twitter_misc":{"Written by":"info.nykyaika@backlight.fi","Estimated reading time":"4 minutes"},"schema":{"@context":"https:\/\/schema.org","@graph":[{"@type":"Article","@id":"https:\/\/valokuvakeskusnykyaika.fi\/abhinav-kafare-armageddon\/#article","isPartOf":{"@id":"https:\/\/valokuvakeskusnykyaika.fi\/abhinav-kafare-armageddon\/"},"author":{"name":"info.nykyaika@backlight.fi","@id":"https:\/\/valokuvakeskusnykyaika.fi\/#\/schema\/person\/41ef90f7d89984ccaca756c8d4241c19"},"headline":"Abhinav Kafare: Armageddon","datePublished":"2025-04-04T10:11:29+00:00","dateModified":"2025-05-31T09:54:32+00:00","mainEntityOfPage":{"@id":"https:\/\/valokuvakeskusnykyaika.fi\/abhinav-kafare-armageddon\/"},"wordCount":875,"publisher":{"@id":"https:\/\/valokuvakeskusnykyaika.fi\/#organization"},"image":{"@id":"https:\/\/valokuvakeskusnykyaika.fi\/abhinav-kafare-armageddon\/#primaryimage"},"thumbnailUrl":"https:\/\/valokuvakeskusnykyaika.fi\/wp-content\/uploads\/2025\/04\/3-copy-scaled.jpg","articleSection":["Menneet"],"inLanguage":"en-GB"},{"@type":"WebPage","@id":"https:\/\/valokuvakeskusnykyaika.fi\/abhinav-kafare-armageddon\/","url":"https:\/\/valokuvakeskusnykyaika.fi\/abhinav-kafare-armageddon\/","name":"Abhinav Kafare: Armageddon - Valokuvakeskus Nykyaika","isPartOf":{"@id":"https:\/\/valokuvakeskusnykyaika.fi\/#website"},"primaryImageOfPage":{"@id":"https:\/\/valokuvakeskusnykyaika.fi\/abhinav-kafare-armageddon\/#primaryimage"},"image":{"@id":"https:\/\/valokuvakeskusnykyaika.fi\/abhinav-kafare-armageddon\/#primaryimage"},"thumbnailUrl":"https:\/\/valokuvakeskusnykyaika.fi\/wp-content\/uploads\/2025\/04\/3-copy-scaled.jpg","datePublished":"2025-04-04T10:11:29+00:00","dateModified":"2025-05-31T09:54:32+00:00","breadcrumb":{"@id":"https:\/\/valokuvakeskusnykyaika.fi\/abhinav-kafare-armageddon\/#breadcrumb"},"inLanguage":"en-GB","potentialAction":[{"@type":"ReadAction","target":["https:\/\/valokuvakeskusnykyaika.fi\/abhinav-kafare-armageddon\/"]}]},{"@type":"ImageObject","inLanguage":"en-GB","@id":"https:\/\/valokuvakeskusnykyaika.fi\/abhinav-kafare-armageddon\/#primaryimage","url":"https:\/\/valokuvakeskusnykyaika.fi\/wp-content\/uploads\/2025\/04\/3-copy-scaled.jpg","contentUrl":"https:\/\/valokuvakeskusnykyaika.fi\/wp-content\/uploads\/2025\/04\/3-copy-scaled.jpg","width":2560,"height":1834},{"@type":"BreadcrumbList","@id":"https:\/\/valokuvakeskusnykyaika.fi\/abhinav-kafare-armageddon\/#breadcrumb","itemListElement":[{"@type":"ListItem","position":1,"name":"Etusivu","item":"https:\/\/valokuvakeskusnykyaika.fi\/"},{"@type":"ListItem","position":2,"name":"Abhinav Kafare: Armageddon"}]},{"@type":"WebSite","@id":"https:\/\/valokuvakeskusnykyaika.fi\/#website","url":"https:\/\/valokuvakeskusnykyaika.fi\/","name":"Photographic Centre Nykyaika","description":"Nykyaika on avoin kohtaamispaikka kaikille valokuvataiteen yst\u00e4ville","publisher":{"@id":"https:\/\/valokuvakeskusnykyaika.fi\/#organization"},"potentialAction":[{"@type":"SearchAction","target":{"@type":"EntryPoint","urlTemplate":"https:\/\/valokuvakeskusnykyaika.fi\/?s={search_term_string}"},"query-input":{"@type":"PropertyValueSpecification","valueRequired":true,"valueName":"search_term_string"}}],"inLanguage":"en-GB"},{"@type":"Organization","@id":"https:\/\/valokuvakeskusnykyaika.fi\/#organization","name":"Photographic Centre Nykyaika","url":"https:\/\/valokuvakeskusnykyaika.fi\/","logo":{"@type":"ImageObject","inLanguage":"en-GB","@id":"https:\/\/valokuvakeskusnykyaika.fi\/#\/schema\/logo\/image\/","url":"https:\/\/valokuvakeskusnykyaika.fi\/wp-content\/uploads\/2019\/01\/NY-Valokuvakeskus-logo-pieni.png","contentUrl":"https:\/\/valokuvakeskusnykyaika.fi\/wp-content\/uploads\/2019\/01\/NY-Valokuvakeskus-logo-pieni.png","width":300,"height":314,"caption":"Valokuvakeskus Nykyaika"},"image":{"@id":"https:\/\/valokuvakeskusnykyaika.fi\/#\/schema\/logo\/image\/"},"sameAs":["https:\/\/www.facebook.com\/valokuvakeskus.nykyaika\/","https:\/\/x.com\/nykyaika","https:\/\/www.instagram.com\/nykyaika\/"]},{"@type":"Person","@id":"https:\/\/valokuvakeskusnykyaika.fi\/#\/schema\/person\/41ef90f7d89984ccaca756c8d4241c19","name":"info.nykyaika@backlight.fi","url":"https:\/\/valokuvakeskusnykyaika.fi\/en\/author\/info-nykyaikabacklight-fi\/"}]}},"_links":{"self":[{"href":"https:\/\/valokuvakeskusnykyaika.fi\/en\/wp-json\/wp\/v2\/posts\/6364","targetHints":{"allow":["GET"]}}],"collection":[{"href":"https:\/\/valokuvakeskusnykyaika.fi\/en\/wp-json\/wp\/v2\/posts"}],"about":[{"href":"https:\/\/valokuvakeskusnykyaika.fi\/en\/wp-json\/wp\/v2\/types\/post"}],"author":[{"embeddable":true,"href":"https:\/\/valokuvakeskusnykyaika.fi\/en\/wp-json\/wp\/v2\/users\/6"}],"replies":[{"embeddable":true,"href":"https:\/\/valokuvakeskusnykyaika.fi\/en\/wp-json\/wp\/v2\/comments?post=6364"}],"version-history":[{"count":3,"href":"https:\/\/valokuvakeskusnykyaika.fi\/en\/wp-json\/wp\/v2\/posts\/6364\/revisions"}],"predecessor-version":[{"id":6403,"href":"https:\/\/valokuvakeskusnykyaika.fi\/en\/wp-json\/wp\/v2\/posts\/6364\/revisions\/6403"}],"wp:featuredmedia":[{"embeddable":true,"href":"https:\/\/valokuvakeskusnykyaika.fi\/en\/wp-json\/wp\/v2\/media\/6365"}],"wp:attachment":[{"href":"https:\/\/valokuvakeskusnykyaika.fi\/en\/wp-json\/wp\/v2\/media?parent=6364"}],"wp:term":[{"taxonomy":"category","embeddable":true,"href":"https:\/\/valokuvakeskusnykyaika.fi\/en\/wp-json\/wp\/v2\/categories?post=6364"},{"taxonomy":"post_tag","embeddable":true,"href":"https:\/\/valokuvakeskusnykyaika.fi\/en\/wp-json\/wp\/v2\/tags?post=6364"}],"curies":[{"name":"wp","href":"https:\/\/api.w.org\/{rel}","templated":true}]}}