{"id":6809,"date":"2026-03-16T13:44:22","date_gmt":"2026-03-16T11:44:22","guid":{"rendered":"https:\/\/valokuvakeskusnykyaika.fi\/?p=6809"},"modified":"2026-04-24T18:52:52","modified_gmt":"2026-04-24T15:52:52","slug":"sari-soininen-shallow-waters-misty-waves","status":"publish","type":"post","link":"https:\/\/valokuvakeskusnykyaika.fi\/en\/sari-soininen-shallow-waters-misty-waves\/","title":{"rendered":"Sari Soininen: Shallow Waters, Misty Waves"},"content":{"rendered":"<p>25.4.\u201325.5.2026<\/p>\n\n\n\n<p><strong>Sari Soininen<br>Vienoilla Vesill\u00e4, Utuisilla Lainehilla<br>Valokuvan\u00e4yttely 25.4.-24.5.<br>Avajaiset pe 23.4. klo 17-19<br>Valokuvakeskus Nykyaika, Tampere<\/strong><\/p>\n\n\n\n<p><em>Vienoilla Vesill\u00e4, Utuisilla Lainehilla<\/em> (2025) on matka siihen, mit\u00e4 emme en\u00e4\u00e4 pys\u00e4hdy n\u00e4kem\u00e4\u00e4n. Arkiset yksityiskohdat muuntuvat unenomaiseen muotoon, kun katse viipyy hieman pidemp\u00e4\u00e4n. Mik\u00e4\u00e4n ei ole t\u00e4ysin uutta, mutta mik\u00e4\u00e4n ei en\u00e4\u00e4 n\u00e4yt\u00e4 tutulta.<\/p>\n\n\n\n<p>Menneisyydess\u00e4 pyhyys eli luonnossa. Pakanallisissa uskomuksissa mets\u00e4t, j\u00e4rvet ja kivet olivat t\u00e4ynn\u00e4 henki\u00e4 ja viestej\u00e4. El\u00e4imet liikkuivat maailmassa sukulaisina, merkityksen ja voiman kantajina. Nyky\u00e4\u00e4n etsimme mysteeri\u00e4 teknologian kautta, samalla kun itse ymp\u00e4rist\u00f6 on muuttunut n\u00e4kym\u00e4tt\u00f6m\u00e4ksi ja riisutuksi merkityksest\u00e4. Ohitamme el\u00e4imet kuten ohitamme puut tai kivet, sokeina niiden katseelle, kuuroina niiden tarinoille. Niist\u00e4 on tullut varjoja maailmassa, jossa kaikki el\u00e4v\u00e4 n\u00e4hd\u00e4\u00e4n materiaalina.<\/p>\n\n\n\n<p>Kuvat syntyv\u00e4t sattuman ja pys\u00e4htymisen risteyksess\u00e4. Soininen k\u00e4ytt\u00e4\u00e4 salamoita, v\u00e4rigeelej\u00e4 ja pitki\u00e4 valotusaikoja siirt\u00e4\u00e4kseen arkisen kohti toismaailmallista. Kuvat eiv\u00e4t ole digitaalisia konstruktioita, vaikka ne usein muistuttavat teko\u00e4lyn tuottamaa kuvastoa. T\u00e4m\u00e4 j\u00e4nnite on olennainen: teokset heijastavat sit\u00e4, kuinka havaintomme on muovautunut teknologian, n\u00e4ytt\u00f6jen ja algoritmien kautta samalla kun suora l\u00e4sn\u00e4olomme maailmassa on heikentynyt. Omien esoteeristen kokemustensa kautta Soininen on oppinut hahmottamaan maailman kerroksellisena, el\u00e4v\u00e4n\u00e4 ja symbolisena. Valokuva toimii keinona k\u00e4\u00e4nt\u00e4\u00e4 n\u00e4m\u00e4 havainnot n\u00e4kyviksi \u2013 tapana paljastaa arkisen sis\u00e4\u00e4n k\u00e4tkeytyv\u00e4 n\u00e4kym\u00e4t\u00f6n ulottuvuus. Meit\u00e4 ymp\u00e4r\u00f6iv\u00e4 maailma on t\u00e4ynn\u00e4 piilotettuja tarinoita \u2013 merkityksi\u00e4, jotka odottavat tulla n\u00e4hdyiksi.<\/p>\n\n\n\n<p>Sari Soininen (s. 1991, Raisio) on valmistunut valokuvataiteen maisteriksi UWE Bristolista (2021) ja medianomiksi Lahden Muotoiluinstituutista (2014). Soinisen valokuvat ovat her\u00e4tt\u00e4neet huomattavaa kiinnostusta kansainv\u00e4lisesti, ja h\u00e4nen teoksiaan on esitelty laajasti mm. <em>The Guardianissa<\/em>, <em>Financial Timesissa<\/em> and <em>Lib\u00e9rationissa<\/em>. H\u00e4n on osallistunut lukuisiin kansainv\u00e4lisiin ryhm\u00e4n\u00e4yttelyihin Euroopassa ja Yhdysvalloissa.<\/p>\n\n\n\n<p>Soininen on julkaissut kolme valokuvataidekirjaa: <em>Shallow Waters, Misty Waves<\/em> (2025), <em>Black Cat Kingdom<\/em> (Besides Press, 2023) ja <em>Transcendent Country of the Mind<\/em> (The Eriskay Connection, 2022). H\u00e4nt\u00e4 edustaa Suomessa Galleria Heino ja Ranskassa Marie Valat Agency. H\u00e4nen viimeisimpi\u00e4 yksityisn\u00e4yttelyit\u00e4 ovat <em>The Trees Are Not What They Seem<\/em> (Aboa Vetus Ars Nova, 2025), <em>Transcendent Country of the Mind<\/em> (Galleria Heino, 2025) ja <em>Katseen takana<\/em> (Lahden visuaalisten taiteiden museo Malva, 2024).<\/p>\n\n\n\n<p>Suomen Kulttuurirahasto on tukenut taiteilijan ty\u00f6skentely\u00e4. N\u00e4yttelyn teosten tuotantoa on tukenut Taiteen Edist\u00e4miskeskus ja FinnFoto.<\/p>\n\n\n\n<p><strong>Sari Soininen<br>Shallow Waters, Misty Waves<br>Photo exhibition 25.4.-24.5.<br>Opening ceremony on Fri 23.4. at 17-19<br>Photographic Centre Nykyaika, Tampere<\/strong><\/p>\n\n\n\n<p><em>Shallow Waters, Misty Waves <\/em>(2025) is a journey into what we no longer stop to see. Everyday details transform into dreamlike visions when the gaze lingers a little longer. Nothing is entirely new, yet nothing looks familiar anymore.<\/p>\n\n\n\n<p>\u200b<\/p>\n\n\n\n<p>In the past, sacredness lived in nature. In pagan beliefs, forests, lakes, and stones were filled with spirits and messages. Animals moved through the world as kin, bearers of meaning and power. Today, we seek mystery through technology while the environment itself has grown invisible, stripped of meaning. We pass animals as we pass trees or stones, blind to their gaze, deaf to their stories. They have become shadows in a world that treats all life as material.<\/p>\n\n\n\n<p>\u200b<\/p>\n\n\n\n<p>The images arise from chance and stillness. Soininen uses flashes, color gels, and long exposures to shift the ordinary into something otherworldly. The images are not digital fabrications, though they often resemble AI-generated imagery. This ambiguity is essential: the works mirror how our perception has become shaped by technology, screens, and algorithms, while our direct presence in the world has diminished.<\/p>\n\n\n\n<p>\u200b<\/p>\n\n\n\n<p>Through her own esoteric experiences, Soininen has learned to perceive the world as layered, alive, and symbolic. Photography becomes a means of translating these perceptions &#8211; a way of revealing the unseen dimension within the ordinary. What surrounds us is alive with hidden stories, a secret script inscribed in the fabric of the world, waiting to be read.<\/p>\n\n\n\n<p>Sari Soininen (b. 1991, Raisio, Finland) holds an MA in Photography from University of the West of England (2021) and a BA in Photography from Lahti Institute of Design (2014). Her work has attracted significant international attention and has been featured in publications such as The Guardian, Financial Times, and Lib\u00e9ration. She has participated in numerous international group exhibitions across Europe and the United States.<\/p>\n\n\n\n<p>Soininen has published three photobooks: <em>Shallow Waters, Misty Waves<\/em> (2025), <em>Black Cat Kingdom<\/em> (Besides Press, 2023), and <em>Transcendent Country of the Mind<\/em> (The Eriskay Connection, 2022). She is represented by Galleria Heino in Finland and Marie Valat Agency in France. Her recent solo exhibitions include <em>The Trees Are Not What They Seem<\/em> (Aboa Vetus Ars Nova, 2025), <em>Transcendent Country of the Mind<\/em> (Galleria Heino, 2025), and <em>Mindscapes <\/em>(Lahti Museum of Visual Arts Malva, 2024). Her work has been supported by the Finnish Cultural Foundation. The production of the works in this exhibition has been supported by Arts Promotion Centre Finland and FinnFoto.<\/p>","protected":false},"excerpt":{"rendered":"<p>25.4.\u201325.5.2026 Sari SoininenVienoilla Vesill\u00e4, Utuisilla LainehillaValokuvan\u00e4yttely 25.4.-24.5.Avajaiset pe 23.4. klo 17-19Valokuvakeskus Nykyaika, Tampere Vienoilla Vesill\u00e4, Utuisilla Lainehilla (2025) on matka siihen, mit\u00e4 emme en\u00e4\u00e4 pys\u00e4hdy n\u00e4kem\u00e4\u00e4n. Arkiset yksityiskohdat muuntuvat unenomaiseen muotoon, kun katse viipyy hieman pidemp\u00e4\u00e4n. Mik\u00e4\u00e4n ei ole t\u00e4ysin uutta, mutta mik\u00e4\u00e4n ei en\u00e4\u00e4 n\u00e4yt\u00e4 tutulta. Menneisyydess\u00e4 pyhyys eli luonnossa. Pakanallisissa uskomuksissa mets\u00e4t, j\u00e4rvet [&hellip;]<\/p>\n","protected":false},"author":6,"featured_media":6810,"comment_status":"closed","ping_status":"closed","sticky":false,"template":"","format":"standard","meta":{"iawp_total_views":173,"footnotes":""},"categories":[7],"tags":[],"class_list":["post-6809","post","type-post","status-publish","format-standard","has-post-thumbnail","hentry","category-nyt"],"yoast_head":"<!-- This site is optimized with the Yoast SEO plugin v27.4 - https:\/\/yoast.com\/product\/yoast-seo-wordpress\/ -->\n<title>Sari Soininen: Shallow Waters, Misty Waves - Valokuvakeskus Nykyaika<\/title>\n<meta name=\"robots\" content=\"index, follow, max-snippet:-1, max-image-preview:large, max-video-preview:-1\" \/>\n<link rel=\"canonical\" href=\"https:\/\/valokuvakeskusnykyaika.fi\/en\/sari-soininen-shallow-waters-misty-waves\/\" \/>\n<meta property=\"og:locale\" content=\"en_GB\" \/>\n<meta property=\"og:type\" content=\"article\" \/>\n<meta property=\"og:title\" content=\"Sari Soininen: Shallow Waters, Misty Waves - Valokuvakeskus Nykyaika\" \/>\n<meta property=\"og:description\" content=\"25.4.\u201325.5.2026 Sari SoininenVienoilla Vesill\u00e4, Utuisilla LainehillaValokuvan\u00e4yttely 25.4.-24.5.Avajaiset pe 23.4. klo 17-19Valokuvakeskus Nykyaika, Tampere Vienoilla Vesill\u00e4, Utuisilla Lainehilla (2025) on matka siihen, mit\u00e4 emme en\u00e4\u00e4 pys\u00e4hdy n\u00e4kem\u00e4\u00e4n. Arkiset yksityiskohdat muuntuvat unenomaiseen muotoon, kun katse viipyy hieman pidemp\u00e4\u00e4n. Mik\u00e4\u00e4n ei ole t\u00e4ysin uutta, mutta mik\u00e4\u00e4n ei en\u00e4\u00e4 n\u00e4yt\u00e4 tutulta. Menneisyydess\u00e4 pyhyys eli luonnossa. Pakanallisissa uskomuksissa mets\u00e4t, j\u00e4rvet [&hellip;]\" \/>\n<meta property=\"og:url\" content=\"https:\/\/valokuvakeskusnykyaika.fi\/en\/sari-soininen-shallow-waters-misty-waves\/\" \/>\n<meta property=\"og:site_name\" content=\"Valokuvakeskus Nykyaika\" \/>\n<meta property=\"article:publisher\" content=\"https:\/\/www.facebook.com\/valokuvakeskus.nykyaika\/\" \/>\n<meta property=\"article:published_time\" content=\"2026-03-16T11:44:22+00:00\" \/>\n<meta property=\"article:modified_time\" content=\"2026-04-24T15:52:52+00:00\" \/>\n<meta property=\"og:image\" content=\"https:\/\/valokuvakeskusnykyaika.fi\/wp-content\/uploads\/2026\/03\/Naky_21_sarjasta_vienoilla_vesilla_utuisilla_lainehilla_2024-scaled.jpg\" \/>\n\t<meta property=\"og:image:width\" content=\"2560\" \/>\n\t<meta property=\"og:image:height\" content=\"1707\" \/>\n\t<meta property=\"og:image:type\" content=\"image\/jpeg\" \/>\n<meta name=\"author\" content=\"info.nykyaika@backlight.fi\" \/>\n<meta name=\"twitter:card\" content=\"summary_large_image\" \/>\n<meta name=\"twitter:creator\" content=\"@nykyaika\" \/>\n<meta name=\"twitter:site\" content=\"@nykyaika\" \/>\n<meta name=\"twitter:label1\" content=\"Written by\" \/>\n\t<meta name=\"twitter:data1\" content=\"info.nykyaika@backlight.fi\" \/>\n\t<meta name=\"twitter:label2\" content=\"Estimated reading time\" \/>\n\t<meta name=\"twitter:data2\" content=\"4 minutes\" \/>\n<script type=\"application\/ld+json\" class=\"yoast-schema-graph\">{\"@context\":\"https:\\\/\\\/schema.org\",\"@graph\":[{\"@type\":\"Article\",\"@id\":\"https:\\\/\\\/valokuvakeskusnykyaika.fi\\\/sari-soininen-shallow-waters-misty-waves\\\/#article\",\"isPartOf\":{\"@id\":\"https:\\\/\\\/valokuvakeskusnykyaika.fi\\\/sari-soininen-shallow-waters-misty-waves\\\/\"},\"author\":{\"name\":\"info.nykyaika@backlight.fi\",\"@id\":\"https:\\\/\\\/valokuvakeskusnykyaika.fi\\\/#\\\/schema\\\/person\\\/41ef90f7d89984ccaca756c8d4241c19\"},\"headline\":\"Sari Soininen: Shallow Waters, Misty Waves\",\"datePublished\":\"2026-03-16T11:44:22+00:00\",\"dateModified\":\"2026-04-24T15:52:52+00:00\",\"mainEntityOfPage\":{\"@id\":\"https:\\\/\\\/valokuvakeskusnykyaika.fi\\\/sari-soininen-shallow-waters-misty-waves\\\/\"},\"wordCount\":800,\"publisher\":{\"@id\":\"https:\\\/\\\/valokuvakeskusnykyaika.fi\\\/#organization\"},\"image\":{\"@id\":\"https:\\\/\\\/valokuvakeskusnykyaika.fi\\\/sari-soininen-shallow-waters-misty-waves\\\/#primaryimage\"},\"thumbnailUrl\":\"https:\\\/\\\/valokuvakeskusnykyaika.fi\\\/wp-content\\\/uploads\\\/2026\\\/03\\\/Naky_21_sarjasta_vienoilla_vesilla_utuisilla_lainehilla_2024-scaled.jpg\",\"articleSection\":[\"Nyt\"],\"inLanguage\":\"en-GB\"},{\"@type\":\"WebPage\",\"@id\":\"https:\\\/\\\/valokuvakeskusnykyaika.fi\\\/sari-soininen-shallow-waters-misty-waves\\\/\",\"url\":\"https:\\\/\\\/valokuvakeskusnykyaika.fi\\\/sari-soininen-shallow-waters-misty-waves\\\/\",\"name\":\"Sari Soininen: Shallow Waters, Misty Waves - Valokuvakeskus Nykyaika\",\"isPartOf\":{\"@id\":\"https:\\\/\\\/valokuvakeskusnykyaika.fi\\\/#website\"},\"primaryImageOfPage\":{\"@id\":\"https:\\\/\\\/valokuvakeskusnykyaika.fi\\\/sari-soininen-shallow-waters-misty-waves\\\/#primaryimage\"},\"image\":{\"@id\":\"https:\\\/\\\/valokuvakeskusnykyaika.fi\\\/sari-soininen-shallow-waters-misty-waves\\\/#primaryimage\"},\"thumbnailUrl\":\"https:\\\/\\\/valokuvakeskusnykyaika.fi\\\/wp-content\\\/uploads\\\/2026\\\/03\\\/Naky_21_sarjasta_vienoilla_vesilla_utuisilla_lainehilla_2024-scaled.jpg\",\"datePublished\":\"2026-03-16T11:44:22+00:00\",\"dateModified\":\"2026-04-24T15:52:52+00:00\",\"breadcrumb\":{\"@id\":\"https:\\\/\\\/valokuvakeskusnykyaika.fi\\\/sari-soininen-shallow-waters-misty-waves\\\/#breadcrumb\"},\"inLanguage\":\"en-GB\",\"potentialAction\":[{\"@type\":\"ReadAction\",\"target\":[\"https:\\\/\\\/valokuvakeskusnykyaika.fi\\\/sari-soininen-shallow-waters-misty-waves\\\/\"]}]},{\"@type\":\"ImageObject\",\"inLanguage\":\"en-GB\",\"@id\":\"https:\\\/\\\/valokuvakeskusnykyaika.fi\\\/sari-soininen-shallow-waters-misty-waves\\\/#primaryimage\",\"url\":\"https:\\\/\\\/valokuvakeskusnykyaika.fi\\\/wp-content\\\/uploads\\\/2026\\\/03\\\/Naky_21_sarjasta_vienoilla_vesilla_utuisilla_lainehilla_2024-scaled.jpg\",\"contentUrl\":\"https:\\\/\\\/valokuvakeskusnykyaika.fi\\\/wp-content\\\/uploads\\\/2026\\\/03\\\/Naky_21_sarjasta_vienoilla_vesilla_utuisilla_lainehilla_2024-scaled.jpg\",\"width\":2560,\"height\":1707},{\"@type\":\"BreadcrumbList\",\"@id\":\"https:\\\/\\\/valokuvakeskusnykyaika.fi\\\/sari-soininen-shallow-waters-misty-waves\\\/#breadcrumb\",\"itemListElement\":[{\"@type\":\"ListItem\",\"position\":1,\"name\":\"Etusivu\",\"item\":\"https:\\\/\\\/valokuvakeskusnykyaika.fi\\\/\"},{\"@type\":\"ListItem\",\"position\":2,\"name\":\"Sari Soininen: Shallow Waters, Misty Waves\"}]},{\"@type\":\"WebSite\",\"@id\":\"https:\\\/\\\/valokuvakeskusnykyaika.fi\\\/#website\",\"url\":\"https:\\\/\\\/valokuvakeskusnykyaika.fi\\\/\",\"name\":\"Valokuvakeskus Nykyaika\",\"description\":\"Nykyaika on avoin kohtaamispaikka kaikille valokuvataiteen yst\u00e4ville\",\"publisher\":{\"@id\":\"https:\\\/\\\/valokuvakeskusnykyaika.fi\\\/#organization\"},\"potentialAction\":[{\"@type\":\"SearchAction\",\"target\":{\"@type\":\"EntryPoint\",\"urlTemplate\":\"https:\\\/\\\/valokuvakeskusnykyaika.fi\\\/?s={search_term_string}\"},\"query-input\":{\"@type\":\"PropertyValueSpecification\",\"valueRequired\":true,\"valueName\":\"search_term_string\"}}],\"inLanguage\":\"en-GB\"},{\"@type\":\"Organization\",\"@id\":\"https:\\\/\\\/valokuvakeskusnykyaika.fi\\\/#organization\",\"name\":\"Valokuvakeskus Nykyaika\",\"url\":\"https:\\\/\\\/valokuvakeskusnykyaika.fi\\\/\",\"logo\":{\"@type\":\"ImageObject\",\"inLanguage\":\"en-GB\",\"@id\":\"https:\\\/\\\/valokuvakeskusnykyaika.fi\\\/#\\\/schema\\\/logo\\\/image\\\/\",\"url\":\"https:\\\/\\\/valokuvakeskusnykyaika.fi\\\/wp-content\\\/uploads\\\/2019\\\/01\\\/NY-Valokuvakeskus-logo-pieni.png\",\"contentUrl\":\"https:\\\/\\\/valokuvakeskusnykyaika.fi\\\/wp-content\\\/uploads\\\/2019\\\/01\\\/NY-Valokuvakeskus-logo-pieni.png\",\"width\":300,\"height\":314,\"caption\":\"Valokuvakeskus Nykyaika\"},\"image\":{\"@id\":\"https:\\\/\\\/valokuvakeskusnykyaika.fi\\\/#\\\/schema\\\/logo\\\/image\\\/\"},\"sameAs\":[\"https:\\\/\\\/www.facebook.com\\\/valokuvakeskus.nykyaika\\\/\",\"https:\\\/\\\/x.com\\\/nykyaika\",\"https:\\\/\\\/www.instagram.com\\\/nykyaika\\\/\"]},{\"@type\":\"Person\",\"@id\":\"https:\\\/\\\/valokuvakeskusnykyaika.fi\\\/#\\\/schema\\\/person\\\/41ef90f7d89984ccaca756c8d4241c19\",\"name\":\"info.nykyaika@backlight.fi\",\"url\":\"https:\\\/\\\/valokuvakeskusnykyaika.fi\\\/en\\\/author\\\/info-nykyaikabacklight-fi\\\/\"}]}<\/script>\n<!-- \/ Yoast SEO plugin. -->","yoast_head_json":{"title":"Sari Soininen: Shallow Waters, Misty Waves - Valokuvakeskus Nykyaika","robots":{"index":"index","follow":"follow","max-snippet":"max-snippet:-1","max-image-preview":"max-image-preview:large","max-video-preview":"max-video-preview:-1"},"canonical":"https:\/\/valokuvakeskusnykyaika.fi\/en\/sari-soininen-shallow-waters-misty-waves\/","og_locale":"en_GB","og_type":"article","og_title":"Sari Soininen: Shallow Waters, Misty Waves - Valokuvakeskus Nykyaika","og_description":"25.4.\u201325.5.2026 Sari SoininenVienoilla Vesill\u00e4, Utuisilla LainehillaValokuvan\u00e4yttely 25.4.-24.5.Avajaiset pe 23.4. klo 17-19Valokuvakeskus Nykyaika, Tampere Vienoilla Vesill\u00e4, Utuisilla Lainehilla (2025) on matka siihen, mit\u00e4 emme en\u00e4\u00e4 pys\u00e4hdy n\u00e4kem\u00e4\u00e4n. Arkiset yksityiskohdat muuntuvat unenomaiseen muotoon, kun katse viipyy hieman pidemp\u00e4\u00e4n. Mik\u00e4\u00e4n ei ole t\u00e4ysin uutta, mutta mik\u00e4\u00e4n ei en\u00e4\u00e4 n\u00e4yt\u00e4 tutulta. Menneisyydess\u00e4 pyhyys eli luonnossa. Pakanallisissa uskomuksissa mets\u00e4t, j\u00e4rvet [&hellip;]","og_url":"https:\/\/valokuvakeskusnykyaika.fi\/en\/sari-soininen-shallow-waters-misty-waves\/","og_site_name":"Valokuvakeskus Nykyaika","article_publisher":"https:\/\/www.facebook.com\/valokuvakeskus.nykyaika\/","article_published_time":"2026-03-16T11:44:22+00:00","article_modified_time":"2026-04-24T15:52:52+00:00","og_image":[{"width":2560,"height":1707,"url":"https:\/\/valokuvakeskusnykyaika.fi\/wp-content\/uploads\/2026\/03\/Naky_21_sarjasta_vienoilla_vesilla_utuisilla_lainehilla_2024-scaled.jpg","type":"image\/jpeg"}],"author":"info.nykyaika@backlight.fi","twitter_card":"summary_large_image","twitter_creator":"@nykyaika","twitter_site":"@nykyaika","twitter_misc":{"Written by":"info.nykyaika@backlight.fi","Estimated reading time":"4 minutes"},"schema":{"@context":"https:\/\/schema.org","@graph":[{"@type":"Article","@id":"https:\/\/valokuvakeskusnykyaika.fi\/sari-soininen-shallow-waters-misty-waves\/#article","isPartOf":{"@id":"https:\/\/valokuvakeskusnykyaika.fi\/sari-soininen-shallow-waters-misty-waves\/"},"author":{"name":"info.nykyaika@backlight.fi","@id":"https:\/\/valokuvakeskusnykyaika.fi\/#\/schema\/person\/41ef90f7d89984ccaca756c8d4241c19"},"headline":"Sari Soininen: Shallow Waters, Misty Waves","datePublished":"2026-03-16T11:44:22+00:00","dateModified":"2026-04-24T15:52:52+00:00","mainEntityOfPage":{"@id":"https:\/\/valokuvakeskusnykyaika.fi\/sari-soininen-shallow-waters-misty-waves\/"},"wordCount":800,"publisher":{"@id":"https:\/\/valokuvakeskusnykyaika.fi\/#organization"},"image":{"@id":"https:\/\/valokuvakeskusnykyaika.fi\/sari-soininen-shallow-waters-misty-waves\/#primaryimage"},"thumbnailUrl":"https:\/\/valokuvakeskusnykyaika.fi\/wp-content\/uploads\/2026\/03\/Naky_21_sarjasta_vienoilla_vesilla_utuisilla_lainehilla_2024-scaled.jpg","articleSection":["Nyt"],"inLanguage":"en-GB"},{"@type":"WebPage","@id":"https:\/\/valokuvakeskusnykyaika.fi\/sari-soininen-shallow-waters-misty-waves\/","url":"https:\/\/valokuvakeskusnykyaika.fi\/sari-soininen-shallow-waters-misty-waves\/","name":"Sari Soininen: Shallow Waters, Misty Waves - Valokuvakeskus Nykyaika","isPartOf":{"@id":"https:\/\/valokuvakeskusnykyaika.fi\/#website"},"primaryImageOfPage":{"@id":"https:\/\/valokuvakeskusnykyaika.fi\/sari-soininen-shallow-waters-misty-waves\/#primaryimage"},"image":{"@id":"https:\/\/valokuvakeskusnykyaika.fi\/sari-soininen-shallow-waters-misty-waves\/#primaryimage"},"thumbnailUrl":"https:\/\/valokuvakeskusnykyaika.fi\/wp-content\/uploads\/2026\/03\/Naky_21_sarjasta_vienoilla_vesilla_utuisilla_lainehilla_2024-scaled.jpg","datePublished":"2026-03-16T11:44:22+00:00","dateModified":"2026-04-24T15:52:52+00:00","breadcrumb":{"@id":"https:\/\/valokuvakeskusnykyaika.fi\/sari-soininen-shallow-waters-misty-waves\/#breadcrumb"},"inLanguage":"en-GB","potentialAction":[{"@type":"ReadAction","target":["https:\/\/valokuvakeskusnykyaika.fi\/sari-soininen-shallow-waters-misty-waves\/"]}]},{"@type":"ImageObject","inLanguage":"en-GB","@id":"https:\/\/valokuvakeskusnykyaika.fi\/sari-soininen-shallow-waters-misty-waves\/#primaryimage","url":"https:\/\/valokuvakeskusnykyaika.fi\/wp-content\/uploads\/2026\/03\/Naky_21_sarjasta_vienoilla_vesilla_utuisilla_lainehilla_2024-scaled.jpg","contentUrl":"https:\/\/valokuvakeskusnykyaika.fi\/wp-content\/uploads\/2026\/03\/Naky_21_sarjasta_vienoilla_vesilla_utuisilla_lainehilla_2024-scaled.jpg","width":2560,"height":1707},{"@type":"BreadcrumbList","@id":"https:\/\/valokuvakeskusnykyaika.fi\/sari-soininen-shallow-waters-misty-waves\/#breadcrumb","itemListElement":[{"@type":"ListItem","position":1,"name":"Etusivu","item":"https:\/\/valokuvakeskusnykyaika.fi\/"},{"@type":"ListItem","position":2,"name":"Sari Soininen: Shallow Waters, Misty Waves"}]},{"@type":"WebSite","@id":"https:\/\/valokuvakeskusnykyaika.fi\/#website","url":"https:\/\/valokuvakeskusnykyaika.fi\/","name":"Photographic Centre Nykyaika","description":"Nykyaika on avoin kohtaamispaikka kaikille valokuvataiteen yst\u00e4ville","publisher":{"@id":"https:\/\/valokuvakeskusnykyaika.fi\/#organization"},"potentialAction":[{"@type":"SearchAction","target":{"@type":"EntryPoint","urlTemplate":"https:\/\/valokuvakeskusnykyaika.fi\/?s={search_term_string}"},"query-input":{"@type":"PropertyValueSpecification","valueRequired":true,"valueName":"search_term_string"}}],"inLanguage":"en-GB"},{"@type":"Organization","@id":"https:\/\/valokuvakeskusnykyaika.fi\/#organization","name":"Photographic Centre Nykyaika","url":"https:\/\/valokuvakeskusnykyaika.fi\/","logo":{"@type":"ImageObject","inLanguage":"en-GB","@id":"https:\/\/valokuvakeskusnykyaika.fi\/#\/schema\/logo\/image\/","url":"https:\/\/valokuvakeskusnykyaika.fi\/wp-content\/uploads\/2019\/01\/NY-Valokuvakeskus-logo-pieni.png","contentUrl":"https:\/\/valokuvakeskusnykyaika.fi\/wp-content\/uploads\/2019\/01\/NY-Valokuvakeskus-logo-pieni.png","width":300,"height":314,"caption":"Valokuvakeskus Nykyaika"},"image":{"@id":"https:\/\/valokuvakeskusnykyaika.fi\/#\/schema\/logo\/image\/"},"sameAs":["https:\/\/www.facebook.com\/valokuvakeskus.nykyaika\/","https:\/\/x.com\/nykyaika","https:\/\/www.instagram.com\/nykyaika\/"]},{"@type":"Person","@id":"https:\/\/valokuvakeskusnykyaika.fi\/#\/schema\/person\/41ef90f7d89984ccaca756c8d4241c19","name":"info.nykyaika@backlight.fi","url":"https:\/\/valokuvakeskusnykyaika.fi\/en\/author\/info-nykyaikabacklight-fi\/"}]}},"_links":{"self":[{"href":"https:\/\/valokuvakeskusnykyaika.fi\/en\/wp-json\/wp\/v2\/posts\/6809","targetHints":{"allow":["GET"]}}],"collection":[{"href":"https:\/\/valokuvakeskusnykyaika.fi\/en\/wp-json\/wp\/v2\/posts"}],"about":[{"href":"https:\/\/valokuvakeskusnykyaika.fi\/en\/wp-json\/wp\/v2\/types\/post"}],"author":[{"embeddable":true,"href":"https:\/\/valokuvakeskusnykyaika.fi\/en\/wp-json\/wp\/v2\/users\/6"}],"replies":[{"embeddable":true,"href":"https:\/\/valokuvakeskusnykyaika.fi\/en\/wp-json\/wp\/v2\/comments?post=6809"}],"version-history":[{"count":2,"href":"https:\/\/valokuvakeskusnykyaika.fi\/en\/wp-json\/wp\/v2\/posts\/6809\/revisions"}],"predecessor-version":[{"id":6838,"href":"https:\/\/valokuvakeskusnykyaika.fi\/en\/wp-json\/wp\/v2\/posts\/6809\/revisions\/6838"}],"wp:featuredmedia":[{"embeddable":true,"href":"https:\/\/valokuvakeskusnykyaika.fi\/en\/wp-json\/wp\/v2\/media\/6810"}],"wp:attachment":[{"href":"https:\/\/valokuvakeskusnykyaika.fi\/en\/wp-json\/wp\/v2\/media?parent=6809"}],"wp:term":[{"taxonomy":"category","embeddable":true,"href":"https:\/\/valokuvakeskusnykyaika.fi\/en\/wp-json\/wp\/v2\/categories?post=6809"},{"taxonomy":"post_tag","embeddable":true,"href":"https:\/\/valokuvakeskusnykyaika.fi\/en\/wp-json\/wp\/v2\/tags?post=6809"}],"curies":[{"name":"wp","href":"https:\/\/api.w.org\/{rel}","templated":true}]}}