{"id":6881,"date":"2026-06-16T14:09:56","date_gmt":"2026-06-16T11:09:56","guid":{"rendered":"https:\/\/valokuvakeskusnykyaika.fi\/?p=6881"},"modified":"2026-08-22T14:21:48","modified_gmt":"2026-08-22T11:21:48","slug":"backlight26-the-art-of-lying","status":"publish","type":"post","link":"https:\/\/valokuvakeskusnykyaika.fi\/en\/backlight26-the-art-of-lying\/","title":{"rendered":"Backlight'26 - The Art of Lying"},"content":{"rendered":"<h4 class=\"wp-block-heading\">1.9.-11.10.2026<\/h4>\n\n\n\n<p class=\"wp-block-paragraph\"><strong>Joel Jimenez Jara &#8211; Glimmers, Feathers and Staring Skies<br>Katerina Angelopoulou &#8211; The Fumes of Mars<br>Exhibtions 1.9.-11.10.2026<br>Backlight Photo Festival opening ceremony <br>&gt;Photographic Centre Nykyaika &amp; Gallery Koppelo 6 PM to 8 PM<br>&gt;Vooninki 7 PM to 9 PM<br><\/strong><\/p>\n\n\n\n<h3 class=\"wp-block-heading\"><strong>Joel Jimenez Jara<\/strong><\/h3>\n\n\n\n<p class=\"wp-block-paragraph\">Hummingbirds are the only birds capable of flying backwards; their suspended motion mirrors the process of grief, moving into the past while still held in the present. After leaving his home country of Costa Rica, Joel Jimenez Jara lost his father to a neurodegenerative disease. The project began with family memories and the hummingbird, which in Costa Rican folk belief carries the souls of the dead and returns to greet those they love.<\/p>\n\n\n\n<p class=\"wp-block-paragraph\"><em>Glimmers, Feathers and Staring Skies <\/em>explores the hummingbird as a migratory body moving between science and myth, the earthly and the celestial. Bringing together personal archives with colonial and ornithological materials, the work questions how photography has attempted to capture, verify and classify a fleeting body.<\/p>\n\n\n\n<p class=\"wp-block-paragraph\">Conceived as a practice of care shaped through interspecies relationships, the project reflects on grief, memory and ecological fragility. It proposes alternative ways of relating to more-than-human others while becoming a means of reconnecting with the artist's father through the language of flight.<\/p>\n\n\n\n<p class=\"wp-block-paragraph\"><strong>Joel Jimenez Jara<\/strong> (b. 1993, Costa Rica) is an artist and filmmaker based in Madrid. Working across photography, installation and moving image, his research-based practice explores memory, landscape and archives through themes of erasure, displacement and the instability of historical narratives.<\/p>\n\n\n\n<h3 class=\"wp-block-heading\"><strong>Katerina Angelopoulou<\/strong><\/h3>\n\n\n\n<p class=\"wp-block-paragraph\">On 23 July 2018, one of the deadliest wildfires ever recorded swept through Mati and neighbouring areas, just 30 kilometres from Athens. Over a hundred lives were lost. Artist Katerina Angelopoulou survived the fire, fleeing with her mother and three-year-old daughter.<\/p>\n\n\n\n<p class=\"wp-block-paragraph\"><em>The Fumes of Mars<\/em> is a counter-archive, a forensic and deeply personal investigation into how official narratives of catastrophe are constructed and enforced, and how governance failures and the climate crisis converge in collective trauma. The work brings together photographs from the day of the event and its aftermath, survivor testimonies from public archives and the artist's own archive, aerial maps, weather and aircraft reports, CCTV footage, and personal artefacts recovered from the ruins.<\/p>\n\n\n\n<p class=\"wp-block-paragraph\">The work challenges the official narrative that persists around the disaster, in which facts were concealed and victims held culpable. Black-and-white photographs of landscapes after the fire give way to colour images taken on the day itself, while personal artefacts are photographed as archaeological remains through which the story of a life can begin to be reconstructed.<\/p>\n\n\n\n<p class=\"wp-block-paragraph\">Structured non-linearly, the work mirrors the fractured nature of trauma. Though rooted in a specific catastrophe, The Fumes of Mars asks who controls the narrative of disaster and who is silenced in its aftermath, while addressing institutional failure, the invisibility of survivors and the struggle for accountability in an era of compounding climate catastrophe.<\/p>\n\n\n\n<p class=\"wp-block-paragraph\"><strong>Katerina Angelopoulou<\/strong> (b. 1982, Athens) is an artist whose lens-based practice explores the tension between private memory and public record. Drawing on her background in performance design and dramaturgy, her work combines oral histories and archival research to recover silenced pasts and question institutional power and the construction of collective memory.<br><\/p>\n\n\n\n<h3 class=\"wp-block-heading\"><strong>Backlight Photo Festival 2026<\/strong><\/h3>\n\n\n\n<p class=\"wp-block-paragraph\">The international Backlight Photo Festival will take place in Tampere during September. Founded in 1987, Backlight is one of the oldest photo festival in the Nordics, with this year being the 14th time is has been held.<\/p>\n\n\n\n<p class=\"wp-block-paragraph\">The theme of the festival&nbsp;<em>The Art of Lying<\/em>&nbsp;will examine how images, stories and techology affect our way of understanding reality. In a time when Artificial Intelligence, algorithms and social media shape our understanding of the world, the exhibitions ask the question of who gets to define what we think of as real.<\/p>\n\n\n\n<p class=\"wp-block-paragraph\">The international exhibition collection brings 12 artists and artist groups from around the world to Tampere. In their artwork they address the relationship between photography and power, political propaganda, surveillance techonology, algorithm visibility and alternative methods for knowledge and experience.<\/p>\n\n\n\n<p class=\"wp-block-paragraph\">The main exhibtions will be held in the Finlayson Area in Vooninki and in Photographic Centre Nykyaika. In Gallery Koppelo, an international student exhibition will be held with students from Tampere University, Tampere University of Applied Sciences and Willem de Kooning Academy.<\/p>\n\n\n\n<p class=\"wp-block-paragraph\">Backlight 2026 invites you to think about how images form our reality - and what remains unseen. The festival and its exhibitions are free of charge for all visitors.<br><br>For more information visit Backlight's website:<br><a href=\"https:\/\/backlight.fi\/\">https:\/\/backlight.fi\/<br><\/a><\/p>\n\n\n\n<p class=\"wp-block-paragraph\">Photo by Katerina Angelopoulou<\/p>","protected":false},"excerpt":{"rendered":"<p>1.9.-11.10.2026 Joel Jimenez Jara &#8211; Glimmers, Feathers and Staring SkiesKaterina Angelopoulou &#8211; The Fumes of MarsN\u00e4yttelyt 1.9.-11.10.Backlight-festivaalin avajaiset >Valokuvakeskus Nykyaika &amp; Galleria Koppelo klo 18-20>Vooninki klo 19-21 Joel Jimenez Jara Kolibrit ovat ainoita lintuja, jotka kykenev\u00e4t lent\u00e4m\u00e4\u00e4n takaperin; niiden leijuva liike heijastaa suruty\u00f6t\u00e4, menneisyyteen palaamista samalla kun nykyhetki pit\u00e4\u00e4 kiinni otteessaan. L\u00e4hdetty\u00e4\u00e4n kotimaastaan Costa Ricasta [&hellip;]<\/p>\n","protected":false},"author":6,"featured_media":6918,"comment_status":"closed","ping_status":"closed","sticky":false,"template":"","format":"standard","meta":{"iawp_total_views":261,"footnotes":""},"categories":[11],"tags":[],"class_list":["post-6881","post","type-post","status-publish","format-standard","has-post-thumbnail","hentry","category-tulossa"],"yoast_head":"<!-- This site is optimized with the Yoast SEO plugin v28.4 - https:\/\/yoast.com\/product\/yoast-seo-wordpress\/ -->\n<title>Backlight&#039;26 - Valehtelun taito - Valokuvakeskus Nykyaika<\/title>\n<meta name=\"robots\" content=\"index, follow, max-snippet:-1, max-image-preview:large, max-video-preview:-1\" \/>\n<link rel=\"canonical\" href=\"https:\/\/valokuvakeskusnykyaika.fi\/en\/backlight26-the-art-of-lying\/\" \/>\n<meta property=\"og:locale\" content=\"en_GB\" \/>\n<meta property=\"og:type\" content=\"article\" \/>\n<meta property=\"og:title\" content=\"Backlight&#039;26 - Valehtelun taito - Valokuvakeskus Nykyaika\" \/>\n<meta property=\"og:description\" content=\"1.9.-11.10.2026 Joel Jimenez Jara &#8211; Glimmers, Feathers and Staring SkiesKaterina Angelopoulou &#8211; The Fumes of MarsN\u00e4yttelyt 1.9.-11.10.Backlight-festivaalin avajaiset &gt;Valokuvakeskus Nykyaika &amp; Galleria Koppelo klo 18-20&gt;Vooninki klo 19-21 Joel Jimenez Jara Kolibrit ovat ainoita lintuja, jotka kykenev\u00e4t lent\u00e4m\u00e4\u00e4n takaperin; niiden leijuva liike heijastaa suruty\u00f6t\u00e4, menneisyyteen palaamista samalla kun nykyhetki pit\u00e4\u00e4 kiinni otteessaan. L\u00e4hdetty\u00e4\u00e4n kotimaastaan Costa Ricasta [&hellip;]\" \/>\n<meta property=\"og:url\" content=\"https:\/\/valokuvakeskusnykyaika.fi\/en\/backlight26-the-art-of-lying\/\" \/>\n<meta property=\"og:site_name\" content=\"Valokuvakeskus Nykyaika\" \/>\n<meta property=\"article:publisher\" content=\"https:\/\/www.facebook.com\/valokuvakeskus.nykyaika\/\" \/>\n<meta property=\"article:published_time\" content=\"2026-06-16T11:09:56+00:00\" \/>\n<meta property=\"article:modified_time\" content=\"2026-08-22T11:21:48+00:00\" \/>\n<meta property=\"og:image\" content=\"https:\/\/valokuvakeskusnykyaika.fi\/wp-content\/uploads\/2026\/06\/THE-FUMES-OF-MARS_ANGELOPOULOU_A08.jpg\" \/>\n\t<meta property=\"og:image:width\" content=\"1329\" \/>\n\t<meta property=\"og:image:height\" content=\"886\" \/>\n\t<meta property=\"og:image:type\" content=\"image\/jpeg\" \/>\n<meta name=\"author\" content=\"info.nykyaika@backlight.fi\" \/>\n<meta name=\"twitter:card\" content=\"summary_large_image\" \/>\n<meta name=\"twitter:creator\" content=\"@nykyaika\" \/>\n<meta name=\"twitter:site\" content=\"@nykyaika\" \/>\n<meta name=\"twitter:label1\" content=\"Written by\" \/>\n\t<meta name=\"twitter:data1\" content=\"info.nykyaika@backlight.fi\" \/>\n\t<meta name=\"twitter:label2\" content=\"Estimated reading time\" \/>\n\t<meta name=\"twitter:data2\" content=\"3 minutes\" \/>\n<script type=\"application\/ld+json\" class=\"yoast-schema-graph\">{\"@context\":\"https:\\\/\\\/schema.org\",\"@graph\":[{\"@type\":\"Article\",\"@id\":\"https:\\\/\\\/valokuvakeskusnykyaika.fi\\\/backlight26-the-art-of-lying\\\/#article\",\"isPartOf\":{\"@id\":\"https:\\\/\\\/valokuvakeskusnykyaika.fi\\\/backlight26-the-art-of-lying\\\/\"},\"author\":{\"name\":\"info.nykyaika@backlight.fi\",\"@id\":\"https:\\\/\\\/valokuvakeskusnykyaika.fi\\\/#\\\/schema\\\/person\\\/41ef90f7d89984ccaca756c8d4241c19\"},\"headline\":\"Backlight&#8217;26 &#8211; Valehtelun taito\",\"datePublished\":\"2026-06-16T11:09:56+00:00\",\"dateModified\":\"2026-08-22T11:21:48+00:00\",\"mainEntityOfPage\":{\"@id\":\"https:\\\/\\\/valokuvakeskusnykyaika.fi\\\/backlight26-the-art-of-lying\\\/\"},\"wordCount\":638,\"publisher\":{\"@id\":\"https:\\\/\\\/valokuvakeskusnykyaika.fi\\\/#organization\"},\"image\":{\"@id\":\"https:\\\/\\\/valokuvakeskusnykyaika.fi\\\/backlight26-the-art-of-lying\\\/#primaryimage\"},\"thumbnailUrl\":\"https:\\\/\\\/valokuvakeskusnykyaika.fi\\\/wp-content\\\/uploads\\\/2026\\\/06\\\/THE-FUMES-OF-MARS_ANGELOPOULOU_A08.jpg\",\"articleSection\":[\"Tulossa\"],\"inLanguage\":\"en-GB\"},{\"@type\":\"WebPage\",\"@id\":\"https:\\\/\\\/valokuvakeskusnykyaika.fi\\\/backlight26-the-art-of-lying\\\/\",\"url\":\"https:\\\/\\\/valokuvakeskusnykyaika.fi\\\/backlight26-the-art-of-lying\\\/\",\"name\":\"Backlight'26 - Valehtelun taito - Valokuvakeskus Nykyaika\",\"isPartOf\":{\"@id\":\"https:\\\/\\\/valokuvakeskusnykyaika.fi\\\/#website\"},\"primaryImageOfPage\":{\"@id\":\"https:\\\/\\\/valokuvakeskusnykyaika.fi\\\/backlight26-the-art-of-lying\\\/#primaryimage\"},\"image\":{\"@id\":\"https:\\\/\\\/valokuvakeskusnykyaika.fi\\\/backlight26-the-art-of-lying\\\/#primaryimage\"},\"thumbnailUrl\":\"https:\\\/\\\/valokuvakeskusnykyaika.fi\\\/wp-content\\\/uploads\\\/2026\\\/06\\\/THE-FUMES-OF-MARS_ANGELOPOULOU_A08.jpg\",\"datePublished\":\"2026-06-16T11:09:56+00:00\",\"dateModified\":\"2026-08-22T11:21:48+00:00\",\"breadcrumb\":{\"@id\":\"https:\\\/\\\/valokuvakeskusnykyaika.fi\\\/backlight26-the-art-of-lying\\\/#breadcrumb\"},\"inLanguage\":\"en-GB\",\"potentialAction\":[{\"@type\":\"ReadAction\",\"target\":[\"https:\\\/\\\/valokuvakeskusnykyaika.fi\\\/backlight26-the-art-of-lying\\\/\"]}]},{\"@type\":\"ImageObject\",\"inLanguage\":\"en-GB\",\"@id\":\"https:\\\/\\\/valokuvakeskusnykyaika.fi\\\/backlight26-the-art-of-lying\\\/#primaryimage\",\"url\":\"https:\\\/\\\/valokuvakeskusnykyaika.fi\\\/wp-content\\\/uploads\\\/2026\\\/06\\\/THE-FUMES-OF-MARS_ANGELOPOULOU_A08.jpg\",\"contentUrl\":\"https:\\\/\\\/valokuvakeskusnykyaika.fi\\\/wp-content\\\/uploads\\\/2026\\\/06\\\/THE-FUMES-OF-MARS_ANGELOPOULOU_A08.jpg\",\"width\":1329,\"height\":886,\"caption\":\"A scene of a forest fire in the distance\"},{\"@type\":\"BreadcrumbList\",\"@id\":\"https:\\\/\\\/valokuvakeskusnykyaika.fi\\\/backlight26-the-art-of-lying\\\/#breadcrumb\",\"itemListElement\":[{\"@type\":\"ListItem\",\"position\":1,\"name\":\"Etusivu\",\"item\":\"https:\\\/\\\/valokuvakeskusnykyaika.fi\\\/\"},{\"@type\":\"ListItem\",\"position\":2,\"name\":\"Backlight&#8217;26 &#8211; Valehtelun taito\"}]},{\"@type\":\"WebSite\",\"@id\":\"https:\\\/\\\/valokuvakeskusnykyaika.fi\\\/#website\",\"url\":\"https:\\\/\\\/valokuvakeskusnykyaika.fi\\\/\",\"name\":\"Valokuvakeskus Nykyaika\",\"description\":\"Nykyaika on avoin kohtaamispaikka kaikille valokuvataiteen yst\u00e4ville\",\"publisher\":{\"@id\":\"https:\\\/\\\/valokuvakeskusnykyaika.fi\\\/#organization\"},\"potentialAction\":[{\"@type\":\"SearchAction\",\"target\":{\"@type\":\"EntryPoint\",\"urlTemplate\":\"https:\\\/\\\/valokuvakeskusnykyaika.fi\\\/?s={search_term_string}\"},\"query-input\":{\"@type\":\"PropertyValueSpecification\",\"valueRequired\":true,\"valueName\":\"search_term_string\"}}],\"inLanguage\":\"en-GB\"},{\"@type\":\"Organization\",\"@id\":\"https:\\\/\\\/valokuvakeskusnykyaika.fi\\\/#organization\",\"name\":\"Valokuvakeskus Nykyaika\",\"url\":\"https:\\\/\\\/valokuvakeskusnykyaika.fi\\\/\",\"logo\":{\"@type\":\"ImageObject\",\"inLanguage\":\"en-GB\",\"@id\":\"https:\\\/\\\/valokuvakeskusnykyaika.fi\\\/#\\\/schema\\\/logo\\\/image\\\/\",\"url\":\"https:\\\/\\\/valokuvakeskusnykyaika.fi\\\/wp-content\\\/uploads\\\/2019\\\/01\\\/NY-Valokuvakeskus-logo-pieni.png\",\"contentUrl\":\"https:\\\/\\\/valokuvakeskusnykyaika.fi\\\/wp-content\\\/uploads\\\/2019\\\/01\\\/NY-Valokuvakeskus-logo-pieni.png\",\"width\":300,\"height\":314,\"caption\":\"Valokuvakeskus Nykyaika\"},\"image\":{\"@id\":\"https:\\\/\\\/valokuvakeskusnykyaika.fi\\\/#\\\/schema\\\/logo\\\/image\\\/\"},\"sameAs\":[\"https:\\\/\\\/www.facebook.com\\\/valokuvakeskus.nykyaika\\\/\",\"https:\\\/\\\/x.com\\\/nykyaika\",\"https:\\\/\\\/www.instagram.com\\\/nykyaika\\\/\"]},{\"@type\":\"Person\",\"@id\":\"https:\\\/\\\/valokuvakeskusnykyaika.fi\\\/#\\\/schema\\\/person\\\/41ef90f7d89984ccaca756c8d4241c19\",\"name\":\"info.nykyaika@backlight.fi\",\"url\":\"https:\\\/\\\/valokuvakeskusnykyaika.fi\\\/en\\\/author\\\/info-nykyaikabacklight-fi\\\/\"}]}<\/script>\n<!-- \/ Yoast SEO plugin. -->","yoast_head_json":{"title":"Backlight'26 - Valehtelun taito - Valokuvakeskus Nykyaika","robots":{"index":"index","follow":"follow","max-snippet":"max-snippet:-1","max-image-preview":"max-image-preview:large","max-video-preview":"max-video-preview:-1"},"canonical":"https:\/\/valokuvakeskusnykyaika.fi\/en\/backlight26-the-art-of-lying\/","og_locale":"en_GB","og_type":"article","og_title":"Backlight'26 - Valehtelun taito - Valokuvakeskus Nykyaika","og_description":"1.9.-11.10.2026 Joel Jimenez Jara &#8211; Glimmers, Feathers and Staring SkiesKaterina Angelopoulou &#8211; The Fumes of MarsN\u00e4yttelyt 1.9.-11.10.Backlight-festivaalin avajaiset >Valokuvakeskus Nykyaika &amp; Galleria Koppelo klo 18-20>Vooninki klo 19-21 Joel Jimenez Jara Kolibrit ovat ainoita lintuja, jotka kykenev\u00e4t lent\u00e4m\u00e4\u00e4n takaperin; niiden leijuva liike heijastaa suruty\u00f6t\u00e4, menneisyyteen palaamista samalla kun nykyhetki pit\u00e4\u00e4 kiinni otteessaan. L\u00e4hdetty\u00e4\u00e4n kotimaastaan Costa Ricasta [&hellip;]","og_url":"https:\/\/valokuvakeskusnykyaika.fi\/en\/backlight26-the-art-of-lying\/","og_site_name":"Valokuvakeskus Nykyaika","article_publisher":"https:\/\/www.facebook.com\/valokuvakeskus.nykyaika\/","article_published_time":"2026-06-16T11:09:56+00:00","article_modified_time":"2026-08-22T11:21:48+00:00","og_image":[{"width":1329,"height":886,"url":"https:\/\/valokuvakeskusnykyaika.fi\/wp-content\/uploads\/2026\/06\/THE-FUMES-OF-MARS_ANGELOPOULOU_A08.jpg","type":"image\/jpeg"}],"author":"info.nykyaika@backlight.fi","twitter_card":"summary_large_image","twitter_creator":"@nykyaika","twitter_site":"@nykyaika","twitter_misc":{"Written by":"info.nykyaika@backlight.fi","Estimated reading time":"3 minutes"},"schema":{"@context":"https:\/\/schema.org","@graph":[{"@type":"Article","@id":"https:\/\/valokuvakeskusnykyaika.fi\/backlight26-the-art-of-lying\/#article","isPartOf":{"@id":"https:\/\/valokuvakeskusnykyaika.fi\/backlight26-the-art-of-lying\/"},"author":{"name":"info.nykyaika@backlight.fi","@id":"https:\/\/valokuvakeskusnykyaika.fi\/#\/schema\/person\/41ef90f7d89984ccaca756c8d4241c19"},"headline":"Backlight&#8217;26 &#8211; Valehtelun taito","datePublished":"2026-06-16T11:09:56+00:00","dateModified":"2026-08-22T11:21:48+00:00","mainEntityOfPage":{"@id":"https:\/\/valokuvakeskusnykyaika.fi\/backlight26-the-art-of-lying\/"},"wordCount":638,"publisher":{"@id":"https:\/\/valokuvakeskusnykyaika.fi\/#organization"},"image":{"@id":"https:\/\/valokuvakeskusnykyaika.fi\/backlight26-the-art-of-lying\/#primaryimage"},"thumbnailUrl":"https:\/\/valokuvakeskusnykyaika.fi\/wp-content\/uploads\/2026\/06\/THE-FUMES-OF-MARS_ANGELOPOULOU_A08.jpg","articleSection":["Tulossa"],"inLanguage":"en-GB"},{"@type":"WebPage","@id":"https:\/\/valokuvakeskusnykyaika.fi\/backlight26-the-art-of-lying\/","url":"https:\/\/valokuvakeskusnykyaika.fi\/backlight26-the-art-of-lying\/","name":"Backlight'26 - Valehtelun taito - Valokuvakeskus Nykyaika","isPartOf":{"@id":"https:\/\/valokuvakeskusnykyaika.fi\/#website"},"primaryImageOfPage":{"@id":"https:\/\/valokuvakeskusnykyaika.fi\/backlight26-the-art-of-lying\/#primaryimage"},"image":{"@id":"https:\/\/valokuvakeskusnykyaika.fi\/backlight26-the-art-of-lying\/#primaryimage"},"thumbnailUrl":"https:\/\/valokuvakeskusnykyaika.fi\/wp-content\/uploads\/2026\/06\/THE-FUMES-OF-MARS_ANGELOPOULOU_A08.jpg","datePublished":"2026-06-16T11:09:56+00:00","dateModified":"2026-08-22T11:21:48+00:00","breadcrumb":{"@id":"https:\/\/valokuvakeskusnykyaika.fi\/backlight26-the-art-of-lying\/#breadcrumb"},"inLanguage":"en-GB","potentialAction":[{"@type":"ReadAction","target":["https:\/\/valokuvakeskusnykyaika.fi\/backlight26-the-art-of-lying\/"]}]},{"@type":"ImageObject","inLanguage":"en-GB","@id":"https:\/\/valokuvakeskusnykyaika.fi\/backlight26-the-art-of-lying\/#primaryimage","url":"https:\/\/valokuvakeskusnykyaika.fi\/wp-content\/uploads\/2026\/06\/THE-FUMES-OF-MARS_ANGELOPOULOU_A08.jpg","contentUrl":"https:\/\/valokuvakeskusnykyaika.fi\/wp-content\/uploads\/2026\/06\/THE-FUMES-OF-MARS_ANGELOPOULOU_A08.jpg","width":1329,"height":886,"caption":"A scene of a forest fire in the distance"},{"@type":"BreadcrumbList","@id":"https:\/\/valokuvakeskusnykyaika.fi\/backlight26-the-art-of-lying\/#breadcrumb","itemListElement":[{"@type":"ListItem","position":1,"name":"Etusivu","item":"https:\/\/valokuvakeskusnykyaika.fi\/"},{"@type":"ListItem","position":2,"name":"Backlight&#8217;26 &#8211; Valehtelun taito"}]},{"@type":"WebSite","@id":"https:\/\/valokuvakeskusnykyaika.fi\/#website","url":"https:\/\/valokuvakeskusnykyaika.fi\/","name":"Photographic Centre Nykyaika","description":"Nykyaika on avoin kohtaamispaikka kaikille valokuvataiteen yst\u00e4ville","publisher":{"@id":"https:\/\/valokuvakeskusnykyaika.fi\/#organization"},"potentialAction":[{"@type":"SearchAction","target":{"@type":"EntryPoint","urlTemplate":"https:\/\/valokuvakeskusnykyaika.fi\/?s={search_term_string}"},"query-input":{"@type":"PropertyValueSpecification","valueRequired":true,"valueName":"search_term_string"}}],"inLanguage":"en-GB"},{"@type":"Organization","@id":"https:\/\/valokuvakeskusnykyaika.fi\/#organization","name":"Photographic Centre Nykyaika","url":"https:\/\/valokuvakeskusnykyaika.fi\/","logo":{"@type":"ImageObject","inLanguage":"en-GB","@id":"https:\/\/valokuvakeskusnykyaika.fi\/#\/schema\/logo\/image\/","url":"https:\/\/valokuvakeskusnykyaika.fi\/wp-content\/uploads\/2019\/01\/NY-Valokuvakeskus-logo-pieni.png","contentUrl":"https:\/\/valokuvakeskusnykyaika.fi\/wp-content\/uploads\/2019\/01\/NY-Valokuvakeskus-logo-pieni.png","width":300,"height":314,"caption":"Valokuvakeskus Nykyaika"},"image":{"@id":"https:\/\/valokuvakeskusnykyaika.fi\/#\/schema\/logo\/image\/"},"sameAs":["https:\/\/www.facebook.com\/valokuvakeskus.nykyaika\/","https:\/\/x.com\/nykyaika","https:\/\/www.instagram.com\/nykyaika\/"]},{"@type":"Person","@id":"https:\/\/valokuvakeskusnykyaika.fi\/#\/schema\/person\/41ef90f7d89984ccaca756c8d4241c19","name":"info.nykyaika@backlight.fi","url":"https:\/\/valokuvakeskusnykyaika.fi\/en\/author\/info-nykyaikabacklight-fi\/"}]}},"_links":{"self":[{"href":"https:\/\/valokuvakeskusnykyaika.fi\/en\/wp-json\/wp\/v2\/posts\/6881","targetHints":{"allow":["GET"]}}],"collection":[{"href":"https:\/\/valokuvakeskusnykyaika.fi\/en\/wp-json\/wp\/v2\/posts"}],"about":[{"href":"https:\/\/valokuvakeskusnykyaika.fi\/en\/wp-json\/wp\/v2\/types\/post"}],"author":[{"embeddable":true,"href":"https:\/\/valokuvakeskusnykyaika.fi\/en\/wp-json\/wp\/v2\/users\/6"}],"replies":[{"embeddable":true,"href":"https:\/\/valokuvakeskusnykyaika.fi\/en\/wp-json\/wp\/v2\/comments?post=6881"}],"version-history":[{"count":10,"href":"https:\/\/valokuvakeskusnykyaika.fi\/en\/wp-json\/wp\/v2\/posts\/6881\/revisions"}],"predecessor-version":[{"id":6924,"href":"https:\/\/valokuvakeskusnykyaika.fi\/en\/wp-json\/wp\/v2\/posts\/6881\/revisions\/6924"}],"wp:featuredmedia":[{"embeddable":true,"href":"https:\/\/valokuvakeskusnykyaika.fi\/en\/wp-json\/wp\/v2\/media\/6918"}],"wp:attachment":[{"href":"https:\/\/valokuvakeskusnykyaika.fi\/en\/wp-json\/wp\/v2\/media?parent=6881"}],"wp:term":[{"taxonomy":"category","embeddable":true,"href":"https:\/\/valokuvakeskusnykyaika.fi\/en\/wp-json\/wp\/v2\/categories?post=6881"},{"taxonomy":"post_tag","embeddable":true,"href":"https:\/\/valokuvakeskusnykyaika.fi\/en\/wp-json\/wp\/v2\/tags?post=6881"}],"curies":[{"name":"wp","href":"https:\/\/api.w.org\/{rel}","templated":true}]}}