{"id":883,"date":"2015-01-08T10:10:59","date_gmt":"2015-01-08T08:10:59","guid":{"rendered":"http:\/\/valokuvakeskusnykyaika.fi\/?p=883"},"modified":"2015-06-16T14:11:10","modified_gmt":"2015-06-16T11:11:10","slug":"kesakuu-sanni-seppo","status":"publish","type":"post","link":"https:\/\/valokuvakeskusnykyaika.fi\/en\/kesakuu-sanni-seppo\/","title":{"rendered":"KES\u00c4KUU: Sanni Seppo"},"content":{"rendered":"<h2>2.6.- 27.6.2015<\/h2>\n<h2>Sanni Seppo: Palsta<\/h2>\n<p>-valokuvan\u00e4yttely Kangasala-talon galleriassa.<\/p>\n<p><img loading=\"lazy\" decoding=\"async\" class=\"aligncenter size-large wp-image-884\" alt=\"Palsta\" src=\"http:\/\/valokuvakeskusnykyaika.fi\/wp-content\/uploads\/2015\/01\/siiri-640x426.jpg\" width=\"640\" height=\"426\" \/><\/p>\n<p>\u201dPalstaviljelij\u00e4t ovat ihan oma rotunsa. He haluavat olla yhteydess\u00e4 luontoon ja tehd\u00e4 asioita k\u00e4sill\u00e4\u00e4n.\u201d Valokuvaaja Sanni Seppo on itsekin palstaviljelij\u00e4 yli kahdenkymmenen vuoden kokemuksella.<\/p>\n<p>Sanni Sepon valokuvauksen ydin on yhteiskunnallisuudessa ja dokumentaarisuudessa. H\u00e4n nostaa t\u00f6iss\u00e4\u00e4n esiin yksil\u00f6it\u00e4, jotka el\u00e4v\u00e4t omaan tapaansa erilaisten sosiaalisten tilanteiden puristuksessa. Valokuvaaja Sanni Seppo (s. 1960) asuu ja ty\u00f6skentelee Helsingiss\u00e4.<\/p>\n<p>&nbsp;<\/p>\n<p><strong>N\u00e4yttelyinfo:<\/strong><\/p>\n<p>Kangasala-talon Galleria on avoinna:<\/p>\n<p>Ti \u2013 To klo 13\u201319<\/p>\n<p>Pe \u2013 La klo 13\u201317<\/p>\n<p>Su \u2013 Ma suljettu<\/p>\n<p>Valokuvan\u00e4yttelyihin on vapaa p\u00e4\u00e4sy.<\/p>\n<p>Kangasala-talo, Kuohunharjuntie 6, 36200 Kangasala. Puh. 040 773 0148<\/p>\n<p>N\u00e4yttelyn j\u00e4rjest\u00e4\u00e4 Valokuvakeskus Nykyaika.<\/p>\n<p>&nbsp;<\/p>\n<p>&nbsp;<\/p>\n<h2>&#8221;<\/h2>\n<p><b>Palstamanifesti<\/b><\/p>\n<p>&nbsp;<\/p>\n<p>Palstat ovat useimmiten aarin kokoisia vuokrattavia viljelymaita. P\u00e4\u00e4kaupunkiseudulla on noin 70 erilaista palsta-aluetta ja tuhansia palstaviljelij\u00f6it\u00e4. Oltuani itse palstaviljelij\u00e4 yli kahdenkymmenen vuoden ajan, kuvattuani ja haastateltuani satoja palstaviljelij\u00f6it\u00e4 olen oivaltanut seuraavaa:<\/p>\n<p>&nbsp;<\/p>\n<p>Palsta tuottaa satoa; herkullista l\u00e4hiruokaa, luonnonmukaisen ja itse kasvatetun erityisaromein s\u00e4est\u00e4m\u00e4n\u00e4. Mutta ennen kaikkea se on portti toisenlaiseen mielentilaan. Palstaa ymp\u00e4r\u00f6i n\u00e4kym\u00e4tt\u00f6m\u00e4t sein\u00e4t, jotka sulkevat ulkopuolisen maailman vaatimukset ja paineet taaksensa. Palsta on l\u00e4\u00e4ke jokaiseen vaivaan; kiireiselle se tuo levon, yksin\u00e4iselle sosiaalisen verkoston, syrj\u00e4ytyneelle merkityksen. Se on paikka luovuudelle ja unelmille. Siell\u00e4 on l\u00e4sn\u00e4 syntym\u00e4, kasvu ja kuolema, koko luonnon kiertokulun moninaisuus ja ihme. Palsta on pieni paratiisi maan p\u00e4\u00e4ll\u00e4.<\/p>\n<p>&nbsp;<\/p>\n<p>Ohikulkijatkin sen vaistoavat. Palsta-alue levitt\u00e4\u00e4 voimaa ja silm\u00e4n iloa ymp\u00e4rill\u00e4 k\u00e4yskenteleviin kaupunkilaisiin.<\/p>\n<p>&nbsp;<\/p>\n<p>Joidenkin palsta-alueiden yll\u00e4 leijuu kaavoituksen uhka. Mutta muunlainen maank\u00e4ytt\u00f6 olisi j\u00e4rjet\u00f6nt\u00e4. Aari maata ei voi mitenk\u00e4\u00e4n olla tehokkaammassa k\u00e4yt\u00f6ss\u00e4 kuin palstana.<\/p>\n<p>&nbsp;<\/p>\n<p>Ja mullan tuoksu levi\u00e4\u00e4 my\u00f6s kasseissa ja k\u00e4rryiss\u00e4 sinne miss\u00e4 sit\u00e4 v\u00e4hiten odottaisi. Asfaltin ylle muodostuu villi tila, jossa innokkaat k\u00e4det ja voimakkaat juuret m\u00e4\u00e4ritt\u00e4v\u00e4t ja muokkaavat kaupunkikulttuuriamme uudella, ennakkoluulottomalla tavalla. Versot voimistuvat ja haastavat mukaansa!<\/p>\n<h2>&#8221;<\/h2>\n<p>&nbsp;<\/p>\n<p>Sanni Sepon valokuvauksen ydin on yhteiskunnallisuudessa ja dokumentaarisuudessa.<\/p>\n<p>H\u00e4n nostaa t\u00f6iss\u00e4\u00e4n esiin yksil\u00f6it\u00e4, jotka el\u00e4v\u00e4t omaan tapaansa erilaisten sosiaalisten tilanteiden puristuksessa. Teoksissaan h\u00e4n on kertonut muun muassa eri maissa ja kulttuureissa asuvista ihmisist\u00e4, jotka el\u00e4m\u00e4ntavallaan ja toiminnallaan pyrkiv\u00e4t vaikuttamaan yhteiskuntaan, sen arvoihin, onnenkuviin ja muutokseen. Muita teemoja h\u00e4nen tuotannossaan ovat vieraan kulttuurin kohtaaminen sek\u00e4 ihmisen ja luonnon suhde. Taiteellisen ilmaisun v\u00e4lineen\u00e4 h\u00e4n k\u00e4ytt\u00e4\u00e4 valokuvaa ja teksti\u00e4.<\/p>\n<p>Vuodesta 1992 alkaen Sanni Seppo on tehnyt yhteisty\u00f6t\u00e4 valokuvataiteilija Ritva Kovalaisen kanssa. Yhteisiss\u00e4 t\u00f6iss\u00e4\u00e4n he ovat k\u00e4sitelleet suomalaisten myyttist\u00e4 suhdetta metsiin ja puihin sek\u00e4 tuon suhteen j\u00e4lki\u00e4 ajassamme. He ovat my\u00f6s tuoneet esille suomalaisen mets\u00e4talouden k\u00e4yt\u00e4nt\u00f6j\u00e4, sen vaikutuksia kulttuuriin, luontoon ja maisemaan. Heid\u00e4n ty\u00f6skentelytapansa on luonteeltaan tutkimuksellista ja samalla vahvaan taiteelliseen ilmaisuun pyrkiv\u00e4\u00e4. Yhteisty\u00f6n tuloksena on syntynyt palkittuja valokuvakirjoja, n\u00e4yttelyit\u00e4 ja elokuvia, jotka ovat merkitt\u00e4v\u00e4ll\u00e4 panoksella osallistuneet keskusteluun suomalaisen mets\u00e4n arvoista.<\/p>\n<p>&nbsp;<\/p>","protected":false},"excerpt":{"rendered":"<p>2.6.- 27.6.2015 Sanni Seppo: Palsta -valokuvan\u00e4yttely Kangasala-talon galleriassa. \u201dPalstaviljelij\u00e4t ovat ihan oma rotunsa. He haluavat olla yhteydess\u00e4 luontoon ja tehd\u00e4 asioita k\u00e4sill\u00e4\u00e4n.\u201d Valokuvaaja Sanni Seppo on itsekin palstaviljelij\u00e4 yli kahdenkymmenen vuoden kokemuksella. Sanni Sepon valokuvauksen ydin on yhteiskunnallisuudessa ja dokumentaarisuudessa. H\u00e4n nostaa t\u00f6iss\u00e4\u00e4n esiin yksil\u00f6it\u00e4, jotka el\u00e4v\u00e4t omaan tapaansa erilaisten sosiaalisten tilanteiden puristuksessa. Valokuvaaja Sanni [&hellip;]<\/p>\n","protected":false},"author":6,"featured_media":884,"comment_status":"closed","ping_status":"closed","sticky":false,"template":"","format":"standard","meta":{"iawp_total_views":8,"footnotes":""},"categories":[4],"tags":[],"class_list":["post-883","post","type-post","status-publish","format-standard","has-post-thumbnail","hentry","category-menneet"],"yoast_head":"<!-- This site is optimized with the Yoast SEO plugin v27.5 - https:\/\/yoast.com\/product\/yoast-seo-wordpress\/ -->\n<title>KES\u00c4KUU: Sanni Seppo - Valokuvakeskus Nykyaika<\/title>\n<meta name=\"robots\" content=\"index, follow, max-snippet:-1, max-image-preview:large, max-video-preview:-1\" \/>\n<link rel=\"canonical\" href=\"https:\/\/valokuvakeskusnykyaika.fi\/en\/kesakuu-sanni-seppo\/\" \/>\n<meta property=\"og:locale\" content=\"en_GB\" \/>\n<meta property=\"og:type\" content=\"article\" \/>\n<meta property=\"og:title\" content=\"KES\u00c4KUU: Sanni Seppo - Valokuvakeskus Nykyaika\" \/>\n<meta property=\"og:description\" content=\"2.6.- 27.6.2015 Sanni Seppo: Palsta -valokuvan\u00e4yttely Kangasala-talon galleriassa. \u201dPalstaviljelij\u00e4t ovat ihan oma rotunsa. He haluavat olla yhteydess\u00e4 luontoon ja tehd\u00e4 asioita k\u00e4sill\u00e4\u00e4n.\u201d Valokuvaaja Sanni Seppo on itsekin palstaviljelij\u00e4 yli kahdenkymmenen vuoden kokemuksella. Sanni Sepon valokuvauksen ydin on yhteiskunnallisuudessa ja dokumentaarisuudessa. H\u00e4n nostaa t\u00f6iss\u00e4\u00e4n esiin yksil\u00f6it\u00e4, jotka el\u00e4v\u00e4t omaan tapaansa erilaisten sosiaalisten tilanteiden puristuksessa. Valokuvaaja Sanni [&hellip;]\" \/>\n<meta property=\"og:url\" content=\"https:\/\/valokuvakeskusnykyaika.fi\/en\/kesakuu-sanni-seppo\/\" \/>\n<meta property=\"og:site_name\" content=\"Valokuvakeskus Nykyaika\" \/>\n<meta property=\"article:publisher\" content=\"https:\/\/www.facebook.com\/valokuvakeskus.nykyaika\/\" \/>\n<meta property=\"article:published_time\" content=\"2015-01-08T08:10:59+00:00\" \/>\n<meta property=\"article:modified_time\" content=\"2015-06-16T11:11:10+00:00\" \/>\n<meta property=\"og:image\" content=\"https:\/\/valokuvakeskusnykyaika.fi\/wp-content\/uploads\/2015\/01\/siiri.jpg\" \/>\n\t<meta property=\"og:image:width\" content=\"2835\" \/>\n\t<meta property=\"og:image:height\" content=\"1890\" \/>\n\t<meta property=\"og:image:type\" content=\"image\/jpeg\" \/>\n<meta name=\"author\" content=\"info.nykyaika@backlight.fi\" \/>\n<meta name=\"twitter:card\" content=\"summary_large_image\" \/>\n<meta name=\"twitter:creator\" content=\"@nykyaika\" \/>\n<meta name=\"twitter:site\" content=\"@nykyaika\" \/>\n<meta name=\"twitter:label1\" content=\"Written by\" \/>\n\t<meta name=\"twitter:data1\" content=\"info.nykyaika@backlight.fi\" \/>\n\t<meta name=\"twitter:label2\" content=\"Estimated reading time\" \/>\n\t<meta name=\"twitter:data2\" content=\"2 minutes\" \/>\n<script type=\"application\/ld+json\" class=\"yoast-schema-graph\">{\"@context\":\"https:\\\/\\\/schema.org\",\"@graph\":[{\"@type\":\"Article\",\"@id\":\"https:\\\/\\\/valokuvakeskusnykyaika.fi\\\/kesakuu-sanni-seppo\\\/#article\",\"isPartOf\":{\"@id\":\"https:\\\/\\\/valokuvakeskusnykyaika.fi\\\/kesakuu-sanni-seppo\\\/\"},\"author\":{\"name\":\"info.nykyaika@backlight.fi\",\"@id\":\"https:\\\/\\\/valokuvakeskusnykyaika.fi\\\/#\\\/schema\\\/person\\\/41ef90f7d89984ccaca756c8d4241c19\"},\"headline\":\"KES\u00c4KUU: Sanni Seppo\",\"datePublished\":\"2015-01-08T08:10:59+00:00\",\"dateModified\":\"2015-06-16T11:11:10+00:00\",\"mainEntityOfPage\":{\"@id\":\"https:\\\/\\\/valokuvakeskusnykyaika.fi\\\/kesakuu-sanni-seppo\\\/\"},\"wordCount\":488,\"publisher\":{\"@id\":\"https:\\\/\\\/valokuvakeskusnykyaika.fi\\\/#organization\"},\"image\":{\"@id\":\"https:\\\/\\\/valokuvakeskusnykyaika.fi\\\/kesakuu-sanni-seppo\\\/#primaryimage\"},\"thumbnailUrl\":\"https:\\\/\\\/valokuvakeskusnykyaika.fi\\\/wp-content\\\/uploads\\\/2015\\\/01\\\/siiri.jpg\",\"articleSection\":[\"Menneet\"],\"inLanguage\":\"en-GB\"},{\"@type\":\"WebPage\",\"@id\":\"https:\\\/\\\/valokuvakeskusnykyaika.fi\\\/kesakuu-sanni-seppo\\\/\",\"url\":\"https:\\\/\\\/valokuvakeskusnykyaika.fi\\\/kesakuu-sanni-seppo\\\/\",\"name\":\"KES\u00c4KUU: Sanni Seppo - Valokuvakeskus Nykyaika\",\"isPartOf\":{\"@id\":\"https:\\\/\\\/valokuvakeskusnykyaika.fi\\\/#website\"},\"primaryImageOfPage\":{\"@id\":\"https:\\\/\\\/valokuvakeskusnykyaika.fi\\\/kesakuu-sanni-seppo\\\/#primaryimage\"},\"image\":{\"@id\":\"https:\\\/\\\/valokuvakeskusnykyaika.fi\\\/kesakuu-sanni-seppo\\\/#primaryimage\"},\"thumbnailUrl\":\"https:\\\/\\\/valokuvakeskusnykyaika.fi\\\/wp-content\\\/uploads\\\/2015\\\/01\\\/siiri.jpg\",\"datePublished\":\"2015-01-08T08:10:59+00:00\",\"dateModified\":\"2015-06-16T11:11:10+00:00\",\"breadcrumb\":{\"@id\":\"https:\\\/\\\/valokuvakeskusnykyaika.fi\\\/kesakuu-sanni-seppo\\\/#breadcrumb\"},\"inLanguage\":\"en-GB\",\"potentialAction\":[{\"@type\":\"ReadAction\",\"target\":[\"https:\\\/\\\/valokuvakeskusnykyaika.fi\\\/kesakuu-sanni-seppo\\\/\"]}]},{\"@type\":\"ImageObject\",\"inLanguage\":\"en-GB\",\"@id\":\"https:\\\/\\\/valokuvakeskusnykyaika.fi\\\/kesakuu-sanni-seppo\\\/#primaryimage\",\"url\":\"https:\\\/\\\/valokuvakeskusnykyaika.fi\\\/wp-content\\\/uploads\\\/2015\\\/01\\\/siiri.jpg\",\"contentUrl\":\"https:\\\/\\\/valokuvakeskusnykyaika.fi\\\/wp-content\\\/uploads\\\/2015\\\/01\\\/siiri.jpg\",\"width\":2835,\"height\":1890},{\"@type\":\"BreadcrumbList\",\"@id\":\"https:\\\/\\\/valokuvakeskusnykyaika.fi\\\/kesakuu-sanni-seppo\\\/#breadcrumb\",\"itemListElement\":[{\"@type\":\"ListItem\",\"position\":1,\"name\":\"Etusivu\",\"item\":\"https:\\\/\\\/valokuvakeskusnykyaika.fi\\\/\"},{\"@type\":\"ListItem\",\"position\":2,\"name\":\"KES\u00c4KUU: Sanni Seppo\"}]},{\"@type\":\"WebSite\",\"@id\":\"https:\\\/\\\/valokuvakeskusnykyaika.fi\\\/#website\",\"url\":\"https:\\\/\\\/valokuvakeskusnykyaika.fi\\\/\",\"name\":\"Valokuvakeskus Nykyaika\",\"description\":\"Nykyaika on avoin kohtaamispaikka kaikille valokuvataiteen yst\u00e4ville\",\"publisher\":{\"@id\":\"https:\\\/\\\/valokuvakeskusnykyaika.fi\\\/#organization\"},\"potentialAction\":[{\"@type\":\"SearchAction\",\"target\":{\"@type\":\"EntryPoint\",\"urlTemplate\":\"https:\\\/\\\/valokuvakeskusnykyaika.fi\\\/?s={search_term_string}\"},\"query-input\":{\"@type\":\"PropertyValueSpecification\",\"valueRequired\":true,\"valueName\":\"search_term_string\"}}],\"inLanguage\":\"en-GB\"},{\"@type\":\"Organization\",\"@id\":\"https:\\\/\\\/valokuvakeskusnykyaika.fi\\\/#organization\",\"name\":\"Valokuvakeskus Nykyaika\",\"url\":\"https:\\\/\\\/valokuvakeskusnykyaika.fi\\\/\",\"logo\":{\"@type\":\"ImageObject\",\"inLanguage\":\"en-GB\",\"@id\":\"https:\\\/\\\/valokuvakeskusnykyaika.fi\\\/#\\\/schema\\\/logo\\\/image\\\/\",\"url\":\"https:\\\/\\\/valokuvakeskusnykyaika.fi\\\/wp-content\\\/uploads\\\/2019\\\/01\\\/NY-Valokuvakeskus-logo-pieni.png\",\"contentUrl\":\"https:\\\/\\\/valokuvakeskusnykyaika.fi\\\/wp-content\\\/uploads\\\/2019\\\/01\\\/NY-Valokuvakeskus-logo-pieni.png\",\"width\":300,\"height\":314,\"caption\":\"Valokuvakeskus Nykyaika\"},\"image\":{\"@id\":\"https:\\\/\\\/valokuvakeskusnykyaika.fi\\\/#\\\/schema\\\/logo\\\/image\\\/\"},\"sameAs\":[\"https:\\\/\\\/www.facebook.com\\\/valokuvakeskus.nykyaika\\\/\",\"https:\\\/\\\/x.com\\\/nykyaika\",\"https:\\\/\\\/www.instagram.com\\\/nykyaika\\\/\"]},{\"@type\":\"Person\",\"@id\":\"https:\\\/\\\/valokuvakeskusnykyaika.fi\\\/#\\\/schema\\\/person\\\/41ef90f7d89984ccaca756c8d4241c19\",\"name\":\"info.nykyaika@backlight.fi\",\"url\":\"https:\\\/\\\/valokuvakeskusnykyaika.fi\\\/en\\\/author\\\/info-nykyaikabacklight-fi\\\/\"}]}<\/script>\n<!-- \/ Yoast SEO plugin. -->","yoast_head_json":{"title":"KES\u00c4KUU: Sanni Seppo - Valokuvakeskus Nykyaika","robots":{"index":"index","follow":"follow","max-snippet":"max-snippet:-1","max-image-preview":"max-image-preview:large","max-video-preview":"max-video-preview:-1"},"canonical":"https:\/\/valokuvakeskusnykyaika.fi\/en\/kesakuu-sanni-seppo\/","og_locale":"en_GB","og_type":"article","og_title":"KES\u00c4KUU: Sanni Seppo - Valokuvakeskus Nykyaika","og_description":"2.6.- 27.6.2015 Sanni Seppo: Palsta -valokuvan\u00e4yttely Kangasala-talon galleriassa. \u201dPalstaviljelij\u00e4t ovat ihan oma rotunsa. He haluavat olla yhteydess\u00e4 luontoon ja tehd\u00e4 asioita k\u00e4sill\u00e4\u00e4n.\u201d Valokuvaaja Sanni Seppo on itsekin palstaviljelij\u00e4 yli kahdenkymmenen vuoden kokemuksella. Sanni Sepon valokuvauksen ydin on yhteiskunnallisuudessa ja dokumentaarisuudessa. H\u00e4n nostaa t\u00f6iss\u00e4\u00e4n esiin yksil\u00f6it\u00e4, jotka el\u00e4v\u00e4t omaan tapaansa erilaisten sosiaalisten tilanteiden puristuksessa. Valokuvaaja Sanni [&hellip;]","og_url":"https:\/\/valokuvakeskusnykyaika.fi\/en\/kesakuu-sanni-seppo\/","og_site_name":"Valokuvakeskus Nykyaika","article_publisher":"https:\/\/www.facebook.com\/valokuvakeskus.nykyaika\/","article_published_time":"2015-01-08T08:10:59+00:00","article_modified_time":"2015-06-16T11:11:10+00:00","og_image":[{"width":2835,"height":1890,"url":"https:\/\/valokuvakeskusnykyaika.fi\/wp-content\/uploads\/2015\/01\/siiri.jpg","type":"image\/jpeg"}],"author":"info.nykyaika@backlight.fi","twitter_card":"summary_large_image","twitter_creator":"@nykyaika","twitter_site":"@nykyaika","twitter_misc":{"Written by":"info.nykyaika@backlight.fi","Estimated reading time":"2 minutes"},"schema":{"@context":"https:\/\/schema.org","@graph":[{"@type":"Article","@id":"https:\/\/valokuvakeskusnykyaika.fi\/kesakuu-sanni-seppo\/#article","isPartOf":{"@id":"https:\/\/valokuvakeskusnykyaika.fi\/kesakuu-sanni-seppo\/"},"author":{"name":"info.nykyaika@backlight.fi","@id":"https:\/\/valokuvakeskusnykyaika.fi\/#\/schema\/person\/41ef90f7d89984ccaca756c8d4241c19"},"headline":"KES\u00c4KUU: Sanni Seppo","datePublished":"2015-01-08T08:10:59+00:00","dateModified":"2015-06-16T11:11:10+00:00","mainEntityOfPage":{"@id":"https:\/\/valokuvakeskusnykyaika.fi\/kesakuu-sanni-seppo\/"},"wordCount":488,"publisher":{"@id":"https:\/\/valokuvakeskusnykyaika.fi\/#organization"},"image":{"@id":"https:\/\/valokuvakeskusnykyaika.fi\/kesakuu-sanni-seppo\/#primaryimage"},"thumbnailUrl":"https:\/\/valokuvakeskusnykyaika.fi\/wp-content\/uploads\/2015\/01\/siiri.jpg","articleSection":["Menneet"],"inLanguage":"en-GB"},{"@type":"WebPage","@id":"https:\/\/valokuvakeskusnykyaika.fi\/kesakuu-sanni-seppo\/","url":"https:\/\/valokuvakeskusnykyaika.fi\/kesakuu-sanni-seppo\/","name":"KES\u00c4KUU: Sanni Seppo - Valokuvakeskus Nykyaika","isPartOf":{"@id":"https:\/\/valokuvakeskusnykyaika.fi\/#website"},"primaryImageOfPage":{"@id":"https:\/\/valokuvakeskusnykyaika.fi\/kesakuu-sanni-seppo\/#primaryimage"},"image":{"@id":"https:\/\/valokuvakeskusnykyaika.fi\/kesakuu-sanni-seppo\/#primaryimage"},"thumbnailUrl":"https:\/\/valokuvakeskusnykyaika.fi\/wp-content\/uploads\/2015\/01\/siiri.jpg","datePublished":"2015-01-08T08:10:59+00:00","dateModified":"2015-06-16T11:11:10+00:00","breadcrumb":{"@id":"https:\/\/valokuvakeskusnykyaika.fi\/kesakuu-sanni-seppo\/#breadcrumb"},"inLanguage":"en-GB","potentialAction":[{"@type":"ReadAction","target":["https:\/\/valokuvakeskusnykyaika.fi\/kesakuu-sanni-seppo\/"]}]},{"@type":"ImageObject","inLanguage":"en-GB","@id":"https:\/\/valokuvakeskusnykyaika.fi\/kesakuu-sanni-seppo\/#primaryimage","url":"https:\/\/valokuvakeskusnykyaika.fi\/wp-content\/uploads\/2015\/01\/siiri.jpg","contentUrl":"https:\/\/valokuvakeskusnykyaika.fi\/wp-content\/uploads\/2015\/01\/siiri.jpg","width":2835,"height":1890},{"@type":"BreadcrumbList","@id":"https:\/\/valokuvakeskusnykyaika.fi\/kesakuu-sanni-seppo\/#breadcrumb","itemListElement":[{"@type":"ListItem","position":1,"name":"Etusivu","item":"https:\/\/valokuvakeskusnykyaika.fi\/"},{"@type":"ListItem","position":2,"name":"KES\u00c4KUU: Sanni Seppo"}]},{"@type":"WebSite","@id":"https:\/\/valokuvakeskusnykyaika.fi\/#website","url":"https:\/\/valokuvakeskusnykyaika.fi\/","name":"Photographic Centre Nykyaika","description":"Nykyaika on avoin kohtaamispaikka kaikille valokuvataiteen yst\u00e4ville","publisher":{"@id":"https:\/\/valokuvakeskusnykyaika.fi\/#organization"},"potentialAction":[{"@type":"SearchAction","target":{"@type":"EntryPoint","urlTemplate":"https:\/\/valokuvakeskusnykyaika.fi\/?s={search_term_string}"},"query-input":{"@type":"PropertyValueSpecification","valueRequired":true,"valueName":"search_term_string"}}],"inLanguage":"en-GB"},{"@type":"Organization","@id":"https:\/\/valokuvakeskusnykyaika.fi\/#organization","name":"Photographic Centre Nykyaika","url":"https:\/\/valokuvakeskusnykyaika.fi\/","logo":{"@type":"ImageObject","inLanguage":"en-GB","@id":"https:\/\/valokuvakeskusnykyaika.fi\/#\/schema\/logo\/image\/","url":"https:\/\/valokuvakeskusnykyaika.fi\/wp-content\/uploads\/2019\/01\/NY-Valokuvakeskus-logo-pieni.png","contentUrl":"https:\/\/valokuvakeskusnykyaika.fi\/wp-content\/uploads\/2019\/01\/NY-Valokuvakeskus-logo-pieni.png","width":300,"height":314,"caption":"Valokuvakeskus Nykyaika"},"image":{"@id":"https:\/\/valokuvakeskusnykyaika.fi\/#\/schema\/logo\/image\/"},"sameAs":["https:\/\/www.facebook.com\/valokuvakeskus.nykyaika\/","https:\/\/x.com\/nykyaika","https:\/\/www.instagram.com\/nykyaika\/"]},{"@type":"Person","@id":"https:\/\/valokuvakeskusnykyaika.fi\/#\/schema\/person\/41ef90f7d89984ccaca756c8d4241c19","name":"info.nykyaika@backlight.fi","url":"https:\/\/valokuvakeskusnykyaika.fi\/en\/author\/info-nykyaikabacklight-fi\/"}]}},"_links":{"self":[{"href":"https:\/\/valokuvakeskusnykyaika.fi\/en\/wp-json\/wp\/v2\/posts\/883","targetHints":{"allow":["GET"]}}],"collection":[{"href":"https:\/\/valokuvakeskusnykyaika.fi\/en\/wp-json\/wp\/v2\/posts"}],"about":[{"href":"https:\/\/valokuvakeskusnykyaika.fi\/en\/wp-json\/wp\/v2\/types\/post"}],"author":[{"embeddable":true,"href":"https:\/\/valokuvakeskusnykyaika.fi\/en\/wp-json\/wp\/v2\/users\/6"}],"replies":[{"embeddable":true,"href":"https:\/\/valokuvakeskusnykyaika.fi\/en\/wp-json\/wp\/v2\/comments?post=883"}],"version-history":[{"count":4,"href":"https:\/\/valokuvakeskusnykyaika.fi\/en\/wp-json\/wp\/v2\/posts\/883\/revisions"}],"predecessor-version":[{"id":941,"href":"https:\/\/valokuvakeskusnykyaika.fi\/en\/wp-json\/wp\/v2\/posts\/883\/revisions\/941"}],"wp:featuredmedia":[{"embeddable":true,"href":"https:\/\/valokuvakeskusnykyaika.fi\/en\/wp-json\/wp\/v2\/media\/884"}],"wp:attachment":[{"href":"https:\/\/valokuvakeskusnykyaika.fi\/en\/wp-json\/wp\/v2\/media?parent=883"}],"wp:term":[{"taxonomy":"category","embeddable":true,"href":"https:\/\/valokuvakeskusnykyaika.fi\/en\/wp-json\/wp\/v2\/categories?post=883"},{"taxonomy":"post_tag","embeddable":true,"href":"https:\/\/valokuvakeskusnykyaika.fi\/en\/wp-json\/wp\/v2\/tags?post=883"}],"curies":[{"name":"wp","href":"https:\/\/api.w.org\/{rel}","templated":true}]}}